{"id":763261,"date":"2024-10-21T20:17:50","date_gmt":"2024-10-21T16:17:50","guid":{"rendered":"https:\/\/arantv.az\/?p=763261"},"modified":"2024-10-21T20:17:50","modified_gmt":"2024-10-21T16:17:50","slug":"gurcustan-az%c9%99rbaycanlisi-qarabaga-ali-t%c9%99hsilin-qayitmasi-parlaq-g%c9%99l%c9%99c%c9%99kd%c9%99n-x%c9%99b%c9%99r-verir","status":"publish","type":"post","link":"https:\/\/arantv.az\/?p=763261","title":{"rendered":"G\u00fcrc\u00fcstan az\u0259rbaycanl\u0131s\u0131: Qaraba\u011fa ali t\u0259hsilin qay\u0131tmas\u0131 parlaq g\u0259l\u0259c\u0259kd\u0259n x\u0259b\u0259r verir"},"content":{"rendered":"<p>\u0130\u015f\u011faldan azad olunan \u0259razil\u0259r\u0259 ikinci s\u0259f\u0259rim olsa da, Xank\u0259ndiy\u0259 ilk d\u0259f\u0259dir g\u0259lir\u0259m. H\u0259r iki s\u0259f\u0259rimd\u0259 bu torpaqlara q\u0259d\u0259m qoyanda \u015f\u0259hidl\u0259rimizin ruhunun \u015fad oldu\u011funa \u0259min oluram, \u00e7\u00fcnki uzun ill\u0259r i\u015f\u011falda qalan Az\u0259rbaycan torpaqlar\u0131 art\u0131q azadd\u0131r v\u0259 bu yerl\u0259r\u0259 yenid\u0259n h\u0259yat qay\u0131d\u0131r.<\/p>\n<p>Bu s\u00f6zl\u0259ri AZ\u018fRTAC-\u0131n b\u00f6lg\u0259 m\u00fcxbirin\u0259 a\u00e7\u0131qlamas\u0131nda G\u00fcrc\u00fcstanda ya\u015fayan az\u0259rbaycanl\u0131 \u015fair\u0259 S\u0259ad\u0259t Abdullayeva s\u00f6yl\u0259yib.<\/p>\n<p>O deyib: \u201cH\u0259r iki s\u0259f\u0259rimd\u0259 azad edil\u0259n torpaqlarda canlanma oldu\u011funu g\u00f6rd\u00fcm. Bu g\u00fcn is\u0259 Xank\u0259ndi \u015f\u0259h\u0259rini g\u0259zdik, burada apar\u0131lan tikinti-quruculuq i\u015fl\u0259rini g\u00f6rm\u0259k \u00e7ox xo\u015fdur. Qaraba\u011f Universitetind\u0259 t\u0259l\u0259b\u0259l\u0259rl\u0259 s\u00f6hb\u0259t etdim, bu g\u0259ncl\u0259r bizim g\u0259l\u0259c\u0259yimizdir. Onlarla g\u00f6r\u00fc\u015fm\u0259k m\u0259ni \u00e7ox sevindirdi. Bu yerl\u0259r\u0259 g\u0259l\u0259nd\u0259 v\u00fcqarla add\u0131mlay\u0131ram, \u00e7\u00fcnki Az\u0259rbaycan \u0259razi b\u00fct\u00f6vl\u00fcy\u00fcn\u00fc, suverenliyini b\u0259rpa edib v\u0259 h\u0259r yerd\u0259 \u00fc\u00e7r\u0259ngli ay-ulduzlu \u015fanl\u0131 bayraq dal\u011falan\u0131r. Qaraba\u011fa ali t\u0259hsilin qay\u0131tmas\u0131 \u00f6zl\u00fcy\u00fcnd\u0259 parlaq g\u0259l\u0259c\u0259kd\u0259n x\u0259b\u0259r verir. Havas\u0131, torpa\u011f\u0131, suyu g\u00f6z\u0259l olan bir diyarda yeti\u015f\u0259n g\u0259nclik g\u0259l\u0259c\u0259yin alimi, \u015fairi, h\u0259kimi, m\u00fc\u0259llimi olacaq. Arzu edir\u0259m ki, Az\u0259rbaycan\u0131m\u0131z h\u0259r zaman bel\u0259 sevinc\u0259 q\u0259rq olsun\u201d.<\/p>\n","protected":false},"excerpt":{"rendered":"<p>\u0130\u015f\u011faldan azad olunan \u0259razil\u0259r\u0259 ikinci s\u0259f\u0259rim olsa da, Xank\u0259ndiy\u0259 ilk d\u0259f\u0259dir g\u0259lir\u0259m. H\u0259r iki s\u0259f\u0259rimd\u0259 bu torpaqlara q\u0259d\u0259m qoyanda \u015f\u0259hidl\u0259rimizin ruhunun \u015fad oldu\u011funa \u0259min oluram, \u00e7\u00fcnki uzun ill\u0259r i\u015f\u011falda qalan Az\u0259rbaycan torpaqlar\u0131 art\u0131q azadd\u0131r v\u0259 bu yerl\u0259r\u0259 yenid\u0259n h\u0259yat qay\u0131d\u0131r. Bu s\u00f6zl\u0259ri AZ\u018fRTAC-\u0131n b\u00f6lg\u0259 m\u00fcxbirin\u0259 a\u00e7\u0131qlamas\u0131nda G\u00fcrc\u00fcstanda ya\u015fayan az\u0259rbaycanl\u0131 \u015fair\u0259 S\u0259ad\u0259t Abdullayeva s\u00f6yl\u0259yib. O deyib: \u201cH\u0259r iki s\u0259f\u0259rimd\u0259 azad edil\u0259n torpaqlarda canlanma oldu\u011funu g\u00f6rd\u00fcm. Bu g\u00fcn is\u0259 Xank\u0259ndi \u015f\u0259h\u0259rini g\u0259zdik, burada apar\u0131lan tikinti-quruculuq i\u015fl\u0259rini g\u00f6rm\u0259k \u00e7ox xo\u015fdur. Qaraba\u011f Universitetind\u0259 t\u0259l\u0259b\u0259l\u0259rl\u0259 s\u00f6hb\u0259t etdim, bu g\u0259ncl\u0259r bizim g\u0259l\u0259c\u0259yimizdir. Onlarla g\u00f6r\u00fc\u015fm\u0259k m\u0259ni \u00e7ox&hellip;<\/p>\n","protected":false},"author":2,"featured_media":763262,"comment_status":"closed","ping_status":"closed","sticky":false,"template":"","format":"standard","meta":{"om_disable_all_campaigns":false,"_monsterinsights_skip_tracking":false,"_monsterinsights_sitenote_active":false,"_monsterinsights_sitenote_note":"","_monsterinsights_sitenote_category":0},"categories":[1],"tags":[],"aioseo_notices":[],"gutentor_comment":0,"rttpg_featured_image_url":{"full":["https:\/\/arantv.az\/wp-content\/uploads\/2024\/10\/f1f4885c0e21de4d9e937ffffb73745d.jpg",870,500,false],"landscape":["https:\/\/arantv.az\/wp-content\/uploads\/2024\/10\/f1f4885c0e21de4d9e937ffffb73745d.jpg",870,500,false],"portraits":["https:\/\/arantv.az\/wp-content\/uploads\/2024\/10\/f1f4885c0e21de4d9e937ffffb73745d.jpg",870,500,false],"thumbnail":["https:\/\/arantv.az\/wp-content\/uploads\/2024\/10\/f1f4885c0e21de4d9e937ffffb73745d-500x280.jpg",500,280,true],"medium":["https:\/\/arantv.az\/wp-content\/uploads\/2024\/10\/f1f4885c0e21de4d9e937ffffb73745d-635x365.jpg",635,365,true],"large":["https:\/\/arantv.az\/wp-content\/uploads\/2024\/10\/f1f4885c0e21de4d9e937ffffb73745d-840x483.jpg",640,368,true],"1536x1536":["https:\/\/arantv.az\/wp-content\/uploads\/2024\/10\/f1f4885c0e21de4d9e937ffffb73745d.jpg",870,500,false],"2048x2048":["https:\/\/arantv.az\/wp-content\/uploads\/2024\/10\/f1f4885c0e21de4d9e937ffffb73745d.jpg",870,500,false],"post-thumbnail":["https:\/\/arantv.az\/wp-content\/uploads\/2024\/10\/f1f4885c0e21de4d9e937ffffb73745d-240x172.jpg",240,172,true],"advps-thumb-one":["https:\/\/arantv.az\/wp-content\/uploads\/2024\/10\/f1f4885c0e21de4d9e937ffffb73745d.jpg",870,500,false]},"rttpg_author":{"display_name":"V\u00fcsal Rafiqo\u011flu","author_link":"https:\/\/arantv.az\/?author=2"},"rttpg_comment":0,"rttpg_category":"<a href=\"https:\/\/arantv.az\/?cat=1\" rel=\"category\">C\u0259miyy\u0259t<\/a>","rttpg_excerpt":"\u0130\u015f\u011faldan azad olunan \u0259razil\u0259r\u0259 ikinci s\u0259f\u0259rim olsa da, Xank\u0259ndiy\u0259 ilk d\u0259f\u0259dir g\u0259lir\u0259m. H\u0259r iki s\u0259f\u0259rimd\u0259 bu torpaqlara q\u0259d\u0259m qoyanda \u015f\u0259hidl\u0259rimizin ruhunun \u015fad oldu\u011funa \u0259min oluram, \u00e7\u00fcnki uzun ill\u0259r i\u015f\u011falda qalan Az\u0259rbaycan torpaqlar\u0131 art\u0131q azadd\u0131r v\u0259 bu yerl\u0259r\u0259 yenid\u0259n h\u0259yat qay\u0131d\u0131r. Bu s\u00f6zl\u0259ri AZ\u018fRTAC-\u0131n b\u00f6lg\u0259 m\u00fcxbirin\u0259 a\u00e7\u0131qlamas\u0131nda G\u00fcrc\u00fcstanda ya\u015fayan az\u0259rbaycanl\u0131 \u015fair\u0259 S\u0259ad\u0259t Abdullayeva s\u00f6yl\u0259yib. O deyib:&hellip;","_links":{"self":[{"href":"https:\/\/arantv.az\/index.php?rest_route=\/wp\/v2\/posts\/763261"}],"collection":[{"href":"https:\/\/arantv.az\/index.php?rest_route=\/wp\/v2\/posts"}],"about":[{"href":"https:\/\/arantv.az\/index.php?rest_route=\/wp\/v2\/types\/post"}],"author":[{"embeddable":true,"href":"https:\/\/arantv.az\/index.php?rest_route=\/wp\/v2\/users\/2"}],"replies":[{"embeddable":true,"href":"https:\/\/arantv.az\/index.php?rest_route=%2Fwp%2Fv2%2Fcomments&post=763261"}],"version-history":[{"count":2,"href":"https:\/\/arantv.az\/index.php?rest_route=\/wp\/v2\/posts\/763261\/revisions"}],"predecessor-version":[{"id":763264,"href":"https:\/\/arantv.az\/index.php?rest_route=\/wp\/v2\/posts\/763261\/revisions\/763264"}],"wp:featuredmedia":[{"embeddable":true,"href":"https:\/\/arantv.az\/index.php?rest_route=\/wp\/v2\/media\/763262"}],"wp:attachment":[{"href":"https:\/\/arantv.az\/index.php?rest_route=%2Fwp%2Fv2%2Fmedia&parent=763261"}],"wp:term":[{"taxonomy":"category","embeddable":true,"href":"https:\/\/arantv.az\/index.php?rest_route=%2Fwp%2Fv2%2Fcategories&post=763261"},{"taxonomy":"post_tag","embeddable":true,"href":"https:\/\/arantv.az\/index.php?rest_route=%2Fwp%2Fv2%2Ftags&post=763261"}],"curies":[{"name":"wp","href":"https:\/\/api.w.org\/{rel}","templated":true}]}}