{"id":763287,"date":"2024-10-22T07:12:03","date_gmt":"2024-10-22T03:12:03","guid":{"rendered":"https:\/\/arantv.az\/?p=763287"},"modified":"2024-10-22T07:12:03","modified_gmt":"2024-10-22T03:12:03","slug":"az%c9%99rbaycan-iran-dovl%c9%99t-s%c9%99rh%c9%99dinin-tam-n%c9%99zar%c9%99t%c9%99-goturulm%c9%99sind%c9%99n-dord-il-otur","status":"publish","type":"post","link":"https:\/\/arantv.az\/?p=763287","title":{"rendered":"Az\u0259rbaycan-\u0130ran d\u00f6vl\u0259t s\u0259rh\u0259dinin tam n\u0259zar\u0259t\u0259 g\u00f6t\u00fcr\u00fclm\u0259sind\u0259n d\u00f6rd il \u00f6t\u00fcr"},"content":{"rendered":"<p>Bu g\u00fcn Az\u0259rbaycan-\u0130ran d\u00f6vl\u0259t s\u0259rh\u0259dinin uzun ill\u0259r Erm\u0259nistan silahl\u0131 q\u00fcvv\u0259l\u0259ri t\u0259r\u0259find\u0259n z\u0259bt edil\u0259n 132 kilometrlik hiss\u0259sinin i\u015f\u011faldan azad olunmas\u0131n\u0131n d\u00f6rd\u00fcnc\u00fc ild\u00f6n\u00fcm\u00fcd\u00fcr.<\/p>\n<p>2020-ci il oktyabr\u0131n 22-d\u0259 Z\u0259ngilan rayonunun A\u011fb\u0259nd q\u0259s\u0259b\u0259si i\u015f\u011faldan azad olunub.<\/p>\n<p>Bununla da, otuz il\u0259 yax\u0131n i\u015f\u011fal alt\u0131nda olan Az\u0259rbaycan-\u0130ran d\u00f6vl\u0259t s\u0259rh\u0259di tam n\u0259zar\u0259t\u0259 g\u00f6t\u00fcr\u00fcl\u00fcb.<\/p>\n<p>H\u0259min g\u00fcn A\u011fb\u0259nd q\u0259s\u0259b\u0259sil\u0259 yana\u015f\u0131, Z\u0259ngilan rayonunun Kolluq\u0131\u015flaq, Malatke\u015fin, K\u0259nd Z\u0259ngilan, Genlik, V\u0259liqulub\u0259yli, Qarad\u0259r\u0259, \u00c7\u00f6p\u0259d\u0259r\u0259, Tatar, Tiri, \u018fmirxanl\u0131, Qarqulu, Bartaz, D\u0259ll\u0259kli k\u0259ndl\u0259rinin, el\u0259c\u0259 d\u0259 F\u00fczuli rayonunun Mollav\u0259li, Yuxar\u0131 R\u0259fidinli, A\u015fa\u011f\u0131 R\u0259fidinli v\u0259 C\u0259bray\u0131l rayonunun Sirik, \u015e\u0131xlar, M\u0259st\u0259lib\u0259yli, D\u0259rzili k\u0259ndl\u0259ri d\u0259 d\u00fc\u015fm\u0259nd\u0259n t\u0259mizl\u0259nib.<\/p>\n<p>\u00d6lk\u0259 r\u0259hb\u0259rinin tap\u015f\u0131r\u0131\u011f\u0131 il\u0259 D\u00f6vl\u0259t S\u0259rh\u0259d Xidm\u0259ti t\u0259r\u0259find\u0259n q\u0131sa m\u00fcdd\u0259t \u0259rzind\u0259 \u0130ran-Az\u0259rbaycan s\u0259rh\u0259dinin dig\u0259r istiqam\u0259tl\u0259rind\u0259ki kimi i\u015f\u011faldan azad olunan hiss\u0259sind\u0259 d\u0259 b\u00fct\u00fcn z\u0259ruri m\u00fchafiz\u0259 infrastrukturu yarad\u0131l\u0131b. Burada s\u0259rh\u0259d zastavalar\u0131n\u0131n f\u0259aliyy\u0259ti b\u0259rpa edilib.<\/p>\n<p>Qeyd ed\u0259k ki, A\u011fb\u0259nd q\u0259s\u0259b\u0259si Z\u0259ngilan\u0131n Vejn\u0259li k\u0259nd inzibati \u0259razi dair\u0259sin\u0259 aiddir v\u0259 1993-ci ild\u0259 Erm\u0259nistan Silahl\u0131 Q\u00fcvv\u0259l\u0259ri t\u0259r\u0259find\u0259n i\u015f\u011fal edilmi\u015fdi. Q\u0259s\u0259b\u0259 Araz \u00e7ay\u0131n\u0131n sahilind\u0259, A\u011fb\u0259nd da\u011f\u0131n\u0131n \u0259t\u0259yind\u0259 yerl\u0259\u015fir. Ya\u015fay\u0131\u015f m\u0259nt\u0259q\u0259sinin ad\u0131 \u0259t\u0259yind\u0259 sal\u0131nd\u0131\u011f\u0131 da\u011f\u0131n ad\u0131ndan g\u00f6t\u00fcr\u00fcl\u00fcb.\/\/Report<\/p>\n","protected":false},"excerpt":{"rendered":"<p>Bu g\u00fcn Az\u0259rbaycan-\u0130ran d\u00f6vl\u0259t s\u0259rh\u0259dinin uzun ill\u0259r Erm\u0259nistan silahl\u0131 q\u00fcvv\u0259l\u0259ri t\u0259r\u0259find\u0259n z\u0259bt edil\u0259n 132 kilometrlik hiss\u0259sinin i\u015f\u011faldan azad olunmas\u0131n\u0131n d\u00f6rd\u00fcnc\u00fc ild\u00f6n\u00fcm\u00fcd\u00fcr. 2020-ci il oktyabr\u0131n 22-d\u0259 Z\u0259ngilan rayonunun A\u011fb\u0259nd q\u0259s\u0259b\u0259si i\u015f\u011faldan azad olunub. Bununla da, otuz il\u0259 yax\u0131n i\u015f\u011fal alt\u0131nda olan Az\u0259rbaycan-\u0130ran d\u00f6vl\u0259t s\u0259rh\u0259di tam n\u0259zar\u0259t\u0259 g\u00f6t\u00fcr\u00fcl\u00fcb. H\u0259min g\u00fcn A\u011fb\u0259nd q\u0259s\u0259b\u0259sil\u0259 yana\u015f\u0131, Z\u0259ngilan rayonunun Kolluq\u0131\u015flaq, Malatke\u015fin, K\u0259nd Z\u0259ngilan, Genlik, V\u0259liqulub\u0259yli, Qarad\u0259r\u0259, \u00c7\u00f6p\u0259d\u0259r\u0259, Tatar, Tiri, \u018fmirxanl\u0131, Qarqulu, Bartaz, D\u0259ll\u0259kli k\u0259ndl\u0259rinin, el\u0259c\u0259 d\u0259 F\u00fczuli rayonunun Mollav\u0259li, Yuxar\u0131 R\u0259fidinli, A\u015fa\u011f\u0131 R\u0259fidinli v\u0259 C\u0259bray\u0131l rayonunun Sirik, \u015e\u0131xlar, M\u0259st\u0259lib\u0259yli, D\u0259rzili k\u0259ndl\u0259ri d\u0259 d\u00fc\u015fm\u0259nd\u0259n t\u0259mizl\u0259nib. \u00d6lk\u0259 r\u0259hb\u0259rinin&hellip;<\/p>\n","protected":false},"author":2,"featured_media":763288,"comment_status":"closed","ping_status":"closed","sticky":false,"template":"","format":"standard","meta":{"om_disable_all_campaigns":false,"_monsterinsights_skip_tracking":false,"_monsterinsights_sitenote_active":false,"_monsterinsights_sitenote_note":"","_monsterinsights_sitenote_category":0},"categories":[19],"tags":[],"aioseo_notices":[],"gutentor_comment":0,"rttpg_featured_image_url":{"full":["https:\/\/arantv.az\/wp-content\/uploads\/2024\/10\/f8ce5d781c257bb562cc73f97f8b5dfe.jpg",850,500,false],"landscape":["https:\/\/arantv.az\/wp-content\/uploads\/2024\/10\/f8ce5d781c257bb562cc73f97f8b5dfe.jpg",850,500,false],"portraits":["https:\/\/arantv.az\/wp-content\/uploads\/2024\/10\/f8ce5d781c257bb562cc73f97f8b5dfe.jpg",850,500,false],"thumbnail":["https:\/\/arantv.az\/wp-content\/uploads\/2024\/10\/f8ce5d781c257bb562cc73f97f8b5dfe-500x280.jpg",500,280,true],"medium":["https:\/\/arantv.az\/wp-content\/uploads\/2024\/10\/f8ce5d781c257bb562cc73f97f8b5dfe-621x365.jpg",621,365,true],"large":["https:\/\/arantv.az\/wp-content\/uploads\/2024\/10\/f8ce5d781c257bb562cc73f97f8b5dfe-840x494.jpg",640,376,true],"1536x1536":["https:\/\/arantv.az\/wp-content\/uploads\/2024\/10\/f8ce5d781c257bb562cc73f97f8b5dfe.jpg",850,500,false],"2048x2048":["https:\/\/arantv.az\/wp-content\/uploads\/2024\/10\/f8ce5d781c257bb562cc73f97f8b5dfe.jpg",850,500,false],"post-thumbnail":["https:\/\/arantv.az\/wp-content\/uploads\/2024\/10\/f8ce5d781c257bb562cc73f97f8b5dfe-240x172.jpg",240,172,true],"advps-thumb-one":["https:\/\/arantv.az\/wp-content\/uploads\/2024\/10\/f8ce5d781c257bb562cc73f97f8b5dfe.jpg",850,500,false]},"rttpg_author":{"display_name":"V\u00fcsal Rafiqo\u011flu","author_link":"https:\/\/arantv.az\/?author=2"},"rttpg_comment":0,"rttpg_category":"<a href=\"https:\/\/arantv.az\/?cat=19\" rel=\"category\">G\u00fcnd\u0259m<\/a>","rttpg_excerpt":"Bu g\u00fcn Az\u0259rbaycan-\u0130ran d\u00f6vl\u0259t s\u0259rh\u0259dinin uzun ill\u0259r Erm\u0259nistan silahl\u0131 q\u00fcvv\u0259l\u0259ri t\u0259r\u0259find\u0259n z\u0259bt edil\u0259n 132 kilometrlik hiss\u0259sinin i\u015f\u011faldan azad olunmas\u0131n\u0131n d\u00f6rd\u00fcnc\u00fc ild\u00f6n\u00fcm\u00fcd\u00fcr. 2020-ci il oktyabr\u0131n 22-d\u0259 Z\u0259ngilan rayonunun A\u011fb\u0259nd q\u0259s\u0259b\u0259si i\u015f\u011faldan azad olunub. Bununla da, otuz il\u0259 yax\u0131n i\u015f\u011fal alt\u0131nda olan Az\u0259rbaycan-\u0130ran d\u00f6vl\u0259t s\u0259rh\u0259di tam n\u0259zar\u0259t\u0259 g\u00f6t\u00fcr\u00fcl\u00fcb. H\u0259min g\u00fcn A\u011fb\u0259nd q\u0259s\u0259b\u0259sil\u0259 yana\u015f\u0131, Z\u0259ngilan rayonunun Kolluq\u0131\u015flaq, Malatke\u015fin,&hellip;","_links":{"self":[{"href":"https:\/\/arantv.az\/index.php?rest_route=\/wp\/v2\/posts\/763287"}],"collection":[{"href":"https:\/\/arantv.az\/index.php?rest_route=\/wp\/v2\/posts"}],"about":[{"href":"https:\/\/arantv.az\/index.php?rest_route=\/wp\/v2\/types\/post"}],"author":[{"embeddable":true,"href":"https:\/\/arantv.az\/index.php?rest_route=\/wp\/v2\/users\/2"}],"replies":[{"embeddable":true,"href":"https:\/\/arantv.az\/index.php?rest_route=%2Fwp%2Fv2%2Fcomments&post=763287"}],"version-history":[{"count":1,"href":"https:\/\/arantv.az\/index.php?rest_route=\/wp\/v2\/posts\/763287\/revisions"}],"predecessor-version":[{"id":763289,"href":"https:\/\/arantv.az\/index.php?rest_route=\/wp\/v2\/posts\/763287\/revisions\/763289"}],"wp:featuredmedia":[{"embeddable":true,"href":"https:\/\/arantv.az\/index.php?rest_route=\/wp\/v2\/media\/763288"}],"wp:attachment":[{"href":"https:\/\/arantv.az\/index.php?rest_route=%2Fwp%2Fv2%2Fmedia&parent=763287"}],"wp:term":[{"taxonomy":"category","embeddable":true,"href":"https:\/\/arantv.az\/index.php?rest_route=%2Fwp%2Fv2%2Fcategories&post=763287"},{"taxonomy":"post_tag","embeddable":true,"href":"https:\/\/arantv.az\/index.php?rest_route=%2Fwp%2Fv2%2Ftags&post=763287"}],"curies":[{"name":"wp","href":"https:\/\/api.w.org\/{rel}","templated":true}]}}