{"id":763296,"date":"2024-10-22T07:15:15","date_gmt":"2024-10-22T03:15:15","guid":{"rendered":"https:\/\/arantv.az\/?p=763296"},"modified":"2024-10-22T07:15:15","modified_gmt":"2024-10-22T03:15:15","slug":"bu-gun-turkiy%c9%99-az%c9%99rbaycan-birliyi-t%c9%99kc%c9%99-bolg%c9%99-deyil-avrasiya-ucun-on%c9%99mli-amil%c9%99-cevrilib","status":"publish","type":"post","link":"https:\/\/arantv.az\/?p=763296","title":{"rendered":"Bu g\u00fcn T\u00fcrkiy\u0259-Az\u0259rbaycan birliyi t\u0259kc\u0259 b\u00f6lg\u0259 deyil, Avrasiya \u00fc\u00e7\u00fcn \u00f6n\u0259mli amil\u0259 \u00e7evrilib"},"content":{"rendered":"<p><em><strong>D\u00f6vl\u0259t ba\u015f\u00e7\u0131s\u0131 \u0130lham \u018fliyev iki dost, qarda\u015f \u00f6lk\u0259nin m\u00fcnasib\u0259tl\u0259rinin ikit\u0259r\u0259fli g\u00fcnd\u0259liyinin geni\u015f oldu\u011funu \u00f6n\u0259 \u00e7\u0259k\u0259r\u0259k bu m\u0259qam\u0131 x\u00fcsusi qeyd edir ki, fikir birliyi, v\u0259hd\u0259t, m\u00f6vqe birliyi var, bel\u0259 d\u0259 olmal\u0131d\u0131r<\/strong><\/em><\/p>\n<p>\u201cT\u00fcrk D\u00f6vl\u0259tl\u0259ri T\u0259\u015fkilat\u0131 d\u00fcnya miqyas\u0131nda g\u00fcc m\u0259rk\u0259zl\u0259rinin birin\u0259 \u00e7evrilm\u0259lidir. Biz b\u00f6y\u00fck co\u011frafi m\u0259kan\u0131 \u0259hat\u0259 edirik, \u00fczv \u00f6lk\u0259l\u0259rd\u0259 m\u00fcsb\u0259t demoqrafik dinamika m\u00fc\u015fahid\u0259 olunur, h\u0259rbi potensial\u0131m\u0131z d\u00f6y\u00fc\u015f meydanlar\u0131nda \u00f6z\u00fcn\u00fc d\u0259f\u0259l\u0259rl\u0259 g\u00f6st\u0259rmi\u015fdir. Z\u0259ngin t\u0259bii resurslar\u0131m\u0131z, onlar\u0131n n\u0259qli \u00fc\u00e7\u00fcn m\u00fcasir infrastruktur, M\u0259rk\u0259zi Asiyan\u0131, Qafqaz\u0131 Aral\u0131q v\u0259 Qara d\u0259niz limanlar\u0131 il\u0259 birl\u0259\u015fdir\u0259n n\u0259qliyyat d\u0259hlizl\u0259ri, z\u0259ngin v\u0259 q\u0259dim tariximiz, m\u0259d\u0259niyy\u0259timiz bizim b\u00f6y\u00fck s\u0259rv\u0259timizdir. Xalqlar\u0131m\u0131z\u0131n \u0259n\u0259n\u0259vi d\u0259y\u0259rl\u0259r\u0259 sadiqliyi v\u0259 eyni etnik k\u00f6kl\u0259r\u0259 malik olmalar\u0131 \u00f6lk\u0259l\u0259rimizi s\u0131x birl\u0259\u015fdirir. XXI \u0259sr T\u00fcrk d\u00fcnyas\u0131n\u0131n inki\u015faf\u0131 \u0259sri olmal\u0131d\u0131r.\u00bb D\u00f6vl\u0259t ba\u015f\u00e7\u0131s\u0131 \u0130lham \u018fliyev bu ilin iyul ay\u0131nda Qaraba\u011f\u0131n tac\u0131 \u015eu\u015fada ke\u00e7iril\u0259n T\u00fcrk D\u00f6vl\u0259tl\u0259ri T\u0259\u015fkilat\u0131n\u0131n D\u00f6vl\u0259t Ba\u015f\u00e7\u0131lar\u0131n\u0131n qeyri-r\u0259smi Zirv\u0259 g\u00f6r\u00fc\u015f\u00fcnd\u0259 onu da bildirdi ki, t\u00fcrk \u00f6lk\u0259l\u0259ri il\u0259 \u0259laq\u0259l\u0259rin geni\u015fl\u0259ndirilm\u0259si, t\u00fcrk d\u00fcnyas\u0131n\u0131n v\u0259 T\u00fcrk D\u00f6vl\u0259tl\u0259ri T\u0259\u015fkilat\u0131n\u0131n g\u00fccl\u0259ndirilm\u0259si Az\u0259rbaycan\u0131n xarici siyas\u0259tinin prioritet istiqam\u0259tidir. Az\u0259rbaycan h\u0259mi\u015f\u0259 t\u00fcrk d\u00fcnyas\u0131n\u0131n s\u0131x birl\u0259\u015fm\u0259si, onun siyasi, iqtisadi v\u0259 h\u0259rbi q\u00fcdr\u0259tinin artmas\u0131, qlobal arenada g\u00fcc m\u0259rk\u0259zin\u0259 \u00e7evrilm\u0259si namin\u0259 s\u0259yl\u0259r g\u00f6st\u0259rmi\u015fdir.<\/p>\n<p>Az\u0259rbaycan-T\u00fcrkiy\u0259 birliyi, h\u0259mr\u0259yliyi h\u0259r zaman t\u00fcrk d\u00fcnyas\u0131n\u0131n birliyi kimi q\u0259bul edil\u0259r\u0259k, dig\u0259r \u00f6lk\u0259l\u0259rin d\u0259 bu dostluqdan, qarda\u015fl\u0131qdan n\u00fcmun\u0259 g\u00f6t\u00fcr\u0259r\u0259k m\u00fcnasib\u0259tl\u0259rin inki\u015faf etdirilm\u0259sin\u0259 \u00e7a\u011f\u0131r\u0131\u015flar edilir. 44 g\u00fcnl\u00fck \u0130kinci Qaraba\u011f m\u00fcharib\u0259sind\u0259 tarixi Z\u0259f\u0259rimiz t\u00fcrk ail\u0259sinin birliyin\u0259 d\u0259 \u00f6z m\u00fcsb\u0259t t\u0259sirini g\u00f6st\u0259rm\u0259kl\u0259 yana\u015f\u0131, bunun daha da m\u00f6hk\u0259ml\u0259ndirilm\u0259sini qar\u015f\u0131ya m\u00fch\u00fcm v\u0259zif\u0259 kimi qoydu. Az\u0259rbaycan\u0131n T\u00fcrk D\u00f6vl\u0259tl\u0259ri T\u0259\u015fkilat\u0131, eyni zamanda, quruma \u00fczv d\u00f6vl\u0259tl\u0259rl\u0259 \u0259laq\u0259l\u0259rinin y\u00fcks\u0259l\u0259n x\u0259tl\u0259 inki\u015faf\u0131 da bunun bariz n\u00fcmun\u0259sidir. Yuxar\u0131da qeyd etdiyimiz Zirv\u0259 g\u00f6r\u00fc\u015f\u00fcnd\u0259ki \u00e7\u0131x\u0131\u015f\u0131nda T\u00fcrkiy\u0259 Respublikas\u0131n\u0131n vitse-prezidenti\u00a0Cevdet Y\u0131lmaz bildirdi ki, biz lap \u0259vv\u0259ld\u0259n bu Z\u0259f\u0259ri t\u0259kc\u0259 i\u015f\u011fal\u0131n sonu deyil, C\u0259nubi Qafqazda s\u00fclh, sabitlik v\u0259 rifah yolunda tarixi bir f\u00fcrs\u0259t p\u0259nc\u0259r\u0259sinin a\u00e7\u0131lmas\u0131 olaraq g\u00f6rd\u00fck. Bu \u00e7\u0259r\u00e7iv\u0259d\u0259 m\u00fczakir\u0259 prosesi b\u00f6y\u00fck s\u0259y v\u0259 h\u0259ssasl\u0131qla apar\u0131lan Az\u0259rbaycan v\u0259 Erm\u0259nistan aras\u0131ndak\u0131 s\u00fclh m\u00fcqavil\u0259sinin \u0259n q\u0131sa m\u00fcdd\u0259td\u0259 imzalanmas\u0131 il\u0259 C\u0259nubi Qafqazda geni\u015fmiqyasl\u0131 regional h\u0259llin qar\u015f\u0131m\u0131zdak\u0131 \u0259n b\u00f6y\u00fck \u0259ng\u0259li ortadan qald\u0131raca\u011f\u0131na inan\u0131ram. C\u0259nubi Qafqazda davaml\u0131 s\u00fclh\u00fcn v\u0259 sabitliyin b\u0259rq\u0259rar olmas\u0131 t\u0259kc\u0259 b\u00f6lg\u0259 \u00f6lk\u0259l\u0259ri \u00fc\u00e7\u00fcn deyil, regional n\u0259qliyyat x\u0259tl\u0259rinin a\u00e7\u0131laca\u011f\u0131 s\u0259b\u0259bind\u0259n qlobal t\u0259hl\u00fck\u0259sizlik v\u0259 kommunikasiyalar bax\u0131m\u0131ndan da b\u00f6y\u00fck \u00f6n\u0259m da\u015f\u0131y\u0131r. Bu x\u0259tl\u0259rin a\u00e7\u0131lmas\u0131 regional \u0259m\u0259kda\u015fl\u0131\u011f\u0131 g\u00fccl\u0259ndir\u0259r\u0259k Orta Asiya, Qara d\u0259niz v\u0259 X\u0259z\u0259r d\u0259nizi h\u00f6vz\u0259l\u0259ri d\u0259 daxil olmaqla, b\u00fct\u00fcn t\u00fcrk d\u00fcnyas\u0131 \u00fc\u00e7\u00fcn b\u00f6y\u00fck imkanlar yaradacaq, yeni f\u00fcrs\u0259tl\u0259r do\u011furacaq. O da qeyd edildi ki, beyn\u0259lxalq t\u0259\u015fkilatlar\u0131n onillikl\u0259r \u0259rzind\u0259 Az\u0259rbaycana qar\u015f\u0131 \u0259dal\u0259tsizliy\u0259 g\u00f6z yummas\u0131na baxmayaraq, Az\u0259rbaycan xalq\u0131 c\u0259nab Prezident \u0130lham \u018fliyevin q\u0259tiyy\u0259tli liderliyi il\u0259 \u00f6z q\u0259hr\u0259manl\u0131\u011f\u0131 say\u0259sind\u0259 haqq\u0131n\u0131 b\u0259rpa etdi. Birinci Qaraba\u011f m\u00fcharib\u0259si n\u0259tic\u0259sind\u0259 \u00f6z yurdlar\u0131ndan did\u0259rgin sal\u0131nan bir milyon az\u0259rbaycanl\u0131 qarda\u015f\u0131m\u0131z \u00fc\u00e7\u00fcn s\u0259sini \u00e7\u0131xarmayan d\u00f6vl\u0259tl\u0259rin bu g\u00fcn haqs\u0131z v\u0259 \u0259sass\u0131z ittihamlarla qarda\u015f Az\u0259rbaycan\u0131 h\u0259d\u0259f\u0259 almas\u0131 \u0259sla q\u0259bul edil\u0259 bilm\u0259z. T\u00fcrk d\u00fcnyas\u0131 olaraq bu \u0259sass\u0131z ittihamlara qar\u015f\u0131 Az\u0259rbaycana g\u00fccl\u00fc d\u0259st\u0259k verm\u0259yimiz qarda\u015fl\u0131\u011f\u0131m\u0131z\u0131n oldu\u011fu kimi, \u0259dal\u0259tin d\u0259 z\u0259rur\u0259tidir.<\/p>\n<p>G\u00f6r\u00fcnd\u00fcy\u00fc kimi, iki dost Az\u0259rbaycan v\u0259 T\u00fcrkiy\u0259 b\u00fct\u00fcn hallarda \u0259dal\u0259tin v\u0259 beyn\u0259lxalq h\u00fcququn yan\u0131nda olaraq tarixi k\u00f6kl\u0259r\u0259, qarda\u015fl\u0131\u011fa s\u00f6yk\u0259n\u0259n m\u00fcnasib\u0259tl\u0259rin daha da m\u00f6hk\u0259ml\u0259ndirilm\u0259sind\u0259 s\u0259yl\u0259rini art\u0131r\u0131rlar.<\/p>\n<p>Az\u0259rbaycanla T\u00fcrkiy\u0259 aras\u0131nda u\u011furla inki\u015faf ed\u0259n m\u00fcnasib\u0259tl\u0259r regionun s\u00fclh, sabitlik v\u0259 \u0259m\u0259kda\u015fl\u0131q m\u0259kan\u0131na \u00e7evrilm\u0259sind\u0259 m\u00fch\u00fcm rol oynay\u0131r. Bu birlik regionda s\u00fclh\u00fcn, t\u0259hl\u00fck\u0259sizliyin qarant\u0131 kimi d\u0259y\u0259rl\u0259ndirilir. H\u0259r iki \u00f6lk\u0259 \u0259dal\u0259tin v\u0259 beyn\u0259lxalq h\u00fcququn yan\u0131nda olaraq daim b\u00fct\u00fcn m\u0259s\u0259l\u0259l\u0259rin bu prinsipl\u0259r \u0259sas\u0131nda \u00e7\u00f6z\u00fclm\u0259sin\u0259 s\u0259y g\u00f6st\u0259rirl\u0259r. \u00d6lk\u0259l\u0259rimizin siyasi-iqtisadi \u0259laq\u0259l\u0259ri tarixi-m\u0259d\u0259ni qarda\u015fl\u0131q prinsipin\u0259 \u0259saslanan, strateji t\u0259r\u0259fda\u015fl\u0131\u011fa s\u00f6yk\u0259n\u0259n m\u00fcnasib\u0259tl\u0259r sistemini \u0259hat\u0259 edir. T\u00fcrkiy\u0259 il\u0259 \u0259laq\u0259l\u0259rimiz d\u0259rin tarixi k\u00f6kl\u0259r\u0259 dayansa da, bu m\u00fcnasib\u0259tl\u0259rin geni\u015f v\u00fcs\u0259t almas\u0131 m\u00fcst\u0259qilliyimizin b\u0259rpas\u0131ndan sonrak\u0131 d\u00f6vr\u0259 t\u0259sad\u00fcf edir. Eyni k\u00f6k\u0259, dil\u0259, din\u0259 sahib xalqlar\u0131m\u0131z\u0131n minillikl\u0259r\u0259 s\u00f6yk\u0259n\u0259n q\u0259dim tarixin\u0259 n\u0259z\u0259r sald\u0131qda says\u0131z-hesabs\u0131z qarda\u015fl\u0131q n\u00fcmun\u0259l\u0259rin\u0259 rast g\u0259lm\u0259k m\u00fcmk\u00fcnd\u00fcr. T\u00fcrkiy\u0259 v\u0259 Az\u0259rbaycan xalqlar\u0131n\u0131n ulu \u00f6nd\u0259rl\u0259ri Mustafa Kamal Atat\u00fcrk\u00fcn \u201cAz\u0259rbaycan\u0131n sevinci bizim sevincimiz, k\u0259d\u0259ri bizim k\u0259d\u0259rimizdir\u201d, Heyd\u0259r \u018fliyevin \u201cBir mill\u0259t, iki d\u00f6vl\u0259t\u201d k\u0259lamlar\u0131 xalqlar\u0131m\u0131z\u0131n \u00e7ox\u0259srlik qarda\u015fl\u0131q \u0259laq\u0259l\u0259rin\u0259 veril\u0259n \u0259n y\u00fcks\u0259k qiym\u0259tdir.<\/p>\n<p>Xalqlar\u0131m\u0131z v\u0259 \u00f6lk\u0259l\u0259rimiz aras\u0131nda tarixd\u0259 b\u0259nz\u0259ri olmayan qarda\u015fl\u0131q m\u00fcnasib\u0259tl\u0259rinin \u0259n m\u00f6ht\u0259\u015f\u0259m n\u00fcmun\u0259l\u0259ri dar g\u00fcnd\u0259 bir-birimiz\u0259 d\u0259st\u0259k olma\u011f\u0131m\u0131zd\u0131r. 2020-ci il sentyabr\u0131n 27-d\u0259 i\u015f\u011fal\u00e7\u0131 Erm\u0259nistan\u0131n n\u00f6vb\u0259ti h\u0259rbi t\u0259xribatlar\u0131 il\u0259 ba\u015flayan v\u0259 44 g\u00fcn davam ed\u0259n \u0130kinci Qaraba\u011f m\u00fcharib\u0259sind\u0259 Prezident R\u0259c\u0259b Tayyib \u018frdo\u011fan ba\u015fda olmaqla qarda\u015f d\u00f6vl\u0259tin, onun h\u00f6kum\u0259tinin v\u0259 xalq\u0131n\u0131n Az\u0259rbaycana g\u00f6st\u0259rdiyi siyasi-m\u0259n\u0259vi d\u0259st\u0259k yaln\u0131z i\u015f\u011fal alt\u0131ndak\u0131 torpaqlar\u0131m\u0131z\u0131n azadl\u0131\u011f\u0131n\u0131n deyil, eyni zamanda, T\u00fcrkiy\u0259nin q\u0259tiyy\u0259tli m\u00f6vqeyinin t\u0259nt\u0259n\u0259sidir. R\u0259c\u0259b Tayyib \u018frdo\u011fan \u00abAz\u0259rbaycan t\u0259k deyil, T\u00fcrkiy\u0259 yan\u0131ndad\u0131r\u00bb mesaj\u0131n\u0131 \u00fcnvanlad\u0131, bu dostlu\u011fun, qarda\u015fl\u0131\u011f\u0131n sars\u0131lmaz oldu\u011funu d\u00fcnyaya n\u00fcmayi\u015f etdirdi. B\u00fct\u00fcn d\u00fcnya, el\u0259c\u0259 d\u0259 b\u00f6lg\u0259mizd\u0259 strateji maraqlar\u0131 olan t\u0259r\u0259fl\u0259r bir daha \u0259min oldular ki, m\u00f6vzu V\u0259t\u0259nin t\u0259hl\u00fck\u0259sizliyi, torpaqlar\u0131n b\u00fct\u00f6vl\u00fcy\u00fc, qarda\u015f h\u00fcququnun qorunmas\u0131 olanda, bel\u0259 m\u0259s\u0259l\u0259l\u0259r T\u00fcrkiy\u0259d\u0259 m\u00fczakir\u0259 olunmur, yaln\u0131z q\u0259tiyy\u0259tli q\u0259rarlar q\u0259bul edilir. Odur ki, \u0259minlikl\u0259 dey\u0259 bil\u0259rik: Qaraba\u011f Z\u0259f\u0259ri iki qarda\u015f d\u00f6vl\u0259tin v\u0259 xalq\u0131n birlik t\u0259nt\u0259n\u0259sidir. Bu Z\u0259f\u0259r qarda\u015f \u00f6lk\u0259l\u0259rimizin tarixinin s\u0259hif\u0259l\u0259rin\u0259 daha parlaq i\u015f\u0131q sal\u0131r. V\u0259t\u0259n m\u00fcharib\u0259sinin gedi\u015fi d\u00f6vr\u00fcn\u0259 n\u0259z\u0259r sald\u0131qda k\u00fc\u00e7\u0259 v\u0259 meydanlarda Az\u0259rbaycan v\u0259 T\u00fcrkiy\u0259 bayraqlar\u0131n\u0131n birg\u0259 dal\u011faland\u0131\u011f\u0131n\u0131 g\u00f6r\u00fcr v\u0259 bundan b\u00f6y\u00fck q\u00fcrur hissi ke\u00e7iririk. Bu bayraqlar Z\u0259f\u0259rimizd\u0259n sonra Qaraba\u011f\u0131n tac\u0131 \u015eu\u015fada birg\u0259 dal\u011faland\u0131. \u015eu\u015fa Az\u0259rbaycan v\u0259 T\u00fcrkiy\u0259nin dostlu\u011funun, qarda\u015fl\u0131\u011f\u0131n\u0131n v\u0259 m\u00fctt\u0259fiqliyinin r\u0259smil\u0259\u015fdirilm\u0259sin\u0259 \u015fahidlik etdi. Z\u0259f\u0259rimizd\u0259n sonra i\u015f\u011faldan azad edilmi\u015f \u0259razil\u0259rimiz\u0259 ilk s\u0259f\u0259ri T\u00fcrkiy\u0259 Prezidenti etdi. \u015eu\u015fa B\u0259yannam\u0259sinin imzalanmas\u0131 m\u0259rasimind\u0259 qarda\u015f \u00f6lk\u0259nin Prezidenti R\u0259c\u0259b Tayyib \u018frdo\u011fan bildirdi ki, bu s\u0259n\u0259d il\u0259 \u0259laq\u0259l\u0259rimizin yeni d\u00f6vrd\u0259ki yol x\u0259rit\u0259sini m\u00fc\u0259yy\u0259nl\u0259\u015fdirdik. On bir A4 s\u0259hif\u0259sind\u0259n ibar\u0259t bu B\u0259yannam\u0259 \u015eu\u015fada bu g\u00fcn reall\u0131\u011fa \u00e7evrilir. Bu, son d\u0259r\u0259c\u0259 \u00f6n\u0259mlidir. T\u00fcrkiy\u0259 il\u0259 Az\u0259rbaycan aras\u0131ndak\u0131 bu B\u0259yannam\u0259 bir s\u0131ra m\u0259s\u0259l\u0259l\u0259ri \u0259hat\u0259 edir. G\u0259l\u0259c\u0259kl\u0259 ba\u011fl\u0131 add\u0131mlar\u0131 atark\u0259n, art\u0131q t\u0259kc\u0259 iki \u00f6lk\u0259ni deyil, b\u00f6lg\u0259ni \u0259hat\u0259 ed\u0259n bir q\u0259tiyy\u0259tin bu s\u0259n\u0259dd\u0259 ifad\u0259 olundu\u011funu g\u00f6r\u00fcr\u00fck.<\/p>\n<p>Prezident \u0130lham \u018fliyev bu tarixi s\u0259n\u0259din \u0259h\u0259miyy\u0259tini onun imzalanmas\u0131 m\u0259rasimind\u0259ki \u00e7\u0131x\u0131\u015f\u0131nda m\u0259hz bu c\u00fcr ifad\u0259 edib: \u201cBu g\u00fcn imzalanm\u0131\u015f Birg\u0259 B\u0259yannam\u0259 &#8211; M\u00fctt\u0259fiqlik haqq\u0131nda B\u0259yannam\u0259 \u0259laq\u0259l\u0259rimizi \u0259n y\u00fcks\u0259k zirv\u0259y\u0259 qald\u0131r\u0131r. B\u0259yannam\u0259nin ad\u0131 M\u00fctt\u0259fiqlik haqq\u0131nda B\u0259yannam\u0259dir v\u0259 bu ad \u00f6z-\u00f6zl\u00fcy\u00fcnd\u0259 h\u0259r \u015feyi g\u00f6st\u0259rir, h\u0259r \u015feyi deyir. Biz bu g\u00fcn keyfiyy\u0259tc\u0259 yeni \u0259laq\u0259l\u0259r qurmu\u015fuq v\u0259 bu B\u0259yannam\u0259d\u0259 g\u00f6st\u0259ril\u0259n b\u00fct\u00fcn m\u00fcdd\u0259alar bizim g\u0259l\u0259c\u0259k i\u015fbirliyimizin t\u0259minat\u00e7\u0131s\u0131d\u0131r\u201d.<\/p>\n<p>\u015eu\u015fa B\u0259yannam\u0259si \u00f6lk\u0259l\u0259rimiz aras\u0131ndak\u0131 m\u00fcnasib\u0259tl\u0259rin inki\u015faf\u0131na m\u00fch\u00fcm t\u0259kan verib. Qarda\u015f \u00f6lk\u0259l\u0259rimiz bu s\u0259n\u0259dd\u0259n ir\u0259li g\u0259l\u0259r\u0259k strateji m\u00fctt\u0259fiqlik m\u00fcnasib\u0259tl\u0259rini b\u00fct\u00fcn sah\u0259l\u0259rd\u0259 u\u011furla inki\u015faf etdirir. T\u00fcrkiy\u0259 Az\u0259rbaycan Ordusunun \u0259n m\u00fcasir t\u0259l\u0259bl\u0259r s\u0259viyy\u0259sind\u0259 modernl\u0259\u015fdirilm\u0259sin\u0259 d\u0259 f\u0259al d\u0259st\u0259k g\u00f6st\u0259rib. Qarda\u015f \u00f6lk\u0259l\u0259rimizin ordular\u0131n\u0131n pe\u015f\u0259karl\u0131\u011f\u0131n\u0131n art\u0131r\u0131lmas\u0131 m\u0259qs\u0259dil\u0259 m\u00fct\u0259madi qaydada geni\u015fmiqyasl\u0131 h\u0259rbi t\u0259liml\u0259r ke\u00e7irilir.<\/p>\n<p>Az\u0259rbaycan-T\u00fcrkiy\u0259 \u0259laq\u0259l\u0259ri tarixi Z\u0259f\u0259rimzd\u0259n sonra \u0259n y\u00fcks\u0259k s\u0259viyy\u0259y\u0259 \u00e7at\u0131b. Prezidentl\u0259r \u0130lham \u018fliyevin v\u0259 R\u0259c\u0259b Tayyib \u018frdo\u011fan\u0131n \u015f\u0259xsi dostluq m\u00fcnasib\u0259tl\u0259ri \u00f6lk\u0259l\u0259rimiz v\u0259 xalqlar\u0131m\u0131z aras\u0131ndak\u0131 m\u00fcnasib\u0259tl\u0259rin bel\u0259 y\u00fcks\u0259k s\u0259viyy\u0259y\u0259 \u00e7atmas\u0131nda m\u00fch\u00fcm rol oynay\u0131r. H\u0259r iki d\u00f6vl\u0259t ba\u015f\u00e7\u0131s\u0131n\u0131n \u00f6lk\u0259d\u0259 ke\u00e7iril\u0259n prezident se\u00e7kil\u0259rind\u0259 inaml\u0131 q\u0259l\u0259bl\u0259rind\u0259n sonra ilk s\u0259f\u0259r etdikl\u0259ri \u00f6lk\u0259 Az\u0259rbaycan v\u0259 T\u00fcrkiy\u0259 olur. Bu m\u00fcnasib\u0259tl\u0259rimizin \u0259n y\u00fcks\u0259k s\u0259viyy\u0259d\u0259 oldu\u011funun g\u00f6st\u0259ricisidir. \u00d6t\u0259n ilin iyununda c\u0259nab R\u0259c\u0259b Taayib \u018frdo\u011fan\u0131n se\u00e7kil\u0259rd\u0259 q\u0259l\u0259b\u0259sind\u0259n sonra ilk s\u0259f\u0259rini \u00f6lk\u0259miz\u0259 etm\u0259sini dostlu\u011fumuzun, qarda\u015fl\u0131\u011f\u0131m\u0131z\u0131n n\u00fcmun\u0259si kimi d\u0259y\u0259rl\u0259ndir\u0259n d\u00f6vl\u0259t ba\u015f\u00e7\u0131s\u0131 \u0130lham \u018fliyev iki \u00f6lk\u0259 aras\u0131nda m\u00fcnasib\u0259tl\u0259rin g\u00fcnd\u0259liyinin kifay\u0259t q\u0259d\u0259r geni\u015f oldu\u011funu bildirdi . Bu m\u00fch\u00fcm m\u0259qam x\u00fcsusi qeyd edildi ki, fikir birliyi, v\u0259hd\u0259t, m\u00f6vqe birliyi var, bel\u0259 d\u0259 olmal\u0131d\u0131r. T\u00fcrkiy\u0259-Az\u0259rbaycan birliyi xalqlar\u0131m\u0131z \u00fc\u00e7\u00fcn, b\u00f6lg\u0259 \u00fc\u00e7\u00fcn, t\u00fcrk d\u00fcnyas\u0131 \u00fc\u00e7\u00fcn \u00f6n\u0259mlidir. \u018fmin\u0259m ki, g\u0259l\u0259c\u0259k ill\u0259rd\u0259 bu birlik daha da g\u00fccl\u0259n\u0259c\u0259k v\u0259 bizi yeni u\u011furlar, yeni q\u0259l\u0259b\u0259l\u0259r g\u00f6zl\u0259yir.<\/p>\n<p>Onu da qeyd ed\u0259k ki, T\u00fcrkiy\u0259 Az\u0259rbaycan\u0131n m\u00fcst\u0259qilliyini tan\u0131yan ilk d\u00f6vl\u0259tdir. Qarda\u015f \u00f6lk\u0259 Az\u0259rbaycan\u0131n m\u00fcst\u0259qilliyini 1991-ci ilin noyabr\u0131nda tan\u0131y\u0131b. \u0130ki \u00f6lk\u0259 aras\u0131nda diplomatik m\u00fcnasib\u0259tl\u0259r is\u0259 1992-ci ilin ilk ay\u0131nda qurulub. 1992-ci ilin avqustunda Az\u0259rbaycan\u0131n T\u00fcrkiy\u0259d\u0259 s\u0259firliyi f\u0259aliyy\u0259t\u0259 ba\u015flay\u0131b. Sonrak\u0131 ill\u0259rd\u0259 &#8211; 1993-c\u00fc ild\u0259 Az\u0259rbaycan\u0131n \u0130stanbulda, 2004-c\u00fc ild\u0259 is\u0259 Qarsda ba\u015f konsulluqlar\u0131 t\u0259sis edilib. T\u00fcrkiy\u0259nin is\u0259 haz\u0131rda G\u0259nc\u0259d\u0259 v\u0259 Nax\u00e7\u0131vanda ba\u015f konsulluqlar\u0131 f\u0259aliyy\u0259t g\u00f6st\u0259rir.<\/p>\n<p>\u0130st\u0259r ikit\u0259r\u0259fli, ist\u0259rs\u0259 d\u0259 beyn\u0259lxalq t\u0259\u015fkilatlar \u00e7\u0259r\u00e7iv\u0259sind\u0259 dostluq v\u0259 \u0259m\u0259kda\u015fl\u0131q m\u00fcnasib\u0259tl\u0259rinin \u0259n y\u00fcks\u0259k n\u00fcmun\u0259sini ortaya qoyan Az\u0259rbaycan v\u0259 T\u00fcrkiy\u0259 birlikd\u0259 n\u0259h\u0259ng layih\u0259l\u0259r realla\u015fd\u0131rmaqla t\u0259kc\u0259 \u00f6lk\u0259l\u0259rimizin deyil, b\u00f6y\u00fck bir regionun da inki\u015faf\u0131na m\u00fch\u00fcm t\u00f6hf\u0259l\u0259r verir. Az\u0259rbaycan\u0131n v\u0259 T\u00fcrkiy\u0259nin birlikd\u0259 h\u0259yata ke\u00e7irdiyi Bak\u0131-Tbilisi-Ceyhan, Bak\u0131-Tbilisi-\u018frzurum, Bak\u0131-Tbilisi-Qars, TANAP v\u0259 TAP kimi meqalayih\u0259l\u0259rd\u0259n qarda\u015f \u00f6lk\u0259l\u0259rimizl\u0259 yana\u015f\u0131, dig\u0259r xalqlar da faydalan\u0131r. \u018fvv\u0259lc\u0259 regional \u00e7\u0259r\u00e7iv\u0259d\u0259 qurulan \u0259laq\u0259l\u0259r zaman-zaman co\u011frafiyas\u0131n\u0131 geni\u015fl\u0259ndirdi. Az\u0259rbaycan, T\u00fcrkiy\u0259 v\u0259 G\u00fcrc\u00fcstan\u0131n birg\u0259 siyasi irad\u0259si \u0259sas\u0131nda reall\u0131\u011fa \u00e7evril\u0259n bu layih\u0259l\u0259r \u00f6lk\u0259mizi regional inki\u015faf\u0131n apar\u0131c\u0131 q\u00fcvv\u0259sin\u0259 \u00e7evirdi.<\/p>\n<p>\u00d6lk\u0259l\u0259rimizin beyn\u0259lxalq v\u0259 regional t\u0259\u015fkilatlar, o c\u00fcml\u0259d\u0259n BMT, \u0130qtisadi \u018fm\u0259kda\u015fl\u0131q T\u0259\u015fkilat\u0131, \u0130slam \u018fm\u0259kda\u015fl\u0131q T\u0259\u015fkilat\u0131 v\u0259 T\u00fcrk D\u00f6vl\u0259tl\u0259ri T\u0259\u015fkilat\u0131 \u00e7\u0259r\u00e7iv\u0259sind\u0259 \u0259laq\u0259l\u0259ndirilmi\u015f f\u0259aliyy\u0259ti, qar\u015f\u0131l\u0131ql\u0131 d\u0259st\u0259yin davam etdirilm\u0259si v\u0259 g\u00fccl\u0259ndirilm\u0259si istiqam\u0259tind\u0259 atd\u0131\u011f\u0131 add\u0131mlar \u00f6z b\u0259hr\u0259sini verm\u0259kd\u0259dir. H\u0259r iki dost \u00f6lk\u0259 beyn\u0259lxalq t\u0259\u015fkilatlarda da vahid m\u00f6vqe ortaya qoymaqla d\u00fcnyan\u0131n diqq\u0259tind\u0259dirl\u0259r. Az\u0259rbaycan\u0131n olmad\u0131\u011f\u0131 yerd\u0259 T\u00fcrkiy\u0259, qarda\u015f \u00f6lk\u0259nin olmad\u0131\u011f\u0131 yerd\u0259 is\u0259 Az\u0259rbaycan vahid m\u00f6vqe ortaya qoyur. Az\u0259rbaycan-T\u00fcrkiy\u0259 m\u00fcnasib\u0259tl\u0259ri yaz\u0131n\u0131n \u0259vv\u0259lind\u0259 d\u0259 qeyd etdiyimzi kimi, t\u00fcrkdilli \u00f6lk\u0259l\u0259r v\u0259 xalqlar aras\u0131nda birliyin, \u0259m\u0259kda\u015fl\u0131\u011f\u0131n daha da g\u00fccl\u0259ndirilm\u0259sini \u015f\u0259rtl\u0259ndir\u0259n \u0259n m\u00fch\u00fcm amill\u0259rd\u0259n biridir. Prezident \u0130lham \u018fliyev bununla ba\u011fl\u0131 bildirir: \u201cT\u00fcrkiy\u0259-Az\u0259rbaycan \u0259laq\u0259l\u0259ri, eyni zamanda, b\u00fct\u00fcn T\u00fcrk d\u00fcnyas\u0131 \u00fc\u00e7\u00fcn d\u0259 m\u00fch\u00fcm rol oynay\u0131r. Biz T\u00fcrk d\u00fcnyas\u0131n\u0131n birl\u0259\u015fm\u0259si, t\u00fcrkdilli d\u00f6vl\u0259tl\u0259r aras\u0131nda \u0259laq\u0259l\u0259rin inki\u015faf\u0131 \u00fc\u00e7\u00fcn birg\u0259 s\u0259yl\u0259r g\u00f6st\u0259ririk.\u00bb<\/p>\n<p>Bundan ba\u015fqa, T\u00fcrkiy\u0259 \u015firk\u0259tl\u0259ri i\u015f\u011faldan azad olunan \u0259razil\u0259rd\u0259 geni\u015fmiqyasl\u0131 b\u0259rpa-quruculuq i\u015fl\u0259rind\u0259 yax\u0131ndan i\u015ftirak edir. Az\u0259rbaycan Prezidenti \u0130lham \u018fliyevin v\u0259 T\u00fcrkiy\u0259 Prezidenti R\u0259c\u0259b Tayyib \u018frdo\u011fan\u0131n F\u00fczuli v\u0259 Z\u0259ngilan Beyn\u0259lxalq Hava limanlar\u0131n\u0131n, dig\u0259r m\u00fch\u00fcm obyektl\u0259rin a\u00e7\u0131l\u0131\u015flar\u0131nda birg\u0259 i\u015ftirak\u0131 i\u015f\u011faldan azad olunan \u0259razil\u0259rin dir\u00e7\u0259ldilm\u0259sinin s\u00fcr\u0259tl\u0259ndirilm\u0259sin\u0259 veril\u0259n b\u00f6y\u00fck \u00f6n\u0259min g\u00f6st\u0259ricisidir.<\/p>\n<p>\u00d6t\u0259n il fevral\u0131n 6-da qarda\u015f \u00f6lk\u0259d\u0259 ba\u015f ver\u0259n g\u00fccl\u00fc z\u0259lz\u0259l\u0259 n\u0259tic\u0259sind\u0259 minl\u0259rl\u0259 insan\u0131n h\u0259lak olmas\u0131, on minl\u0259rl\u0259 insan\u0131n x\u0259sar\u0259t almas\u0131 Az\u0259rbaycan xalq\u0131n\u0131 d\u0259rind\u0259n sars\u0131td\u0131, k\u0259d\u0259rl\u0259ndirdi. Faci\u0259d\u0259n d\u0259rhal sonra Prezident \u0130lham \u018fliyev Prezident R\u0259c\u0259b Tayyib \u018frdo\u011fana z\u0259ng ed\u0259r\u0259k, \u00f6lk\u0259mizin T\u00fcrkiy\u0259nin d\u0259rdin\u0259 \u015f\u0259rik \u00e7\u0131xd\u0131\u011f\u0131n\u0131, Az\u0259rbaycan\u0131n v\u0259 T\u00fcrkiy\u0259nin h\u0259r zaman bir-birinin yan\u0131nda oldu\u011funu bildirdi. D\u00f6vl\u0259timizin ba\u015f\u00e7\u0131s\u0131 420 n\u0259f\u0259rd\u0259n ibar\u0259t xilasedici hey\u0259tin qarda\u015f \u00f6lk\u0259y\u0259 g\u00f6nd\u0259rildiyini v\u0259 hadis\u0259 yerin\u0259 \u00e7atan kimi T\u00fcrkiy\u0259d\u0259n olan h\u0259mkarlar\u0131 il\u0259 birlikd\u0259 d\u0259rhal f\u0259aliyy\u0259t\u0259 ba\u015flayacaqlar\u0131n\u0131 ifad\u0259 etdi. Qarda\u015f xalq\u0131n bu a\u011f\u0131r g\u00fcn\u00fcnd\u0259 Az\u0259rbaycan\u0131n d\u0259rhal yard\u0131m \u0259lini uzatmas\u0131 T\u00fcrkiy\u0259d\u0259 s\u0131ravi v\u0259t\u0259nda\u015flardan tutmu\u015f d\u00f6vl\u0259t r\u0259smil\u0259rin\u0259 q\u0259d\u0259r d\u0259rin minn\u0259tdarl\u0131q hissi il\u0259 qar\u015f\u0131land\u0131. \u00d6t\u0259n ilin mart ay\u0131nda T\u00fcrk D\u00f6vl\u0259tl\u0259ri T\u0259\u015fkilat\u0131n\u0131n D\u00f6vl\u0259t Ba\u015f\u00e7\u0131lar\u0131n\u0131n qeyri-r\u0259smi Zirv\u0259 g\u00f6r\u00fc\u015f\u00fcn\u00fcn \u015eu\u015fada ke\u00e7irilm\u0259si n\u0259z\u0259rd\u0259 tutulsa da d\u00f6vl\u0259timizin ba\u015f\u00e7\u0131s\u0131 \u0130lham \u018fliyevin qarda\u015f T\u00fcrkiy\u0259d\u0259 ba\u015f ver\u0259n faci\u0259ni \u00f6n\u0259 \u00e7\u0259k\u0259r\u0259k quruma \u00fczv d\u00f6vl\u0259tl\u0259rin birg\u0259 q\u0259rar\u0131 il\u0259 bu t\u0259dbirin T\u00fcrkiy\u0259d\u0259 ke\u00e7irilm\u0259sinin vacibliyini bildirdi. T\u00fcrk D\u00f6vl\u0259tl\u0259ri T\u0259\u015fkilat\u0131n\u0131n D\u00f6vl\u0259t ba\u015f\u00e7\u0131lar\u0131n\u0131n qeyri-r\u0259smi Zirv\u0259 g\u00f6r\u00fc\u015fl\u0259ri \u015eu\u015fada bu il ke\u00e7irildi. T\u00fcrk d\u00fcnyas\u0131n\u0131 bir araya g\u0259tir\u0259n \u015eu\u015fadan birlik, h\u0259mr\u0259ylik, dostluq, qarda\u015fl\u0131q \u00e7a\u011f\u0131r\u015flar\u0131 s\u0259sl\u0259ndirildi.<\/p>\n<p>Qarda\u015fl\u0131\u011f\u0131m\u0131z\u0131n daha bir t\u0259zah\u00fcr\u00fc T\u00fcrkiy\u0259nin Kahramanmara\u015f vilay\u0259tind\u0259 in\u015fa olunan \u201cAz\u0259rbaycan\u201d ya\u015fay\u0131\u015f m\u0259h\u0259ll\u0259sidir. \u00dcmumi sah\u0259si 32 hektar olan m\u0259h\u0259ll\u0259nin layih\u0259sin\u0259 \u0259sas\u0259n burada ya\u015fay\u0131\u015f binalar\u0131, m\u0259kt\u0259b v\u0259 u\u015faq ba\u011f\u00e7as\u0131, m\u0259d\u0259niyy\u0259t m\u0259rk\u0259zi sal\u0131n\u0131r. M\u0259h\u0259ll\u0259d\u0259 71 ya\u015fay\u0131\u015f binas\u0131 in\u015fa olunacaq. Eyni zamanda, h\u0259min \u0259razid\u0259 m\u0259skunla\u015facaq sakinl\u0259rin i\u015f yerl\u0259ri il\u0259 t\u0259min olunmas\u0131 m\u0259qs\u0259dil\u0259 ya\u015fay\u0131\u015f binalar\u0131nda 799 qeyri-ya\u015fay\u0131\u015f (ticar\u0259t) obyekti istifad\u0259y\u0259 veril\u0259c\u0259k. Layih\u0259nin 100 milyon AB\u015e dollar\u0131 m\u0259bl\u0259\u011find\u0259 hiss\u0259si Az\u0259rbaycan H\u00f6kum\u0259ti t\u0259r\u0259find\u0259n icra olunur.<\/p>\n<p>Reall\u0131q budur ki, Az\u0259rbaycan v\u0259 T\u00fcrkiy\u0259 tarix boyu bir s\u0131ra s\u0131naqlarla \u00fczl\u0259\u015fs\u0259l\u0259r d\u0259, h\u0259min \u00e7\u0259tinlikl\u0259rd\u0259n m\u0259tan\u0259tl\u0259 \u00e7\u0131x\u0131blar. \u018fn f\u0259r\u0259hl\u0259ndirici m\u0259qam ondan ibar\u0259tdir ki, d\u00f6vl\u0259tl\u0259rimiz v\u0259 xalqlar\u0131m\u0131z bu \u00e7\u0259tinlikl\u0259rin \u00f6hd\u0259sind\u0259n g\u0259lm\u0259k \u00fc\u00e7\u00fcn bir-birin\u0259 \u0259sl qarda\u015fl\u0131q d\u0259st\u0259yi g\u00f6st\u0259rib. T\u00fcrkiy\u0259 d\u00f6vl\u0259ti v\u0259 xalq\u0131 bu \u00e7\u0259tin s\u0131na\u011f\u0131 art\u0131q arxada qoyub.<\/p>\n<p>Bu g\u00fcn hans\u0131 sah\u0259y\u0259 diqq\u0259t yetirs\u0259k Az\u0259rbaycan-T\u00fcrkiy\u0259 \u0259laq\u0259l\u0259rinin y\u00fcks\u0259l\u0259n x\u0259tl\u0259 inki\u015faf\u0131n\u0131 g\u00f6r\u0259rik. Tarixi Z\u0259f\u0259rimizd\u0259n sonra g\u00fcnd\u0259m\u0259 g\u0259tiril\u0259n \u0259sas istiqam\u0259t media sah\u0259sind\u0259 \u0259m\u0259kda\u015fl\u0131\u011f\u0131n m\u00f6hk\u0259ml\u0259ndirilm\u0259si oldu. H\u0259r iki \u00f6lk\u0259 m\u00fct\u0259madi olaraq d\u00fcnya g\u00fccl\u0259rinin ikili standartlara \u0259saslanan siyas\u0259ti il\u0259 \u00fcz-\u00fcz\u0259 qal\u0131r. \u00d6lk\u0259l\u0259rimiz\u0259 qar\u015f\u0131 \u0259sass\u0131z t\u0259bli\u011fatlar davaml\u0131 xarakter da\u015f\u0131y\u0131r. Bu, \u00f6z n\u00f6vb\u0259sind\u0259 ictimai fikr\u0259 t\u0259sir imkanlar\u0131 geni\u015f olan m\u0259tbuat sah\u0259sind\u0259 \u0259m\u0259kda\u015fl\u0131\u011f\u0131n daha da m\u00f6hk\u0259ml\u0259ndirilm\u0259sin\u0259 \u00e7a\u011f\u0131r\u0131\u015f edir. Ortaq Media Platformas\u0131n\u0131n yarad\u0131lmas\u0131 da bunun bariz n\u00fcmun\u0259sidir.<\/p>\n<p>Tarixi Z\u0259f\u0259rimizd\u0259n sonra \u0259laq\u0259l\u0259rin yeni istiqam\u0259tl\u0259r \u00fczr\u0259 inki\u015faf\u0131nda t\u0259hsil sah\u0259sini d\u0259 x\u00fcsusi qeyd etm\u0259liyik. T\u00fcrkiy\u0259-Az\u0259rbaycan Universitetinin yarad\u0131lmas\u0131na dair Anla\u015fma Memorandumu imzaland\u0131. Bu s\u0259n\u0259d\u0259 uy\u011fun olaraq yarad\u0131lan universitet bu ilin sentyabr ay\u0131nda ilk t\u0259l\u0259b\u0259l\u0259rini qar\u015f\u0131lad\u0131. T\u00fcrkiy\u0259-Az\u0259rbaycan Universitetind\u0259 90-a yax\u0131n t\u0259l\u0259b\u0259 t\u0259hsil al\u0131r.\u00a0Prezident \u0130lham \u018fliyevin \u201cT\u00fcrkiy\u0259-Az\u0259rbaycan Universitetinin f\u0259aliyy\u0259ti il\u0259 ba\u011fl\u0131 b\u0259zi m\u0259s\u0259l\u0259l\u0259rin t\u0259nziml\u0259nm\u0259si haqq\u0131nda\u201d S\u0259r\u0259ncam\u0131na \u0259sas\u0259n, T\u00fcrkiy\u0259-Az\u0259rbaycan Universitetinin f\u0259aliyy\u0259tin\u0259 c\u0259lb edil\u0259n Az\u0259rbaycan Respublikas\u0131n\u0131n ali t\u0259hsil m\u00fc\u0259ssis\u0259l\u0259rin\u0259 Az\u0259rbaycan Respublikas\u0131 D\u00f6vl\u0259t \u0130mtahan M\u0259rk\u0259zinin ke\u00e7irdiyi q\u0259bul imtahanlar\u0131n\u0131n n\u0259tic\u0259l\u0259ri \u0259sas\u0131nda t\u0259l\u0259b\u0259 se\u00e7imini m\u00fcst\u0259qil aparmaq h\u00fcququ verilir.<\/p>\n<p>At\u0131lan h\u0259r bir add\u0131m m\u00fcnasib\u0259tl\u0259rimizin daha da m\u00f6hk\u0259ml\u0259nm\u0259sin\u0259, b\u00fct\u00fcn sah\u0259l\u0259rd\u0259 u\u011furlu inki\u015faf\u0131na xidm\u0259t edir. H\u0259r zaman qeyd edildiyi kimi, d\u00fcnyada Az\u0259rbaycan v\u0259 T\u00fcrkiy\u0259 q\u0259d\u0259r biri-birin\u0259 yax\u0131n \u00f6lk\u0259l\u0259r yoxdur.<\/p>\n<p>T\u00fcrkiy\u0259nin xarici i\u015fl\u0259r naziri Hakan Fidan bu g\u00fcnl\u0259rd\u0259 yerli televiziya kanallar\u0131na m\u00fcsahib\u0259sind\u0259 diqq\u0259ti Az\u0259rbaycan-T\u00fcrkiy\u0259 m\u00fcnasib\u0259tl\u0259rin\u0259 y\u00f6n\u0259ld\u0259r\u0259k bildirib ki, Az\u0259rbaycanla bir \u00e7ox sah\u0259l\u0259rd\u0259 t\u0259k d\u00f6vl\u0259t kimi f\u0259aliyy\u0259t g\u00f6st\u0259ririk. H\u0259ssas qurumlar\u0131m\u0131z \u00e7ox yax\u0131n \u0259m\u0259kda\u015fl\u0131q edirl\u0259r. \u0130qtisadiyyatlar\u0131m\u0131z da bir-birin\u0259 \u00e7ox yax\u0131n formada inki\u015faf edir. Maraqlar\u0131m\u0131z\u0131n m\u00fc\u0259yy\u0259nl\u0259\u015fdirilm\u0259si, strateji yana\u015fmalar\u0131m\u0131z v\u0259 dost-d\u00fc\u015fm\u0259n anlay\u0131\u015flar\u0131m\u0131z bir-biri il\u0259 \u00fcst-\u00fcst\u0259 d\u00fc\u015f\u00fcr. Nazir \u00f6lk\u0259l\u0259rimizin \u201cBir mill\u0259t, iki d\u00f6vl\u0259t\u201d prinsipi il\u0259 h\u0259r\u0259k\u0259t etdiyini vur\u011fulay\u0131b: \u00ab\u0130ki d\u00f6vl\u0259tin, x\u00fcsusil\u0259 onlar\u0131n strateji qurumlar\u0131n\u0131n ortaq f\u0259aliyy\u0259t g\u00f6st\u0259rm\u0259si, ba\u015fda C\u0259nubi Qafqaz olmaqla, regional v\u0259 geosiyasi f\u0131rt\u0131nalarla m\u00fcbariz\u0259 aparan qlobal siyas\u0259t\u0259 qar\u015f\u0131 rasional bir perspektiv yarad\u0131r v\u0259 inteqrasiyan\u0131 daha da d\u0259rinl\u0259\u015fdirir.\u00bb<\/p>\n<p><strong>Yegan\u0259 \u018fliyeva, \u00ab\u0130ki sahil\u00bb<\/strong><\/p>\n","protected":false},"excerpt":{"rendered":"<p>D\u00f6vl\u0259t ba\u015f\u00e7\u0131s\u0131 \u0130lham \u018fliyev iki dost, qarda\u015f \u00f6lk\u0259nin m\u00fcnasib\u0259tl\u0259rinin ikit\u0259r\u0259fli g\u00fcnd\u0259liyinin geni\u015f oldu\u011funu \u00f6n\u0259 \u00e7\u0259k\u0259r\u0259k bu m\u0259qam\u0131 x\u00fcsusi qeyd edir ki, fikir birliyi, v\u0259hd\u0259t, m\u00f6vqe birliyi var, bel\u0259 d\u0259 olmal\u0131d\u0131r \u201cT\u00fcrk D\u00f6vl\u0259tl\u0259ri T\u0259\u015fkilat\u0131 d\u00fcnya miqyas\u0131nda g\u00fcc m\u0259rk\u0259zl\u0259rinin birin\u0259 \u00e7evrilm\u0259lidir. Biz b\u00f6y\u00fck co\u011frafi m\u0259kan\u0131 \u0259hat\u0259 edirik, \u00fczv \u00f6lk\u0259l\u0259rd\u0259 m\u00fcsb\u0259t demoqrafik dinamika m\u00fc\u015fahid\u0259 olunur, h\u0259rbi potensial\u0131m\u0131z d\u00f6y\u00fc\u015f meydanlar\u0131nda \u00f6z\u00fcn\u00fc d\u0259f\u0259l\u0259rl\u0259 g\u00f6st\u0259rmi\u015fdir. Z\u0259ngin t\u0259bii resurslar\u0131m\u0131z, onlar\u0131n n\u0259qli \u00fc\u00e7\u00fcn m\u00fcasir infrastruktur, M\u0259rk\u0259zi Asiyan\u0131, Qafqaz\u0131 Aral\u0131q v\u0259 Qara d\u0259niz limanlar\u0131 il\u0259 birl\u0259\u015fdir\u0259n n\u0259qliyyat d\u0259hlizl\u0259ri, z\u0259ngin v\u0259 q\u0259dim tariximiz, m\u0259d\u0259niyy\u0259timiz bizim b\u00f6y\u00fck s\u0259rv\u0259timizdir. Xalqlar\u0131m\u0131z\u0131n \u0259n\u0259n\u0259vi d\u0259y\u0259rl\u0259r\u0259&hellip;<\/p>\n","protected":false},"author":2,"featured_media":763297,"comment_status":"closed","ping_status":"closed","sticky":false,"template":"","format":"standard","meta":{"om_disable_all_campaigns":false,"_monsterinsights_skip_tracking":false,"_monsterinsights_sitenote_active":false,"_monsterinsights_sitenote_note":"","_monsterinsights_sitenote_category":0},"categories":[19],"tags":[],"aioseo_notices":[],"gutentor_comment":0,"rttpg_featured_image_url":{"full":["https:\/\/arantv.az\/wp-content\/uploads\/2024\/10\/7dc1c765169709767549756261110575666.jpg",975,540,false],"landscape":["https:\/\/arantv.az\/wp-content\/uploads\/2024\/10\/7dc1c765169709767549756261110575666.jpg",975,540,false],"portraits":["https:\/\/arantv.az\/wp-content\/uploads\/2024\/10\/7dc1c765169709767549756261110575666.jpg",975,540,false],"thumbnail":["https:\/\/arantv.az\/wp-content\/uploads\/2024\/10\/7dc1c765169709767549756261110575666-500x280.jpg",500,280,true],"medium":["https:\/\/arantv.az\/wp-content\/uploads\/2024\/10\/7dc1c765169709767549756261110575666-660x365.jpg",660,365,true],"large":["https:\/\/arantv.az\/wp-content\/uploads\/2024\/10\/7dc1c765169709767549756261110575666-840x465.jpg",640,354,true],"1536x1536":["https:\/\/arantv.az\/wp-content\/uploads\/2024\/10\/7dc1c765169709767549756261110575666.jpg",975,540,false],"2048x2048":["https:\/\/arantv.az\/wp-content\/uploads\/2024\/10\/7dc1c765169709767549756261110575666.jpg",975,540,false],"post-thumbnail":["https:\/\/arantv.az\/wp-content\/uploads\/2024\/10\/7dc1c765169709767549756261110575666-240x172.jpg",240,172,true],"advps-thumb-one":["https:\/\/arantv.az\/wp-content\/uploads\/2024\/10\/7dc1c765169709767549756261110575666.jpg",975,540,false]},"rttpg_author":{"display_name":"V\u00fcsal Rafiqo\u011flu","author_link":"https:\/\/arantv.az\/?author=2"},"rttpg_comment":0,"rttpg_category":"<a href=\"https:\/\/arantv.az\/?cat=19\" rel=\"category\">G\u00fcnd\u0259m<\/a>","rttpg_excerpt":"D\u00f6vl\u0259t ba\u015f\u00e7\u0131s\u0131 \u0130lham \u018fliyev iki dost, qarda\u015f \u00f6lk\u0259nin m\u00fcnasib\u0259tl\u0259rinin ikit\u0259r\u0259fli g\u00fcnd\u0259liyinin geni\u015f oldu\u011funu \u00f6n\u0259 \u00e7\u0259k\u0259r\u0259k bu m\u0259qam\u0131 x\u00fcsusi qeyd edir ki, fikir birliyi, v\u0259hd\u0259t, m\u00f6vqe birliyi var, bel\u0259 d\u0259 olmal\u0131d\u0131r \u201cT\u00fcrk D\u00f6vl\u0259tl\u0259ri T\u0259\u015fkilat\u0131 d\u00fcnya miqyas\u0131nda g\u00fcc m\u0259rk\u0259zl\u0259rinin birin\u0259 \u00e7evrilm\u0259lidir. Biz b\u00f6y\u00fck co\u011frafi m\u0259kan\u0131 \u0259hat\u0259 edirik, \u00fczv \u00f6lk\u0259l\u0259rd\u0259 m\u00fcsb\u0259t demoqrafik dinamika m\u00fc\u015fahid\u0259 olunur, h\u0259rbi potensial\u0131m\u0131z d\u00f6y\u00fc\u015f&hellip;","_links":{"self":[{"href":"https:\/\/arantv.az\/index.php?rest_route=\/wp\/v2\/posts\/763296"}],"collection":[{"href":"https:\/\/arantv.az\/index.php?rest_route=\/wp\/v2\/posts"}],"about":[{"href":"https:\/\/arantv.az\/index.php?rest_route=\/wp\/v2\/types\/post"}],"author":[{"embeddable":true,"href":"https:\/\/arantv.az\/index.php?rest_route=\/wp\/v2\/users\/2"}],"replies":[{"embeddable":true,"href":"https:\/\/arantv.az\/index.php?rest_route=%2Fwp%2Fv2%2Fcomments&post=763296"}],"version-history":[{"count":1,"href":"https:\/\/arantv.az\/index.php?rest_route=\/wp\/v2\/posts\/763296\/revisions"}],"predecessor-version":[{"id":763298,"href":"https:\/\/arantv.az\/index.php?rest_route=\/wp\/v2\/posts\/763296\/revisions\/763298"}],"wp:featuredmedia":[{"embeddable":true,"href":"https:\/\/arantv.az\/index.php?rest_route=\/wp\/v2\/media\/763297"}],"wp:attachment":[{"href":"https:\/\/arantv.az\/index.php?rest_route=%2Fwp%2Fv2%2Fmedia&parent=763296"}],"wp:term":[{"taxonomy":"category","embeddable":true,"href":"https:\/\/arantv.az\/index.php?rest_route=%2Fwp%2Fv2%2Fcategories&post=763296"},{"taxonomy":"post_tag","embeddable":true,"href":"https:\/\/arantv.az\/index.php?rest_route=%2Fwp%2Fv2%2Ftags&post=763296"}],"curies":[{"name":"wp","href":"https:\/\/api.w.org\/{rel}","templated":true}]}}