{"id":763299,"date":"2024-10-22T07:15:54","date_gmt":"2024-10-22T03:15:54","guid":{"rendered":"https:\/\/arantv.az\/?p=763299"},"modified":"2024-10-22T07:15:54","modified_gmt":"2024-10-22T03:15:54","slug":"abs-erm%c9%99nistanla-h%c9%99rbi-%c9%99m%c9%99kdasligi-niy%c9%99-genisl%c9%99ndirir","status":"publish","type":"post","link":"https:\/\/arantv.az\/?p=763299","title":{"rendered":"AB\u015e Erm\u0259nistanla h\u0259rbi \u0259m\u0259kda\u015fl\u0131\u011f\u0131 niy\u0259 geni\u015fl\u0259ndirir?"},"content":{"rendered":"<p>Beyn\u0259lxalq h\u00fcquqa uy\u011fun olmayan formada, y\u0259ni\u00a0 he\u00e7 bir fakta \u0259saslanmadan Az\u0259rbaycan\u0131 ittiham ed\u0259n AB\u015e son g\u00fcnl\u0259r s\u00fcr\u0259tl\u0259\u00a0 silahlanan Erm\u0259nistanla h\u0259rbi \u0259m\u0259kda\u015fl\u0131\u011f\u0131 g\u00fccl\u0259ndirir. Bununla da C\u0259nubi Qafqazda pozucu f\u0259aliyy\u0259tini g\u00fccl\u0259ndirir. H\u0259tta bu g\u00fcnl\u0259rd\u0259 Erm\u0259nistan silahl\u0131 q\u00fcvv\u0259l\u0259rinin Ba\u015f Q\u0259rargah r\u0259isi Edvard Asryan AB\u015e-d\u0259 i\u015fg\u00fczar s\u0259f\u0259rd\u0259 olub. O, s\u0259f\u0259r \u00e7\u0259r\u00e7iv\u0259sind\u0259 AB\u015e M\u00fcdafi\u0259 \u018fm\u0259kda\u015fl\u0131\u011f\u0131 Agentliyinin direktoru Mayk Miller, AB\u015e ordusunun t\u0259hl\u00fck\u0259sizlik t\u0259minat\u0131 komandan\u0131, briqada general\u0131 Allen Pepper v\u0259 m\u00fcdafi\u0259 nazirinin beyn\u0259lxalq t\u0259hl\u00fck\u0259sizlik \u00fczr\u0259 m\u00fcavini Tressa Genov v\u0259 dig\u0259r r\u0259smi \u015f\u0259xsl\u0259rl\u0259 g\u00f6r\u00fc\u015f\u00fcb. G\u00f6r\u00fc\u015fl\u0259rd\u0259 Erm\u0259nistan v\u0259 AB\u015e aras\u0131ndak\u0131 m\u00fcdafi\u0259 \u0259m\u0259kda\u015fl\u0131\u011f\u0131 \u0259sas m\u00fczakir\u0259 obyekti olub. El\u0259 bu s\u0259b\u0259bd\u0259n m\u00fct\u0259x\u0259ssisl\u0259r bu s\u0259f\u0259ri s\u00fcr\u0259tl\u0259 inki\u015faf ed\u0259n AB\u015e-Erm\u0259nistan h\u0259rbi \u0259m\u0259kda\u015fl\u0131\u011f\u0131n\u0131n t\u0259rkib hiss\u0259si kimi d\u0259y\u0259rl\u0259ndirirl\u0259r. \u015e\u00fcbh\u0259siz, Erm\u0259nistana m\u00fcasir h\u0259rbi texnika v\u0259 silah sisteml\u0259ri g\u00f6nd\u0259rm\u0259kl\u0259, t\u0259cav\u00fczkara maliyy\u0259 yard\u0131mlar\u0131 ay\u0131rmaqla AB\u015e b\u00f6lg\u0259d\u0259 s\u00fclh\u0259 xidm\u0259t etm\u0259diyini bir daha n\u00fcmayi\u015f etdirir. \u018fvv\u0259ll\u0259r Erm\u0259nistanla daha \u00e7ox siyasi v\u0259 diplomatik \u0259laq\u0259l\u0259r\u0259 \u00fcst\u00fcnl\u00fck ver\u0259n AB\u015e\u00a0 son vaxtlar t\u0259cav\u00fczkarla h\u0259rbi \u0259m\u0259kda\u015fl\u0131\u011fa daha \u00e7ox\u00a0 meyill\u0259nib. Bu m\u0259nadda Va\u015finqton Erm\u0259nistan il\u0259 h\u0259rbi v\u0259 t\u0259hl\u00fck\u0259sizlik sah\u0259l\u0259rind\u0259 \u0259m\u0259kda\u015fl\u0131\u011f\u0131 daha da d\u0259rinl\u0259\u015fdirir des\u0259k, s\u0259hv etm\u0259rik.<\/p>\n<p>Yeri g\u0259lmi\u015fk\u0259n qeyd ed\u0259k ki, son ill\u0259r Hayastan\u0131n h\u0259rbi sah\u0259d\u0259 \u00e7al\u0131\u015fan r\u0259smil\u0259rinin Va\u015finqtona s\u0259f\u0259rl\u0259ri adi hala \u00e7evrilib. El\u0259 AB\u015e-\u0131n n\u00fcmay\u0259nd\u0259l\u0259rinin bir aya\u011f\u0131 Yerevandad\u0131r. B\u00fct\u00fcn bunlar\u0131n fonunda\u00a0 Hayastanda h\u0259rbi t\u0259liml\u0259r davaml\u0131 xarakter al\u0131b. H\u0259tta t\u0259cav\u00fczkar \u00f6lk\u0259y\u0259\u00a0 AB\u015e \u00fc\u00e7\u00fcn C\u0259nubi Qafqazda strateji m\u0259nt\u0259q\u0259 kimi baxan Pentaqon Erm\u0259nistan M\u00fcdafi\u0259 Nazirliyin\u0259 \u00f6z m\u00fc\u015favirini t\u0259yin edib. \u015e\u00fcbh\u0259siz, bel\u0259\u00a0 h\u0259rbi-texniki \u0259m\u0259kda\u015fl\u0131qla AB\u015e Erm\u0259nistan ordusunu NATO standartlar\u0131na uy\u011funla\u015fd\u0131rma\u011fa \u00e7al\u0131\u015f\u0131r. Halbuki, bu g\u00fcn b\u00f6lg\u0259 bel\u0259 t\u0259liml\u0259r\u0259, silahlanmaya deyil, s\u00fclh\u0259 k\u00f6kl\u0259nm\u0259lidir. Amma g\u00f6r\u00fcn\u0259n budur ki, Erm\u0259nistan kimi, onun havadarlar\u0131, o c\u00fcml\u0259d\u0259n AB\u015e da b\u00f6lg\u0259d\u0259 s\u00fclh\u00fcn b\u0259rq\u0259rar olunmas\u0131nda \u0259sla maraql\u0131 deyil. Bir m\u0259s\u0259l\u0259ni d\u0259 qeyd ed\u0259k ki, Erm\u0259nistan silahl\u0131 q\u00fcvv\u0259l\u0259rinin Ba\u015f Q\u0259rargah r\u0259isinin m\u00fcavini, general-mayor Artur Yeroyan\u0131n r\u0259hb\u0259rlik etdiyi n\u00fcmay\u0259nd\u0259 hey\u0259ti oktyabr\u0131n 13-17-d\u0259 Kasablankada (M\u0259rake\u015f) NATO-nun \u018fm\u0259liyyat \u0130mkan\u0131 Konsepsiyas\u0131n\u0131n illik konfrans\u0131 \u00e7\u0259r\u00e7iv\u0259sind\u0259 bu qurumun r\u0259smil\u0259ri il\u0259\u00a0 g\u00f6r\u00fc\u015fl\u0259r ke\u00e7irib. Bu ilin sentyabr ay\u0131nda NATO-nun Br\u00fcsseld\u0259ki q\u0259rargah\u0131nda ke\u00e7irilmi\u015f g\u00f6r\u00fc\u015fl\u0259ri, Erm\u0259nistan T\u0259hl\u00fck\u0259sizlik \u015euras\u0131n\u0131n katibi Armen Qriqoryan\u0131n NATO-nun &#8220;yeni c\u0259nub qanad\u0131&#8221; kimi t\u0259cav\u00fczkar \u00f6lk\u0259d\u0259 yerl\u0259\u015fdirilm\u0259sin\u0259 dair t\u0259klifl\u0259rini n\u0259z\u0259r\u0259 alsaq, Erm\u0259nistan\u0131n \u015eimali Atlantika Alyans\u0131n\u0131n q\u0131l\u0131\u011f\u0131na girm\u0259k m\u0259qs\u0259dil\u0259 d\u0259rid\u0259n-qab\u0131qdan \u00e7\u0131xmas\u0131n\u0131 g\u00f6rm\u0259m\u0259k m\u00fcmk\u00fcn deyil.<\/p>\n<p>\u00dcst\u0259lik, Hayastan r\u0259smil\u0259ri utan\u0131b-q\u0131zarmadan AB\u015e r\u0259smil\u0259rini, el\u0259c\u0259 d\u0259 dig\u0259r qurumlar\u0131n n\u00fcmay\u0259nd\u0259l\u0259rini inand\u0131rma\u011fa \u00e7al\u0131\u015f\u0131rlar ki, guya r\u0259smi Bak\u0131 Erm\u0259nistan\u0131n t\u0259klifl\u0259rin\u0259 cavab vermir. \u015e\u00fcbh\u0259siz, bu, haylar\u0131n siyasi manipulyasiyas\u0131ndan ba\u015fqa bir \u015fey deyil. Y\u0259ni, onlar\u00a0 Bak\u0131da ke\u00e7iril\u0259c\u0259k BMT-nin \u0130qlim D\u0259yi\u015fikliyi \u00fczr\u0259 \u00c7\u0259r\u00e7iv\u0259 Konvensiyas\u0131n\u0131n T\u0259r\u0259fl\u0259r Konfrans\u0131n\u0131n 29-cu sessiyas\u0131 (COP29) \u0259r\u0259f\u0259sind\u0259 \u00f6zl\u0259rini d\u00fcnyaya \u201cs\u00fclh t\u0259r\u0259fdar\u0131\u201d, Az\u0259rbaycan\u0131 is\u0259 \u201cprosesi \u0259ng\u0259ll\u0259y\u0259n \u00f6lk\u0259\u201d kimi g\u00f6st\u0259rm\u0259y\u0259 v\u0259 bu y\u00f6nd\u0259 \u0259ks-t\u0259bli\u011fat aparmaqla \u00f6lk\u0259miz\u0259\u00a0 qar\u015f\u0131 beyn\u0259lxalq t\u0259zyiql\u0259ri art\u0131rma\u011fa \u00e7al\u0131\u015f\u0131rlar. \u018fsas m\u0259qs\u0259d d\u0259 Erm\u0259nistan\u0131n \u015f\u0259rtl\u0259ri il\u0259 yar\u0131m\u00e7\u0131q s\u00fclh m\u00fcqavil\u0259sinin imzalanmas\u0131na nail olmaqd\u0131r. Halbuki, iki \u00f6lk\u0259 aras\u0131nda ikit\u0259r\u0259fli sazi\u015f layih\u0259sinin 75-80 faizi raz\u0131la\u015fd\u0131r\u0131l\u0131b. Amma Erm\u0259nistan\u0131n\u00a0 \u0259sas qanununda h\u0259l\u0259 d\u0259 \u00f6lk\u0259miz\u0259 qar\u015f\u0131 \u0259razi iddialar\u0131 qalmaqdad\u0131r. Erm\u0259nistan is\u0259 konstitusiyas\u0131n\u0131n Az\u0259rbaycanla imzalanacaq s\u00fclh sazi\u015fin\u0259 \u0259ng\u0259l olmad\u0131\u011f\u0131n\u0131 iddia edir. Halbuki Erm\u0259nistan\u0131n konstitusional \u0259sasda Az\u0259rbaycana qar\u015f\u0131 \u0259razi iddialar\u0131n\u0131n s\u00fclh m\u00fcqavil\u0259sinin imzalanmas\u0131 yolunda ba\u015fl\u0131ca mane\u0259dir. Dig\u0259r t\u0259r\u0259fd\u0259n, \u0130r\u0259van 2020-ci il noyabr\u0131n 10-da imzalanm\u0131\u015f \u00fc\u00e7t\u0259r\u0259fli B\u0259yanatda \u0259ksini tapm\u0131\u015f Z\u0259ng\u0259zur d\u0259hlizinin a\u00e7\u0131lmamas\u0131na man\u0259 t\u00f6r\u0259dir. Erm\u0259nistan\u0131n art\u0131q yarars\u0131z bir quruma \u00e7evril\u0259n AT\u018fT-in Minsk qrupundan imtina etm\u0259m\u0259sini d\u0259 probleml\u0259rd\u0259n biri kimi g\u00f6st\u0259rm\u0259k olar. B\u0259li, son g\u00fcnl\u0259r bu istiqam\u0259tl\u0259rd\u0259 \u0259m\u0259li olaraq h\u0259r hans\u0131 ir\u0259lil\u0259yi\u015f d\u0259 m\u00fc\u015fahid\u0259 olunmur. AB\u015e da bu kimi m\u0259s\u0259l\u0259l\u0259rin \u00fcst\u00fcnd\u0259n s\u00fckutla ke\u00e7m\u0259kd\u0259 davam edir. Onlar sad\u0259c\u0259 AB\u015e-\u0131n Erm\u0259nistanla Az\u0259rbaycan aras\u0131nda s\u00fclh m\u00fcqavil\u0259sinin tezlikl\u0259 imzalanmas\u0131n\u0131 d\u0259st\u0259kl\u0259diyini vur\u011fulayaraq, s\u00fclh m\u00fcqavil\u0259sinin imzalanmas\u0131 \u00fc\u00e7\u00fcn haz\u0131rk\u0131 \u015f\u0259raitd\u0259 tarixi imkanlar\u0131n oldu\u011funu\u00a0 bildirm\u0259kl\u0259 kifay\u0259tl\u0259nirl\u0259r.<\/p>\n<p>Bu neqativ add\u0131mlar\u0131n he\u00e7 vaxt regionda sabitliyin, \u0259min-amanl\u0131\u011f\u0131n v\u0259 t\u0259hl\u00fck\u0259sizliyin b\u0259rq\u0259rar olmas\u0131na g\u0259tirib \u00e7\u0131xarmayaca\u011f\u0131 g\u00fcn kimi ayd\u0131nd\u0131r. Az\u0259rbaycan is\u0259 C\u0259nubi Qafqazda s\u00fclh\u00fcn \u0259ld\u0259 olunmas\u0131 istiqam\u0259tind\u0259 s\u0259yl\u0259rini davam etdirir. Eyni zamanda \u0259g\u0259r bel\u0259 dem\u0259k m\u00fcmk\u00fcns\u0259, \u00e7oma\u011f\u0131 da \u0259lind\u0259n yer\u0259 qoymur. Odur \u00a0ki, b\u00fct\u00fcn bu t\u0259hdidl\u0259r\u0259 qar\u015f\u0131 Az\u0259rbaycan\u0131n \u00f6z h\u0259rbi x\u0259rcl\u0259ri art\u0131rmas\u0131 adekvat add\u0131m hesab edilib.<\/p>\n<p><strong>Qvami M\u0259h\u0259bb\u0259to\u011flu, \u201c\u0130ki sahil\u201d<\/strong><\/p>\n","protected":false},"excerpt":{"rendered":"<p>Beyn\u0259lxalq h\u00fcquqa uy\u011fun olmayan formada, y\u0259ni\u00a0 he\u00e7 bir fakta \u0259saslanmadan Az\u0259rbaycan\u0131 ittiham ed\u0259n AB\u015e son g\u00fcnl\u0259r s\u00fcr\u0259tl\u0259\u00a0 silahlanan Erm\u0259nistanla h\u0259rbi \u0259m\u0259kda\u015fl\u0131\u011f\u0131 g\u00fccl\u0259ndirir. Bununla da C\u0259nubi Qafqazda pozucu f\u0259aliyy\u0259tini g\u00fccl\u0259ndirir. H\u0259tta bu g\u00fcnl\u0259rd\u0259 Erm\u0259nistan silahl\u0131 q\u00fcvv\u0259l\u0259rinin Ba\u015f Q\u0259rargah r\u0259isi Edvard Asryan AB\u015e-d\u0259 i\u015fg\u00fczar s\u0259f\u0259rd\u0259 olub. O, s\u0259f\u0259r \u00e7\u0259r\u00e7iv\u0259sind\u0259 AB\u015e M\u00fcdafi\u0259 \u018fm\u0259kda\u015fl\u0131\u011f\u0131 Agentliyinin direktoru Mayk Miller, AB\u015e ordusunun t\u0259hl\u00fck\u0259sizlik t\u0259minat\u0131 komandan\u0131, briqada general\u0131 Allen Pepper v\u0259 m\u00fcdafi\u0259 nazirinin beyn\u0259lxalq t\u0259hl\u00fck\u0259sizlik \u00fczr\u0259 m\u00fcavini Tressa Genov v\u0259 dig\u0259r r\u0259smi \u015f\u0259xsl\u0259rl\u0259 g\u00f6r\u00fc\u015f\u00fcb. G\u00f6r\u00fc\u015fl\u0259rd\u0259 Erm\u0259nistan v\u0259 AB\u015e aras\u0131ndak\u0131 m\u00fcdafi\u0259 \u0259m\u0259kda\u015fl\u0131\u011f\u0131 \u0259sas m\u00fczakir\u0259 obyekti olub. El\u0259 bu&hellip;<\/p>\n","protected":false},"author":2,"featured_media":763300,"comment_status":"closed","ping_status":"closed","sticky":false,"template":"","format":"standard","meta":{"om_disable_all_campaigns":false,"_monsterinsights_skip_tracking":false,"_monsterinsights_sitenote_active":false,"_monsterinsights_sitenote_note":"","_monsterinsights_sitenote_category":0},"categories":[19],"tags":[],"aioseo_notices":[],"gutentor_comment":0,"rttpg_featured_image_url":{"full":["https:\/\/arantv.az\/wp-content\/uploads\/2024\/10\/532b7cbe172951644385699668810825063.jpg",975,540,false],"landscape":["https:\/\/arantv.az\/wp-content\/uploads\/2024\/10\/532b7cbe172951644385699668810825063.jpg",975,540,false],"portraits":["https:\/\/arantv.az\/wp-content\/uploads\/2024\/10\/532b7cbe172951644385699668810825063.jpg",975,540,false],"thumbnail":["https:\/\/arantv.az\/wp-content\/uploads\/2024\/10\/532b7cbe172951644385699668810825063-500x280.jpg",500,280,true],"medium":["https:\/\/arantv.az\/wp-content\/uploads\/2024\/10\/532b7cbe172951644385699668810825063-660x365.jpg",660,365,true],"large":["https:\/\/arantv.az\/wp-content\/uploads\/2024\/10\/532b7cbe172951644385699668810825063-840x465.jpg",640,354,true],"1536x1536":["https:\/\/arantv.az\/wp-content\/uploads\/2024\/10\/532b7cbe172951644385699668810825063.jpg",975,540,false],"2048x2048":["https:\/\/arantv.az\/wp-content\/uploads\/2024\/10\/532b7cbe172951644385699668810825063.jpg",975,540,false],"post-thumbnail":["https:\/\/arantv.az\/wp-content\/uploads\/2024\/10\/532b7cbe172951644385699668810825063-240x172.jpg",240,172,true],"advps-thumb-one":["https:\/\/arantv.az\/wp-content\/uploads\/2024\/10\/532b7cbe172951644385699668810825063.jpg",975,540,false]},"rttpg_author":{"display_name":"V\u00fcsal Rafiqo\u011flu","author_link":"https:\/\/arantv.az\/?author=2"},"rttpg_comment":0,"rttpg_category":"<a href=\"https:\/\/arantv.az\/?cat=19\" rel=\"category\">G\u00fcnd\u0259m<\/a>","rttpg_excerpt":"Beyn\u0259lxalq h\u00fcquqa uy\u011fun olmayan formada, y\u0259ni\u00a0 he\u00e7 bir fakta \u0259saslanmadan Az\u0259rbaycan\u0131 ittiham ed\u0259n AB\u015e son g\u00fcnl\u0259r s\u00fcr\u0259tl\u0259\u00a0 silahlanan Erm\u0259nistanla h\u0259rbi \u0259m\u0259kda\u015fl\u0131\u011f\u0131 g\u00fccl\u0259ndirir. Bununla da C\u0259nubi Qafqazda pozucu f\u0259aliyy\u0259tini g\u00fccl\u0259ndirir. H\u0259tta bu g\u00fcnl\u0259rd\u0259 Erm\u0259nistan silahl\u0131 q\u00fcvv\u0259l\u0259rinin Ba\u015f Q\u0259rargah r\u0259isi Edvard Asryan AB\u015e-d\u0259 i\u015fg\u00fczar s\u0259f\u0259rd\u0259 olub. O, s\u0259f\u0259r \u00e7\u0259r\u00e7iv\u0259sind\u0259 AB\u015e M\u00fcdafi\u0259 \u018fm\u0259kda\u015fl\u0131\u011f\u0131 Agentliyinin direktoru Mayk Miller, AB\u015e&hellip;","_links":{"self":[{"href":"https:\/\/arantv.az\/index.php?rest_route=\/wp\/v2\/posts\/763299"}],"collection":[{"href":"https:\/\/arantv.az\/index.php?rest_route=\/wp\/v2\/posts"}],"about":[{"href":"https:\/\/arantv.az\/index.php?rest_route=\/wp\/v2\/types\/post"}],"author":[{"embeddable":true,"href":"https:\/\/arantv.az\/index.php?rest_route=\/wp\/v2\/users\/2"}],"replies":[{"embeddable":true,"href":"https:\/\/arantv.az\/index.php?rest_route=%2Fwp%2Fv2%2Fcomments&post=763299"}],"version-history":[{"count":1,"href":"https:\/\/arantv.az\/index.php?rest_route=\/wp\/v2\/posts\/763299\/revisions"}],"predecessor-version":[{"id":763301,"href":"https:\/\/arantv.az\/index.php?rest_route=\/wp\/v2\/posts\/763299\/revisions\/763301"}],"wp:featuredmedia":[{"embeddable":true,"href":"https:\/\/arantv.az\/index.php?rest_route=\/wp\/v2\/media\/763300"}],"wp:attachment":[{"href":"https:\/\/arantv.az\/index.php?rest_route=%2Fwp%2Fv2%2Fmedia&parent=763299"}],"wp:term":[{"taxonomy":"category","embeddable":true,"href":"https:\/\/arantv.az\/index.php?rest_route=%2Fwp%2Fv2%2Fcategories&post=763299"},{"taxonomy":"post_tag","embeddable":true,"href":"https:\/\/arantv.az\/index.php?rest_route=%2Fwp%2Fv2%2Ftags&post=763299"}],"curies":[{"name":"wp","href":"https:\/\/api.w.org\/{rel}","templated":true}]}}