{"id":763302,"date":"2024-10-22T07:16:39","date_gmt":"2024-10-22T03:16:39","guid":{"rendered":"https:\/\/arantv.az\/?p=763302"},"modified":"2024-10-22T07:16:39","modified_gmt":"2024-10-22T03:16:39","slug":"isvecr%c9%99-parlamentaril%c9%99rinin-q%c9%99r%c9%99zli-movqeyi","status":"publish","type":"post","link":"https:\/\/arantv.az\/?p=763302","title":{"rendered":"\u0130sve\u00e7r\u0259 parlamentaril\u0259rinin q\u0259r\u0259zli m\u00f6vqeyi"},"content":{"rendered":"<p><em><strong>Bu \u00f6lk\u0259 Qaraba\u011fdan k\u00f6\u00e7m\u00fc\u015f erm\u0259nil\u0259rin bu torpaqda ya\u015famaq haqq\u0131n\u0131 m\u00fcdafi\u0259 edir, amma Q\u0259rbi Az\u0259rbaycandan silah g\u00fcc\u00fcn\u0259 qovulan soyda\u015flar\u0131m\u0131z\u0131n \u00f6z dogma yurdlar\u0131nda ya\u015famas\u0131 h\u00fcquqlar\u0131n\u0131 dil\u0259 g\u0259tirmir<\/strong><\/em><\/p>\n<p>2020-ci ild\u0259 44 g\u00fcnl\u00fck V\u0259t\u0259n m\u00fcharib\u0259sind\u0259 Az\u0259rbaycan\u0131n \u00f6z torpaqlar\u0131n\u0131 i\u015f\u011faldan azad etm\u0259si Q\u0259rbin b\u0259zi \u00f6lk\u0259l\u0259rini ciddi \u015f\u0259kild\u0259 narahat edib. Erm\u0259ni lobbisinin \u0259lind\u0259 al\u0259t olan b\u0259zi Q\u0259rb d\u00f6vl\u0259tl\u0259ri \u00f6lk\u0259mizi qaralamaq \u00fc\u00e7\u00fcn he\u00e7 bir f\u00fcrs\u0259ti \u0259ld\u0259n vermir, h\u0259yas\u0131zcas\u0131na Az\u0259rbaycan\u0131 Qaraba\u011f\u0131n erm\u0259ni \u0259halisinin \u201cetnik t\u0259mizl\u0259m\u0259sind\u0259\u201d v\u0259 onlar\u0131n buradan zor g\u00fcc\u00fcn\u0259 qovulmas\u0131nda ittiham edirl\u0259r. Halbuki erm\u0259nil\u0259r Qaraba\u011f\u0131 k\u00f6n\u00fcll\u00fc sur\u0259td\u0259 t\u0259rk ed\u0259n zaman b\u00f6lg\u0259d\u0259 proses\u0259 \u015fahidlik etmi\u015f d\u00fcnyan\u0131n \u0259n b\u00f6y\u00fck v\u0259 n\u00fcfuzlu beyn\u0259lxalq t\u0259\u015fkilat\u0131 olan BMT-nin m\u00fc\u015fahid\u0259 missiyas\u0131 onlar\u0131n \u0259razisini \u00f6z ist\u0259kl\u0259ri il\u0259, he\u00e7 bir zorak\u0131l\u0131q hallar\u0131 olmadan k\u00f6\u00e7m\u0259l\u0259rini b\u0259yan etmi\u015fdi.<\/p>\n<p>S\u0259rgil\u0259n\u0259n iki\u00fczl\u00fc siyas\u0259tin fonunda k\u00f6lg\u0259d\u0259 qalan Avropa \u0259dal\u0259ti saxta diplomatiyas\u0131n\u0131n \u00fcz\u0259rind\u0259ki p\u0259rd\u0259ni gizl\u0259d\u0259 bilmir. Reall\u0131q ondan ibar\u0259tdir ki, b\u0259zi \u00f6lk\u0259l\u0259r, x\u00fcsusil\u0259 d\u0259 \u00f6zl\u0259rini d\u00fcnyan\u0131n apar\u0131c\u0131 d\u00f6vl\u0259tl\u0259ri kimi t\u0259qdim etm\u0259y\u0259 \u00e7al\u0131\u015fan b\u00f6y\u00fck g\u00fccl\u0259r bir ovuc erm\u0259nin \u0259sirin\u0259 \u00e7evrilib. B\u0259z\u0259n bunun s\u0259b\u0259bini Avropada v\u0259 AB\u015e-da erm\u0259ni lobbisinin g\u00fccl\u00fc olmas\u0131 v\u0259 erm\u0259ni fa\u015fizminin m\u00fc\u0259yy\u0259n siyasi, iqtisadi, maliyy\u0259 sferalar\u0131na n\u00fcfuz etm\u0259si il\u0259 \u0259laq\u0259l\u0259ndirilir. Dig\u0259r amil is\u0259 se\u00e7kil\u0259rd\u0259 namiz\u0259dl\u0259rin erm\u0259ni lobbisind\u0259n as\u0131l\u0131 olmas\u0131d\u0131r. M\u0259hz bu dig\u0259r s\u0259b\u0259bl\u0259rl\u0259 \u0259laq\u0259dar olaraq AB\u015e-\u0131n v\u0259 Avropan\u0131n b\u0259zi siyasi dair\u0259l\u0259ri erm\u0259ni lobbisinin \u00e7ald\u0131\u011f\u0131 hava il\u0259 oynay\u0131r, onlar\u0131n tezisl\u0259rind\u0259n genin\u0259-boluna istifad\u0259 edirl\u0259r. X\u00fcsusil\u0259 d\u0259 Az\u0259rbaycana qar\u015f\u0131 q\u0259r\u0259zli, \u015f\u0259r v\u0259 b\u00f6htanlarda s\u00f6z\u00fcged\u0259n \u00f6lk\u0259l\u0259r daha f\u0259al i\u015ftirak edirl\u0259r. Vaxta\u015f\u0131r\u0131 olaraq Fransa, Niderland, Almaniya, AB\u015e, bu g\u00fcnl\u0259rd\u0259 is\u0259 \u0130sve\u00e7r\u0259 v\u0259 dig\u0259r erm\u0259ni lobbisinin f\u0259al oldu\u011fu \u00f6lk\u0259l\u0259r Az\u0259rbaycan \u0259leyhin\u0259 q\u0259r\u0259zli q\u0259tnam\u0259l\u0259r q\u0259bul edir, separat\u00e7\u0131 \u00e7a\u011f\u0131r\u0131\u015flarla \u00e7\u0131x\u0131\u015flar edirl\u0259r.<\/p>\n<p>Qaraba\u011fdan Erm\u0259nistana g\u0259l\u0259n insanlar\u0131n m\u00fctl\u0259q \u0259ks\u0259riyy\u0259tinin m\u0259hz Erm\u0259nistan v\u0259t\u0259nda\u015f\u0131 olmas\u0131 faktoloji \u015f\u0259kild\u0259 \u00f6z s\u00fcbutunu tap\u0131b. H\u0259l\u0259 2023-c\u00fc ild\u0259 Erm\u0259nistan K\u0130V-l\u0259ri yaz\u0131rd\u0131lar ki, Qaraba\u011fdan k\u00f6\u00e7d\u00fcy\u00fc iddia edil\u0259n \u201c100 min erm\u0259ni\u201dnin yaln\u0131z 1143 n\u0259f\u0259ri yataqxana v\u0259 ictimai m\u0259nzill\u0259rd\u0259 ya\u015fay\u0131r &#8211; yerd\u0259 qalan\u0131 \u00f6z evin\u0259 qay\u0131d\u0131b. Bu is\u0259 h\u0259min \u201cqa\u00e7q\u0131n erm\u0259nil\u0259r\u201din b\u00f6y\u00fck \u0259ks\u0259riyy\u0259tinin Qaraba\u011f sakini olmad\u0131\u011f\u0131, i\u015f\u011fal ill\u0259rind\u0259 qanunsuz m\u0259skunla\u015fd\u0131r\u0131ld\u0131\u011f\u0131 v\u0259 yaxud Erm\u0259nistan v\u0259t\u0259nda\u015f\u0131 oldu\u011fu haqda faktlar\u0131 bir daha t\u0259sdiql\u0259yir. Erm\u0259nistan\u0131n \u0259m\u0259k v\u0259 \u0259halinin sosial m\u00fcdafi\u0259si nazirinin m\u00fcavini Terteryan da bildirmi\u015fdi ki, Qaraba\u011fdan ged\u0259n erm\u0259nil\u0259rin b\u00f6y\u00fck \u0259ks\u0259riyy\u0259tinin Erm\u0259nistanda evi, ya\u015fama\u011fa \u015f\u0259raiti var. H\u0259m\u00e7inin onlar\u0131n \u0259ks\u0259riyy\u0259ti Erm\u0259nistan pasportu da\u015f\u0131y\u0131r. \u018fsl say\u0131 iddia edil\u0259nl\u0259rd\u0259n on d\u0259f\u0259l\u0259rl\u0259 az olan Qaraba\u011f\u0131 k\u00f6n\u00fcll\u00fc \u015f\u0259kild\u0259 t\u0259rk ed\u0259n erm\u0259nil\u0259rin \u201ch\u00fcquqlar\u0131\u201d qorundu\u011fu halda, tarixi Az\u0259rbaycan torpaqlar\u0131ndan &#8211; haz\u0131rki Erm\u0259nistandan, \u00f6z ata yurdundan qovulan 300 mind\u0259n art\u0131q az\u0259rbaycanl\u0131n\u0131n h\u00fcquqlar\u0131 is\u0259 g\u00f6rm\u0259zd\u0259n g\u0259linir. Q\u0259rbi Az\u0259rbaycan \u0130cmas\u0131 (QA\u0130) Erix Fontobel ba\u015fda olmaqla, \u0130sve\u00e7r\u0259 Federal M\u0259clisinin bir qrup deputat\u0131n\u0131n bu \u00f6lk\u0259nin h\u00f6kum\u0259tin\u0259 2024-c\u00fc il sentyabr\u0131n 19-da g\u00f6nd\u0259rdikl\u0259ri m\u0259zmunca Az\u0259rbaycana qar\u015f\u0131 q\u0259r\u0259zli v\u0259 t\u0259xribat xarakterli iddialar\u0131 ehtiva ed\u0259n sor\u011fusunu q\u0131nayaraq b\u0259yanat verib.<\/p>\n<p>\u0130cman\u0131n yayd\u0131\u011f\u0131 b\u0259yanatda bildirilib ki, Az\u0259rbaycana qar\u015f\u0131 \u0259sass\u0131z ittihamlar s\u0259sl\u0259ndirilir v\u0259 \u00f6lk\u0259miz\u0259 qar\u015f\u0131 qeyri-obyektiv m\u00f6vqe n\u00fcmayi\u015f etdirilir: &#8220;X\u00fcsusil\u0259, erm\u0259nip\u0259r\u0259st m\u00f6vqed\u0259 dayanan, korrupsiyaya batm\u0131\u015f Luis Moreno Okamponun q\u0259r\u0259zli hesabatlar\u0131na istinad edilm\u0259si, sor\u011funun \u0259sl mahiyy\u0259tini \u00fcz\u0259 \u00e7\u0131xar\u0131r. \u0130sve\u00e7r\u0259li deputatlar he\u00e7 vaxt Erm\u0259nistan\u0131n az\u0259rbaycanl\u0131lara qar\u015f\u0131 t\u00f6r\u0259tdiyi cinay\u0259tl\u0259r\u0259, o c\u00fcml\u0259d\u0259n \u00f6z \u0259razisind\u0259n y\u00fcz minl\u0259rl\u0259 az\u0259rbaycanl\u0131n\u0131 qovmas\u0131na, Az\u0259rbaycan \u0259razil\u0259rini 30 il i\u015f\u011fal alt\u0131nda saxlayaraq \u0259lav\u0259 800 min\u0259 yax\u0131n az\u0259rbaycanl\u0131n\u0131 \u00f6z do\u011fma torpaqlar\u0131ndan did\u0259rgin salmas\u0131na v\u0259 onlar\u0131n geri qay\u0131tmaq h\u00fcququnu pozmas\u0131na dair narahatl\u0131qlar\u0131n\u0131 ifad\u0259 etm\u0259mi\u015fl\u0259r. Az\u0259rbaycanl\u0131lar\u0131n h\u00fcquqlar\u0131n\u0131n kobud \u015f\u0259kild\u0259 pozulmas\u0131na v\u0259 Erm\u0259nistanda, el\u0259c\u0259 d\u0259 vaxtil\u0259 i\u015f\u011fal olunmu\u015f \u0259razil\u0259rd\u0259 Az\u0259rbaycan m\u0259d\u0259ni irsinin m\u0259qs\u0259dy\u00f6nl\u00fc \u015f\u0259kild\u0259 da\u011f\u0131d\u0131lmas\u0131na qar\u015f\u0131 susqunluq n\u00fcmayi\u015f etdirm\u0259k, \u0130sve\u00e7r\u0259 parlamentaril\u0259rinin q\u0259r\u0259zli m\u00f6vqeyini a\u00e7\u0131q-ayd\u0131n g\u00f6st\u0259rir.<\/p>\n<p>\u0130sve\u00e7r\u0259li deputatlar\u0131n t\u0259hrif edilmi\u015f m\u0259lumatlara \u0259saslanan bu t\u0259\u015f\u0259bb\u00fcs\u00fc regionda s\u00fclh v\u0259 sabitliy\u0259 z\u0259rb\u0259 vurur, etnik qar\u015f\u0131durmalar\u0131n q\u0131z\u0131\u015fd\u0131r\u0131lmas\u0131na xidm\u0259t edir. Biz Az\u0259rbaycan Respublikas\u0131n\u0131n \u0259razi b\u00fct\u00f6vl\u00fcy\u00fc v\u0259 suverenliyin\u0259, el\u0259c\u0259 d\u0259 s\u00fclh\u0259 qar\u015f\u0131 y\u00f6n\u0259lmi\u015f, irqi ayr\u0131-se\u00e7kiliy\u0259 yol ver\u0259n bu c\u00fcr t\u0259\u015f\u0259bb\u00fcsl\u0259ri q\u0259tiyy\u0259tl\u0259 pisl\u0259yirik. Biz, Q\u0259rbi Az\u0259rbaycan \u0130cmas\u0131 olaraq, \u0130sve\u00e7r\u0259 Federal M\u0259clisinin \u00fczvl\u0259rini q\u0259r\u0259zli v\u0259 \u0259dal\u0259tsiz t\u0259\u015f\u0259bb\u00fcsl\u0259rd\u0259n imtina etm\u0259y\u0259, Erm\u0259nistandan qovulmu\u015f az\u0259rbaycanl\u0131lar\u0131n do\u011fma yurdlar\u0131na geri qay\u0131tmaq h\u00fcququnu tan\u0131ma\u011fa v\u0259 bu m\u0259s\u0259l\u0259d\u0259 beyn\u0259lxalq h\u00fcququn t\u0259l\u0259bl\u0259rin\u0259 uy\u011fun h\u0259r\u0259k\u0259t etm\u0259y\u0259 \u00e7a\u011f\u0131r\u0131r\u0131q&#8221;.<\/p>\n<p>Amma n\u0259d\u0259ns\u0259 h\u0259l\u0259 d\u0259 \u0130sve\u00e7r\u0259 d\u0259rk etmir ki, dialoqa \u00e7a\u011f\u0131r\u0131lmal\u0131 olan \u00f6z \u0259razisind\u0259n az\u0259rbaycanl\u0131lar\u0131 zorla \u00e7\u0131xarm\u0131\u015f Erm\u0259nistand\u0131r. Bu m\u0259nada \u0259minlikl\u0259 dem\u0259k olar ki, \u0130sve\u00e7r\u0259 diplomatlar\u0131 Az\u0259rbaycanla Erm\u0259nistan\u0131 s\u0259hv sal\u0131blar. Niy\u0259 \u0130sve\u00e7r\u0259 v\u0259 ya ba\u015fqa bir d\u00f6vl\u0259t 35 ild\u0259n art\u0131qd\u0131r ki, haqs\u0131zl\u0131\u011fa u\u011frad\u0131l\u0131m\u0131\u015f bu insanlar\u0131n haqq\u0131n\u0131 v\u0259 h\u00fcquqlar\u0131n\u0131 m\u00fcdafi\u0259 etm\u0259yi yada salm\u0131r? Onlar iddia edirl\u0259r ki, Qaraba\u011fdan getmi\u015f erm\u0259nil\u0259rin Qaraba\u011fda ya\u015fama\u011fa haqq\u0131 var &#8211; b\u0259s, Q\u0259rbi Az\u0259rbaycandan qovulan soyda\u015flar\u0131m\u0131z\u0131n da \u00f6z torpaqlar\u0131na qay\u0131tmas\u0131, orada ya\u015famas\u0131 h\u00fcquqlar\u0131 yoxdurmu? G\u00f6r\u0259s\u0259n bu h\u00fcquq niy\u0259 tan\u0131nm\u0131r?<\/p>\n<p><strong>\u015e\u0259msiyy\u0259 \u018fliq\u0131z\u0131, \u201c\u0130ki sahil\u201d<\/strong><\/p>\n","protected":false},"excerpt":{"rendered":"<p>Bu \u00f6lk\u0259 Qaraba\u011fdan k\u00f6\u00e7m\u00fc\u015f erm\u0259nil\u0259rin bu torpaqda ya\u015famaq haqq\u0131n\u0131 m\u00fcdafi\u0259 edir, amma Q\u0259rbi Az\u0259rbaycandan silah g\u00fcc\u00fcn\u0259 qovulan soyda\u015flar\u0131m\u0131z\u0131n \u00f6z dogma yurdlar\u0131nda ya\u015famas\u0131 h\u00fcquqlar\u0131n\u0131 dil\u0259 g\u0259tirmir 2020-ci ild\u0259 44 g\u00fcnl\u00fck V\u0259t\u0259n m\u00fcharib\u0259sind\u0259 Az\u0259rbaycan\u0131n \u00f6z torpaqlar\u0131n\u0131 i\u015f\u011faldan azad etm\u0259si Q\u0259rbin b\u0259zi \u00f6lk\u0259l\u0259rini ciddi \u015f\u0259kild\u0259 narahat edib. Erm\u0259ni lobbisinin \u0259lind\u0259 al\u0259t olan b\u0259zi Q\u0259rb d\u00f6vl\u0259tl\u0259ri \u00f6lk\u0259mizi qaralamaq \u00fc\u00e7\u00fcn he\u00e7 bir f\u00fcrs\u0259ti \u0259ld\u0259n vermir, h\u0259yas\u0131zcas\u0131na Az\u0259rbaycan\u0131 Qaraba\u011f\u0131n erm\u0259ni \u0259halisinin \u201cetnik t\u0259mizl\u0259m\u0259sind\u0259\u201d v\u0259 onlar\u0131n buradan zor g\u00fcc\u00fcn\u0259 qovulmas\u0131nda ittiham edirl\u0259r. Halbuki erm\u0259nil\u0259r Qaraba\u011f\u0131 k\u00f6n\u00fcll\u00fc sur\u0259td\u0259 t\u0259rk ed\u0259n zaman b\u00f6lg\u0259d\u0259 proses\u0259 \u015fahidlik etmi\u015f d\u00fcnyan\u0131n \u0259n b\u00f6y\u00fck&hellip;<\/p>\n","protected":false},"author":2,"featured_media":763303,"comment_status":"closed","ping_status":"closed","sticky":false,"template":"","format":"standard","meta":{"om_disable_all_campaigns":false,"_monsterinsights_skip_tracking":false,"_monsterinsights_sitenote_active":false,"_monsterinsights_sitenote_note":"","_monsterinsights_sitenote_category":0},"categories":[19],"tags":[],"aioseo_notices":[],"gutentor_comment":0,"rttpg_featured_image_url":{"full":["https:\/\/arantv.az\/wp-content\/uploads\/2024\/10\/f2b5e92f172951701894498197910183467.jpg",975,540,false],"landscape":["https:\/\/arantv.az\/wp-content\/uploads\/2024\/10\/f2b5e92f172951701894498197910183467.jpg",975,540,false],"portraits":["https:\/\/arantv.az\/wp-content\/uploads\/2024\/10\/f2b5e92f172951701894498197910183467.jpg",975,540,false],"thumbnail":["https:\/\/arantv.az\/wp-content\/uploads\/2024\/10\/f2b5e92f172951701894498197910183467-500x280.jpg",500,280,true],"medium":["https:\/\/arantv.az\/wp-content\/uploads\/2024\/10\/f2b5e92f172951701894498197910183467-660x365.jpg",660,365,true],"large":["https:\/\/arantv.az\/wp-content\/uploads\/2024\/10\/f2b5e92f172951701894498197910183467-840x465.jpg",640,354,true],"1536x1536":["https:\/\/arantv.az\/wp-content\/uploads\/2024\/10\/f2b5e92f172951701894498197910183467.jpg",975,540,false],"2048x2048":["https:\/\/arantv.az\/wp-content\/uploads\/2024\/10\/f2b5e92f172951701894498197910183467.jpg",975,540,false],"post-thumbnail":["https:\/\/arantv.az\/wp-content\/uploads\/2024\/10\/f2b5e92f172951701894498197910183467-240x172.jpg",240,172,true],"advps-thumb-one":["https:\/\/arantv.az\/wp-content\/uploads\/2024\/10\/f2b5e92f172951701894498197910183467.jpg",975,540,false]},"rttpg_author":{"display_name":"V\u00fcsal Rafiqo\u011flu","author_link":"https:\/\/arantv.az\/?author=2"},"rttpg_comment":0,"rttpg_category":"<a href=\"https:\/\/arantv.az\/?cat=19\" rel=\"category\">G\u00fcnd\u0259m<\/a>","rttpg_excerpt":"Bu \u00f6lk\u0259 Qaraba\u011fdan k\u00f6\u00e7m\u00fc\u015f erm\u0259nil\u0259rin bu torpaqda ya\u015famaq haqq\u0131n\u0131 m\u00fcdafi\u0259 edir, amma Q\u0259rbi Az\u0259rbaycandan silah g\u00fcc\u00fcn\u0259 qovulan soyda\u015flar\u0131m\u0131z\u0131n \u00f6z dogma yurdlar\u0131nda ya\u015famas\u0131 h\u00fcquqlar\u0131n\u0131 dil\u0259 g\u0259tirmir 2020-ci ild\u0259 44 g\u00fcnl\u00fck V\u0259t\u0259n m\u00fcharib\u0259sind\u0259 Az\u0259rbaycan\u0131n \u00f6z torpaqlar\u0131n\u0131 i\u015f\u011faldan azad etm\u0259si Q\u0259rbin b\u0259zi \u00f6lk\u0259l\u0259rini ciddi \u015f\u0259kild\u0259 narahat edib. Erm\u0259ni lobbisinin \u0259lind\u0259 al\u0259t olan b\u0259zi Q\u0259rb d\u00f6vl\u0259tl\u0259ri \u00f6lk\u0259mizi qaralamaq \u00fc\u00e7\u00fcn&hellip;","_links":{"self":[{"href":"https:\/\/arantv.az\/index.php?rest_route=\/wp\/v2\/posts\/763302"}],"collection":[{"href":"https:\/\/arantv.az\/index.php?rest_route=\/wp\/v2\/posts"}],"about":[{"href":"https:\/\/arantv.az\/index.php?rest_route=\/wp\/v2\/types\/post"}],"author":[{"embeddable":true,"href":"https:\/\/arantv.az\/index.php?rest_route=\/wp\/v2\/users\/2"}],"replies":[{"embeddable":true,"href":"https:\/\/arantv.az\/index.php?rest_route=%2Fwp%2Fv2%2Fcomments&post=763302"}],"version-history":[{"count":1,"href":"https:\/\/arantv.az\/index.php?rest_route=\/wp\/v2\/posts\/763302\/revisions"}],"predecessor-version":[{"id":763304,"href":"https:\/\/arantv.az\/index.php?rest_route=\/wp\/v2\/posts\/763302\/revisions\/763304"}],"wp:featuredmedia":[{"embeddable":true,"href":"https:\/\/arantv.az\/index.php?rest_route=\/wp\/v2\/media\/763303"}],"wp:attachment":[{"href":"https:\/\/arantv.az\/index.php?rest_route=%2Fwp%2Fv2%2Fmedia&parent=763302"}],"wp:term":[{"taxonomy":"category","embeddable":true,"href":"https:\/\/arantv.az\/index.php?rest_route=%2Fwp%2Fv2%2Fcategories&post=763302"},{"taxonomy":"post_tag","embeddable":true,"href":"https:\/\/arantv.az\/index.php?rest_route=%2Fwp%2Fv2%2Ftags&post=763302"}],"curies":[{"name":"wp","href":"https:\/\/api.w.org\/{rel}","templated":true}]}}