{"id":763305,"date":"2024-10-22T07:17:27","date_gmt":"2024-10-22T03:17:27","guid":{"rendered":"https:\/\/arantv.az\/?p=763305"},"modified":"2024-10-22T07:17:27","modified_gmt":"2024-10-22T03:17:27","slug":"z%c9%99ng%c9%99zur-d%c9%99hlizi-sulh-sazisinin-qordi-duyunu","status":"publish","type":"post","link":"https:\/\/arantv.az\/?p=763305","title":{"rendered":"Z\u0259ng\u0259zur d\u0259hlizi: S\u00fclh sazi\u015finin \u00abQordi d\u00fcy\u00fcn\u00fc\u00bb"},"content":{"rendered":"<p><em><strong>Bu d\u00fcy\u00fcn Prezident \u0130lham \u018fliyevin siyasi q\u0259tiyy\u0259tinin, d\u00fcnyada d\u0259st\u0259kl\u0259n\u0259n diplomatiyas\u0131n\u0131n, T\u00fcrkiy\u0259-Az\u0259rbaycan birliyinin g\u00fcc\u00fc il\u0259 a\u00e7\u0131lacaq<\/strong><\/em><\/p>\n<p>Bu g\u00fcnl\u0259rd\u0259 \u0130stanbulda T\u00fcrkiy\u0259nin xarici i\u015fl\u0259r naziri Hakan Fidan\u0131n ev sahibliyi il\u0259 Az\u0259rbaycan, Rusiya, Erm\u0259nistan v\u0259 \u0130ran\u0131n X\u0130N r\u0259hb\u0259rl\u0259ri Ceyhun Bayramov, Sergey Lavrov, Ararat Mirzoyan v\u0259 Abbas Arak\u00e7in\u0131n i\u015ftirak\u0131 il\u0259 3+3 formatda ke\u00e7iril\u0259n iclas b\u00f6lg\u0259d\u0259 sabitliyin t\u0259minat\u0131 \u00fc\u00e7\u00fcn m\u00fch\u00fcm \u0259h\u0259miyy\u0259tli olsa da, diqq\u0259t yetiril\u0259n \u0259sas m\u0259s\u0259l\u0259 yen\u0259 d\u0259 beyn\u0259lxalq \u0259h\u0259miyy\u0259tli n\u0259qliyyat v\u0259 kommunikasiyalar\u0131n realla\u015fmas\u0131na y\u00f6n\u0259ldilmi\u015f, bu sah\u0259d\u0259 h\u0259lli vacib m\u0259s\u0259l\u0259l\u0259r \u0259traf\u0131nda m\u00fczakir\u0259l\u0259r apar\u0131lm\u0131\u015fd\u0131r. Region d\u00f6vl\u0259tl\u0259ri aras\u0131nda \u0259m\u0259kda\u015fl\u0131\u011f\u0131n d\u00fcnya siyas\u0259tin\u0259 t\u0259siri il\u0259 ba\u011fl\u0131 t\u0259klifl\u0259r diqq\u0259t\u0259 \u00e7atd\u0131r\u0131lm\u0131\u015fd\u0131r. \u0130kinci Qaraba\u011f m\u00fcharib\u0259sind\u0259n sonra b\u00f6lg\u0259d\u0259 sabitliyin t\u0259minat\u0131 \u00fc\u00e7\u00fcn T\u00fcrkiy\u0259 v\u0259 Az\u0259rbaycan prezidentl\u0259rinin t\u0259\u015f\u0259bb\u00fcs\u00fc il\u0259 yarad\u0131lan C\u0259nubi Qafqaz \u00fczr\u0259 Regional \u018fm\u0259kda\u015fl\u0131q Platformas\u0131 \u00e7\u0259r\u00e7iv\u0259sind\u0259 g\u00f6r\u00fcl\u0259n i\u015fl\u0259r n\u0259z\u0259rd\u0259n ke\u00e7irilmi\u015fdir.<\/p>\n<p>B\u0259llidir ki, V\u0259t\u0259n m\u00fcharib\u0259sind\u0259n sonra b\u00f6lg\u0259d\u0259 \u0259min-amanl\u0131\u011f\u0131n, region \u00f6lk\u0259l\u0259ri aras\u0131nda siyasi, iqtisadi \u0259m\u0259kda\u015fl\u0131\u011f\u0131n t\u0259minat\u0131n\u0131 \u015f\u0259rtl\u0259ndir\u0259c\u0259k Az\u0259rbaycanla Erm\u0259nistan aras\u0131nda s\u00fclh sazi\u015finin imzalanmas\u0131 \u00fc\u00e7\u00fcn b\u00fct\u00fcn imkanlar\u0131dan istifad\u0259 ed\u0259n r\u0259smi Bak\u0131n\u0131n s\u0259yl\u0259rin\u0259 baxmayaraq h\u0259l\u0259 d\u0259 Q\u0259rbl\u0259, AB\u015e-la m\u0259sl\u0259h\u0259tl\u0259\u015f\u0259n, qeyri-ciddi davran\u0131\u015flar\u0131, revan\u015fist say\u0131qlamalar\u0131 il\u0259 v\u0259ziyy\u0259ti g\u0259rgitl\u0259\u015fdir\u0259n r\u0259smi \u0130r\u0259van dan\u0131\u015f\u0131qlar prosesin\u0259 \u0259ng\u0259l t\u00f6r\u0259dir. C\u0259nubi Qafqazda s\u00fclh\u00fcn v\u0259 sabitliyin t\u0259minat\u0131 \u00fc\u00e7\u00fcn g\u00f6st\u0259rdiyi s\u0259yl\u0259ri t\u0259mkinl\u0259, beyn\u0259lxalq h\u00fcquq normalar\u0131 \u0259sas\u0131nda davam etdir\u0259n Az\u0259rbaycandan f\u0259rqli olaraq imzalad\u0131\u011f\u0131 s\u0259n\u0259dl\u0259r\u0259, \u00fcz\u0259rin\u0259 d\u00fc\u015f\u0259n \u00f6hd\u0259likl\u0259r\u0259 \u0259m\u0259l etm\u0259kd\u0259n boyun qa\u00e7\u0131ran Erm\u0259nistan\u0131n ba\u015f naziri Nikol Pa\u015finyan\u0131n s\u00fclh sazi\u015fi il\u0259 ba\u011fl\u0131 m\u00f6vqeyini tez-tez d\u0259yi\u015fm\u0259sinin, \u0259sass\u0131z b\u0259han\u0259l\u0259r\u0259 istinad etm\u0259sinin ba\u015fl\u0131ca s\u0259b\u0259bi kommunikasiyalarla ba\u011fl\u0131d\u0131r. Konkret deyils\u0259, b\u00f6lg\u0259d\u0259 s\u00f6z sahibi olmaq, maraqlar\u0131n\u0131 ger\u00e7\u0259kl\u0259\u015fdirm\u0259k ist\u0259yi \u0259traf\u0131nda getdikc\u0259 g\u0259rginl\u0259\u015f\u0259n r\u0259qab\u0259tin k\u00f6k\u00fcnd\u0259 duran \u0259sas m\u0259s\u0259l\u0259 \u00abQordi d\u00fcy\u00fcn\u00fc\u00bb kimi h\u0259lli m\u00fc\u015fk\u00fcl\u0259 \u00e7evril\u0259n Z\u0259ng\u0259zur d\u0259hlizinin b\u0259rpas\u0131d\u0131r. \u018fslind\u0259 Z\u0259ng\u0259zurla ba\u011fl\u0131 tarixi h\u0259qiq\u0259tl\u0259r \u00f6zl\u00fcy\u00fcnd\u0259 b\u00fct\u00fcn qaranl\u0131qlara i\u015f\u0131q sal\u0131r. Bu \u0259razil\u0259rin tarix\u0259n Az\u0259rbaycana m\u0259xsus olmas\u0131n\u0131 Erm\u0259nistan da, r\u0259smi \u0130r\u0259van\u0131 x\u0259yallar al\u0259min\u0259 s\u0259yah\u0259t\u0259 aparan A\u011f Ev r\u0259smil\u0259ri kimi Q\u0259rbin araqar\u0131\u015fd\u0131ran ba\u015fab\u0259la siyas\u0259t\u00e7il\u0259ri d\u0259 ayd\u0131n ba\u015fa d\u00fc\u015f\u00fcrl\u0259r.<br \/>\nXIX-XX y\u00fczillikl\u0259r bir \u00e7ox d\u00f6vl\u0259tl\u0259rin, o c\u00fcml\u0259d\u0259n Az\u0259rbaycan\u0131n tarixind\u0259 m\u00fch\u00fcm siyasi, t\u0259lat\u00fcml\u00fc hadis\u0259l\u0259rl\u0259 yadda qalm\u0131\u015fd\u0131r. H\u0259min d\u00f6vrl\u0259rd\u0259 Rusiya imperiyas\u0131 C\u0259nubi Qafqaza g\u0259lm\u0259 olan n\u00f6k\u0259rl\u0259rin\u0259 -erm\u0259nil\u0259r\u0259 havadarl\u0131q ed\u0259r\u0259k qon\u015fu d\u00f6vl\u0259tl\u0259rin \u0259razil\u0259ri hesab\u0131na qondarma \u00aberm\u0259ni vilay\u0259ti\u00bb yaratd\u0131lar. Sovet hakimiyy\u0259ti ill\u0259rind\u0259 b\u00f6lg\u0259d\u0259 erm\u0259nil\u0259rin m\u00f6hk\u0259ml\u0259nm\u0259si \u00fc\u00e7\u00fcn Z\u0259ng\u0259zur v\u0259 Nax\u00e7\u0131van q\u0259zalar\u0131 Erm\u0259nistan\u0131n t\u0259rkibin\u0259 verildi. Bununla kifay\u0259tl\u0259nm\u0259y\u0259n erm\u0259nil\u0259r h\u0259tta Da\u011fl\u0131q Qaraba\u011fa da iddial\u0131 olduqlar\u0131n\u0131 bildirdil\u0259r. O hadis\u0259l\u0259ri t\u0259cr\u00fcb\u0259li d\u00f6vl\u0259t xadimi, tarixi \u015f\u0259xsiyy\u0259t kimi t\u0259hlil ed\u0259n Ulu \u00d6nd\u0259r Heyd\u0259r \u018fliyevin \u00abM\u0259hz buna g\u00f6r\u0259 d\u0259 Nax\u00e7\u0131van\u0131n Az\u0259rbaycan\u0131n t\u0259rkibind\u0259 olmas\u0131 \u00fc\u00e7\u00fcn 1921-ci ild\u0259 referendum ke\u00e7irildi v\u0259 Nax\u00e7\u0131van \u0259halisinin 90 faizi Nax\u00e7\u0131van\u0131n Az\u0259rbaycan\u0131n t\u0259rkibind\u0259 olmas\u0131na s\u0259s verdi\u00bb s\u00f6zl\u0259rinin d\u0259y\u0259ri bu g\u00fcnl\u0259rd\u0259 daha \u00e7ox hiss olunur.<br \/>\nTarix\u0259n Nax\u00e7\u0131vana g\u00f6z dik\u0259nl\u0259rin \u00e7ox oldu\u011funu n\u0259z\u0259r\u0259 almaqla dem\u0259k olar ki, bu c\u00fcr m\u00fcqavil\u0259l\u0259r h\u0259yati \u0259h\u0259miyy\u0259tli s\u0259n\u0259d idi. O d\u00f6vrd\u0259 Nax\u00e7\u0131van\u0131 \u00f6z \u0259razil\u0259ri hesab ed\u0259n erm\u0259nil\u0259r bu torpaqlara sahib olmaq niyy\u0259tl\u0259rini a\u00e7\u0131q-a\u015fkar s\u00f6yl\u0259yirdil\u0259r v\u0259 m\u0259qs\u0259dl\u0259rin\u0259 \u00e7atmaq \u00fc\u00e7\u00fcn havadarlar\u0131ndan d\u0259st\u0259k al\u0131rd\u0131lar. Sovet hakimiyy\u0259ti yeni qurulan zaman Z\u0259ng\u0259zur mahal\u0131n\u0131n v\u0259 Araz sahilind\u0259ki Mehrinin Erm\u0259nistana verilm\u0259si Az\u0259rbaycana qar\u015f\u0131 \u0259dal\u0259tsizliyin daha bir n\u00fcmun\u0259si idi. Bu c\u00fcr \u00abpay almalardan\u00bb \u015firnikl\u0259n\u0259n erm\u0259nil\u0259rin bu g\u00fcn Z\u0259ng\u0259zur d\u0259hlizi il\u0259 ba\u011fl\u0131 \u0259sass\u0131z iddialar\u0131n\u0131n aktualla\u015fmas\u0131 da\u015fnak ideologiyas\u0131n\u0131n z\u0259r\u0259rli t\u0259zah\u00fcr\u00fc kimi Az\u0259rbaycanla Erm\u0259nistan aras\u0131nda s\u00fclh sazi\u015finin imzalanmas\u0131na ciddi t\u0259hl\u00fck\u0259dir. Ulu \u00d6nd\u0259r Heyd\u0259r \u018fliyev Nax\u00e7\u0131van Muxtar Respublikas\u0131 Ali M\u0259clisinin S\u0259dri olark\u0259n Qars m\u00fcqavil\u0259sini t\u0259z\u0259l\u0259m\u0259kl\u0259 bu c\u00fcr x\u0259yan\u0259tkar \u0259m\u0259ll\u0259rin qar\u015f\u0131s\u0131n\u0131 ald\u0131. Daha ayd\u0131n deyils\u0259 Nax\u00e7\u0131van\u0131 Erm\u0259nistan\u0131n i\u015f\u011fal\u0131ndan qorudu.<\/p>\n<p>\u00ab\u2026Xatirimd\u0259dir, 1992-ci ilin mart ay\u0131nda m\u0259n Nax\u00e7\u0131vanda Ali M\u0259clisin S\u0259dri olark\u0259n T\u00fcrkiy\u0259y\u0259 s\u0259f\u0259r etdiyim zaman orada m\u0259rhum prezident Turqut \u00d6zalla, o vaxtk\u0131 Ba\u015f nazir S\u00fcleyman D\u0259mir\u0259ll\u0259 dan\u0131\u015f\u0131qlar\u0131m\u0131zda h\u0259min Qars v\u0259 Moskva m\u00fcqavil\u0259l\u0259rini biz \u00e7ox geni\u015f s\u0259sl\u0259ndirdik. Uzun bir fasil\u0259d\u0259n sonra T\u00fcrkiy\u0259 C\u00fcmhuriyy\u0259tinin ba\u015f\u00e7\u0131lar\u0131, x\u00fcsus\u0259n Ba\u015f nazir S\u00fcleyman D\u0259mir\u0259l b\u00fct\u00fcn m\u0259tbuat qar\u015f\u0131s\u0131nda b\u0259yan etdi ki, Moskva v\u0259 Qars m\u00fcqavil\u0259l\u0259rin\u0259 g\u00f6r\u0259, Nax\u00e7\u0131van Muxtar Respublikas\u0131n\u0131n statusunda \u0259g\u0259r bir d\u0259yi\u015fiklik edil\u0259rs\u0259, T\u00fcrkiy\u0259 burada s\u0259s sahibidir. Bu, h\u0259qiq\u0259t\u0259n d\u0259 bel\u0259dir. \u00c7\u00fcnki h\u0259m Qars m\u00fcqavil\u0259sini, h\u0259m d\u0259 Moskva m\u00fcqavil\u0259sini imzalayan bir t\u0259r\u0259f d\u0259 T\u00fcrkiy\u0259dir. T\u00fcrkiy\u0259 o vaxt oldu\u011fu kimi, indi d\u0259 d\u00fcnyan\u0131n b\u00f6y\u00fck, m\u00fcst\u0259qil d\u00f6vl\u0259tidir. Bu bax\u0131mdan T\u00fcrkiy\u0259 o vaxtdan Nax\u00e7\u0131van Muxtar Respublikas\u0131n\u0131n qarant\u0131 kimi olubdur. Bunlar bizim tariximizin s\u0259hif\u0259l\u0259ridir\u00bb s\u00f6yl\u0259y\u0259n, uzaqg\u00f6r\u0259n siyas\u0259t\u00e7i, torpa\u011f\u0131na ba\u011fl\u0131 oldu\u011funu d\u00f6vl\u0259t\u00e7ilik t\u0259cr\u00fcb\u0259sin\u0259 \u0259saslanaraq bildir\u0259n, tarixi \u015f\u0259xsiyy\u0259t oldu\u011funu t\u0259sdiql\u0259y\u0259n Ulu \u00d6nd\u0259r Heyd\u0259r \u018fliyevin q\u0259tiyy\u0259tinin n\u0259tic\u0259sidir ki, bu g\u00fcn Z\u0259ng\u0259zur d\u0259hlizinin ger\u00e7\u0259kl\u0259\u015fm\u0259si istiqam\u0259tind\u0259 real add\u0131mlar at\u0131l\u0131r. Amma erm\u0259ni x\u0259yan\u0259tkarl\u0131\u011f\u0131 h\u0259l\u0259 d\u0259 \u00f6z\u00fcn\u00fc b\u00fcruz\u0259 verir.<\/p>\n<p>Yax\u0131n ke\u00e7mi\u015f\u0259 n\u0259z\u0259r salaq. Ulu \u00d6nd\u0259r Heyd\u0259r \u018fliyevin Az\u0259rbaycan\u0131n m\u00fcst\u0259qilliyi namin\u0259 g\u00f6st\u0259rdiyi q\u0259tiyy\u0259tin da\u015fnak siyas\u0259tinin qar\u015f\u0131s\u0131nda ke\u00e7ilm\u0259z s\u0259dd oldu\u011funu a\u00e7\u0131q-a\u015fkar bildir\u0259n erm\u0259ni mill\u0259t\u00e7isi, \u00abQaraba\u011f\u00bb t\u0259\u015fkilat\u0131n\u0131n lideri \u0130qor Muradyan m\u0259ktublar\u0131nda ASALA terror\u00e7ular\u0131n\u0131n T\u00fcrkiy\u0259nin, Az\u0259rbaycan\u0131n tan\u0131nm\u0131\u015f siyasi xadiml\u0259rini q\u0259tl\u0259 yetirdikl\u0259rini f\u0259xrl\u0259 a\u00e7\u0131qlay\u0131r: \u00abBab\u0259k S\u0259hl Sumbat\u0131n q\u0259sdinin qurban\u0131 olub. Aram Yergenyan F\u0259t\u0259li Xan Xoyskini q\u0259tl\u0259 yetirib. N.N\u0259rimanovun, 1937-ci il qurbanlar\u0131n\u0131n \u00e7oxunun mikoyanlar\u0131n, sarkisyanlar\u0131n, mirzoyanlar\u0131n hiyl\u0259l\u0259ri il\u0259 son qoyulub. N\u00f6vb\u0259ti h\u0259d\u0259f Heyd\u0259r \u018fliyevdir.\u00bb Da\u015fnaklar\u0131n ideoloqlar\u0131ndan olan Zori Balayan Erm\u0259nistanda n\u0259hr olunan jurnalda d\u0259rc etdirdiyi m\u0259qal\u0259sind\u0259 da\u015fnaklara xitab\u0259n yaz\u0131rd\u0131: \u00abHeyd\u0259r \u018fliyev getdi, b\u0259s indi n\u0259yi g\u00f6zl\u0259yirsiniz?\u00bb Ulu \u00d6nd\u0259rin siyasi irad\u0259si, mill\u0259tin\u0259 sadiqliyi qar\u015f\u0131s\u0131nda acizliyini h\u0259r m\u0259qamda bildir\u0259n Zori Balayan erm\u0259ni d\u0259st\u0259k\u00e7isi, SSR\u0130-nin ilk v\u0259 sonuncu prezidenti Mixail Qorba\u00e7ova yazd\u0131\u011f\u0131 a\u00e7q m\u0259ktubda v\u0259 Erm\u0259nistanda \u00e7\u0131xan \u00abKommunist\u00bb q\u0259zetind\u0259 d\u0259rc olunmu\u015f \u00abArtsa\u011f\u0131n arzular\u0131 v\u0259 \u00fcmidl\u0259ri\u00bb m\u0259qal\u0259sind\u0259 t\u00fcrk\u00e7\u00fcl\u00fcy\u0259 nifr\u0259tini bu s\u00f6zl\u0259ri il\u0259 bildirmi\u015fdi: \u00abM\u0259nim \u0259zizl\u0259rim! Unutmay\u0131n ki, h\u0259l\u0259 1987-ci ild\u0259 \u00abVozni\u00bb adl\u0131 jurnal\u0131n redaktoru, \u015fair, qat\u0131 antit\u00fcrk Aramais Saakyan oxucularla g\u00f6r\u00fc\u015f\u00fcnd\u0259 Qaraba\u011fla ba\u011fl\u0131 suala bel\u0259 cavab vermi\u015fdi: \u00abQaraba\u011f m\u0259s\u0259l\u0259sin\u0259 ba\u015flamazdan \u0259vv\u0259l yuxar\u0131dak\u0131 t\u00fcrk pa\u015fas\u0131n\u0131n (y\u0259ni Heyd\u0259r \u018fliyevin-red.) m\u0259s\u0259l\u0259sini h\u0259ll etm\u0259k laz\u0131md\u0131r.\u00bb<\/p>\n<p>Haz\u0131rda Erm\u0259nistan\u0131n Z\u0259ng\u0259zur d\u0259hlizind\u0259n siyasi alver kimi istifad\u0259 etm\u0259si da\u015fnak ideologiyas\u0131n\u0131n, x\u0259yan\u0259tinin ba\u015fqa motivl\u0259rl\u0259 t\u0259krarlanmas\u0131d\u0131r. Tarix\u0259n Az\u0259rbaycan \u0259razisi olan Z\u0259ng\u0259zuru z\u0259bt etm\u0259kl\u0259 h\u0259tta Nax\u00e7\u0131van\u0131n g\u00fcya erm\u0259nil\u0259r\u0259 m\u0259xsuslu\u011funu s\u00fcbuta yetirm\u0259k \u00fc\u00e7\u00fcn daim havadarlar\u0131ndan d\u0259st\u0259k g\u00f6zl\u0259y\u0259n erm\u0259nil\u0259r statusu Moskva v\u0259 Qars beyn\u0259lxalq m\u00fcqavil\u0259l\u0259ri il\u0259 m\u00fc\u0259yy\u0259nl\u0259\u015fdiril\u0259n muxtar respublikan\u0131 \u00f6z\u00fcn\u00fcnk\u00fcl\u0259\u015fdir\u0259 bilm\u0259mi\u015fl\u0259r. Erm\u0259nil\u0259rin \u0130randan Nax\u00e7\u0131vana k\u00f6\u00e7\u00fcr\u00fclm\u0259sinin \u015fahidi olan rus yaz\u0131\u00e7\u0131s\u0131 v\u0259 diplomat\u0131 Aleksandr Qriboyedov bel\u0259 bu q\u0259dim odlar diyar\u0131n\u0131 \u00abm\u00fcs\u0259lman \u00f6lk\u0259si\u00bb adland\u0131rm\u0131\u015fd\u0131r. AB\u015e-da \u00abNax\u00e7\u0131van\u0131 Erm\u0259nistana birl\u0259\u015fdirm\u0259k\u00bb h\u0259r\u0259kat\u0131 yaradan erm\u0259nil\u0259r bu ist\u0259kl\u0259rini beyn\u0259lxalq s\u0259viyy\u0259d\u0259 ictimail\u0259\u015fdirm\u0259y\u0259 d\u0259 \u00e7al\u0131\u015fm\u0131\u015flar. Erm\u0259nil\u0259rin \u00abQaraba\u011f\u0131 ba\u015flayan adam\u00bb adland\u0131rd\u0131qlar\u0131, \u00abNax\u00e7\u0131van v\u0259 Qaraba\u011f-bir medal\u0131n iki \u00fcz\u00fc\u00bb adl\u0131 yaz\u0131n\u0131n m\u00fc\u0259llifi, Qars m\u00fcqavil\u0259sin\u0259 qar\u015f\u0131 \u00e7\u0131xan Zori Balayan\u0131n \u00abQaraba\u011f h\u0259r\u0259kat\u0131 bizi q\u0259tr\u0259-q\u0259tr\u0259 k\u00f6l\u0259 olmaqdan xilas etdi. Tarixi m\u0259\u011frurlu\u011fumuzu, tarixi qeyr\u0259timizi \u00f6z\u00fcm\u00fcz\u0259 qaytard\u0131. Ba\u015fl\u0131cas\u0131 is\u0259 bizi Nax\u00e7\u0131van haqq\u0131nda d\u00fc\u015f\u00fcnm\u0259y\u0259 m\u0259cbur etdi. O Nax\u00e7\u0131van ki, onsuz Erm\u0259nistan\u0131n g\u0259l\u0259c\u0259yi yoxdur\u00bb s\u00f6zl\u0259ri erm\u0259nil\u0259rin mifik t\u0259f\u0259kk\u00fcr\u00fcn\u00fc bu g\u00fcn yenid\u0259n q\u0131c\u0131qland\u0131r\u0131r. \u00abM\u0259n bu i\u015fi ba\u015flad\u0131\u011f\u0131ma g\u00f6r\u0259 yox, \u00f6z xalq\u0131m\u0131 gec aya\u011fa qald\u0131rd\u0131\u011f\u0131ma g\u00f6r\u0259 g\u00fcnahkaram. G\u00f6r\u00fcn\u00fcr, m\u0259s\u0259l\u0259ni Nax\u00e7\u0131vandan ba\u015flama\u011fa c\u0259sar\u0259tim \u00e7atmad\u0131\u00bb s\u00f6yl\u0259y\u0259n Balayan\u0131n etiraf\u0131na cavab \u0130kinci Qaraba\u011f m\u00fcharib\u0259sind\u0259 qazand\u0131\u011f\u0131m\u0131z Z\u0259f\u0259r oldu. Ba\u015fdan-ba\u015fa yalanlarla dolu \u00e7\u0131zmaqaras\u0131 \u00abOcaq\u00bb\u0131 il\u0259 erm\u0259nil\u0259ri \u00abmiatsum\u00bb \u00e7a\u011f\u0131r\u0131\u015f\u0131na s\u0259sl\u0259y\u0259n Balayan\u0131n sonrak\u0131 davam\u00e7\u0131lar\u0131 da Z\u0259ng\u0259zur, Nax\u00e7\u0131van ist\u0259kl\u0259rin\u0259 \u00e7atmad\u0131lar.<\/p>\n<p>\u0130\u015f\u011fal\u00e7\u0131 \u00f6lk\u0259nin sabiq prezidenti Serjik Sarkisyan\u0131n \u00ab\u018flb\u0259tt\u0259 ki, Tavu\u015fda silahl\u0131 q\u00fcvv\u0259l\u0259rimiz \u0259n yax\u015f\u0131 t\u0259r\u0259fl\u0259rini g\u00f6st\u0259rdi v\u0259 son d\u0259r\u0259c\u0259 vacib bir m\u0259s\u0259l\u0259ni\u00a0(s\u00f6hb\u0259t g\u00f6r\u0259s\u0259n hans\u0131 m\u0259s\u0259l\u0259d\u0259n gedir?-red.)\u00a0h\u0259ll etdi. Silahl\u0131 Q\u00fcvv\u0259l\u0259rimiz t\u0259brik edilm\u0259lidir. Ancaq eyni \u015fey 2018-ci ilin may-iyun aylar\u0131nda Nax\u00e7\u0131van istiqam\u0259tind\u0259 apar\u0131lmal\u0131 idi. Bu, z\u0259rur\u0259t idi\u00bb say\u0131qlamas\u0131 Xocal\u0131da g\u00fcnahs\u0131z insanlar\u0131 q\u0259tl\u0259 yetirdiyini etiraf ed\u0259n u\u015faq qatilinin mifoloji s\u0259rs\u0259ml\u0259m\u0259si idi. 2011-ci ild\u0259 erm\u0259ni t\u0259l\u0259b\u0259l\u0259ri il\u0259 g\u00f6r\u00fc\u015f\u00fcnd\u0259 g\u0259ncl\u0259rin \u00abA\u011fr\u0131 da\u011f\u0131n\u0131n n\u0259 zaman Erm\u0259nistana birl\u0259\u015fdiril\u0259c\u0259yi\u00bb il\u0259 ba\u011fl\u0131 sual\u0131n\u0131 \u00abBu sizin v\u0259 sizin kimi g\u0259nc n\u0259slin \u0259lind\u0259dir\u00bb s\u00f6zl\u0259ri il\u0259 cavabland\u0131ran Serjik Sarkisyan\u0131n erm\u0259nil\u0259rl\u0259 ba\u011fl\u0131 \u00abali irq\u00bb t\u0259s\u0259vv\u00fcr\u00fc 44 g\u00fcn davam ed\u0259n \u0130kinci Qaraba\u011f m\u00fcharib\u0259sind\u0259 Az\u0259rbaycan Ordusunun arsenal\u0131nda olan PUA-larla g\u00f6y\u0259 sovruldu. Da\u015fnaklar\u0131n h\u0259mi\u015f\u0259 h\u0259sr\u0259tind\u0259 olduqlar\u0131 Nax\u00e7\u0131van\u0131 m\u00fcnt\u0259z\u0259m at\u0259\u015f\u0259 tutmalar\u0131 h\u0259s\u0259dd\u0259n yanan \u00fcr\u0259kl\u0259rin\u0259 su s\u0259pm\u0259 al\u0131\u015fqanl\u0131\u011f\u0131d\u0131r. H\u0259qiq\u0259t is\u0259 budur ki, Sarkisyan\u0131n \u00abg\u0259l\u0259c\u0259yi parlaq erm\u0259ni g\u0259ncl\u0259rinin\u00bb idar\u0259 etdikl\u0259ri \u00abq\u00fcdr\u0259tli ordunun m\u00fcasir silah -sursatlar\u0131\u00bb Bak\u0131dak\u0131 H\u0259rbi Q\u0259nim\u0259tl\u0259r Park\u0131nda n\u00f6vb\u0259ti s\u0131n\u0131q-salxaq \u00abh\u0259rbi avadanl\u0131qlar\u0131n\u0131\u00bb g\u00f6zl\u0259yir. Nax\u00e7\u0131vanda yarad\u0131lan \u00dcmumqo\u015fun \u018flahidd\u0259 Ordunun q\u00fcdr\u0259tini G\u00fcnn\u00fct \u0259m\u0259liyyat\u0131 zaman\u0131 g\u00f6r\u0259n, Z\u0259ng\u0259zur d\u0259hlizinin b\u0259rpas\u0131n\u0131 gecikdirm\u0259kl\u0259 Nax\u00e7\u0131van i\u015ftahalar\u0131n\u0131n ger\u00e7\u0259kl\u0259\u015f\u0259c\u0259yin\u0259 inanan, AB\u015e-\u0131n, Q\u0259rbin yalanlar\u0131, ba\u015f tumarlamalar\u0131 il\u0259 arxay\u0131nla\u015fan ba\u015f nazir Nikol Pa\u015finyan d\u0259qiq bilir ki, Z\u0259ng\u0259zur d\u0259hlizi il\u0259 ba\u011fl\u0131 b\u0259han\u0259l\u0259ri \u00f6z ba\u015f\u0131nda \u00e7atlayacaq.<\/p>\n<p>Prezident \u0130lham \u018fliyevin g\u00f6st\u0259rdiyi q\u0259tiyy\u0259t, siyasi irad\u0259 v\u0259 region d\u00f6vl\u0259tl\u0259ri aras\u0131ndak\u0131 \u0259m\u0259kda\u015fl\u0131\u011f\u0131n geni\u015fl\u0259ndirilm\u0259si namin\u0259 atd\u0131\u011f\u0131 inaml\u0131 add\u0131mlar, \u00ab\u015e\u0259rqi Z\u0259ng\u0259zur b\u00f6lg\u0259sind\u0259 yerl\u0259\u015f\u0259n Z\u0259ngilan\u0131 bizim q\u0259dim torpa\u011f\u0131m\u0131z olan Q\u0259rbi Z\u0259ng\u0259zurla, ondan sonra Ordubad vasit\u0259sil\u0259 Nax\u00e7\u0131vanla v\u0259 T\u00fcrkiy\u0259 il\u0259 birl\u0259\u015fdirm\u0259k bizim n\u00f6vb\u0259ti tarixi nailiyy\u0259timiz olacaq\u00bb s\u00f6zl\u0259ri daha reald\u0131r. 2020-ci ilin 10 noyabr\u0131nda Erm\u0259nistan\u0131n ba\u015f naziri Nikol Pa\u015finyan\u0131n da imzalad\u0131\u011f\u0131 \u00fc\u00e7t\u0259r\u0259fli B\u0259yannam\u0259, kapitulyasiya akt\u0131 da t\u0259sdiql\u0259yir ki, m\u0259\u011flub Erm\u0259nistan\u0131n Z\u0259ng\u0259zur d\u0259hlizi il\u0259 ba\u011fl\u0131 s\u0259rs\u0259ml\u0259m\u0259l\u0259ri bo\u015f x\u0259yald\u0131r. Art\u0131q Az\u0259rbaycan \u0259razisind\u0259 \u00abDa\u011fl\u0131q Qaraba\u011f\u00bb adl\u0131 \u0259razi vahidinin olmad\u0131\u011f\u0131 kimi, Nax\u00e7\u0131van\u0131n da Erm\u0259nistana aidiyy\u0259ti m\u00fcmk\u00fcn deyil. Bu reall\u0131qla bar\u0131\u015fmaq ist\u0259m\u0259y\u0259nl\u0259r\u0259 x\u0259b\u0259rdarl\u0131q ed\u0259n Prezident \u0130lham \u018fliyevin vur\u011fulad\u0131\u011f\u0131 kimi, Erm\u0259nistan v\u0259 havadarlar\u0131 n\u0259 q\u0259d\u0259r \u00e7al\u0131\u015fsalar da, Z\u0259ng\u0259zur d\u0259hlizinin b\u0259rpas\u0131na mane ola bilm\u0259y\u0259c\u0259kl\u0259r. Muxtar respublikan\u0131n s\u0259rh\u0259dl\u0259rind\u0259 t\u0259xribatlar t\u00f6r\u0259dib, at\u0259\u015fk\u0259si pozan erm\u0259nil\u0259r \u00e7ox yax\u015f\u0131 bilirl\u0259r ki, onlar\u0131n \u00abm\u00fcz\u0259ff\u0259r v\u0259 g\u00fccl\u00fc ordular\u0131\u00bb yoxdur.<br \/>\nAli Ba\u015f Komandan \u0130lham \u018fliyevin vur\u011fulad\u0131\u011f\u0131 kimi, f\u0259raril\u0259rd\u0259n, satq\u0131nlardan, c\u0259lladlardan, qorxaqlardan ibar\u0259t erm\u0259ni terror\u00e7ular\u0131n\u0131n s\u0259rk\u0259rd\u0259l\u0259r yetirmi\u015f Nax\u00e7\u0131vanla ba\u011fl\u0131 iddialar\u0131 bo\u015fbo\u011fazl\u0131qd\u0131r: \u00ab Biz h\u0259l\u0259 ki, t\u0259mkin g\u00f6st\u0259ririk. Amma odla oynamas\u0131nlar. Onlar bizim yumru\u011fumuzu g\u00f6r\u00fcbl\u0259r. Bu yumruq yerind\u0259dir. He\u00e7 kim bizim qaba\u011f\u0131m\u0131zda dura bilm\u0259z. \u018fg\u0259r biz z\u0259rr\u0259 q\u0259d\u0259r t\u0259hl\u00fck\u0259 g\u00f6rs\u0259k, &#8211; z\u0259rr\u0259 q\u0259d\u0259r, &#8211; onlar\u0131 d\u0259rhal m\u0259hv ed\u0259c\u0259yik. El\u0259 yerind\u0259c\u0259 m\u0259hv ed\u0259c\u0259yik. Onlar da bunu bilirl\u0259r. G\u00fcc\u00fcm\u00fcz d\u0259 var, irad\u0259miz d\u0259 var, c\u0259sar\u0259timiz d\u0259 var. Yumruq da yerind\u0259dir.\u00bb<\/p>\n<p>BMT tribunas\u0131ndan \u00abQaraba\u011f Az\u0259rbaycan torpa\u011f\u0131d\u0131r, bunun xaricind\u0259 he\u00e7 bir status q\u0259bul edilm\u0259y\u0259c\u0259k!\u00bb s\u00f6zl\u0259ri il\u0259 Az\u0259rbaycana qarda\u015f d\u0259st\u0259yini ifad\u0259 ed\u0259n T\u00fcrkiy\u0259 Prezidenti R\u0259c\u0259b Tayyib \u018frdo\u011fan\u0131n \u00abNax\u00e7\u0131van\u0131 Az\u0259rbaycana birl\u0259\u015fdir\u0259c\u0259k Z\u0259ng\u0259zur d\u0259hlizi il\u0259 ba\u011fl\u0131 b\u0259zi \u00e7evr\u0259l\u0259rd\u0259ki qorxu v\u0259 \u0259ndi\u015f\u0259l\u0259r, m\u0259n\u0259 g\u00f6r\u0259, yersizdir\u00bb, Prezident \u0130lham \u018fliyevin \u00abZ\u0259ng\u0259zur d\u0259hlizinin a\u00e7\u0131lmas\u0131 m\u00fctl\u0259q olmal\u0131d\u0131r, Erm\u0259nistan bunu ist\u0259s\u0259 d\u0259, ist\u0259m\u0259s\u0259 d\u0259. Biz ortaya g\u00fccl\u00fc irad\u0259 qoymu\u015fuq, b\u00fct\u00fcn i\u015fl\u0259r plan \u00fczr\u0259 gedir. Bizim t\u0259l\u0259bimiz \u0259sasl\u0131d\u0131r v\u0259 \u0259dal\u0259tlidir. Az\u0259rbaycan\u0131n \u0259sas hiss\u0259si il\u0259 onun ayr\u0131lmaz hiss\u0259si olan Nax\u00e7\u0131van Muxtar Respublikas\u0131 il\u0259 bizim ba\u011flant\u0131m\u0131z olmal\u0131d\u0131r v\u0259 olacaqd\u0131r\u00bb s\u00f6zl\u0259ri daha real v\u0259 inand\u0131r\u0131c\u0131d\u0131r.<\/p>\n<p><strong>Xuraman \u0130smay\u0131lq\u0131z\u0131, \u00ab\u0130ki sahil\u00bb<\/strong><\/p>\n","protected":false},"excerpt":{"rendered":"<p>Bu d\u00fcy\u00fcn Prezident \u0130lham \u018fliyevin siyasi q\u0259tiyy\u0259tinin, d\u00fcnyada d\u0259st\u0259kl\u0259n\u0259n diplomatiyas\u0131n\u0131n, T\u00fcrkiy\u0259-Az\u0259rbaycan birliyinin g\u00fcc\u00fc il\u0259 a\u00e7\u0131lacaq Bu g\u00fcnl\u0259rd\u0259 \u0130stanbulda T\u00fcrkiy\u0259nin xarici i\u015fl\u0259r naziri Hakan Fidan\u0131n ev sahibliyi il\u0259 Az\u0259rbaycan, Rusiya, Erm\u0259nistan v\u0259 \u0130ran\u0131n X\u0130N r\u0259hb\u0259rl\u0259ri Ceyhun Bayramov, Sergey Lavrov, Ararat Mirzoyan v\u0259 Abbas Arak\u00e7in\u0131n i\u015ftirak\u0131 il\u0259 3+3 formatda ke\u00e7iril\u0259n iclas b\u00f6lg\u0259d\u0259 sabitliyin t\u0259minat\u0131 \u00fc\u00e7\u00fcn m\u00fch\u00fcm \u0259h\u0259miyy\u0259tli olsa da, diqq\u0259t yetiril\u0259n \u0259sas m\u0259s\u0259l\u0259 yen\u0259 d\u0259 beyn\u0259lxalq \u0259h\u0259miyy\u0259tli n\u0259qliyyat v\u0259 kommunikasiyalar\u0131n realla\u015fmas\u0131na y\u00f6n\u0259ldilmi\u015f, bu sah\u0259d\u0259 h\u0259lli vacib m\u0259s\u0259l\u0259l\u0259r \u0259traf\u0131nda m\u00fczakir\u0259l\u0259r apar\u0131lm\u0131\u015fd\u0131r. Region d\u00f6vl\u0259tl\u0259ri aras\u0131nda \u0259m\u0259kda\u015fl\u0131\u011f\u0131n d\u00fcnya siyas\u0259tin\u0259 t\u0259siri il\u0259 ba\u011fl\u0131 t\u0259klifl\u0259r diqq\u0259t\u0259 \u00e7atd\u0131r\u0131lm\u0131\u015fd\u0131r.&hellip;<\/p>\n","protected":false},"author":2,"featured_media":763306,"comment_status":"closed","ping_status":"closed","sticky":false,"template":"","format":"standard","meta":{"om_disable_all_campaigns":false,"_monsterinsights_skip_tracking":false,"_monsterinsights_sitenote_active":false,"_monsterinsights_sitenote_note":"","_monsterinsights_sitenote_category":0},"categories":[19],"tags":[],"aioseo_notices":[],"gutentor_comment":0,"rttpg_featured_image_url":{"full":["https:\/\/arantv.az\/wp-content\/uploads\/2024\/10\/a891af9b161907228861552772610314384.jpg",975,540,false],"landscape":["https:\/\/arantv.az\/wp-content\/uploads\/2024\/10\/a891af9b161907228861552772610314384.jpg",975,540,false],"portraits":["https:\/\/arantv.az\/wp-content\/uploads\/2024\/10\/a891af9b161907228861552772610314384.jpg",975,540,false],"thumbnail":["https:\/\/arantv.az\/wp-content\/uploads\/2024\/10\/a891af9b161907228861552772610314384-500x280.jpg",500,280,true],"medium":["https:\/\/arantv.az\/wp-content\/uploads\/2024\/10\/a891af9b161907228861552772610314384-660x365.jpg",660,365,true],"large":["https:\/\/arantv.az\/wp-content\/uploads\/2024\/10\/a891af9b161907228861552772610314384-840x465.jpg",640,354,true],"1536x1536":["https:\/\/arantv.az\/wp-content\/uploads\/2024\/10\/a891af9b161907228861552772610314384.jpg",975,540,false],"2048x2048":["https:\/\/arantv.az\/wp-content\/uploads\/2024\/10\/a891af9b161907228861552772610314384.jpg",975,540,false],"post-thumbnail":["https:\/\/arantv.az\/wp-content\/uploads\/2024\/10\/a891af9b161907228861552772610314384-240x172.jpg",240,172,true],"advps-thumb-one":["https:\/\/arantv.az\/wp-content\/uploads\/2024\/10\/a891af9b161907228861552772610314384.jpg",975,540,false]},"rttpg_author":{"display_name":"V\u00fcsal Rafiqo\u011flu","author_link":"https:\/\/arantv.az\/?author=2"},"rttpg_comment":0,"rttpg_category":"<a href=\"https:\/\/arantv.az\/?cat=19\" rel=\"category\">G\u00fcnd\u0259m<\/a>","rttpg_excerpt":"Bu d\u00fcy\u00fcn Prezident \u0130lham \u018fliyevin siyasi q\u0259tiyy\u0259tinin, d\u00fcnyada d\u0259st\u0259kl\u0259n\u0259n diplomatiyas\u0131n\u0131n, T\u00fcrkiy\u0259-Az\u0259rbaycan birliyinin g\u00fcc\u00fc il\u0259 a\u00e7\u0131lacaq Bu g\u00fcnl\u0259rd\u0259 \u0130stanbulda T\u00fcrkiy\u0259nin xarici i\u015fl\u0259r naziri Hakan Fidan\u0131n ev sahibliyi il\u0259 Az\u0259rbaycan, Rusiya, Erm\u0259nistan v\u0259 \u0130ran\u0131n X\u0130N r\u0259hb\u0259rl\u0259ri Ceyhun Bayramov, Sergey Lavrov, Ararat Mirzoyan v\u0259 Abbas Arak\u00e7in\u0131n i\u015ftirak\u0131 il\u0259 3+3 formatda ke\u00e7iril\u0259n iclas b\u00f6lg\u0259d\u0259 sabitliyin t\u0259minat\u0131 \u00fc\u00e7\u00fcn m\u00fch\u00fcm \u0259h\u0259miyy\u0259tli&hellip;","_links":{"self":[{"href":"https:\/\/arantv.az\/index.php?rest_route=\/wp\/v2\/posts\/763305"}],"collection":[{"href":"https:\/\/arantv.az\/index.php?rest_route=\/wp\/v2\/posts"}],"about":[{"href":"https:\/\/arantv.az\/index.php?rest_route=\/wp\/v2\/types\/post"}],"author":[{"embeddable":true,"href":"https:\/\/arantv.az\/index.php?rest_route=\/wp\/v2\/users\/2"}],"replies":[{"embeddable":true,"href":"https:\/\/arantv.az\/index.php?rest_route=%2Fwp%2Fv2%2Fcomments&post=763305"}],"version-history":[{"count":1,"href":"https:\/\/arantv.az\/index.php?rest_route=\/wp\/v2\/posts\/763305\/revisions"}],"predecessor-version":[{"id":763307,"href":"https:\/\/arantv.az\/index.php?rest_route=\/wp\/v2\/posts\/763305\/revisions\/763307"}],"wp:featuredmedia":[{"embeddable":true,"href":"https:\/\/arantv.az\/index.php?rest_route=\/wp\/v2\/media\/763306"}],"wp:attachment":[{"href":"https:\/\/arantv.az\/index.php?rest_route=%2Fwp%2Fv2%2Fmedia&parent=763305"}],"wp:term":[{"taxonomy":"category","embeddable":true,"href":"https:\/\/arantv.az\/index.php?rest_route=%2Fwp%2Fv2%2Fcategories&post=763305"},{"taxonomy":"post_tag","embeddable":true,"href":"https:\/\/arantv.az\/index.php?rest_route=%2Fwp%2Fv2%2Ftags&post=763305"}],"curies":[{"name":"wp","href":"https:\/\/api.w.org\/{rel}","templated":true}]}}