{"id":763308,"date":"2024-10-22T07:18:56","date_gmt":"2024-10-22T03:18:56","guid":{"rendered":"https:\/\/arantv.az\/?p=763308"},"modified":"2024-10-22T07:18:56","modified_gmt":"2024-10-22T03:18:56","slug":"g%c9%99l%c9%99c%c9%99y%c9%99-cagiris","status":"publish","type":"post","link":"https:\/\/arantv.az\/?p=763308","title":{"rendered":"G\u0259l\u0259c\u0259y\u0259 \u00e7a\u011f\u0131r\u0131\u015f"},"content":{"rendered":"<div class=\"content lead font-weight-normal\">\n<p><em><strong>Bug\u00fcn\u00fcm\u00fcz\u00fcn q\u00fcrurverici hadis\u0259l\u0259rind\u0259n biri torpaqlar\u0131m\u0131z\u0131n i\u015f\u011faldan azad edilm\u0259si g\u00fcnl\u0259rinin qeyd olunmas\u0131d\u0131r.\u00a0 Ya\u015fad\u0131\u011f\u0131m\u0131z bu q\u00fcrurlu anlara, tariximizin \u015f\u0259r\u0259fli g\u00fcnl\u0259rin\u0259 g\u00f6r\u0259 d\u00f6vl\u0259t ba\u015f\u00e7\u0131s\u0131, M\u00fcz\u0259ff\u0259r Ali Ba\u015f Komandan \u0130lham \u018fliyev\u0259, r\u0259\u015fad\u0259tli Az\u0259rbaycan Ordusuna minn\u0259tdar\u0131q. Qanlar\u0131, canlar\u0131 il\u0259 tarix yazan \u015f\u0259hidl\u0259rimizin ruhu qar\u015f\u0131s\u0131nda ba\u015f \u0259yir, qazil\u0259rimiz\u0259 Allahdan \u015f\u0259fa\u00a0 dil\u0259yirik.<\/strong><\/em><\/p>\n<p>D\u00f6vl\u0259t ba\u015f\u00e7\u0131s\u0131 \u0130lham \u018fliyev daim \u00e7\u0131x\u0131\u015flar\u0131nda \u201cBu g\u00fcn bu \u015fanl\u0131 Q\u0259l\u0259b\u0259d\u0259n dan\u0131\u015fark\u0259n, ilk n\u00f6vb\u0259d\u0259, \u0259ziz \u015f\u0259hidl\u0259rimizin xatir\u0259sini yad etm\u0259liyik\u201d s\u00f6yl\u0259y\u0259r\u0259k bildirir ki,\u00a0 Az\u0259rbaycan xalq\u0131, indiki\u00a0 v\u0259 g\u0259l\u0259c\u0259k n\u0259sill\u0259r h\u0259mi\u015f\u0259 \u015f\u0259hidl\u0259rimizl\u0259 f\u0259xr ed\u0259c\u0259k. Azad edilmi\u015f b\u00fct\u00fcn \u015f\u0259h\u0259r-k\u0259ndl\u0259rimizd\u0259 b\u0259rpa i\u015fl\u0259ri ba\u015fa \u00e7atandan sonra \u015f\u0259hidl\u0259rimizin ad\u0131na k\u00fc\u00e7\u0259l\u0259r sal\u0131nacaq,\u00a0 adlar\u0131 m\u0259kt\u0259bl\u0259r\u0259 veril\u0259c\u0259k. Art\u0131q bu proses ba\u015flam\u0131\u015fd\u0131r.\u00a0Az\u0259rbaycan Silahl\u0131 Q\u00fcvv\u0259l\u0259ri\u00a0 torpaqlar\u0131m\u0131z\u0131 i\u015f\u011faldan azad etm\u0259kl\u0259 erm\u0259nil\u0259rin ill\u0259rdir yaratd\u0131qlar\u0131 mifl\u0259ri, eyni zamanda, bu torpaqlarda qurduqlar\u0131 istehkamlar\u0131 da\u011f\u0131td\u0131lar. Az\u0259rbaycan Ordusunun g\u00fcc\u00fc, q\u00fcdr\u0259ti qar\u015f\u0131s\u0131nda dayana bilm\u0259y\u0259n erm\u0259ni silahl\u0131 q\u00fcvv\u0259l\u0259ri h\u0259rbi texnikan\u0131, silah-sursat\u0131 qoyub qa\u00e7d\u0131lar. D\u00fcnyaya bir daha s\u00fcbut olundu ki,\u00a0 \u0259n g\u00fccl\u00fc ordu Az\u0259rbaycan Ordusudur. \u0130\u015f\u011faldan azad edilmi\u015f \u0259razil\u0259rimiz \u00fczr\u0259 \u015f\u0259h\u0259r g\u00fcnl\u0259rinin t\u0259sis edilm\u0259si g\u0259l\u0259c\u0259y\u0259 \u00e7a\u011f\u0131r\u0131\u015fd\u0131r. 20 oktyabr Z\u0259ngilan \u015e\u0259h\u0259ri G\u00fcn\u00fcd\u00fcr.<\/p>\n<p>H\u0259r bir \u0259lam\u0259tdar g\u00fcn tarix\u0259 n\u0259z\u0259r salma\u011fa \u00e7a\u011f\u0131r\u0131\u015f edir. XIX \u0259srin \u0259vv\u0259ll\u0259rind\u0259 Qafqaz\u0131n Rusiya t\u0259r\u0259find\u0259n i\u015f\u011fal\u0131ndan sonra apar\u0131lm\u0131\u015f yeni inzibati \u0259razi b\u00f6lg\u00fcy\u0259 \u0259sas\u0259n Z\u0259ng\u0259zur q\u0259zas\u0131 G\u0259nc\u0259 quberniyas\u0131na tabe edilib, Sisyan, Qafan, Mehri, Z\u0259ngilan, Qubadl\u0131 v\u0259 La\u00e7\u0131n buraya daxil olunub. 1920-ci ilin 28 aprel i\u015f\u011fal\u0131ndan sonra bol\u015fevikl\u0259rin k\u00f6m\u0259yi il\u0259 q\u0259dim t\u00fcrk torpaqlar\u0131 hesab\u0131na ilk d\u00f6vl\u0259tl\u0259rini quran erm\u0259nil\u0259r Z\u0259ng\u0259zur q\u0259zas\u0131n\u0131 i\u015f\u011fal edibl\u0259r. Bu zaman bol\u015fevik Rusiyas\u0131n\u0131n t\u0259kidi il\u0259 Z\u0259ng\u0259zur Az\u0259rbaycan\u0131n \u0259lind\u0259n al\u0131naraq, Erm\u0259nistana birl\u0259\u015fdirilib. N\u0259tic\u0259d\u0259, q\u0259zan\u0131n yuxar\u0131 hiss\u0259si Erm\u0259nistan\u0131n, La\u00e7\u0131n, Qubadl\u0131 v\u0259 Z\u0259ngilan b\u00f6lg\u0259l\u0259ri is\u0259 Az\u0259rbaycan\u0131n t\u0259rkibind\u0259 qal\u0131b. Rayonda \u00e7\u00f6k\u00fcnt\u00fc suxurlar\u0131ndan ba\u015fqa, vulkanik materiallar &#8211; yura, t\u0259ba\u015fir \u00e7\u00f6k\u00fcnt\u00fcl\u0259ri yay\u0131lm\u0131\u015fd\u0131r. \u018frazid\u0259 bir s\u0131ra faydal\u0131 qaz\u0131nt\u0131lar &#8211; tikinti da\u015f\u0131, q\u0131z\u0131l yata\u011f\u0131, qara m\u0259rm\u0259r yata\u011f\u0131, \u0259h\u0259ng xammal\u0131, susuzla\u015fd\u0131r\u0131lm\u0131\u015f soda \u00fc\u00e7\u00fcn \u0259h\u0259ng da\u015f\u0131 vard\u0131r.<\/p>\n<p>Rayon \u0259razisind\u0259n 4 \u00e7ay ke\u00e7ir: Araz, Ox\u00e7u\u00e7ay, H\u0259k\u0259ri v\u0259 B\u0259sit\u00e7ay. Z\u0259ngilan\u0131n \u0259razisi \u015f\u0259rqd\u0259n H\u0259k\u0259ri \u00e7ay\u0131ndan Mehri da\u011f silsil\u0259sin\u0259 q\u0259d\u0259r olan \u0259razini \u0259hat\u0259 edir. \u015eimaldan Qubadl\u0131, \u015e\u0259rqd\u0259n C\u0259bray\u0131l rayonu, c\u0259nubdan Araz \u00e7ay\u0131 boyunca \u0130ran \u0130slam Respublikas\u0131, q\u0259rbd\u0259n is\u0259 Erm\u0259nistan\u0131n Mehri v\u0259 Qafan rayonlar\u0131 il\u0259 h\u0259ms\u0259rh\u0259ddir. F\u00fczuli v\u0259 C\u0259bray\u0131l rayonlar\u0131 i\u015f\u011fal olunduqdan sonra z\u0259ngilanl\u0131lar 67 g\u00fcn tam m\u00fchasir\u0259 \u015f\u0259raitind\u0259 erm\u0259nil\u0259rl\u0259 vuru\u015fdu. 25-29 oktyabr 1993-c\u00fc ild\u0259 Z\u0259ngilan rayonunun \u0259halisi son anad\u0259k vuru\u015faraq, 235 n\u0259f\u0259r \u015f\u0259hid v\u0259 itkin ver\u0259r\u0259k Araz \u00e7ay\u0131n\u0131 ke\u00e7mi\u015f, \u0130ran \u0130slam Respublikas\u0131n\u0131n \u0259razisi il\u0259 ke\u00e7\u0259r\u0259k Az\u0259rbaycan\u0131n 43 rayonunda m\u00fcv\u0259qq\u0259ti m\u0259skunla\u015fd\u0131lar. 2020-ci il sentyabr\u0131n 27-d\u0259 ba\u015flayan V\u0259t\u0259n m\u00fcharib\u0259si zaman\u0131 Z\u0259ngilan rayonundan \u015f\u0259rqd\u0259 yerl\u0259\u015f\u0259n C\u0259bray\u0131l rayonunda \u00a0d\u00fc\u015fm\u0259n q\u00fcvv\u0259l\u0259rin\u0259 sars\u0131d\u0131c\u0131 z\u0259rb\u0259 vurulmas\u0131 v\u0259 30-dan \u00e7ox ya\u015fay\u0131\u015f m\u0259nt\u0259q\u0259sinin i\u015f\u011faldan azad edilm\u0259si, Az\u0259rbaycan Silahl\u0131 Q\u00fcvv\u0259l\u0259rinin Z\u0259ngilan rayonunun inzibati h\u00fcdudlar\u0131na \u00e7atmas\u0131na \u015f\u0259rait yaratd\u0131. Az\u0259rbaycan Silahl\u0131 Q\u00fcvv\u0259l\u0259ri\u00a02020-ci il oktyabr\u0131n 18-d\u0259 Z\u0259ngilan rayonunun azad edilm\u0259si u\u011frunda \u0259m\u0259liyyata ba\u015flam\u0131\u015fd\u0131r.<\/p>\n<p>Oktyabr\u0131n 20-d\u0259 Az\u0259rbaycan Prezidenti \u0130lham \u018fliyev xalqa n\u00f6vb\u0259ti m\u00fcraci\u0259ti zaman\u0131 Z\u0259ngilan rayonunun Haval\u0131, Z\u0259rn\u0259li, M\u0259mm\u0259db\u0259yli, H\u0259k\u0259ri, \u015e\u0259rifan, Birinci Mu\u011fanl\u0131 v\u0259 Z\u0259ngilan \u015f\u0259h\u0259rinin i\u015f\u011faldan azad edildiyini elan etmi\u015fdir. Z\u0259ngilan d\u00f6y\u00fc\u015fl\u0259ri n\u0259tic\u0259sind\u0259 Az\u0259rbaycan Silahl\u0131 Q\u00fcvv\u0259l\u0259ri\u00a0t\u0259r\u0259find\u0259n Z\u0259ngilan \u015f\u0259h\u0259ri, rayonun 4 q\u0259s\u0259b\u0259si v\u0259 49 k\u0259ndi i\u015f\u011faldan azad edildi. Haz\u0131rda dig\u0259r i\u015f\u011faldan azad edilmi\u015f \u0259razil\u0259rimiz kimi, Z\u0259ngilan rayonu da s\u00fcr\u0259tli b\u0259rpa-quruculuq d\u00f6vr\u00fcn\u00fc ya\u015fay\u0131r. D\u00f6vl\u0259t ba\u015f\u00e7\u0131s\u0131 \u0130lham \u018fliyevin rayona 12 s\u0259f\u0259ri olub. Bu s\u0259f\u0259rl\u0259rin h\u0259r biri yeni sosial obyektl\u0259rin a\u00e7\u0131l\u0131\u015f\u0131 v\u0259 t\u0259m\u0259lqoyma m\u0259rasiml\u0259rinin ke\u00e7irilm\u0259si il\u0259 yadda qal\u0131b. Bu g\u00fcnl\u0259rd\u0259, oktyabr\u0131n 3-d\u0259 M\u00fcz\u0259ff\u0259r Ali Ba\u015f Komandan \u0130lham \u018fliyevin C\u0259bray\u0131l v\u0259 Z\u0259ngilan rayonlar\u0131na s\u0259f\u0259ri \u00e7\u0259r\u00e7iv\u0259sind\u0259 a\u00e7\u0131l\u0131\u015f\u0131nda v\u0259 t\u0259m\u0259lqoyma m\u0259rasiml\u0259rind\u0259 i\u015ftirak etdiyi sosial obyektl\u0259rin say t\u0259rkibin\u0259 diqq\u0259t yetirm\u0259kl\u0259 \u00fcmumilikd\u0259 azad edilmi\u015f \u0259razil\u0259rd\u0259 g\u00f6r\u00fcl\u0259n i\u015fl\u0259r bar\u0259d\u0259 ayd\u0131n t\u0259s\u0259vv\u00fcr yaratmaq olar. 25 oktyabr Qubadl\u0131 \u015e\u0259h\u0259ri G\u00fcn\u00fcd\u00fcr. Qubadl\u0131n\u0131n azad edilm\u0259si \u0259m\u0259liyyat\u0131 bir ne\u00e7\u0259 g\u00fcn \u00e7\u0259kdi. \u015e\u0259h\u0259rd\u0259 erm\u0259nil\u0259r g\u00fccl\u00fc istehkamlar qurmu\u015fdular.<\/p>\n<p>Qubadl\u0131n\u0131 azad etm\u0259k \u00fc\u00e7\u00fcn, ilk n\u00f6vb\u0259d\u0259, y\u00fcks\u0259klikl\u0259r\u00a0 g\u00f6t\u00fcr\u00fclm\u0259li idi. \u00c7\u00fcnki d\u00fc\u015fm\u0259n bu y\u00fcks\u0259klikl\u0259rd\u0259n m\u00fcnt\u0259z\u0259m olaraq h\u0259rb\u00e7il\u0259rimiz\u0259 at\u0259\u015f a\u00e7\u0131rd\u0131. Ona g\u00f6r\u0259 Qubadl\u0131 \u0259m\u0259liyyat\u0131 x\u00fcsusi pe\u015f\u0259karl\u0131q v\u0259 f\u0259dakarl\u0131q t\u0259l\u0259b edirdi.\u00a0 Oktyabr\u0131n 25-d\u0259 Az\u0259rbaycan Silahl\u0131 Q\u00fcvv\u0259l\u0259ri \u015f\u0259h\u0259ri d\u00fc\u015fm\u0259nd\u0259n t\u0259mizl\u0259dil\u0259r. \u00a0Az\u0259rbaycan Ordusunun sentyabr\u0131n 27-d\u0259 Qaraba\u011fda ba\u015flad\u0131\u011f\u0131 u\u011furlu \u0259ks-h\u00fccum \u0259m\u0259liyyat\u0131 n\u0259tic\u0259sind\u0259\u00a0noyabr\u0131n 9-d\u0259k Qubadl\u0131\u00a0\u015f\u0259h\u0259ri v\u0259 rayonun 41 k\u0259ndi azad olundu. \u00a0Qubadl\u0131 azad olunandan sonra La\u00e7\u0131n istiqam\u0259tind\u0259 yol a\u00e7\u0131ld\u0131 v\u0259 bir ne\u00e7\u0259 g\u00fcnd\u0259n sonra\u00a0 La\u00e7\u0131n\u0131n c\u0259nub hiss\u0259sind\u0259 yerl\u0259\u015f\u0259n k\u0259ndl\u0259ri d\u0259 azad edildi v\u0259 bel\u0259likl\u0259, La\u00e7\u0131n d\u0259hlizi n\u0259zar\u0259t\u0259 g\u00f6t\u00fcr\u00fcld\u00fc.\u00a0 Qubadl\u0131dan sonra Ordumuz\u00a0 z\u0259f\u0259r y\u00fcr\u00fc\u015f\u00fcn\u00fc, z\u0259f\u0259r missiyas\u0131n\u0131 \u015f\u0259r\u0259fl\u0259 davam etdir\u0259r\u0259k\u00a0 noyabr\u0131n 8-d\u0259 \u015eu\u015fada Az\u0259rbaycan Bayra\u011f\u0131n\u0131 ucaltd\u0131lar.\u00a0 Qubadl\u0131 \u015f\u0259h\u0259rinin azad edilm\u0259si b\u00f6y\u00fck Q\u0259l\u0259b\u0259ni yax\u0131nla\u015fd\u0131rd\u0131. 2020-ci il noyabr\u0131n 26-da \u201cQubadl\u0131n\u0131n azad olunmas\u0131na g\u00f6r\u0259\u201d medal\u0131\u00a0t\u0259sis edildi.\u00a0 Qubadl\u0131 rayonunun i\u015f\u011faldan azad edilm\u0259si u\u011frunda apar\u0131lm\u0131\u015f d\u00f6y\u00fc\u015f \u0259m\u0259liyyatlar\u0131nda i\u015ftirak ed\u0259r\u0259k \u015f\u0259xsi igidlik v\u0259 \u015f\u00fcca\u0259t n\u00fcmayi\u015f etdirmi\u015f Az\u0259rbaycan\u00a0 Silahl\u0131 Q\u00fcvv\u0259l\u0259rinin 15209 h\u0259rbi qulluq\u00e7usu\u00a0 Prezidentin m\u00fcvafiq S\u0259r\u0259ncamlar\u0131 il\u0259 \u201cQubadl\u0131n\u0131n azad olunmas\u0131na g\u00f6r\u0259\u201d medal\u0131 il\u0259 t\u0259ltif edilmi\u015fdi.<\/p>\n<p>Qubadl\u0131 yeni inki\u015faf d\u00f6vr\u00fcn\u00fc ya\u015fay\u0131r. Qubadl\u0131 \u015f\u0259h\u0259ri v\u0259 i\u015f\u011faldan azad edil\u0259n 41 k\u0259nd yenid\u0259n qurulur. \u0130\u015f\u011faldan azad edilmi\u015f b\u00fct\u00fcn \u015f\u0259h\u0259r v\u0259 k\u0259ndl\u0259rimiz m\u00fcasir d\u00f6vr\u00fcn t\u0259l\u0259bl\u0259ri \u0259sas\u0131nda qurulur, soyda\u015flar\u0131m\u0131z\u0131n y\u00fcks\u0259k ya\u015fay\u0131\u015f\u0131n\u0131n t\u0259min edilm\u0259si \u00fc\u00e7\u00fcn z\u0259ruri olan b\u00fct\u00fcn i\u015fl\u0259r g\u00f6r\u00fcl\u00fcr. \u201cA\u011f\u0131ll\u0131 \u015f\u0259h\u0259r\u201d v\u0259 \u201ca\u011f\u0131ll\u0131 k\u0259nd\u201d layih\u0259si \u0259sas\u0131nda\u00a0 qurulan torpaqlar\u0131m\u0131z d\u00fcnyan\u0131n diqq\u0259tind\u0259dir. Az\u0259rbaycan\u0131n iki ild\u0259 bu \u0259razil\u0259rd\u0259 g\u00f6rd\u00fcy\u00fc b\u0259rpa-quruculuq i\u015fl\u0259rini erm\u0259nil\u0259rin 30 illik i\u015f\u011fal d\u00f6vr\u00fcnd\u0259 t\u00f6r\u0259tdikl\u0259ri da\u011f\u0131nt\u0131larla m\u00fcqayis\u0259 ed\u0259nd\u0259 d\u00fcnya bir daha erm\u0259nil\u0259rin nec\u0259 v\u0259h\u015fi mill\u0259t oldu\u011funun\u00a0 \u015fahidin\u0259 \u00e7evrilirl\u0259r. Az\u0259rbaycan xalq\u0131\u00a0 qurucu, tarixin\u0259, h\u0259r qar\u0131\u015f torpa\u011f\u0131na sahib \u00e7\u0131xan xalqd\u0131r. D\u00f6vl\u0259t ba\u015f\u00e7\u0131s\u0131 \u0130lham \u018fliyev daim \u0259n y\u00fcks\u0259k tribunalardan b\u0259yan etdi ki, bir qar\u0131\u015f torpa\u011f\u0131m\u0131z\u0131 bel\u0259 d\u00fc\u015fm\u0259n\u0259 verm\u0259y\u0259c\u0259yik. \u0130\u015f\u011faldan azad edilmi\u015f \u015f\u0259h\u0259rl\u0259rimizin Ba\u015f planlar\u0131 t\u0259qdim edilir. \u018fsas diqq\u0259t \u00e7\u0259k\u0259n m\u0259qam b\u0259rpa-quruculuq i\u015fl\u0259rind\u0259 q\u0259dimlikl\u0259 m\u00fcasirliyin sintezinin yarad\u0131lmas\u0131d\u0131r. Bu m\u0259qam Qubadl\u0131 \u015f\u0259h\u0259rinin Ba\u015f plan\u0131nda da \u00f6z \u0259ksini tap\u0131b.\u00a0 Qubadl\u0131 rayonunun g\u0259l\u0259c\u0259k inki\u015faf\u0131 il\u0259 ba\u011fl\u0131 \u0259m\u0259li-praktiki i\u015fl\u0259r apar\u0131l\u0131r. Azad edilmi\u015f torpaqlarda art\u0131q yeddi yar\u0131mstansiya in\u015fa olunub. Bu infrastruktur layih\u0259si Qubadl\u0131n\u0131n 2050-ci il\u0259 q\u0259d\u0259rki inki\u015faf dinamikas\u0131n\u0131 n\u0259z\u0259r\u0259 al\u0131r.<\/p>\n<p>Sovet vaxt\u0131nda Qubadl\u0131 rayonunun \u00fcmumi enerji istehlak\u0131 12 meqavat idi. Yeni\u00a0 in\u015fa olunacaq yar\u0131mstansiya 40 meqavata hesablan\u0131b v\u0259 laz\u0131m olarsa, onun g\u00fcc\u00fc iki d\u0259f\u0259 art\u0131r\u0131la bil\u0259r. Yol infrastrukturunun yenil\u0259nm\u0259sin\u0259 x\u00fcsusi diqq\u0259t g\u00f6st\u0259rilir. Rayon \u0259razisind\u0259 d\u00f6rdzolaql\u0131 yol\u00a0 \u015e\u0259rqi Z\u0259ng\u0259zur iqtisadi rayonundak\u0131 rayonlar aras\u0131nda birl\u0259\u015fm\u0259ni t\u0259min ed\u0259c\u0259k. Z\u0259ngilandan Qubadl\u0131ya, La\u00e7\u0131na d\u00f6rdzolaql\u0131 yol \u00e7\u0259kilir ki, bu yoldan insanlar rahat istifad\u0259 etsinl\u0259r. Burada istehsal olunacaq m\u0259hsullar\u0131 bazarlara vaxtl\u0131-vaxt\u0131nda, itkisiz \u00e7atd\u0131rmaq \u00fc\u00e7\u00fcn \u0259lav\u0259 imkanlar yaranacaq. D\u00f6vl\u0259t ba\u015f\u00e7\u0131s\u0131 \u0130lham \u018fliyevin v\u0259 birinci xan\u0131m Mehriban \u018fliyevan\u0131n\u00a0Qubadl\u0131 rayonuna\u00a0 s\u0259f\u0259rl\u0259rinin h\u0259r biri qubadl\u0131lar\u0131n B\u00f6y\u00fck Qay\u0131d\u0131\u015f\u0131n\u0131 s\u00fcr\u0259tl\u0259ndir\u0259n\u00a0 add\u0131mlarla z\u0259ngindir.<\/p>\n<p><strong>Nihad P\u0259nahov,<\/strong><br \/>\n<em>YAP Tovuz rayon t\u0259\u015fkilat\u0131n\u0131n s\u0259dri<\/em><\/p>\n<div class=\"clearfix\"><\/div>\n<\/div>\n<div class=\"fotorama--hidden\"><\/div>\n<div id=\"galleryList\" class=\"fotorama fotorama1729567041140\" data-nav=\"thumbs\" data-width=\"100%\" data-thumbwidth=\"90\" data-thumbheight=\"60\" data-allowfullscreen=\"true\" data-autoplay=\"3000\" data-ratio=\"1.5\" data-keyboard=\"true\" data-fit=\"contain\">\n<div class=\"fotorama__wrap fotorama__wrap--css3 fotorama__wrap--slide fotorama__wrap--toggle-arrows fotorama__wrap--no-controls\">\n<div class=\"fotorama__stage\">\n<div class=\"fotorama__fullscreen-icon\" tabindex=\"0\" role=\"button\"><\/div>\n<div class=\"fotorama__stage__shaft\">\n<div class=\"fotorama__stage__frame fotorama__loaded fotorama__loaded--img fotorama__active\"><img class=\"fotorama__img\" src=\"https:\/\/ikisahil.az\/photo\/0x0_2\/upload\/gallery\/2024\/10\/21\/-f0031c7a172951752339938719910206320.jpg\" \/><\/div>\n<\/div>\n<div class=\"fotorama__video-close\"><\/div>\n<\/div>\n<\/div>\n<\/div>\n<div class=\"sharing my-2 row no-gutters d-print-none\"><\/div>\n<div class=\"d-none d-sm-block\"><\/div>\n","protected":false},"excerpt":{"rendered":"<p>Bug\u00fcn\u00fcm\u00fcz\u00fcn q\u00fcrurverici hadis\u0259l\u0259rind\u0259n biri torpaqlar\u0131m\u0131z\u0131n i\u015f\u011faldan azad edilm\u0259si g\u00fcnl\u0259rinin qeyd olunmas\u0131d\u0131r.\u00a0 Ya\u015fad\u0131\u011f\u0131m\u0131z bu q\u00fcrurlu anlara, tariximizin \u015f\u0259r\u0259fli g\u00fcnl\u0259rin\u0259 g\u00f6r\u0259 d\u00f6vl\u0259t ba\u015f\u00e7\u0131s\u0131, M\u00fcz\u0259ff\u0259r Ali Ba\u015f Komandan \u0130lham \u018fliyev\u0259, r\u0259\u015fad\u0259tli Az\u0259rbaycan Ordusuna minn\u0259tdar\u0131q. Qanlar\u0131, canlar\u0131 il\u0259 tarix yazan \u015f\u0259hidl\u0259rimizin ruhu qar\u015f\u0131s\u0131nda ba\u015f \u0259yir, qazil\u0259rimiz\u0259 Allahdan \u015f\u0259fa\u00a0 dil\u0259yirik. D\u00f6vl\u0259t ba\u015f\u00e7\u0131s\u0131 \u0130lham \u018fliyev daim \u00e7\u0131x\u0131\u015flar\u0131nda \u201cBu g\u00fcn bu \u015fanl\u0131 Q\u0259l\u0259b\u0259d\u0259n dan\u0131\u015fark\u0259n, ilk n\u00f6vb\u0259d\u0259, \u0259ziz \u015f\u0259hidl\u0259rimizin xatir\u0259sini yad etm\u0259liyik\u201d s\u00f6yl\u0259y\u0259r\u0259k bildirir ki,\u00a0 Az\u0259rbaycan xalq\u0131, indiki\u00a0 v\u0259 g\u0259l\u0259c\u0259k n\u0259sill\u0259r h\u0259mi\u015f\u0259 \u015f\u0259hidl\u0259rimizl\u0259 f\u0259xr ed\u0259c\u0259k. Azad edilmi\u015f b\u00fct\u00fcn \u015f\u0259h\u0259r-k\u0259ndl\u0259rimizd\u0259 b\u0259rpa i\u015fl\u0259ri ba\u015fa \u00e7atandan sonra \u015f\u0259hidl\u0259rimizin ad\u0131na k\u00fc\u00e7\u0259l\u0259r sal\u0131nacaq,\u00a0&hellip;<\/p>\n","protected":false},"author":2,"featured_media":763309,"comment_status":"closed","ping_status":"closed","sticky":false,"template":"","format":"standard","meta":{"om_disable_all_campaigns":false,"_monsterinsights_skip_tracking":false,"_monsterinsights_sitenote_active":false,"_monsterinsights_sitenote_note":"","_monsterinsights_sitenote_category":0},"categories":[1],"tags":[],"aioseo_notices":[],"gutentor_comment":0,"rttpg_featured_image_url":{"full":["https:\/\/arantv.az\/wp-content\/uploads\/2024\/10\/61d77652160950311087786653310943803.jpg",975,540,false],"landscape":["https:\/\/arantv.az\/wp-content\/uploads\/2024\/10\/61d77652160950311087786653310943803.jpg",975,540,false],"portraits":["https:\/\/arantv.az\/wp-content\/uploads\/2024\/10\/61d77652160950311087786653310943803.jpg",975,540,false],"thumbnail":["https:\/\/arantv.az\/wp-content\/uploads\/2024\/10\/61d77652160950311087786653310943803-500x280.jpg",500,280,true],"medium":["https:\/\/arantv.az\/wp-content\/uploads\/2024\/10\/61d77652160950311087786653310943803-660x365.jpg",660,365,true],"large":["https:\/\/arantv.az\/wp-content\/uploads\/2024\/10\/61d77652160950311087786653310943803-840x465.jpg",640,354,true],"1536x1536":["https:\/\/arantv.az\/wp-content\/uploads\/2024\/10\/61d77652160950311087786653310943803.jpg",975,540,false],"2048x2048":["https:\/\/arantv.az\/wp-content\/uploads\/2024\/10\/61d77652160950311087786653310943803.jpg",975,540,false],"post-thumbnail":["https:\/\/arantv.az\/wp-content\/uploads\/2024\/10\/61d77652160950311087786653310943803-240x172.jpg",240,172,true],"advps-thumb-one":["https:\/\/arantv.az\/wp-content\/uploads\/2024\/10\/61d77652160950311087786653310943803.jpg",975,540,false]},"rttpg_author":{"display_name":"V\u00fcsal Rafiqo\u011flu","author_link":"https:\/\/arantv.az\/?author=2"},"rttpg_comment":0,"rttpg_category":"<a href=\"https:\/\/arantv.az\/?cat=1\" rel=\"category\">C\u0259miyy\u0259t<\/a>","rttpg_excerpt":"Bug\u00fcn\u00fcm\u00fcz\u00fcn q\u00fcrurverici hadis\u0259l\u0259rind\u0259n biri torpaqlar\u0131m\u0131z\u0131n i\u015f\u011faldan azad edilm\u0259si g\u00fcnl\u0259rinin qeyd olunmas\u0131d\u0131r.\u00a0 Ya\u015fad\u0131\u011f\u0131m\u0131z bu q\u00fcrurlu anlara, tariximizin \u015f\u0259r\u0259fli g\u00fcnl\u0259rin\u0259 g\u00f6r\u0259 d\u00f6vl\u0259t ba\u015f\u00e7\u0131s\u0131, M\u00fcz\u0259ff\u0259r Ali Ba\u015f Komandan \u0130lham \u018fliyev\u0259, r\u0259\u015fad\u0259tli Az\u0259rbaycan Ordusuna minn\u0259tdar\u0131q. Qanlar\u0131, canlar\u0131 il\u0259 tarix yazan \u015f\u0259hidl\u0259rimizin ruhu qar\u015f\u0131s\u0131nda ba\u015f \u0259yir, qazil\u0259rimiz\u0259 Allahdan \u015f\u0259fa\u00a0 dil\u0259yirik. D\u00f6vl\u0259t ba\u015f\u00e7\u0131s\u0131 \u0130lham \u018fliyev daim \u00e7\u0131x\u0131\u015flar\u0131nda \u201cBu g\u00fcn bu \u015fanl\u0131&hellip;","_links":{"self":[{"href":"https:\/\/arantv.az\/index.php?rest_route=\/wp\/v2\/posts\/763308"}],"collection":[{"href":"https:\/\/arantv.az\/index.php?rest_route=\/wp\/v2\/posts"}],"about":[{"href":"https:\/\/arantv.az\/index.php?rest_route=\/wp\/v2\/types\/post"}],"author":[{"embeddable":true,"href":"https:\/\/arantv.az\/index.php?rest_route=\/wp\/v2\/users\/2"}],"replies":[{"embeddable":true,"href":"https:\/\/arantv.az\/index.php?rest_route=%2Fwp%2Fv2%2Fcomments&post=763308"}],"version-history":[{"count":1,"href":"https:\/\/arantv.az\/index.php?rest_route=\/wp\/v2\/posts\/763308\/revisions"}],"predecessor-version":[{"id":763310,"href":"https:\/\/arantv.az\/index.php?rest_route=\/wp\/v2\/posts\/763308\/revisions\/763310"}],"wp:featuredmedia":[{"embeddable":true,"href":"https:\/\/arantv.az\/index.php?rest_route=\/wp\/v2\/media\/763309"}],"wp:attachment":[{"href":"https:\/\/arantv.az\/index.php?rest_route=%2Fwp%2Fv2%2Fmedia&parent=763308"}],"wp:term":[{"taxonomy":"category","embeddable":true,"href":"https:\/\/arantv.az\/index.php?rest_route=%2Fwp%2Fv2%2Fcategories&post=763308"},{"taxonomy":"post_tag","embeddable":true,"href":"https:\/\/arantv.az\/index.php?rest_route=%2Fwp%2Fv2%2Ftags&post=763308"}],"curies":[{"name":"wp","href":"https:\/\/api.w.org\/{rel}","templated":true}]}}