{"id":763312,"date":"2024-10-22T07:30:01","date_gmt":"2024-10-22T03:30:01","guid":{"rendered":"https:\/\/arantv.az\/?p=763312"},"modified":"2024-10-22T07:30:01","modified_gmt":"2024-10-22T03:30:01","slug":"lacin-ag-orp%c9%99y%c9%99-burundu-fotolar","status":"publish","type":"post","link":"https:\/\/arantv.az\/?p=763312","title":{"rendered":"La\u00e7\u0131n a\u011f \u00f6rp\u0259y\u0259 b\u00fcr\u00fcnd\u00fc &#8211; FOTOLAR"},"content":{"rendered":"<p><strong>\u015e\u0259rqi Z\u0259ng\u0259zurun da\u011fl\u0131q hiss\u0259l\u0259rin\u0259 ya\u011fan qar bu g\u00fcn La\u00e7\u0131n rayonunda da m\u00fc\u015fahid\u0259 olunub.<\/strong><\/p>\n<p><b>ARANTV.AZ <\/b>Az\u0259rtac-a istinad\u0259n x\u0259b\u0259r verir ki, \u0259srar\u0259ngiz t\u0259bi\u0259ti il\u0259 se\u00e7il\u0259n Mirik v\u0259 Qu\u015f\u00e7u k\u0259ndl\u0259rin\u0259 pay\u0131z m\u00f6vs\u00fcm\u00fcnd\u0259 qar ya\u011f\u0131b. Bu g\u00fcn, h\u0259m\u00e7inin \u015eu\u015fa-La\u00e7\u0131n yolunun b\u0259zi yerl\u0259rin\u0259 d\u0259 qar d\u00fc\u015f\u00fcb. Qar \u015eu\u015fa rayonu Tur\u015fsu k\u0259ndind\u0259 d\u0259 m\u00fc\u015fahid\u0259 edilib.<\/p>\n<p><img src=\"https:\/\/ssl.bizim.media\/file\/articles\/2024\/10\/21\/1729535323_5237732525101677164.jpg\" alt=\"\" \/><\/p>\n<p><img src=\"https:\/\/ssl.bizim.media\/file\/articles\/2024\/10\/21\/1729535347_5237732525101677166.jpg\" alt=\"\" \/><\/p>\n<p><img src=\"https:\/\/ssl.bizim.media\/file\/articles\/2024\/10\/21\/1729535390_5237732525101677167.jpg\" alt=\"\" \/><\/p>\n<p><img src=\"https:\/\/ssl.bizim.media\/file\/articles\/2024\/10\/21\/1729535366_5237732525101677168.jpg\" alt=\"\" \/><\/p>\n<p><img src=\"https:\/\/ssl.bizim.media\/file\/articles\/2024\/10\/21\/1729535321_5237732525101677169.jpg\" alt=\"\" \/><\/p>\n","protected":false},"excerpt":{"rendered":"<p>\u015e\u0259rqi Z\u0259ng\u0259zurun da\u011fl\u0131q hiss\u0259l\u0259rin\u0259 ya\u011fan qar bu g\u00fcn La\u00e7\u0131n rayonunda da m\u00fc\u015fahid\u0259 olunub. ARANTV.AZ Az\u0259rtac-a istinad\u0259n x\u0259b\u0259r verir ki, \u0259srar\u0259ngiz t\u0259bi\u0259ti il\u0259 se\u00e7il\u0259n Mirik v\u0259 Qu\u015f\u00e7u k\u0259ndl\u0259rin\u0259 pay\u0131z m\u00f6vs\u00fcm\u00fcnd\u0259 qar ya\u011f\u0131b. Bu g\u00fcn, h\u0259m\u00e7inin \u015eu\u015fa-La\u00e7\u0131n yolunun b\u0259zi yerl\u0259rin\u0259 d\u0259 qar d\u00fc\u015f\u00fcb. Qar \u015eu\u015fa rayonu Tur\u015fsu k\u0259ndind\u0259 d\u0259 m\u00fc\u015fahid\u0259 edilib.<\/p>\n","protected":false},"author":2,"featured_media":763313,"comment_status":"closed","ping_status":"closed","sticky":false,"template":"","format":"standard","meta":{"om_disable_all_campaigns":false,"_monsterinsights_skip_tracking":false,"_monsterinsights_sitenote_active":false,"_monsterinsights_sitenote_note":"","_monsterinsights_sitenote_category":0},"categories":[1],"tags":[],"aioseo_notices":[],"gutentor_comment":0,"rttpg_featured_image_url":{"full":["https:\/\/arantv.az\/wp-content\/uploads\/2024\/10\/lacin.jpg",1200,794,false],"landscape":["https:\/\/arantv.az\/wp-content\/uploads\/2024\/10\/lacin.jpg",1200,794,false],"portraits":["https:\/\/arantv.az\/wp-content\/uploads\/2024\/10\/lacin.jpg",1200,794,false],"thumbnail":["https:\/\/arantv.az\/wp-content\/uploads\/2024\/10\/lacin-500x280.jpg",500,280,true],"medium":["https:\/\/arantv.az\/wp-content\/uploads\/2024\/10\/lacin-552x365.jpg",552,365,true],"large":["https:\/\/arantv.az\/wp-content\/uploads\/2024\/10\/lacin-840x556.jpg",640,424,true],"1536x1536":["https:\/\/arantv.az\/wp-content\/uploads\/2024\/10\/lacin.jpg",1200,794,false],"2048x2048":["https:\/\/arantv.az\/wp-content\/uploads\/2024\/10\/lacin.jpg",1200,794,false],"post-thumbnail":["https:\/\/arantv.az\/wp-content\/uploads\/2024\/10\/lacin-240x172.jpg",240,172,true],"advps-thumb-one":["https:\/\/arantv.az\/wp-content\/uploads\/2024\/10\/lacin-1200x620.jpg",1200,620,true]},"rttpg_author":{"display_name":"V\u00fcsal Rafiqo\u011flu","author_link":"https:\/\/arantv.az\/?author=2"},"rttpg_comment":0,"rttpg_category":"<a href=\"https:\/\/arantv.az\/?cat=1\" rel=\"category\">C\u0259miyy\u0259t<\/a>","rttpg_excerpt":"\u015e\u0259rqi Z\u0259ng\u0259zurun da\u011fl\u0131q hiss\u0259l\u0259rin\u0259 ya\u011fan qar bu g\u00fcn La\u00e7\u0131n rayonunda da m\u00fc\u015fahid\u0259 olunub. ARANTV.AZ Az\u0259rtac-a istinad\u0259n x\u0259b\u0259r verir ki, \u0259srar\u0259ngiz t\u0259bi\u0259ti il\u0259 se\u00e7il\u0259n Mirik v\u0259 Qu\u015f\u00e7u k\u0259ndl\u0259rin\u0259 pay\u0131z m\u00f6vs\u00fcm\u00fcnd\u0259 qar ya\u011f\u0131b. Bu g\u00fcn, h\u0259m\u00e7inin \u015eu\u015fa-La\u00e7\u0131n yolunun b\u0259zi yerl\u0259rin\u0259 d\u0259 qar d\u00fc\u015f\u00fcb. Qar \u015eu\u015fa rayonu Tur\u015fsu k\u0259ndind\u0259 d\u0259 m\u00fc\u015fahid\u0259 edilib.","_links":{"self":[{"href":"https:\/\/arantv.az\/index.php?rest_route=\/wp\/v2\/posts\/763312"}],"collection":[{"href":"https:\/\/arantv.az\/index.php?rest_route=\/wp\/v2\/posts"}],"about":[{"href":"https:\/\/arantv.az\/index.php?rest_route=\/wp\/v2\/types\/post"}],"author":[{"embeddable":true,"href":"https:\/\/arantv.az\/index.php?rest_route=\/wp\/v2\/users\/2"}],"replies":[{"embeddable":true,"href":"https:\/\/arantv.az\/index.php?rest_route=%2Fwp%2Fv2%2Fcomments&post=763312"}],"version-history":[{"count":1,"href":"https:\/\/arantv.az\/index.php?rest_route=\/wp\/v2\/posts\/763312\/revisions"}],"predecessor-version":[{"id":763314,"href":"https:\/\/arantv.az\/index.php?rest_route=\/wp\/v2\/posts\/763312\/revisions\/763314"}],"wp:featuredmedia":[{"embeddable":true,"href":"https:\/\/arantv.az\/index.php?rest_route=\/wp\/v2\/media\/763313"}],"wp:attachment":[{"href":"https:\/\/arantv.az\/index.php?rest_route=%2Fwp%2Fv2%2Fmedia&parent=763312"}],"wp:term":[{"taxonomy":"category","embeddable":true,"href":"https:\/\/arantv.az\/index.php?rest_route=%2Fwp%2Fv2%2Fcategories&post=763312"},{"taxonomy":"post_tag","embeddable":true,"href":"https:\/\/arantv.az\/index.php?rest_route=%2Fwp%2Fv2%2Ftags&post=763312"}],"curies":[{"name":"wp","href":"https:\/\/api.w.org\/{rel}","templated":true}]}}