{"id":763568,"date":"2024-10-23T07:18:44","date_gmt":"2024-10-23T03:18:44","guid":{"rendered":"https:\/\/arantv.az\/?p=763568"},"modified":"2024-10-23T07:18:44","modified_gmt":"2024-10-23T03:18:44","slug":"meyxanacinin-da-icind%c9%99-oldugu-masin-partladi-iki-n%c9%99f%c9%99r-yanaraq-oldu-hadis%c9%99nin-t%c9%99f%c9%99rruativideo","status":"publish","type":"post","link":"https:\/\/arantv.az\/?p=763568","title":{"rendered":"Meyxana\u00e7\u0131n\u0131n da i\u00e7ind\u0259 oldu\u011fu ma\u015f\u0131n partlad\u0131: \u0130ki n\u0259f\u0259r yanaraq \u00f6ld\u00fc &#8211; Hadis\u0259nin T\u018fF\u018fRR\u00dcATIV\u0130DEO"},"content":{"rendered":"<div class=\"text-content\" data-id=\"\" data-url=\"\">\n<p><em><strong>Ucarda ba\u015f ver\u0259n d\u0259h\u015f\u0259tli yol-n\u0259qliyyat hadis\u0259sinin t\u0259f\u0259rr\u00fcat\u0131 m\u0259lum olub.<\/strong><\/em><\/p>\n<p>Bel\u0259 ki, hadis\u0259 oktyabr\u0131n 21-d\u0259 ax\u015fam saatlar\u0131nda rayonun Alpout k\u0259ndi \u0259razisind\u0259n ke\u00e7\u0259n hiss\u0259sind\u0259 qeyd\u0259 al\u0131n\u0131b.<\/p>\n<p>Ucar\u0131n Qaz\u0131qumlaq k\u0259nd sakini, 1992-ci il t\u0259v\u0259ll\u00fcdl\u00fc Ayt\u0259n Q\u00fcd\u0259ss\u0259rovan\u0131n idar\u0259 etdiyi &#8220;Peugeot&#8221; markal\u0131 avtomobil qar\u015f\u0131da ged\u0259n &#8220;KamAZ&#8221;a \u00e7\u0131rp\u0131l\u0131b. Sonradan &#8220;Peugeot&#8221; markal\u0131 avtomobil tamamil\u0259 yan\u0131b.<\/p>\n<p>N\u0259tic\u0259d\u0259 A.Q\u00fcd\u0259ss\u0259rova, s\u0259rni\u015finl\u0259ri olan Ucar rayon sakinl\u0259ri, 1961-ci il t\u0259v\u0259ll\u00fcdl\u00fc G\u00fclsur\u0259 H\u00fcseynova v\u0259 1986-c\u0131 il t\u0259v\u0259ll\u00fcdl\u00fc Asim Allahverdiyev hadis\u0259 yerind\u0259 yanaraq \u00f6l\u00fcbl\u0259r. Dig\u0259r s\u0259rni\u015fin, 2007-ci il t\u0259v\u0259ll\u00fcdl\u00fc S\u0259ma Q\u00fcd\u0259ss\u0259rova x\u0259st\u0259xanaya yerl\u0259\u015fdirilib, v\u0259ziyy\u0259ti orta a\u011f\u0131rd\u0131r.<\/p>\n<p>&#8220;G\u0259lirdik, yolda g\u00f6rd\u00fck ki, ma\u015f\u0131n al\u0131\u015f\u0131b. \u018flimizd\u0259n g\u0259l\u0259n k\u00f6m\u0259yi etdik. \u0130lk olaraq u\u015faqlar t\u0259cili tibbi yard\u0131m\u0131 \u00e7a\u011f\u0131rd\u0131lar. Biz d\u0259 \u00fc\u00e7 n\u0259f\u0259ri \u00e7\u0131xartd\u0131q, ax\u0131r\u0131nc\u0131 ya\u015fl\u0131 qad\u0131n\u0131 \u00e7\u0131xarandan sonra ma\u015f\u0131n partlad\u0131&#8221;, &#8211; hadis\u0259 \u015fahidi deyib.<\/p>\n<p>Bildirilib ki, q\u0259zada h\u0259yat\u0131n\u0131 itir\u0259n Asim Allahverdiyev Ucarda v\u0259 \u0259traf rayonlarda meyxana\u00e7\u0131 kimi tan\u0131n\u0131b v\u0259 Asim Ucarl\u0131 ad\u0131 il\u0259 f\u0259aliyy\u0259t g\u00f6st\u0259rib.<\/p>\n<p>\u018ftrafl\u0131 Baku TV-nin s\u00fcjetind\u0259:<\/p>\n<p><iframe title=\"Gec\u0259 biz\u0259 x\u0259b\u0259r \u00e7atd\u0131 ki... | Meyxana\u00e7\u0131 v\u0259 \u00fc\u00e7 qad\u0131n\u0131n d\u00fc\u015fd\u00fcy\u00fc q\u0259zan\u0131n d\u0259h\u015f\u0259tli t\u0259f\u0259rr\u00fcat\u0131\" src=\"https:\/\/www.youtube.com\/embed\/Lkfiu_nJVh4\" frameborder=\"0\" allowfullscreen=\"allowfullscreen\" data-mce-fragment=\"1\"><\/iframe><\/p>\n<\/div>\n<div><\/div>\n<div><\/div>\n<div class=\"inner-social-box\">\n<div class=\"subs-in-social subs-whatsapp\"><\/div>\n<\/div>\n","protected":false},"excerpt":{"rendered":"<p>Ucarda ba\u015f ver\u0259n d\u0259h\u015f\u0259tli yol-n\u0259qliyyat hadis\u0259sinin t\u0259f\u0259rr\u00fcat\u0131 m\u0259lum olub. Bel\u0259 ki, hadis\u0259 oktyabr\u0131n 21-d\u0259 ax\u015fam saatlar\u0131nda rayonun Alpout k\u0259ndi \u0259razisind\u0259n ke\u00e7\u0259n hiss\u0259sind\u0259 qeyd\u0259 al\u0131n\u0131b. Ucar\u0131n Qaz\u0131qumlaq k\u0259nd sakini, 1992-ci il t\u0259v\u0259ll\u00fcdl\u00fc Ayt\u0259n Q\u00fcd\u0259ss\u0259rovan\u0131n idar\u0259 etdiyi &#8220;Peugeot&#8221; markal\u0131 avtomobil qar\u015f\u0131da ged\u0259n &#8220;KamAZ&#8221;a \u00e7\u0131rp\u0131l\u0131b. Sonradan &#8220;Peugeot&#8221; markal\u0131 avtomobil tamamil\u0259 yan\u0131b. N\u0259tic\u0259d\u0259 A.Q\u00fcd\u0259ss\u0259rova, s\u0259rni\u015finl\u0259ri olan Ucar rayon sakinl\u0259ri, 1961-ci il t\u0259v\u0259ll\u00fcdl\u00fc G\u00fclsur\u0259 H\u00fcseynova v\u0259 1986-c\u0131 il t\u0259v\u0259ll\u00fcdl\u00fc Asim Allahverdiyev hadis\u0259 yerind\u0259 yanaraq \u00f6l\u00fcbl\u0259r. Dig\u0259r s\u0259rni\u015fin, 2007-ci il t\u0259v\u0259ll\u00fcdl\u00fc S\u0259ma Q\u00fcd\u0259ss\u0259rova x\u0259st\u0259xanaya yerl\u0259\u015fdirilib, v\u0259ziyy\u0259ti orta a\u011f\u0131rd\u0131r. &#8220;G\u0259lirdik, yolda g\u00f6rd\u00fck ki, ma\u015f\u0131n al\u0131\u015f\u0131b. \u018flimizd\u0259n g\u0259l\u0259n&hellip;<\/p>\n","protected":false},"author":2,"featured_media":763569,"comment_status":"closed","ping_status":"closed","sticky":false,"template":"","format":"standard","meta":{"om_disable_all_campaigns":false,"_monsterinsights_skip_tracking":false,"_monsterinsights_sitenote_active":false,"_monsterinsights_sitenote_note":"","_monsterinsights_sitenote_category":0},"categories":[5],"tags":[],"aioseo_notices":[],"gutentor_comment":0,"rttpg_featured_image_url":{"full":["https:\/\/arantv.az\/wp-content\/uploads\/2024\/10\/5bb6e98207f0d67b1c3eb138e701fd0f.png",621,374,false],"landscape":["https:\/\/arantv.az\/wp-content\/uploads\/2024\/10\/5bb6e98207f0d67b1c3eb138e701fd0f.png",621,374,false],"portraits":["https:\/\/arantv.az\/wp-content\/uploads\/2024\/10\/5bb6e98207f0d67b1c3eb138e701fd0f.png",621,374,false],"thumbnail":["https:\/\/arantv.az\/wp-content\/uploads\/2024\/10\/5bb6e98207f0d67b1c3eb138e701fd0f-500x280.png",500,280,true],"medium":["https:\/\/arantv.az\/wp-content\/uploads\/2024\/10\/5bb6e98207f0d67b1c3eb138e701fd0f-606x365.png",606,365,true],"large":["https:\/\/arantv.az\/wp-content\/uploads\/2024\/10\/5bb6e98207f0d67b1c3eb138e701fd0f.png",621,374,false],"1536x1536":["https:\/\/arantv.az\/wp-content\/uploads\/2024\/10\/5bb6e98207f0d67b1c3eb138e701fd0f.png",621,374,false],"2048x2048":["https:\/\/arantv.az\/wp-content\/uploads\/2024\/10\/5bb6e98207f0d67b1c3eb138e701fd0f.png",621,374,false],"post-thumbnail":["https:\/\/arantv.az\/wp-content\/uploads\/2024\/10\/5bb6e98207f0d67b1c3eb138e701fd0f-240x172.png",240,172,true],"advps-thumb-one":["https:\/\/arantv.az\/wp-content\/uploads\/2024\/10\/5bb6e98207f0d67b1c3eb138e701fd0f.png",621,374,false]},"rttpg_author":{"display_name":"V\u00fcsal Rafiqo\u011flu","author_link":"https:\/\/arantv.az\/?author=2"},"rttpg_comment":0,"rttpg_category":"<a href=\"https:\/\/arantv.az\/?cat=5\" rel=\"category\">Hadis\u0259<\/a>","rttpg_excerpt":"Ucarda ba\u015f ver\u0259n d\u0259h\u015f\u0259tli yol-n\u0259qliyyat hadis\u0259sinin t\u0259f\u0259rr\u00fcat\u0131 m\u0259lum olub. Bel\u0259 ki, hadis\u0259 oktyabr\u0131n 21-d\u0259 ax\u015fam saatlar\u0131nda rayonun Alpout k\u0259ndi \u0259razisind\u0259n ke\u00e7\u0259n hiss\u0259sind\u0259 qeyd\u0259 al\u0131n\u0131b. Ucar\u0131n Qaz\u0131qumlaq k\u0259nd sakini, 1992-ci il t\u0259v\u0259ll\u00fcdl\u00fc Ayt\u0259n Q\u00fcd\u0259ss\u0259rovan\u0131n idar\u0259 etdiyi &#8220;Peugeot&#8221; markal\u0131 avtomobil qar\u015f\u0131da ged\u0259n &#8220;KamAZ&#8221;a \u00e7\u0131rp\u0131l\u0131b. Sonradan &#8220;Peugeot&#8221; markal\u0131 avtomobil tamamil\u0259 yan\u0131b. N\u0259tic\u0259d\u0259 A.Q\u00fcd\u0259ss\u0259rova, s\u0259rni\u015finl\u0259ri olan Ucar rayon sakinl\u0259ri,&hellip;","_links":{"self":[{"href":"https:\/\/arantv.az\/index.php?rest_route=\/wp\/v2\/posts\/763568"}],"collection":[{"href":"https:\/\/arantv.az\/index.php?rest_route=\/wp\/v2\/posts"}],"about":[{"href":"https:\/\/arantv.az\/index.php?rest_route=\/wp\/v2\/types\/post"}],"author":[{"embeddable":true,"href":"https:\/\/arantv.az\/index.php?rest_route=\/wp\/v2\/users\/2"}],"replies":[{"embeddable":true,"href":"https:\/\/arantv.az\/index.php?rest_route=%2Fwp%2Fv2%2Fcomments&post=763568"}],"version-history":[{"count":1,"href":"https:\/\/arantv.az\/index.php?rest_route=\/wp\/v2\/posts\/763568\/revisions"}],"predecessor-version":[{"id":763570,"href":"https:\/\/arantv.az\/index.php?rest_route=\/wp\/v2\/posts\/763568\/revisions\/763570"}],"wp:featuredmedia":[{"embeddable":true,"href":"https:\/\/arantv.az\/index.php?rest_route=\/wp\/v2\/media\/763569"}],"wp:attachment":[{"href":"https:\/\/arantv.az\/index.php?rest_route=%2Fwp%2Fv2%2Fmedia&parent=763568"}],"wp:term":[{"taxonomy":"category","embeddable":true,"href":"https:\/\/arantv.az\/index.php?rest_route=%2Fwp%2Fv2%2Fcategories&post=763568"},{"taxonomy":"post_tag","embeddable":true,"href":"https:\/\/arantv.az\/index.php?rest_route=%2Fwp%2Fv2%2Ftags&post=763568"}],"curies":[{"name":"wp","href":"https:\/\/api.w.org\/{rel}","templated":true}]}}