{"id":763571,"date":"2024-10-23T07:20:30","date_gmt":"2024-10-23T03:20:30","guid":{"rendered":"https:\/\/arantv.az\/?p=763571"},"modified":"2024-10-23T07:20:30","modified_gmt":"2024-10-23T03:20:30","slug":"biz-ancaq-oz-gucumuz%c9%99-arxalanmaliyiq-oz-potensialimiza-guv%c9%99nm%c9%99liyik","status":"publish","type":"post","link":"https:\/\/arantv.az\/?p=763571","title":{"rendered":"Biz ancaq \u00f6z g\u00fcc\u00fcm\u00fcz\u0259 arxalanmal\u0131y\u0131q, \u00f6z potensial\u0131m\u0131za g\u00fcv\u0259nm\u0259liyik"},"content":{"rendered":"<p><em><strong>D\u00f6vl\u0259t ba\u015f\u00e7\u0131s\u0131 \u0130lham \u018fliyevin qeyd etdiyi kimi, i\u015f\u011faldan azad edilmi\u015f \u0259razil\u0259rimizd\u0259 g\u00f6r\u00fcl\u0259n i\u015fl\u0259rin fonunda \u00f6lk\u0259mizin malik oldu\u011fu iqtisadi imkanlar, tarixi irsimizin qorunmas\u0131n\u0131n prioritetliyi \u00f6z\u00fcn\u00fc ayd\u0131n \u015f\u0259kild\u0259 n\u00fcmayi\u015f etdirir<\/strong><\/em><\/p>\n<p>Yeni d\u00f6vr yeni h\u0259d\u0259fl\u0259ri il\u0259 diqq\u0259td\u0259dir. C\u0259nab \u0130lham \u018fliyev ist\u0259r prezident se\u00e7kil\u0259rind\u0259 inaml\u0131 q\u0259l\u0259b\u0259sind\u0259n sonra ke\u00e7iril\u0259n andi\u00e7m\u0259 m\u0259rasimind\u0259, ist\u0259rs\u0259 d\u0259 VII \u00e7a\u011f\u0131r\u0131\u015f Milli M\u0259clisin ilk iclas\u0131ndak\u0131 \u00e7\u0131x\u0131\u015f\u0131nda qar\u015f\u0131dak\u0131 d\u00f6vr \u00fc\u00e7\u00fcn m\u00fc\u0259yy\u0259nl\u0259\u015fdiril\u0259n h\u0259d\u0259fl\u0259rd\u0259n b\u0259hs ed\u0259rk\u0259n bu \u00e7a\u011f\u0131r\u0131\u015f\u0131 etdi ki, onlara nail olmaq \u00fc\u00e7\u00fcn iqtisadiyyat inki\u015faf etdirilm\u0259lidir.<\/p>\n<p>\u0130\u015f\u011faldan azad edilmi\u015f \u0259razil\u0259rd\u0259 g\u00f6r\u00fcl\u0259n geni\u015fmiqyasl\u0131 b\u0259rpa-quruculuq i\u015fl\u0259rinin \u0259sas t\u0259rkib hiss\u0259l\u0259rind\u0259n biri m\u0259d\u0259ni, tarixi irsimizin qorunmas\u0131, tarixi abid\u0259l\u0259rin b\u0259rpa edilm\u0259sidir. D\u00f6vl\u0259timizin ba\u015f\u00e7\u0131s\u0131 \u0130lham \u018fliyev VII \u00e7a\u011f\u0131r\u0131\u015f Milli M\u0259clisin ilk iclas\u0131nda diqq\u0259ti bu statistik r\u0259q\u0259ml\u0259r\u0259 y\u00f6n\u0259ltdi ki, erm\u0259nil\u0259r t\u0259r\u0259find\u0259n da\u011f\u0131lm\u0131\u015f yeddi m\u0259scid yenid\u0259n qurulmu\u015fdur. S\u0259kkiz m\u0259scidin in\u015fas\u0131 davam edir. Z\u0259f\u0259r muzeyl\u0259ri, i\u015f\u011fal muzeyl\u0259ri, z\u0259f\u0259r parklar\u0131, &#8211; y\u0259ni bu co\u011frafiyada bel\u0259 geni\u015fmiqyasl\u0131 i\u015fl\u0259ri aparmaq do\u011frudan da xalq\u0131m\u0131z\u0131n b\u00f6y\u00fck imkanlar\u0131n\u0131 g\u00f6st\u0259rir. Burada s\u00f6hb\u0259t t\u0259kc\u0259 maliyy\u0259 v\u0259saitind\u0259n getmir: \u201cBizim qurdu\u011fumuz d\u00f6vl\u0259t, eyni zamanda, texniki imkanlara malikdir. Kadr haz\u0131rl\u0131\u011f\u0131 da yerind\u0259dir. \u00c7\u00fcnki bu i\u015fl\u0259ri g\u00f6rm\u0259k &#8211; \u00fc\u00e7 min metrd\u0259n yuxar\u0131 h\u00fcnd\u00fcrl\u00fcy\u00fc olan da\u011flarda q\u0131\u015f vaxt\u0131nda elektrik x\u0259tl\u0259ri \u00e7\u0259km\u0259k, do\u011frudan da b\u00f6y\u00fck pe\u015f\u0259karl\u0131q t\u0259l\u0259b edir. Y\u0259ni, \u00f6lk\u0259mizin potensial\u0131 budur. Biz buna haz\u0131r\u0131q. Biz torpaqlar\u0131 azad ed\u0259n kimi d\u0259rhal buna ba\u015flam\u0131\u015f\u0131q. H\u0259tta onu da deyim ki, h\u0259l\u0259 44 g\u00fcnl\u00fck \u0130kinci Qaraba\u011f m\u00fcharib\u0259si bitm\u0259mi\u015fdi, biz A\u011fd\u0259r\u0259 rayonunda art\u0131q yol infrastrukturunu in\u015fa etm\u0259y\u0259 ba\u015flam\u0131\u015fd\u0131q. \u018flb\u0259tt\u0259 ki, g\u0259l\u0259c\u0259k ill\u0259rd\u0259 i\u015fl\u0259r daha s\u00fcr\u0259tl\u0259 ged\u0259c\u0259k.\u201d<\/p>\n<p>\u018fsrl\u0259r boyu xalq\u0131m\u0131z \u00f6z m\u0259d\u0259niyy\u0259tini qoruyub. Bu, imkan verib ki, biz xalq kimi, mill\u0259t kimi milli-m\u0259n\u0259vi d\u0259y\u0259rl\u0259rimizi, milli m\u0259nsubiyy\u0259timizi qoruya bil\u0259k. Uzun ill\u0259r \u0259rzind\u0259 Az\u0259rbaycan m\u00fcst\u0259qillikd\u0259n m\u0259hrum idi, xalq\u0131m\u0131z ba\u015fqa d\u00f6vl\u0259tl\u0259rin t\u0259rkibind\u0259 ya\u015fay\u0131rd\u0131. Buna baxmayaraq xalq\u0131m\u0131z\u0131n irad\u0259si, milli k\u00f6kl\u0259r\u0259 ba\u011fl\u0131l\u0131\u011f\u0131 imkan verm\u0259di ki, assimilyasiyaya u\u011fras\u0131n. M\u0259d\u0259niyy\u0259timiz milli m\u0259nsubiyy\u0259timizi qorumaq \u00fc\u00e7\u00fcn ba\u015fl\u0131ca rol oynay\u0131b. M\u0259n\u0259vi d\u0259y\u0259rl\u0259rimizin inki\u015faf\u0131, qorunmas\u0131 \u00fc\u00e7\u00fcn \u0259d\u0259biyyat\u0131m\u0131z\u0131n, musiqimizin \u00e7ox b\u00f6y\u00fck \u0259h\u0259miyy\u0259ti var. Milli-m\u0259n\u0259vi d\u0259y\u0259rl\u0259rimizin qorunmas\u0131nda misilsiz xidm\u0259tl\u0259r g\u00f6st\u0259r\u0259n Ulu \u00d6nd\u0259r Heyd\u0259r \u018fliyev varl\u0131\u011f\u0131m\u0131z\u0131 t\u0259sdiql\u0259y\u0259n dilimizin safl\u0131\u011f\u0131n\u0131n qorunmas\u0131na x\u00fcsusi diqq\u0259tl\u0259 yana\u015fm\u0131\u015fd\u0131r. Az\u0259rbaycan dili uzun ill\u0259ri \u0259hat\u0259 ed\u0259n formala\u015fma d\u00f6vr\u00fcnd\u0259 siyasi, dini, m\u0259d\u0259ni m\u00fcnasib\u0259td\u0259 oldu\u011fu xalqlar aras\u0131nda \u00fcnsiyy\u0259t vasit\u0259si kimi ba\u015fqa dill\u0259r\u0259 d\u0259 t\u0259sir etmi\u015fdir. Xalq\u0131m\u0131z\u0131n \u0259n qiym\u0259tli s\u0259rv\u0259ti olan dilimiz\u0259 ba\u015fqa mill\u0259tl\u0259rin n\u00fcmay\u0259nd\u0259l\u0259rinin verdikl\u0259ri qiym\u0259td\u0259n d\u0259 ayd\u0131n olur ki, s\u0259lis, ax\u0131c\u0131, ah\u0259ngdar Az\u0259rbaycan dili t\u00fcrkdilli xalqlar aras\u0131nda da se\u00e7ilir v\u0259 sevilir. \u00d6lk\u0259mizd\u0259 ya\u015fayan v\u0259 dinind\u0259n, dilind\u0259n, milliyy\u0259tind\u0259n as\u0131l\u0131 olmayaraq Az\u0259rbaycan dilini ikinci ana dili kimi q\u0259bul ed\u0259n b\u00fct\u00fcn v\u0259t\u0259nda\u015flar \u00fc\u00e7\u00fcn \u00fcnsiyy\u0259t vasit\u0259si olan Az\u0259rbaycan dilinin xalq\u0131m\u0131z\u0131n elmi, b\u0259dii m\u0259ntiqi t\u0259f\u0259kk\u00fcr\u00fcn\u00fcn formala\u015fmas\u0131 v\u0259 inki\u015faf\u0131nda b\u00f6y\u00fck rolu olmu\u015fdur. \u201cAna dilimiz m\u00fcst\u0259qil Az\u0259rbaycan\u0131n, Az\u0259rbaycan xalq\u0131n\u0131n \u0259n b\u00f6y\u00fck milli s\u0259rv\u0259tidir\u201d s\u00f6yl\u0259y\u0259n \u00dcmummilli Lider Heyd\u0259r \u018fliyev bildirirdi ki, h\u0259r bir xalq\u0131n el\u0259 milli-m\u0259n\u0259vi d\u0259y\u0259rl\u0259ri vard\u0131r ki, onun qorunmas\u0131, z\u0259nginl\u0259\u015fdirilm\u0259si, inki\u015faf etdirilm\u0259si, c\u0259miyy\u0259td\u0259ki m\u00f6vqeyind\u0259n, pe\u015f\u0259sind\u0259n, v\u0259zif\u0259sind\u0259n as\u0131l\u0131 olmayaraq ham\u0131n\u0131n v\u0259 h\u0259r k\u0259sin v\u0259t\u0259nda\u015fl\u0131q borcudur.<\/p>\n<p>\u201cBiz \u00f6z tarixi k\u00f6kl\u0259rimizl\u0259, milli k\u00f6kl\u0259rimizl\u0259, milli-m\u0259n\u0259vi \u0259n\u0259n\u0259l\u0259rimizl\u0259, b\u00f6y\u00fck tariximizl\u0259 f\u0259xr ed\u0259 bil\u0259rik\u201d s\u00f6yl\u0259y\u0259n Ulu \u00d6nd\u0259r Heyd\u0259r \u018fliyev daim bu \u00e7a\u011f\u0131r\u0131\u015f\u0131 edirdi ki, g\u0259l\u0259c\u0259yimiz olan g\u0259ncl\u0259r milli-m\u0259n\u0259vi d\u0259y\u0259rl\u0259rimizi unutmamal\u0131, tariximizi, ana dilimizi bilm\u0259li v\u0259 qorumal\u0131d\u0131r. Bir \u0259sas m\u0259qam\u0131 da qeyd ed\u0259k ki, \u00dcmummilli Lider Az\u0259rbaycan xalq\u0131n\u0131n tarixi ke\u00e7mi\u015find\u0259, m\u0259n\u0259vi m\u0259d\u0259niyy\u0259ti tarixind\u0259 iz qoymu\u015f b\u00f6y\u00fck \u015f\u0259xsiyy\u0259tl\u0259rin abid\u0259y\u0259 \u00e7evrilm\u0259sinin xalq\u0131n milli varl\u0131\u011f\u0131na, milli duy\u011fular\u0131n\u0131n g\u00fccl\u0259nm\u0259sin\u0259 son d\u0259r\u0259c\u0259 m\u00fcsb\u0259t t\u0259sirini x\u00fcsusi vur\u011fulay\u0131rd\u0131. Ulu \u00d6nd\u0259rin t\u0259\u015f\u0259bb\u00fcs\u00fc v\u0259 bilavasit\u0259 t\u0259\u015fkilat\u00e7\u0131l\u0131\u011f\u0131 il\u0259 Bak\u0131n\u0131n \u0259n g\u00f6rk\u0259mli yerl\u0259rind\u0259 xalq\u0131m\u0131z\u0131n milli varl\u0131\u011f\u0131n\u0131n da\u015f\u0131y\u0131c\u0131s\u0131 olan b\u00f6y\u00fck insanlar\u0131n \u0259z\u0259m\u0259tli heyk\u0259ll\u0259ri ucald\u0131lm\u0131\u015f, b\u00f6y\u00fck tarixi \u015f\u0259xsiyy\u0259tl\u0259rin h\u0259r biri \u00fc\u00e7\u00fcn bir m\u0259d\u0259niyy\u0259t m\u0259rk\u0259zin\u0259 \u00e7evril\u0259n ev-muzeyl\u0259ri yarad\u0131lm\u0131\u015fd\u0131r. Son 21 ild\u0259 bu siyas\u0259tin Prezident \u0130lham \u018fliyev t\u0259r\u0259find\u0259n u\u011furla davam etdirilm\u0259si at\u0131lan davaml\u0131 add\u0131mlardan daha ayd\u0131n g\u00f6r\u00fcn\u00fcr. Bunun \u00fc\u00e7\u00fcn t\u0259kc\u0259 son ill\u0259rd\u0259 bu istiqam\u0259td\u0259 at\u0131lm\u0131\u015f add\u0131mlara diqq\u0259t yetirm\u0259k kifay\u0259tdir. Prezident \u0130lham \u018fliyevin S\u0259r\u0259ncam\u0131 il\u0259 2018-ci ilin \u00f6lk\u0259mizd\u0259 \u201cAz\u0259rbaycan Xalq C\u00fcmhuriyy\u0259ti ili\u201d elan edilm\u0259si, h\u0259m\u00e7inin \u201c1918-ci il az\u0259rbaycanl\u0131lar\u0131n soyq\u0131r\u0131m\u0131n\u0131n 100 illiyi haqq\u0131nda\u201d S\u0259r\u0259ncam\u0131, \u201cAz\u0259rbaycan dilinin safl\u0131\u011f\u0131n\u0131n qorunmas\u0131 v\u0259 d\u00f6vl\u0259t dilind\u0259n istifad\u0259nin daha da t\u0259kmill\u0259\u015fdirilm\u0259si il\u0259 ba\u011fl\u0131 t\u0259dbirl\u0259r haqq\u0131nda\u201d F\u0259rman\u0131, 2019-cu ilin \u201cN\u0259simi ili\u201d, 2021-ci ilin \u201cNizami G\u0259nc\u0259vi ili\u201d, 2022-ci ilin \u201c\u015eu\u015fa ili\u201d, 2023-c\u00fc ilin \u201cHeyd\u0259r \u018fliyev ili\u201d elan edilm\u0259si d\u0259 deyil\u0259nl\u0259rin t\u0259sdiqidir. \u201cHeyd\u0259r \u018fliyev ili\u201d m\u00fcst\u0259qillik tariximizin ayr\u0131-ayr\u0131 d\u00f6vrl\u0259rinin geni\u015f t\u0259hlilin\u0259, Az\u0259rbaycan\u0131n ayr\u0131-ayr\u0131 sah\u0259l\u0259rd\u0259 qazand\u0131\u011f\u0131 u\u011furlar\u0131n, \u0259n \u0259sas\u0131 az\u0259rbaycan\u00e7\u0131l\u0131q ideologiyas\u0131n\u0131n t\u0259bli\u011fin\u0259 geni\u015f imkanlar yaratd\u0131. C\u0259nab \u0130lham \u018fliyev bu ilin 14 fevral tarixind\u0259 ke\u00e7iril\u0259n andi\u00e7m\u0259 m\u0259rasimind\u0259 h\u0259d\u0259fl\u0259ri a\u00e7\u0131qlayark\u0259n bu m\u00fch\u00fcm m\u0259qam\u0131 x\u00fcsusi qeyd etdi ki, az\u0259rbaycan\u00e7\u0131l\u0131q ideologiyas\u0131, az\u0259rbaycan\u00e7\u0131l\u0131q prinsipl\u0259ri Az\u0259rbaycanda \u00e7oxdan b\u0259rq\u0259rar olub. Ulu \u00d6nd\u0259r Heyd\u0259r \u018fliyevin qoydu\u011fu d\u0259y\u0259rli miraslardan biri d\u0259 m\u0259hz az\u0259rbaycan\u00e7\u0131l\u0131q m\u0259fkur\u0259sidir: \u201cBiz &#8211; onun davam\u00e7\u0131lar\u0131 is\u0259 bu m\u00fcsb\u0259t meyill\u0259ri \u00f6z t\u0259r\u0259fimizd\u0259n daha da g\u00fccl\u0259ndiririk. Az\u0259rbaycanda ya\u015fayan b\u00fct\u00fcn xalqlar vahid, mehriban ail\u0259 kimi ya\u015fay\u0131r. Bizim birliyimizi pozmaq ist\u0259y\u0259nl\u0259r n\u0259 q\u0259d\u0259r c\u0259hd g\u00f6st\u0259rs\u0259l\u0259r d\u0259 buna nail ola bilm\u0259yibl\u0259r v\u0259 he\u00e7 vaxt nail ola bilm\u0259y\u0259c\u0259kl\u0259r. \u00c7\u00fcnki biz ham\u0131m\u0131z bir amal u\u011frunda birl\u0259\u015fmi\u015fik. Biz ham\u0131m\u0131z \u015f\u0259hidl\u0259r vermi\u015fik, qan t\u00f6km\u00fc\u015f\u00fck. Erm\u0259ni i\u015f\u011fal\u00e7\u0131lara qar\u015f\u0131 sin\u0259mizi qaba\u011fa verib d\u00f6y\u00fc\u015f\u0259 getmi\u015fik. Bu birlik, bu h\u0259mr\u0259ylik v\u0259 bu \u015fanl\u0131 Z\u0259f\u0259r tarixi Az\u0259rbaycanda ya\u015fayan b\u00fct\u00fcn xalqlar\u0131 daha da s\u0131x birl\u0259\u015fdirir v\u0259 bu da \u0259sas v\u0259zif\u0259l\u0259rd\u0259n biri kimi qar\u015f\u0131ya qoyulur.\u201d D\u00f6vl\u0259t ba\u015f\u00e7\u0131s\u0131 \u0130lham \u018fliyev bu sah\u0259d\u0259 \u00e7ox b\u00f6y\u00fck tarixi nailiyy\u0259tl\u0259rin olmas\u0131na baxmayaraq m\u00fcxt\u0259lif istiqam\u0259tl\u0259rd\u0259n bu birliyi pozmaq, aram\u0131za girm\u0259k, t\u0259xribat xarakterli uydurmalar\u0131 ortaya atmaq c\u0259hdl\u0259rinin d\u0259 kifay\u0259t q\u0259d\u0259r \u00e7ox oldu\u011funu v\u0259 olaca\u011f\u0131n\u0131 bildirdi. Vur\u011fulad\u0131 ki, \u00e7\u00fcnki bizi ist\u0259m\u0259y\u0259n q\u00fcvv\u0259l\u0259r, g\u00fcc\u00fcm\u00fcz\u00fc q\u0259bul etm\u0259y\u0259n, Erm\u0259nistan \u00fcz\u0259rind\u0259 parlaq Q\u0259l\u0259b\u0259mizi h\u0259zm ed\u0259 bilm\u0259y\u0259n anti-Az\u0259rbaycan q\u00fcvv\u0259l\u0259r \u00e7al\u0131\u015facaqlar ki, bu amild\u0259n istifad\u0259 etsinl\u0259r. Onlar\u0131n s\u0259yl\u0259ri \u0259b\u0259s olacaq. Birliyimiz bu s\u0259yl\u0259r qar\u015f\u0131s\u0131nda bir s\u0259dd kimi durmal\u0131d\u0131r v\u0259 durur.<\/p>\n<p>Prezident \u0130lham \u018fliyev andi\u00e7m\u0259 m\u0259rasimind\u0259 bu \u00e7a\u011f\u0131r\u0131\u015f\u0131 da etdi ki, el\u0259 bir g\u0259nc n\u0259sil yeti\u015fdirm\u0259liyik ki, onlar da daim milli \u0259n\u0259n\u0259l\u0259r\u0259, milli-m\u0259n\u0259vi d\u0259y\u0259rl\u0259r\u0259 sadiq olsunlar, onlar\u0131n beyinl\u0259ri saf olsun. He\u00e7 kim onlar\u0131n beyinl\u0259rini z\u0259h\u0259rl\u0259m\u0259k ist\u0259y\u0259nd\u0259 u\u011fura nail olmas\u0131n. Burada, \u0259lb\u0259tt\u0259 ki, ilk n\u00f6vb\u0259d\u0259, ail\u0259 t\u0259rbiy\u0259si \u00f6n plana \u00e7\u0131x\u0131r. Xo\u015fb\u0259xtlikd\u0259n Az\u0259rbaycan ail\u0259si sa\u011flam, \u0259n\u0259n\u0259l\u0259r, milli d\u0259y\u0259rl\u0259r \u00fcz\u0259rind\u0259 qurulan ail\u0259dir. Ail\u0259 t\u0259rbiy\u0259si h\u0259r bir g\u0259nc, h\u0259r bir u\u015faq \u00fc\u00e7\u00fcn \u0259sas t\u0259rbiy\u0259dir. \u0130kinci yerd\u0259 m\u0259kt\u0259b t\u0259rbiy\u0259sidir v\u0259 bel\u0259 m\u00fcz\u0259ff\u0259r g\u0259ncl\u0259rimizin yeti\u015fdirilm\u0259sind\u0259 d\u0259 Az\u0259rbaycan m\u0259kt\u0259binin \u00e7ox b\u00f6y\u00fck rolu vard\u0131r. M\u0259kt\u0259bl\u0259rd\u0259 u\u015faqlara a\u015f\u0131lanan d\u0259y\u0259rl\u0259r, m\u00fcst\u0259qillikl\u0259, milli l\u0259yaq\u0259tl\u0259, \u0259srl\u0259r boyu biz\u0259 qar\u015f\u0131 edil\u0259n \u0259dal\u0259tsizlikl\u0259, h\u0259m\u00e7inin q\u0259hr\u0259manl\u0131q tariximizl\u0259 ba\u011fl\u0131 u\u015faqlara veril\u0259n t\u0259rbiy\u0259 v\u0259 bilikl\u0259r \u00e7ox b\u00f6y\u00fck \u00f6n\u0259m da\u015f\u0131y\u0131r. B\u00fct\u00f6vl\u00fckd\u0259 milli-m\u0259n\u0259vi d\u0259y\u0259rl\u0259r c\u0259miyy\u0259timizin \u0259sas\u0131d\u0131r v\u0259 bu, sars\u0131lmaz varl\u0131q, sars\u0131lmaz d\u0259y\u0259rdir. Bunu sars\u0131lmaz etm\u0259k bizim \u0259limizd\u0259dir.<\/p>\n<p>Az\u0259rbaycan m\u0259d\u0259niyy\u0259tinin, milli-m\u0259n\u0259vi s\u0259rv\u0259tl\u0259rinin qorunub saxlan\u0131lmas\u0131nda Heyd\u0259r \u018fliyev Fondunun h\u0259yata ke\u00e7irdiyi proqram v\u0259 layih\u0259l\u0259ri x\u00fcsusi qeyd etm\u0259liyik. Haz\u0131rda i\u015f\u011faldan azad edilmi\u015f \u0259razil\u0259rimizd\u0259 tarixi v\u0259 dini abid\u0259l\u0259rimizin b\u0259rpas\u0131nda Heyd\u0259r \u018fliyev Fondunun xidm\u0259tl\u0259ri b\u00f6y\u00fckd\u00fcr. \u018fvv\u0259ld\u0259 d\u0259 qeyd etdiyimiz kimi, 30 illik i\u015f\u011fal d\u00f6vr\u00fcnd\u0259 bu torpaqlar\u0131m\u0131zda b\u00fct\u00fcn tikilil\u0259r tamamil\u0259 da\u011f\u0131d\u0131l\u0131b. Az\u0259rbaycan xalq\u0131n\u0131n izl\u0259rinin itirilm\u0259si \u00fc\u00e7\u00fcn b\u00fct\u00fcn tarixi v\u0259 dini abid\u0259l\u0259rimiz yerl\u0259-yeksan edilib. H\u0259r zaman bu m\u0259qam\u0131 qeyd etm\u0259yi \u00f6z\u00fcm\u00fcz\u0259 borc bilirik ki, azad edilmi\u015f torpaqlar\u0131m\u0131z\u0131n h\u0259r da\u015f\u0131, qayas\u0131 bir tarixdir. Haz\u0131rda dan\u0131\u015fan, bu m\u0259kanlara g\u0259l\u0259n xarici qonaqlar\u0131 30 illik i\u015f\u011fal d\u00f6vr\u00fcn\u00fcn reall\u0131qlar\u0131 il\u0259 m\u0259lumatland\u0131ran h\u0259min da\u015flar, qayalard\u0131r. Erm\u0259nil\u0259r tarixi v\u0259 dini abid\u0259l\u0259rimizi da\u011f\u0131tmaqla bu torpaqlar\u0131 erm\u0259nil\u0259\u015fdirm\u0259y\u0259 \u00e7al\u0131\u015fsalar da sonda z\u0259f\u0259r \u00e7alan tarixi \u0259dal\u0259t olur.<\/p>\n<p>Heyd\u0259r \u018fliyev Fondunun t\u0259\u015fkilat\u00e7\u0131l\u0131\u011f\u0131 il\u0259 tarixi Z\u0259f\u0259rimizd\u0259n sonra \u201cXar\u0131b\u00fclb\u00fcl\u201d musiqi festival\u0131, Vaqif Poeziya G\u00fcnl\u0259ri \u0259n\u0259n\u0259sinin b\u0259rpas\u0131 da \u00f6z\u00fcnd\u0259 m\u00fch\u00fcm m\u0259qamlar\u0131 ehtiva edir. D\u00f6vl\u0259t ba\u015f\u00e7\u0131s\u0131 \u0130lham \u018fliyev\u00a0Heyd\u0259r \u018fliyev Fondunun prezidenti Mehriban xan\u0131m \u018fliyevan\u0131 V\u0259t\u0259nimizin \u0259n ali m\u00fckafat\u0131 &#8211; \u201cHeyd\u0259r \u018fliyev M\u00fckafat\u0131\u201d il\u0259 t\u0259ltif ed\u0259rk\u0259n bildirmi\u015fdir ki, Fondun b\u00fct\u00fcn t\u0259\u015f\u0259bb\u00fcsl\u0259ri milli ruha \u0259saslan\u0131r: \u201cModernl\u0259\u015fm\u0259, m\u00fcasirl\u0259\u015fm\u0259, d\u00fcnya birliyin\u0259 inteqrasiya, Az\u0259rbaycan\u0131n milli maraqlar\u0131n\u0131n m\u00fcdafi\u0259 edilm\u0259si, Az\u0259rbaycan\u0131n oldu\u011fu kimi d\u00fcnyaya t\u0259qdim edilm\u0259si &#8211; b\u00fct\u00fcn bu \u015f\u0259r\u0259fli funksiyalar bu Fondun \u00fcz\u0259rin\u0259 d\u00fc\u015f\u00fcr.\u201d Bunu da x\u00fcsusi qeyd etm\u0259liyik ki, milli s\u0259rv\u0259timiz olan mu\u011fam s\u0259n\u0259tinin yenid\u0259n inki\u015faf\u0131 v\u0259 beyn\u0259lxalq arenaya \u00e7\u0131xar\u0131lmas\u0131 m\u0259hz Heyd\u0259r \u018fliyev Fondunun v\u0259 Mehriban xan\u0131m \u018fliyevan\u0131n \u015f\u0259xsi t\u0259\u015f\u0259bb\u00fcs\u00fc n\u0259tic\u0259sind\u0259 m\u00fcmk\u00fcn olmu\u015fdur. H\u0259m\u00e7inin a\u015f\u0131q s\u0259n\u0259ti, Novruz bayram\u0131n\u0131n, \u0130\u00e7\u0259ri\u015f\u0259h\u0259rin, tar ifa\u00e7\u0131l\u0131\u011f\u0131 s\u0259n\u0259ti UNESCO-nun nadir, \u015fah \u0259s\u0259rl\u0259ri s\u0131ras\u0131na daxil edilib. D\u00f6vl\u0259timizin ba\u015f\u00e7\u0131s\u0131 \u0130lham \u018fliyev Heyd\u0259r \u018fliyev Fondunun x\u0259tti il\u0259 mu\u011fam s\u0259n\u0259tinin d\u00fcnyada t\u0259bli\u011fi istiqam\u0259tind\u0259 g\u00f6r\u00fcl\u0259n i\u015fl\u0259rd\u0259n b\u0259hs ed\u0259r\u0259k bildirir ki, \u00e7ox \u015fadam ki, g\u0259ncl\u0259rimiz d\u0259 mu\u011fam s\u0259n\u0259tin\u0259 b\u00f6y\u00fck maraqla yana\u015f\u0131rlar. Bu, \u00e7ox t\u0259qdir\u0259layiq bir hald\u0131r. \u00c7\u00fcnki b\u0259zi hallarda g\u0259ncl\u0259r daha \u00e7ox populyar musiqiy\u0259, y\u0259ni, b\u0259zi hallarda xarici musiqiy\u0259 \u00fcst\u00fcnl\u00fck verirl\u0259r. \u00c7ox \u015fadam ki, bizim g\u0259ncl\u0259rimizin m\u00fctl\u0259q \u0259ks\u0259riyy\u0259ti milli inc\u0259s\u0259n\u0259timiz\u0259, musiqimiz\u0259 ba\u011fl\u0131 olan insanlard\u0131r. \u018flb\u0259tt\u0259 ki, bizim tan\u0131nm\u0131\u015f mu\u011fam ustalar\u0131 g\u0259nc n\u0259slin yeti\u015fdirilm\u0259sind\u0259 \u00f6z rolunu oynay\u0131rlar: \u201cBildiyiniz kimi, m\u0259nim S\u0259r\u0259ncam\u0131mla bir ne\u00e7\u0259 mu\u011fam m\u0259rk\u0259zi yarad\u0131lm\u0131\u015fd\u0131r \u2013 Bak\u0131 \u015f\u0259h\u0259rind\u0259, A\u011fdam v\u0259 F\u00fczuli rayonlar\u0131nda, dig\u0259r rayonlarda. \u0130ndi is\u0259 bu mu\u011fam m\u0259rk\u0259zl\u0259ri art\u0131q i\u015f\u011faldan azad edilmi\u015f torpaqlarda da yarad\u0131lacaqd\u0131r.\u201d<\/p>\n<p>Qaraba\u011f\u0131n tac\u0131, musiqi be\u015fiyimiz olan \u015eu\u015fadan, C\u0131d\u0131r d\u00fcz\u00fcnd\u0259n mu\u011fam\u0131m\u0131z d\u00fcnyaya \u00e7atd\u0131r\u0131l\u0131r. Az\u0259rbaycan\u0131n m\u0259d\u0259niyy\u0259t paytaxt\u0131 elan edil\u0259n \u015eu\u015fada bu g\u00fcn \u015f\u0259h\u0259rin \u0259sl tarixi simas\u0131n\u0131n b\u0259rpas\u0131 y\u00f6n\u00fcnd\u0259 n\u0259h\u0259ng layih\u0259l\u0259r ger\u00e7\u0259kl\u0259\u015fdirilir. Q\u0131sa m\u00fcdd\u0259td\u0259 \u015eu\u015fan\u0131n Ba\u015f plan\u0131n\u0131n haz\u0131rlanmas\u0131, q\u00fcdr\u0259tli \u015fair Molla P\u0259nah Vaqifin b\u00fcst\u00fcn\u00fcn v\u0259 muzey-m\u0259qb\u0259r\u0259 kompleksinin \u00f6z ilkin g\u00f6rk\u0259min\u0259 qaytar\u0131lmas\u0131, B\u00fclb\u00fcl\u00fcn ev-muzeyinin v\u0259 \u00dczeyir Hac\u0131b\u0259ylinin heyk\u0259linin a\u00e7\u0131l\u0131\u015flar\u0131, habel\u0259 buradak\u0131 tarixi, dini v\u0259 memarl\u0131q abid\u0259l\u0259rinin b\u0259rpas\u0131 prosesi \u00f6lk\u0259mizin m\u0259d\u0259niyy\u0259t paytaxt\u0131ndak\u0131 kompleks i\u015fl\u0259rin t\u0259rkib hiss\u0259sidir.<\/p>\n<p>C\u0131d\u0131r d\u00fcz\u00fcnd\u0259 \u201cXar\u0131b\u00fclb\u00fcl\u201d musiqi festival\u0131n\u0131n v\u0259 Vaqifin m\u00f6ht\u0259\u015f\u0259m m\u0259qb\u0259r\u0259si \u00f6n\u00fcnd\u0259 Vaqif Poeziya G\u00fcnl\u0259rinin t\u0259\u015fkili \u0259n\u0259n\u0259sinin b\u0259rpas\u0131 da g\u00f6st\u0259rir ki, \u015eu\u015fa s\u00fcr\u0259tl\u0259 dir\u00e7\u0259l\u0259r\u0259k \u0259vv\u0259lki dol\u011fun m\u0259d\u0259ni h\u0259yat\u0131na qovu\u015fmaq yolundad\u0131r. \u015eu\u015fa xalq\u0131m\u0131z \u00fc\u00e7\u00fcn m\u00fcq\u0259dd\u0259s v\u0259 \u0259ziz m\u0259kand\u0131r. \u015eu\u015fa sevgisi h\u0259r bir az\u0259rbaycanl\u0131n\u0131n m\u0259n\u0259vi varl\u0131\u011f\u0131n\u0131n ayr\u0131lmaz par\u00e7as\u0131d\u0131r. Nazirl\u0259r Kabinetinin 21 oktyabr 2024-c\u00fc il tarixli \u201c\u015eu\u015fa \u015f\u0259h\u0259rinin 2040-c\u0131 il\u0259d\u0259k inki\u015faf\u0131na dair Ba\u015f plan\u0131n\u0131n t\u0259sdiq edilm\u0259si haqq\u0131nda\u201d q\u0259rar\u0131 da Az\u0259rbaycan\u0131n, t\u00fcrk d\u00fcnyas\u0131n\u0131n, \u0130slam d\u00fcnyas\u0131n\u0131n m\u0259d\u0259niyy\u0259t paytaxt\u0131 \u015eu\u015fan\u0131n qar\u015f\u0131dak\u0131 d\u00f6vrd\u0259 inki\u015faf\u0131 \u00fc\u00e7\u00fcn yol x\u0259rit\u0259si kimi d\u0259y\u0259rl\u0259ndirilir. B\u0259nz\u0259rsiz tarixi g\u00f6rk\u0259mini v\u0259 formala\u015fd\u0131rd\u0131\u011f\u0131 \u00f6z\u00fcn\u0259m\u0259xsus m\u00fchiti h\u0259mi\u015f\u0259 qoruyub saxlayan bu \u015f\u0259h\u0259r yetirdiyi b\u00f6y\u00fck \u015f\u0259xsiyy\u0259tl\u0259ri il\u0259 \u0259d\u0259bi, m\u0259d\u0259ni, elmi v\u0259 ictimai fikir salnam\u0259miz\u0259 \u0259lam\u0259tdar s\u0259hif\u0259l\u0259r yazm\u0131\u015fd\u0131r.<\/p>\n<p>\u015eu\u015fa \u015f\u0259h\u0259rinin \u00f6t\u0259n \u0259srin 70-ci ill\u0259rind\u0259 s\u00fcr\u0259tli inki\u015faf\u0131 \u00dcmummilli Liderimiz Heyd\u0259r \u018fliyevin ad\u0131 il\u0259 s\u0131x ba\u011fl\u0131d\u0131r. \u015e\u0259h\u0259rin inki\u015faf\u0131na dair x\u00fcsusi q\u0259rarlar m\u0259hz Ulu \u00d6nd\u0259rin t\u0259\u015f\u0259bb\u00fcs\u00fc il\u0259 q\u0259bul edilmi\u015fdir. H\u0259min vaxtdan \u015eu\u015fada quruculuq i\u015fl\u0259ri geni\u015f v\u00fcs\u0259t alm\u0131\u015f, m\u0259d\u0259niyy\u0259t xadiml\u0259rimizin xatir\u0259sinin \u0259b\u0259dil\u0259\u015fdirilm\u0259si istiqam\u0259tind\u0259 m\u00fch\u00fcm add\u0131mlar at\u0131lm\u0131\u015fd\u0131r. Strateji m\u00f6vqeyi il\u0259 se\u00e7il\u0259n \u015eu\u015fa Az\u0259rbaycana qar\u015f\u0131 h\u0259rbi t\u0259cav\u00fcz\u0259 ba\u015flam\u0131\u015f Erm\u0259nistan\u0131n silahl\u0131 q\u00fcvv\u0259l\u0259ri t\u0259r\u0259find\u0259n 1992-ci il may\u0131n 8-d\u0259 i\u015f\u011fala m\u0259ruz qalm\u0131\u015fd\u0131. \u0130\u015f\u011fal d\u00f6vr\u00fcnd\u0259 \u015f\u0259h\u0259rd\u0259ki y\u00fczl\u0259rl\u0259 tarix v\u0259 m\u0259d\u0259niyy\u0259t yadigar\u0131 vandalizm aktlar\u0131 n\u0259tic\u0259sind\u0259 da\u011f\u0131d\u0131lm\u0131\u015fd\u0131r.<\/p>\n<p>Haqq i\u015fi namin\u0259 apard\u0131\u011f\u0131m\u0131z 44 g\u00fcnl\u00fck V\u0259t\u0259n m\u00fcharib\u0259sind\u0259 r\u0259\u015fad\u0259tli Az\u0259rbaycan Ordusu \u015eu\u015fa \u015f\u0259h\u0259rini 2020-ci il noyabr\u0131n 8-d\u0259 i\u015f\u011faldan azad etdi. Erm\u0259nistan\u0131n kapitulyasiyas\u0131na yol a\u00e7an \u015eu\u015fa qalibiyy\u0259ti xalq\u0131m\u0131z\u0131n q\u0259hr\u0259manl\u0131q ruhunun t\u0259nt\u0259n\u0259sin\u0259 \u00e7evril\u0259r\u0259k, tariximiz\u0259 Z\u0259f\u0259r G\u00fcn\u00fc kimi h\u0259kk olundu.<\/p>\n<p>C\u0259nab \u0130lham \u018fliyev i\u015f\u011faldan azad edilmi\u015f torpaqlar\u0131m\u0131zda erm\u0259nil\u0259rin t\u00f6r\u0259tdikl\u0259ri v\u0259h\u015filikl\u0259rd\u0259n, dini, tarixi abid\u0259l\u0259rimizi da\u011f\u0131tmalar\u0131ndan, m\u0259scidl\u0259rimizd\u0259 donuz saxlayaraq \u00fcmumilikd\u0259 m\u00fcs\u0259lmanlar\u0131 t\u0259hqir etm\u0259l\u0259rind\u0259n b\u0259hs ed\u0259r\u0259k bu \u0259minliyi ifad\u0259 etmi\u015fdir ki, erm\u0259nil\u0259r bu \u0259m\u0259ll\u0259rin\u0259 g\u00f6r\u0259 beyn\u0259lxalq h\u00fcquq \u00e7\u0259r\u00e7iv\u0259sind\u0259 c\u0259zaland\u0131r\u0131lacaq, b\u00fct\u00fcn \u0259razil\u0259rimiz, o c\u00fcml\u0259d\u0259n Qaraba\u011f\u0131n incisi olan \u015eu\u015fam\u0131z \u0259vv\u0259lki simas\u0131na qay\u0131dacaq. XIX \u0259srin sonu v\u0259 XX \u0259srin \u0259vv\u0259ll\u0259rind\u0259 \u015eu\u015fa Qafqaz\u0131n musiqi m\u0259rk\u0259zin\u0259 \u00e7evrilib. \u015eu\u015fa &#8220;Ki\u00e7ik Paris&#8221;, &#8220;Qafqaz\u0131n s\u0259n\u0259t m\u0259b\u0259di&#8221;, &#8220;Az\u0259rbaycan musiqisinin be\u015fiyi&#8221; v\u0259 &#8220;Zaqafqaziyan\u0131n konservatoriyas\u0131&#8221; adland\u0131r\u0131l\u0131b.<\/p>\n<p>Prezident \u0130lham \u018fliyev 44 g\u00fcnl\u00fck m\u00fcharib\u0259 d\u00f6vr\u00fcnd\u0259 xarici mediaya m\u00fcsahib\u0259l\u0259rind\u0259 i\u015f\u011faldan azad edilmi\u015f \u0259razil\u0259rl\u0259 ba\u011fl\u0131 dan\u0131\u015fark\u0259n &#8220;\u018flb\u0259tt\u0259 ki, \u015eu\u015fas\u0131z bizim i\u015fimiz yar\u0131m\u00e7\u0131q olar&#8221; fikirl\u0259ri il\u0259 bir \u00e7ox m\u0259qamlara ayd\u0131nl\u0131q g\u0259tirmi\u015fdir. \u015eu\u015fa azad edildi, c\u0259nab \u0130lham \u018fliyev bu m\u00fcjd\u0259ni xalq\u0131m\u0131za \u00e7atd\u0131rark\u0259n q\u00fcrur hissi il\u0259 bildirmi\u015fdir ki, \u0259ziz \u015eu\u015fa, s\u0259n azadsan! \u018fziz \u015eu\u015fa, biz qay\u0131tm\u0131\u015f\u0131q! \u018fziz \u015eu\u015fa, biz s\u0259ni dir\u00e7\u0259ld\u0259c\u0259yik!<\/p>\n<p>Art\u0131q bu g\u00fcn i\u015f\u011faldan azad edilmi\u015f b\u00fct\u00fcn \u0259razil\u0259rimiz, o c\u00fcml\u0259d\u0259n \u015eu\u015fa geni\u015fmiqyasl\u0131 b\u0259rpa-quruculuq i\u015fl\u0259ri il\u0259 diqq\u0259td\u0259dir. Cari ild\u0259 sakinl\u0259rin\u0259 qovu\u015fan \u015f\u0259h\u0259rl\u0259rimiz s\u0131ras\u0131nda \u015eu\u015fa \u015f\u0259h\u0259ri d\u0259 var. Bu il 10 may tarixind\u0259, \u00dcmummilli Lider Heyd\u0259r \u018fliyevin anadan olmas\u0131n\u0131n 101-ci ild\u00f6n\u00fcm\u00fcnd\u0259 \u015fu\u015fal\u0131lar do\u011fma yurd-yuvalar\u0131na qay\u0131td\u0131lar. H\u0259min tarixd\u0259 Prezident \u0130lham \u018fliyev v\u0259 birinci xan\u0131m Mehriban \u018fliyeva \u015eu\u015fada birinci ya\u015fay\u0131\u015f kompleksinin a\u00e7\u0131l\u0131\u015f\u0131nda i\u015ftirak edib v\u0259 \u015f\u0259h\u0259r\u0259 k\u00f6\u00e7m\u00fc\u015f ilk sakinl\u0259rl\u0259 g\u00f6r\u00fc\u015fd\u00fcl\u0259r. M\u00fcz\u0259ff\u0259r Ali Ba\u015f Komandan \u0130lham \u018fliyev m\u0259rasimd\u0259ki \u00e7\u0131x\u0131\u015f\u0131nda \u201cSiz otuz iki il v\u0259t\u0259n h\u0259sr\u0259ti il\u0259 ya\u015fam\u0131s\u0131n\u0131z, amma bilir\u0259m ki, bir an da \u015eu\u015fan\u0131 unutmam\u0131s\u0131n\u0131z, bilirdiniz v\u0259 inan\u0131rd\u0131n\u0131z ki, siz buraya qay\u0131dacaqs\u0131n\u0131z. M\u0259n d\u0259 bilirdim, m\u0259n d\u0259 inan\u0131rd\u0131m v\u0259 Prezident kimi 2003-c\u00fc ild\u0259n ba\u015flayaraq sizi v\u0259 b\u00fct\u00fcn ke\u00e7mi\u015f k\u00f6\u00e7k\u00fcnl\u0259ri \u00f6z do\u011fma v\u0259t\u0259nin\u0259 qaytarmaq \u00fc\u00e7\u00fcn \u0259limd\u0259n g\u0259l\u0259ni \u0259sirg\u0259mirdim\u201d s\u00f6yl\u0259y\u0259r\u0259k onu da bildirdi ki, biz haz\u0131rla\u015f\u0131rd\u0131q, \u00f6lk\u0259mizi, iqtisadiyyat\u0131m\u0131z\u0131 g\u00fccl\u0259ndirirdik, g\u00fccl\u00fc ordu potensial\u0131 yarad\u0131rd\u0131q. \u018fn \u00f6n\u0259mlisi bu g\u00fcn bizim q\u00fcrur m\u0259nb\u0259yimiz olan \u015eu\u015fan\u0131 v\u0259 o vaxt i\u015f\u011fal alt\u0131nda olan dig\u0259r torpaqlar\u0131 \u00f6z can\u0131-qan\u0131 bahas\u0131na azad ed\u0259n g\u0259nc n\u0259sli yeti\u015fdirirdik v\u0259 yeti\u015fdirdik. Savadl\u0131, bilikli, v\u0259t\u0259np\u0259rv\u0259r, fiziki c\u0259h\u0259td\u0259n g\u00fccl\u00fc, m\u0259n\u0259vi c\u0259h\u0259td\u0259n sa\u011flam, saf g\u0259nc n\u0259sil yeti\u015fdirdik v\u0259 onlar 44 g\u00fcn \u0259rzind\u0259 \u00f6z sin\u0259l\u0259rini qaba\u011fa ver\u0259r\u0259k torpaqlar\u0131 azad etdil\u0259r. Bug\u00fcnk\u00fc g\u00fcn\u0259 g\u00f6r\u0259 biz onlara, \u015fanl\u0131 ordumuza borcluyuq, \u015f\u0259hidl\u0259rimiz\u0259, qazil\u0259rimiz\u0259 borcluyuq. C\u0259nab \u0130lham \u018fliyev bu torpaqlarda apar\u0131lan b\u0259rpa-quruculuq i\u015fl\u0259rinin fonunda bu \u00e7a\u011f\u0131r\u0131\u015f\u0131 edir: \u201cQaraba\u011f v\u0259 \u015e\u0259rqi Z\u0259ng\u0259zur b\u00f6lg\u0259l\u0259ri n\u0259inki Az\u0259rbaycan\u0131n, Qafqaz\u0131n, d\u00fcnyan\u0131n \u0259n g\u00f6z\u0259l yerl\u0259rind\u0259n biri olacaq &#8211; \u0259n m\u00fcasir, \u0259n rahat, \u0259n g\u00f6z\u0259l. Buran\u0131n t\u0259bi\u0259ti, g\u00f6z\u0259l m\u0259nz\u0259r\u0259l\u0259ri, ya\u015f\u0131ll\u0131qlar, bulaqlar m\u00fcasir v\u0259 eyni zamanda, \u0259n\u0259n\u0259vi \u00fcslubda in\u015fa edil\u0259n binalarla tamamlan\u0131r. El\u0259 bir g\u00f6z\u0259l \u015f\u0259h\u0259r yarad\u0131l\u0131r ki, \u0259min\u0259m, h\u0259r birimiz, h\u0259r bir az\u0259rbaycanl\u0131 bununla f\u0259xr ed\u0259c\u0259k.\u201d<\/p>\n<p>B\u00fct\u00fcn bu i\u015fl\u0259ri Az\u0259rbaycan \u00f6z daxili imkanlar\u0131 hesab\u0131na g\u00f6r\u00fcr. Bu g\u00fcn\u0259 q\u0259d\u0259r \u00f6lk\u0259miz\u0259 b\u0259rpa i\u015fl\u0259rind\u0259 k\u00f6m\u0259klik ed\u0259n \u00d6zb\u0259kistan v\u0259 Qazax\u0131stan olub. F\u00fczuli \u015f\u0259h\u0259rind\u0259 m\u0259kt\u0259b v\u0259 u\u015faqlar\u0131n yarad\u0131c\u0131l\u0131q m\u0259rk\u0259zi in\u015fa edilib. Haz\u0131rda Q\u0131r\u011f\u0131z\u0131stan da A\u011fdam rayonunda m\u0259kt\u0259b in\u015fas\u0131n\u0131 h\u0259yata ke\u00e7irir. D\u00f6vl\u0259timizin ba\u015f\u00e7\u0131s\u0131 \u0130lham \u018fliyev \u201cBiz b\u00fct\u00fcn bu i\u015fl\u0259ri \u00f6z hesab\u0131m\u0131za edirik. D\u00fcnyan\u0131n bir \u00e7ox donor t\u0259\u015fkilatlar\u0131 var, onlar, nec\u0259 dey\u0259rl\u0259r, bu m\u0259s\u0259l\u0259y\u0259 bigan\u0259dirl\u0259r. Halbuki bu b\u00f6y\u00fck \u0259razini bu v\u0259ziyy\u0259td\u0259 g\u00f6r\u0259n minl\u0259rl\u0259 xarici n\u00fcmay\u0259nd\u0259 olub. Bunu g\u00f6r\u00fcb v\u0259 he\u00e7 bir praktiki i\u015f g\u00f6rm\u0259m\u0259k bir daha onu g\u00f6st\u0259rir ki, biz\u0259 olan m\u00fcnasib\u0259t n\u0259z\u0259r\u0259 al\u0131nmal\u0131d\u0131r. Bu, bir daha biz\u0259 g\u00f6st\u0259rm\u0259lidir ki, biz ancaq \u00f6z g\u00fcc\u00fcm\u00fcz\u0259 arxalanmal\u0131y\u0131q, biz \u00f6z potensial\u0131m\u0131za g\u00fcv\u0259nm\u0259liyik\u201d \u00e7a\u011f\u0131r\u0131\u015f\u0131 il\u0259 h\u0259m Az\u0259rbaycan\u0131n iqtisadi imkanlar\u0131n\u0131 t\u0259sdiql\u0259yir, h\u0259m d\u0259 d\u00fcnyan\u0131n donor t\u0259\u015fkilatlar\u0131n\u0131n bu i\u015fl\u0259r\u0259 laqeyd yana\u015fmalar\u0131na diqq\u0259ti y\u00f6n\u0259ldir. Az\u0259rbaycan 30 il d\u00fcnya g\u00fccl\u0259rinin ikili standartlara \u0259saslanan siyas\u0259ti il\u0259 \u00fcz-\u00fcz\u0259 olub. \u00d6lk\u0259mizin u\u011furlar\u0131n\u0131, m\u00fcst\u0259qil siyas\u0259tini h\u0259zm ed\u0259 bilm\u0259y\u0259n dair\u0259l\u0259r \u0259sass\u0131z t\u0259bli\u011fatlar\u0131ni davam etdirm\u0259kl\u0259 m\u0259\u015f\u011ful idil\u0259r. Lakin h\u0259r zaman qeyd etdiyimiz kimi, Az\u0259rbaycan bel\u0259 yana\u015fmalardan m\u0259yus olmad\u0131, ruhdan d\u00fc\u015fm\u0259di, \u0259ksin\u0259 real faktlara, tarixi \u0259dal\u0259t\u0259 s\u00f6yk\u0259n\u0259n t\u0259bli\u011fat\u0131n\u0131 davam etdirdi. Bu g\u00fcn d\u0259 bel\u0259 yana\u015fmalar diqq\u0259td\u0259n k\u0259narda qalm\u0131r. Bunu h\u0259m i\u015f\u011faldan azad edilmi\u015f \u0259razil\u0259rd\u0259 apar\u0131lan b\u0259rpa-quruculuq i\u015fl\u0259rind\u0259, h\u0259m d\u0259 s\u00fclh m\u00fcqavil\u0259sinin imzalanmas\u0131 prosesind\u0259 ayd\u0131n \u015f\u0259kild\u0259 g\u00f6r\u00fcr\u00fck. Yen\u0259 d\u0259 bu c\u0259hdl\u0259r irad\u0259miz\u0259 t\u0259sir etm\u0259k imkan\u0131nda deyil. Az\u0259rbaycan xalq\u0131 tarixi Z\u0259f\u0259ri, suverenliyinin tam b\u0259rpas\u0131 il\u0259 d\u00fcnyaya yenilm\u0259z, m\u0259\u011frur, tarixin\u0259, milli-m\u0259n\u0259vi d\u0259y\u0259rl\u0259rin\u0259, tarixi irsin\u0259 sahib \u00e7\u0131xan xalq oldu\u011funu s\u00fcbut etdi. \u018fvv\u0259ld\u0259 d\u0259 qeyd etdiyimiz kimi, Az\u0259rbaycan tarixin ayr\u0131-ayr\u0131 d\u00f6vrl\u0259rind\u0259 n\u0259 q\u0259d\u0259r \u00e7\u0259tinlikl\u0259rl\u0259, probleml\u0259rl\u0259 \u00fcz-\u00fcz\u0259 qalsa da h\u0259r zaman tarixini, d\u0259y\u0259rl\u0259rini qorumu\u015f v\u0259 inki\u015faf etdirmi\u015fdir. Az\u0259rbaycan beyn\u0259lxalq s\u0259viyy\u0259d\u0259 d\u0259 \u0259n\u0259n\u0259l\u0259ri olan \u00f6lk\u0259 kimi d\u0259y\u0259rl\u0259ndirilir. \u018fn \u0259sas\u0131 bu fikir x\u00fcsusi qeyd edilir ki, Az\u0259rbaycan q\u0259dimliyi v\u0259 m\u00fcasirliyi \u00f6z\u00fcnd\u0259 birl\u0259\u015fdir\u0259n \u00f6lk\u0259dir. Haz\u0131rda bu \u0259n\u0259n\u0259l\u0259r i\u015f\u011faldan azad edilmi\u015f \u0259razil\u0259rimizin b\u0259rpas\u0131nda da qorunur. Az\u0259rbaycan \u015f\u0259h\u0259rsalman\u0131n m\u00fcasir t\u0259cr\u00fcb\u0259sini d\u00fcnyaya t\u0259qdim edir. Az\u0259rbaycan\u00e7\u0131l\u0131q ideologiyas\u0131n\u0131n t\u0259bli\u011fi v\u0259 inki\u015faf etdirilm\u0259si \u0259sas h\u0259d\u0259fl\u0259rimiz s\u0131ras\u0131ndad\u0131r.<\/p>\n<p><strong>Yegan\u0259 \u018fliyeva, \u201c\u0130ki sahil\u201d<\/strong><\/p>\n","protected":false},"excerpt":{"rendered":"<p>D\u00f6vl\u0259t ba\u015f\u00e7\u0131s\u0131 \u0130lham \u018fliyevin qeyd etdiyi kimi, i\u015f\u011faldan azad edilmi\u015f \u0259razil\u0259rimizd\u0259 g\u00f6r\u00fcl\u0259n i\u015fl\u0259rin fonunda \u00f6lk\u0259mizin malik oldu\u011fu iqtisadi imkanlar, tarixi irsimizin qorunmas\u0131n\u0131n prioritetliyi \u00f6z\u00fcn\u00fc ayd\u0131n \u015f\u0259kild\u0259 n\u00fcmayi\u015f etdirir Yeni d\u00f6vr yeni h\u0259d\u0259fl\u0259ri il\u0259 diqq\u0259td\u0259dir. C\u0259nab \u0130lham \u018fliyev ist\u0259r prezident se\u00e7kil\u0259rind\u0259 inaml\u0131 q\u0259l\u0259b\u0259sind\u0259n sonra ke\u00e7iril\u0259n andi\u00e7m\u0259 m\u0259rasimind\u0259, ist\u0259rs\u0259 d\u0259 VII \u00e7a\u011f\u0131r\u0131\u015f Milli M\u0259clisin ilk iclas\u0131ndak\u0131 \u00e7\u0131x\u0131\u015f\u0131nda qar\u015f\u0131dak\u0131 d\u00f6vr \u00fc\u00e7\u00fcn m\u00fc\u0259yy\u0259nl\u0259\u015fdiril\u0259n h\u0259d\u0259fl\u0259rd\u0259n b\u0259hs ed\u0259rk\u0259n bu \u00e7a\u011f\u0131r\u0131\u015f\u0131 etdi ki, onlara nail olmaq \u00fc\u00e7\u00fcn iqtisadiyyat inki\u015faf etdirilm\u0259lidir. \u0130\u015f\u011faldan azad edilmi\u015f \u0259razil\u0259rd\u0259 g\u00f6r\u00fcl\u0259n geni\u015fmiqyasl\u0131 b\u0259rpa-quruculuq i\u015fl\u0259rinin \u0259sas t\u0259rkib hiss\u0259l\u0259rind\u0259n biri m\u0259d\u0259ni, tarixi irsimizin qorunmas\u0131, tarixi&hellip;<\/p>\n","protected":false},"author":2,"featured_media":763572,"comment_status":"closed","ping_status":"closed","sticky":false,"template":"","format":"standard","meta":{"om_disable_all_campaigns":false,"_monsterinsights_skip_tracking":false,"_monsterinsights_sitenote_active":false,"_monsterinsights_sitenote_note":"","_monsterinsights_sitenote_category":0},"categories":[8],"tags":[],"aioseo_notices":[],"gutentor_comment":0,"rttpg_featured_image_url":{"full":["https:\/\/arantv.az\/wp-content\/uploads\/2024\/10\/48f7d304172708149954399046611073596-1.jpg",975,540,false],"landscape":["https:\/\/arantv.az\/wp-content\/uploads\/2024\/10\/48f7d304172708149954399046611073596-1.jpg",975,540,false],"portraits":["https:\/\/arantv.az\/wp-content\/uploads\/2024\/10\/48f7d304172708149954399046611073596-1.jpg",975,540,false],"thumbnail":["https:\/\/arantv.az\/wp-content\/uploads\/2024\/10\/48f7d304172708149954399046611073596-1-500x280.jpg",500,280,true],"medium":["https:\/\/arantv.az\/wp-content\/uploads\/2024\/10\/48f7d304172708149954399046611073596-1-660x365.jpg",660,365,true],"large":["https:\/\/arantv.az\/wp-content\/uploads\/2024\/10\/48f7d304172708149954399046611073596-1-840x465.jpg",640,354,true],"1536x1536":["https:\/\/arantv.az\/wp-content\/uploads\/2024\/10\/48f7d304172708149954399046611073596-1.jpg",975,540,false],"2048x2048":["https:\/\/arantv.az\/wp-content\/uploads\/2024\/10\/48f7d304172708149954399046611073596-1.jpg",975,540,false],"post-thumbnail":["https:\/\/arantv.az\/wp-content\/uploads\/2024\/10\/48f7d304172708149954399046611073596-1-240x172.jpg",240,172,true],"advps-thumb-one":["https:\/\/arantv.az\/wp-content\/uploads\/2024\/10\/48f7d304172708149954399046611073596-1.jpg",975,540,false]},"rttpg_author":{"display_name":"V\u00fcsal Rafiqo\u011flu","author_link":"https:\/\/arantv.az\/?author=2"},"rttpg_comment":0,"rttpg_category":"<a href=\"https:\/\/arantv.az\/?cat=8\" rel=\"category\">\u018fsas s\u0259hif\u0259<\/a>","rttpg_excerpt":"D\u00f6vl\u0259t ba\u015f\u00e7\u0131s\u0131 \u0130lham \u018fliyevin qeyd etdiyi kimi, i\u015f\u011faldan azad edilmi\u015f \u0259razil\u0259rimizd\u0259 g\u00f6r\u00fcl\u0259n i\u015fl\u0259rin fonunda \u00f6lk\u0259mizin malik oldu\u011fu iqtisadi imkanlar, tarixi irsimizin qorunmas\u0131n\u0131n prioritetliyi \u00f6z\u00fcn\u00fc ayd\u0131n \u015f\u0259kild\u0259 n\u00fcmayi\u015f etdirir Yeni d\u00f6vr yeni h\u0259d\u0259fl\u0259ri il\u0259 diqq\u0259td\u0259dir. C\u0259nab \u0130lham \u018fliyev ist\u0259r prezident se\u00e7kil\u0259rind\u0259 inaml\u0131 q\u0259l\u0259b\u0259sind\u0259n sonra ke\u00e7iril\u0259n andi\u00e7m\u0259 m\u0259rasimind\u0259, ist\u0259rs\u0259 d\u0259 VII \u00e7a\u011f\u0131r\u0131\u015f Milli M\u0259clisin ilk iclas\u0131ndak\u0131 \u00e7\u0131x\u0131\u015f\u0131nda&hellip;","_links":{"self":[{"href":"https:\/\/arantv.az\/index.php?rest_route=\/wp\/v2\/posts\/763571"}],"collection":[{"href":"https:\/\/arantv.az\/index.php?rest_route=\/wp\/v2\/posts"}],"about":[{"href":"https:\/\/arantv.az\/index.php?rest_route=\/wp\/v2\/types\/post"}],"author":[{"embeddable":true,"href":"https:\/\/arantv.az\/index.php?rest_route=\/wp\/v2\/users\/2"}],"replies":[{"embeddable":true,"href":"https:\/\/arantv.az\/index.php?rest_route=%2Fwp%2Fv2%2Fcomments&post=763571"}],"version-history":[{"count":1,"href":"https:\/\/arantv.az\/index.php?rest_route=\/wp\/v2\/posts\/763571\/revisions"}],"predecessor-version":[{"id":763573,"href":"https:\/\/arantv.az\/index.php?rest_route=\/wp\/v2\/posts\/763571\/revisions\/763573"}],"wp:featuredmedia":[{"embeddable":true,"href":"https:\/\/arantv.az\/index.php?rest_route=\/wp\/v2\/media\/763572"}],"wp:attachment":[{"href":"https:\/\/arantv.az\/index.php?rest_route=%2Fwp%2Fv2%2Fmedia&parent=763571"}],"wp:term":[{"taxonomy":"category","embeddable":true,"href":"https:\/\/arantv.az\/index.php?rest_route=%2Fwp%2Fv2%2Fcategories&post=763571"},{"taxonomy":"post_tag","embeddable":true,"href":"https:\/\/arantv.az\/index.php?rest_route=%2Fwp%2Fv2%2Ftags&post=763571"}],"curies":[{"name":"wp","href":"https:\/\/api.w.org\/{rel}","templated":true}]}}