{"id":763574,"date":"2024-10-23T07:21:15","date_gmt":"2024-10-23T03:21:15","guid":{"rendered":"https:\/\/arantv.az\/?p=763574"},"modified":"2024-10-23T07:21:15","modified_gmt":"2024-10-23T03:21:15","slug":"q%c9%99rbin-erm%c9%99nistana-h%c9%99rbi-d%c9%99st%c9%99yinin-demokratiyaya-n%c9%99-aidiyy%c9%99ti","status":"publish","type":"post","link":"https:\/\/arantv.az\/?p=763574","title":{"rendered":"Q\u0259rbin Erm\u0259nistana h\u0259rbi d\u0259st\u0259yinin demokratiyaya n\u0259 aidiyy\u0259ti?"},"content":{"rendered":"<p><em><strong>Erm\u0259nistanla s\u00fclh sazi\u015fi beyn\u0259lxalq h\u00fcquqa \u0259saslanan Az\u0259rbaycan\u0131n t\u0259l\u0259bl\u0259ri v\u0259 \u015f\u0259rtl\u0259ri \u0259sas\u0131nda imzalanacaq<\/strong><\/em><\/p>\n<p>Az\u0259rbaycanda ke\u00e7iril\u0259n m\u00fch\u00fcm t\u0259dbirl\u0259r \u0259r\u0259f\u0259sind\u0259 AB\u015e-\u0131n, onun dilmanc\u0131 (m\u00fcasir dill\u0259 des\u0259k s\u00f6z\u00e7\u00fcs\u00fc) Avropa \u0130ttifaq\u0131n\u0131n, Avropa Parlamentinin g\u00fcnd\u0259liyinin \u0259sas m\u00f6vzusu C\u0259nubi Qafqaz, daha d\u0259qiq deyils\u0259 Az\u0259rbaycanla ba\u011fl\u0131d\u0131r. \u00c7\u00fcnki \u00f6lk\u0259miz\u0259 qar\u015f\u0131 eyni m\u0259nb\u0259d\u0259n qaynaqlanan t\u0259xribatlar bu qurumlar t\u0259r\u0259find\u0259n paraflan\u0131r, sonrak\u0131 m\u0259rh\u0259l\u0259 kimi Norve\u00e7, Niderland kimi \u00f6lk\u0259l\u0259r\u0259 \u00f6t\u00fcr\u00fcl\u0259r\u0259k \u00abb\u0259yanatlar, q\u0259tnam\u0259l\u0259r\u00bb \u015f\u0259klind\u0259 \u00abi\u015f\u0131q \u00fcz\u00fc g\u00f6r\u00fcr.\u00bb \u00d6lk\u0259mizd\u0259 ke\u00e7iril\u0259n \u00abEurovision-2012\u00bb musiqi yar\u0131\u015fmas\u0131, Birinci Avropa Oyunlar\u0131, IV \u0130slam H\u0259mr\u0259yliyi Oyunlar\u0131 zaman\u0131 h\u0259min dair\u0259l\u0259rin s\u0131naqdan ke\u00e7irdikl\u0259ri \u00abt\u0259cr\u00fcb\u0259\u00bb COP 29 \u0259r\u0259f\u0259sind\u0259 t\u0259krarlan\u0131r. S\u0259b\u0259b is\u0259 Az\u0259rbaycan\u0131n \u0130kinci Qaraba\u011f m\u00fcharib\u0259sind\u0259 siyasi, h\u0259rbi q\u00fcdr\u0259ti il\u0259 ad\u0131 yuxar\u0131da \u00e7\u0259kil\u0259n qurumlar\u0131n \u0259rk\u00f6y\u00fcn\u00fc Erm\u0259nistana qalib g\u0259lm\u0259si, onu d\u0259st\u0259kl\u0259y\u0259nl\u0259r\u0259 d\u0259 d\u0259rs verm\u0259si, suverenliyini tam t\u0259min etm\u0259sidir. Ba\u015fqa s\u00f6zl\u0259 deyils\u0259, daim boyunduruq alt\u0131nda inild\u0259y\u0259n dil\u0259nci r\u0259smi \u0130r\u0259vandan f\u0259rqli olaraq Az\u0259rbaycan\u0131n beyn\u0259lxalq h\u00fcquq normalar\u0131na uy\u011fun 30 il Erm\u0259nistan\u0131n i\u015f\u011fal\u0131 alt\u0131nda qalan torpaqlar\u0131n\u0131 \u00f6z g\u00fcc\u00fc hesab\u0131na, \u0259dal\u0259t prinsipl\u0259ri \u0259sas\u0131nda azad etm\u0259sidir. S\u00f6zd\u0259 Erm\u0259nistanla Az\u0259rbaycan aras\u0131nda s\u00fclh m\u00fcqavil\u0259sinin imzalanmas\u0131na t\u0259r\u0259fdar olduqlar\u0131n\u0131 bildir\u0259n AB\u015e ba\u015fda olmaqla Q\u0259rbin, o c\u00fcml\u0259d\u0259n Avropa \u0130ttifaq\u0131n\u0131n (A\u0130) son zamanlarda Erm\u0259nistana g\u00f6st\u0259rdikl\u0259ri h\u0259rbi d\u0259st\u0259yin demokratiyaya z\u0259rr\u0259 q\u0259d\u0259r aidiyy\u0259ti yoxdur. A\u0130-nin \u00abbinokl diplomatiyas\u0131\u00bbndan ba\u015flanan, Az\u0259rbaycan\u0131n raz\u0131l\u0131\u011f\u0131 olmadan Erm\u0259nistanda yerl\u0259\u015fdirdiyi M\u00fclki Missiyas\u0131n\u0131n t\u0259rkibini n\u0259z\u0259rd\u0259 tutuldu\u011fu saydan qat-qat art\u0131rmas\u0131na, ona az qala NATO statusu verilm\u0259sin\u0259, i\u015f\u011fal\u00e7\u0131 \u00f6lk\u0259d\u0259 h\u0259rbi t\u0259liml\u0259rin ke\u00e7irilm\u0259sin\u0259, Fransan\u0131n, Hindistan\u0131n t\u0259yyar\u0259l\u0259rinin he\u00e7 bir mane\u0259 olmadan r\u0259smi \u0130r\u0259vana silah-sursat da\u015f\u0131malar\u0131na da xeyir \u2013dua ver\u0259n el\u0259 A\u011f Evdir .<\/p>\n<p>\u00d6z\u00fcn\u0259 t\u0259r\u0259fda\u015f adland\u0131rd\u0131\u011f\u0131 Az\u0259rbaycana g\u00f6nd\u0259rdikl\u0259ri n\u00fcmay\u0259nd\u0259 hey\u0259tl\u0259ri vasit\u0259sil\u0259 guya C\u0259nubi Qafqazda s\u00fclh\u00fcn t\u0259minat\u0131 \u00fc\u00e7\u00fcn \u00abs\u0259yl\u0259rini artraca\u011f\u0131n\u0131\u00bb bildir\u0259n r\u0259smi Va\u015finqton t\u0259msil\u00e7il\u0259ri Erm\u0259nistan\u0131 silahland\u0131rmaq niyy\u0259tl\u0259rinin s\u0259b\u0259bini a\u00e7\u0131qlam\u0131rlar. \u00c7ox uza\u011fa getm\u0259y\u0259k\u2026<\/p>\n<p>Bu g\u00fcnl\u0259rd\u0259 AB\u015e Prezidentinin x\u00fcsusi k\u00f6m\u0259k\u00e7isi v\u0259 Milli T\u0259hl\u00fck\u0259sizlik \u015euras\u0131n\u0131n Avropa \u00fczr\u0259 ba\u015f direktoru Maykl Karpenterin \u00f6lk\u0259miz\u0259 s\u0259f\u0259rini yada salaq. Prezident \u0130lham \u018fliyevin q\u0259bulunda olan Maykl Karpenter AB\u015e Prezidenti Cozef Baydenin m\u0259ktubunu d\u00f6vl\u0259timizin ba\u015f\u00e7\u0131s\u0131na t\u0259qdim etdi. AB\u015e-\u0131n Erm\u0259nistanla Az\u0259rbaycan aras\u0131nda s\u00fclh m\u00fcqavil\u0259sinin tezlikl\u0259 imzalanmas\u0131n\u0131 d\u0259st\u0259kl\u0259diyini vur\u011fulayaraq, bunun \u00fc\u00e7\u00fcn haz\u0131rk\u0131 \u015f\u0259raitd\u0259 tarixi imkanlar\u0131n oldu\u011funu s\u00f6yl\u0259di. Amma nec\u0259 dey\u0259rl\u0259r, \u00abHalva-halva dem\u0259kl\u0259 a\u011f\u0131z \u015firin olmaz.\u00bb S\u00fclh m\u00fcqavil\u0259sinin imzalanmas\u0131 il\u0259 regional \u0259m\u0259kda\u015fl\u0131q \u00fc\u00e7\u00fcn geni\u015f imkanlar\u0131n yaranaca\u011f\u0131n\u0131 vur\u011fulayan qonaq bildirdi ki, AB\u015e-\u0131n bu prosesin ir\u0259li apar\u0131lmas\u0131nda q\u0259ti d\u0259st\u0259yi var. S\u00fclh m\u00fcqavil\u0259sinin v\u0259 onun \u0259sas\u0131n\u0131 t\u0259\u015fkil ed\u0259n be\u015f prinsipin t\u0259\u015f\u0259bb\u00fcskar\u0131n\u0131n m\u0259hz Az\u0259rbaycan oldu\u011funu AB\u015e r\u0259smisinin diqq\u0259tin\u0259 \u00e7atd\u0131ran, \u00f6lk\u0259mizin regional s\u00fclh g\u00fcnd\u0259liyini d\u0259st\u0259kl\u0259diyini bildir\u0259n Prezident \u0130lham \u018fliyev qeyd etdi ki, Erm\u0259nistan\u0131n s\u00fclh m\u00fcqavil\u0259sinin m\u0259tni \u00fczr\u0259 son t\u0259klifl\u0259rini 70 g\u00fcnd\u0259n sonra g\u00f6nd\u0259rm\u0259si bu \u00f6lk\u0259nin prosesin ir\u0259li apar\u0131lmas\u0131 niyy\u0259ti il\u0259 ba\u011fl\u0131 m\u00fc\u0259yy\u0259n suallar do\u011furur. Erm\u0259nistan\u0131n konstitusional \u0259sasda Az\u0259rbaycana qar\u015f\u0131 \u0259razi iddialar\u0131n\u0131n s\u00fclh m\u00fcqavil\u0259sinin imzalanmas\u0131 yolunda ba\u015fl\u0131ca mane\u0259 oldu\u011funu diqq\u0259t\u0259 \u00e7atd\u0131ran Prezident \u0130lham \u018fliyev \u00f6lk\u0259mizin prosesin ir\u0259li apar\u0131lmas\u0131 \u00fc\u00e7\u00fcn bundan sonra da q\u0259ti add\u0131mlar\u0131n\u0131 davam etdir\u0259c\u0259yini vur\u011fulad\u0131. Y\u0259ni, s\u00fclh m\u00fcqavil\u0259sinin imzalanmas\u0131 \u00fc\u00e7\u00fcn ba\u015fl\u0131ca \u015f\u0259rt olan Erm\u0259nistan\u0131n konstitusiyas\u0131nda yer alan Az\u0259rbaycan\u0131n torpaqlar\u0131na \u0259razi iddialar il\u0259 ba\u011fl\u0131 madd\u0259nin l\u0259\u011fvi kimi \u00f6n\u0259mli m\u0259s\u0259l\u0259nin \u00fcst\u00fcnd\u0259n s\u00fckutla ke\u00e7\u0259n, \u00fcst\u0259lik r\u0259smi \u0130r\u0259van\u0131 \u0259n m\u00fcasir h\u0259rbi avadanl\u0131qlarla t\u0259min ed\u0259n A\u011f Evin \u00abs\u00fclh m\u00fcqavil\u0259sinin imzalanmas\u0131\u00bbna d\u0259st\u0259yinin hans\u0131 formada olaca\u011f\u0131 m\u00fc\u0259mmal\u0131d\u0131r. Ba\u015fqa s\u00f6zl\u0259 deyils\u0259, silahlar\u0131n dan\u0131\u015fd\u0131\u011f\u0131 meydanda \u00abs\u00fclh\u00bb ifad\u0259si t\u0259bii ki, qara alov r\u0259ngind\u0259 g\u00f6r\u00fcn\u00fcr.<\/p>\n<p>Bu kimi t\u0259zadl\u0131 m\u0259qamlar bir daha g\u00f6st\u0259rir ki, \u00f6zl\u0259rinin \u0259m\u0259l etm\u0259dikl\u0259ri demokratiya \u00e7\u0259tiri alt\u0131nda Az\u0259rbaycana qar\u015f\u0131 t\u0259hdidl\u0259rini davam etdir\u0259n, d\u00fcnya siyas\u0259tini \u00f6zl\u0259rinin maraqlar\u0131na uy\u011fun \u00abt\u0259nziml\u0259y\u0259n\u00bb, beyn\u0259lxalq h\u00fcquq normalar\u0131n\u0131 ist\u0259nil\u0259n m\u0259qamda \u00abkorrekt\u0259 ed\u0259n\u00bb superg\u00fccl\u0259rin y\u00fcr\u00fctd\u00fckl\u0259ri siyas\u0259tin t\u0259m\u0259lind\u0259 riyakarl\u0131q, x\u0259yan\u0259t, milli m\u00fcnaqi\u015f\u0259l\u0259r\u0259, terrorizm\u0259 d\u0259st\u0259k dayan\u0131r. G\u00fcya separatizm\u0259 qar\u015f\u0131 m\u00fcbariz\u0259y\u0259 h\u0259sr olunmu\u015f \u0259vv\u0259lki g\u00f6r\u00fc\u015fl\u0259rd\u0259 Ukraynan\u0131n, Moldovan\u0131n, G\u00fcrc\u00fcstan\u0131n \u0259razi b\u00fct\u00f6vl\u00fcy\u00fcn\u00fc d\u0259st\u0259kl\u0259y\u0259n, Abxaziya v\u0259 C\u0259nubi Osetiyan\u0131 G\u00fcrc\u00fcstan\u0131n, Dnestryan\u0131 b\u00f6lg\u0259ni Moldovan\u0131n, Donbas\u0131 v\u0259 Kr\u0131m\u0131 Ukraynan\u0131n ayr\u0131lmaz hiss\u0259si kimi g\u00f6r\u0259n, b\u00fct\u00fcn beyn\u0259lxalq platformalarda bu \u00f6lk\u0259l\u0259r\u0259 d\u0259st\u0259k ver\u0259n AB\u015e kimi Avropa \u0130ttifaq\u0131 da Az\u0259rbaycan\u0131n torpaqlar\u0131n\u0131n 30 il\u0259 yax\u0131n Erm\u0259nistan\u0131n i\u015f\u011fal\u0131 alt\u0131nda qalmas\u0131n\u0131 bir d\u0259f\u0259 d\u0259 olsun yada salmay\u0131b. \u018fksin\u0259, onlar Erm\u0259nistan\u0131n maraqlar\u0131na cavab ver\u0259n q\u0259tnam\u0259l\u0259rin q\u0259bulunda s\u0259xav\u0259tl\u0259rini \u0259sirg\u0259m\u0259yibl\u0259r.<\/p>\n<p>Az\u0259rbaycana qar\u015f\u0131 d\u00fc\u015fm\u0259n m\u00fcnasib\u0259tl\u0259rini a\u00e7\u0131q- a\u015fkar bildir\u0259n, AB\u015e-\u0131n, Rusiyan\u0131n, Fransan\u0131n t\u0259msil olundu\u011fu AT\u018fT-in Minsk qrupundan ibar\u0259t h\u0259ms\u0259drl\u0259r institutunun formala\u015fd\u0131r\u0131lmas\u0131nda da m\u0259qs\u0259d Erm\u0259nistan\u0131n t\u0259cav\u00fczkarl\u0131q siyas\u0259tin\u0259 d\u0259st\u0259k olub. Tarixin arxivin\u0259 at\u0131lm\u0131\u015f qondarma \u00abDa\u011fl\u0131q Qaraba\u011f m\u00fcnaqi\u015f\u0259si\u00bbnin dondurulmu\u015f v\u0259ziyy\u0259td\u0259 qalmas\u0131 \u00fc\u00e7\u00fcn b\u00fct\u00fcn imkanlardan istifad\u0259 ed\u0259n bu \u00ab\u00fc\u00e7l\u00fck\u00bb Xocal\u0131 soyq\u0131r\u0131m\u0131 da daxil olmaqla erm\u0259ni quldurlar\u0131n\u0131n i\u015f\u011fal alt\u0131nda qalan \u0259razil\u0259rimizd\u0259 t\u00f6r\u0259tdikl\u0259ri v\u0259h\u015filikl\u0259ri, siyasi, iqtisadi, m\u0259d\u0259ni, ekoloji terrorlar\u0131 g\u00f6rm\u0259zd\u0259n g\u0259lirdil\u0259r. AB\u015e-a s\u0259f\u0259r ed\u0259n separat\u00e7\u0131lara \u00abQaraba\u011fa yard\u0131m\u00bb\u00a0ad\u0131 alt\u0131nda v\u0259sait toplan\u0131l\u0131rd\u0131. M\u0259hz AB\u015e-da Qaraba\u011fdak\u0131 cinay\u0259tkar rejimin ofisi yarad\u0131ld\u0131, rejimin n\u00fcmay\u0259nd\u0259l\u0259ri Amerikaya s\u0259f\u0259r ed\u0259r\u0259k ayr\u0131-ayr\u0131 s\u0259viyy\u0259l\u0259rd\u0259 g\u00f6r\u00fc\u015fl\u0259r ke\u00e7irirdil\u0259r. \u0130slamofobiyan\u0131n d\u00f6vl\u0259t siyas\u0259ti s\u0259viyy\u0259sin\u0259 y\u00fcks\u0259ldiyi AB\u015e kimi Q\u0259rb d\u0259 terrorla m\u00fcbariz\u0259 ad\u0131 alt\u0131nda t\u0259kc\u0259 m\u00fcxt\u0259lif \u00f6lk\u0259l\u0259rin daxili i\u015fl\u0259rin\u0259 m\u00fcdaxil\u0259 etmir, h\u0259m\u00e7inin \u015e\u0259rq \u00f6lk\u0259l\u0259rind\u0259 \u00ab\u0259r\u0259b bahar\u0131\u00bb, \u00abq\u0131z\u0131lg\u00fcl inqilab\u0131\u00bb\u00a0ssenaril\u0259rini h\u0259yata ke\u00e7irirdil\u0259r. Amerika \u0259sg\u0259rl\u0259rinin ill\u0259r \u00f6nc\u0259 Vyetnamda t\u00f6r\u0259tdikl\u0259ri t\u00fck\u00fcrp\u0259dici cinay\u0259tl\u0259rin a\u011fr\u0131-ac\u0131s\u0131 unudulmur. B\u0259\u015f\u0259r tarixind\u0259 ilk v\u0259 yegan\u0259 n\u00fcmun\u0259 olan AB\u015e-\u0131n Silahl\u0131 Q\u00fcvv\u0259l\u0259rinin polkovniki, ekipaj r\u0259hb\u0259ri Rol Tibbetsin ba\u015f\u00e7\u0131l\u0131\u011f\u0131 il\u0259 Yaponiyan\u0131n Hirosima v\u0259 Naqasaki \u015f\u0259h\u0259rl\u0259rind\u0259 t\u00f6r\u0259tdil\u0259n atom bombardman\u0131 n\u0259tic\u0259sind\u0259 minl\u0259rl\u0259 insan h\u0259yatlar\u0131n\u0131 itirdil\u0259r, \u00f6m\u00fcrl\u00fck \u0259lil oldular. AB\u015e h\u0259rb\u00e7il\u0259ri \u0130raqda, \u018ffqan\u0131standa, Liviyada k\u00fctl\u0259vi q\u0131r\u011f\u0131nlar t\u00f6r\u0259tdil\u0259r. AB\u015e-\u0131n \u015e\u0259rq\u0259 g\u0259tirdiyi \u00abdemokratiya\u00bb\u201d n\u0259tic\u0259sind\u0259 y\u00fcz minl\u0259rl\u0259 m\u00fcs\u0259lman q\u0259tl\u0259 yetirildi, insanlar do\u011fma yurdlar\u0131n\u0131 t\u0259rk etdil\u0259r. M\u00fcs\u0259lmanlara qar\u015f\u0131 i\u015fg\u0259nc\u0259l\u0259rin amerikal\u0131 \u0259sg\u0259rl\u0259r t\u0259r\u0259find\u0259n bel\u0259 etiraf olunmas\u0131, q\u0259tliamlar\u0131n g\u00fcl\u00fc\u015fl\u0259 seyr edilm\u0259si, \u0130slami d\u0259y\u0259rl\u0259rin tapdan\u0131lmas\u0131 amerikansayaq demokratiyan\u0131n iyr\u0259nc simas\u0131 idi. Biab\u0131r\u00e7\u0131 \u018fbu-Qreyb, Quantanamo h\u0259bsxanalar\u0131nda t\u00f6r\u0259dil\u0259n qeyri-etik, a\u011flag\u0259lm\u0259z v\u0259h\u015filikl\u0259r\u0259 g\u00f6r\u0259 m\u0259suliyy\u0259t da\u015f\u0131mal\u0131 olan AB\u015e-\u0131n bu g\u00fcn \u00f6z\u00fcn\u00fc \u00abinsan haqlar\u0131n\u0131n havadar\u0131\u00bb\u00a0kimi t\u0259qdim etm\u0259si, multikultural, tolerant \u00f6lk\u0259 olan Az\u0259rbaycandan guya Qaraba\u011fdan zorla \u00e7\u0131xar\u0131lm\u0131\u015f erm\u0259nil\u0259rin m\u00fcdafi\u0259sin\u0259 qalxmas\u0131 g\u00fcl\u00fcncd\u00fcr.<\/p>\n<p>Art\u0131q gizli deyil ki, d\u00fcnyada ba\u015f ver\u0259n milli m\u00fcnaqi\u015f\u0259l\u0259r, say\u0131 milyonlar\u0131 \u00f6t\u0259n miqrantlar ordusu AB\u015e-\u0131n ist\u0259k v\u0259 planlar\u0131n\u0131n m\u0259nfur n\u0259tic\u0259sidir. \u00abDemokratiya, insan h\u00fcquqlar\u0131\u00bb kimi b\u0259han\u0259l\u0259rl\u0259 \u0259n \u00e7ox \u00fczl\u0259\u015f\u0259n Az\u0259rbaycanda hakimiyy\u0259t \u00e7evrili\u015fl\u0259rin\u0259 c\u0259hd ed\u0259n, \u00abbe\u015finci kolon\u00bbnu yaradan, maliyy\u0259l\u0259\u015fdir\u0259n AB\u015e-\u0131n, Q\u0259rbin \u00f6lk\u0259mizi \u00absuriyala\u015fd\u0131rmaq\u00bb c\u0259hdl\u0259rini aktualla\u015fd\u0131rmas\u0131 separatizm\u0259, erm\u0259ni fa\u015fizmin\u0259 \u00abya\u015f\u0131l i\u015f\u0131q\u00bb yand\u0131rmaqd\u0131r.<\/p>\n<p>44 g\u00fcn davam ed\u0259n \u0130kinci Qaraba\u011f m\u00fcharib\u0259sind\u0259n sonra m\u0259nfur niyy\u0259tl\u0259rini ba\u015fqa metodlarla davam etdir\u0259n AB\u015e-\u0131n \u00abfeministl\u0259r\u00bbd\u0259n\u201d, V\u0259t\u0259n m\u00fcharib\u0259sind\u0259ki Z\u0259f\u0259rimiz\u0259 k\u00f6lg\u0259 salan \u00abNO WAR\u201d\u00bb\u00e7\u0131lardan istifad\u0259 c\u0259hdl\u0259ri d\u0259 ba\u015f tutmad\u0131. Va\u015finqtonda AB\u015e-\u0131n D\u00f6vl\u0259t katibi Entoni Blinkenin t\u0259\u015f\u0259bb\u00fcs\u00fc il\u0259 Az\u0259rbaycan v\u0259 Erm\u0259nistan xarici i\u015fl\u0259r nazirl\u0259ri aras\u0131nda ke\u00e7iril\u0259n g\u00f6r\u00fc\u015fl\u0259r d\u0259 ist\u0259nil\u0259n n\u0259tic\u0259ni verm\u0259di.<br \/>\nLa\u00e7\u0131n s\u0259rh\u0259d- ke\u00e7id m\u0259nt\u0259q\u0259sinin a\u00e7\u0131lmas\u0131ndan narahat olan AB\u015e Qaraba\u011fda ke\u00e7irilmi\u015f qeyri-qanuni \u00ab prezident se\u00e7ki\u00bbsini s\u00fckutla qar\u015f\u0131lad\u0131. \u00d6lk\u0259miz\u0259 qar\u015f\u0131 s\u0259mimi niyy\u0259tind\u0259 olmad\u0131\u011f\u0131n\u0131 \u00abyurikim\u00bbl\u0259rin AB\u015e Konqresd\u0259ki \u00e7\u0131x\u0131\u015flar\u0131 il\u0259 b\u0259yan ed\u0259n A\u011f Evin h\u0259l\u0259 d\u0259 \u00abDa\u011fl\u0131q Qaraba\u011f xalq\u0131n\u0131n\u00bb h\u00fcquqlar\u0131\u201dndan dan\u0131\u015fmas\u0131, Qaraba\u011fdak\u0131 h\u0259rbi xunta ba\u015f\u00e7\u0131lar\u0131n\u0131 m\u00fcdafi\u0259 etm\u0259si Erm\u0259nistandak\u0131 revan\u015fistl\u0259ri yeni m\u00fcharib\u0259y\u0259 haz\u0131rlamaqd\u0131r.<\/p>\n<p>Ukraynan\u0131 q\u0131z\u0131\u015fd\u0131raraq Rusiya il\u0259 m\u00fcharib\u0259y\u0259 s\u00f6vq ed\u0259n v\u0259 silah-sursat t\u0259chizat\u0131 il\u0259 manipulyasiya ed\u0259r\u0259k Kiyevi tamamil\u0259 \u00f6z\u00fcnd\u0259n as\u0131l\u0131 v\u0259ziyy\u0259t\u0259 salan AB\u015e eyni siyas\u0259tini Erm\u0259nistanda davam etdirir. Ox\u015far motivl\u0259r, ssenaril\u0259r \u0259sas\u0131nda haz\u0131rlanan planlar\u0131n C\u0259nubi Qafqazda t\u0259tbiqi \u00fc\u00e7\u00fcn Az\u0259rbaycana v\u0259 G\u00fcrc\u00fcstana qar\u015f\u0131 t\u0259xribatlar\u0131n geni\u015fl\u0259nm\u0259si t\u0259sad\u00fcfi deyil. A\u011f Evd\u0259, Yelisey Saray\u0131nda \u00abQaraba\u011fda humanitar b\u00f6hran\u0131n ya\u015fanmas\u0131\u00bb\u201d kimi h\u0259qiq\u0259td\u0259n \u00e7ox uzaq gurultulu hay-k\u00fcyl\u0259rin qald\u0131r\u0131lmas\u0131 yax\u0131n zamanlarda ba\u015f ver\u0259n anti-Az\u0259rbaycan t\u0259xribatlar\u0131n\u0131n ki\u00e7ik par\u00e7as\u0131d\u0131r. Az\u0259rbaycan\u0131n \u0259razi b\u00fct\u00f6vl\u00fcy\u00fcn\u00fc \u015f\u00fcbh\u0259 alt\u0131na alan, beyn\u0259lxalq h\u00fcquqla t\u0259sbit olunmu\u015f suveren haqq\u0131m\u0131z\u0131 he\u00e7\u0259 sayan, korrursiya \u0259m\u0259ll\u0259rind\u0259 ittiham edil\u0259n erm\u0259nip\u0259r\u0259st senator Robert Menendez kimi AB\u015e D\u00f6vl\u0259t Departamentinin y\u00fcks\u0259k ranql\u0131 r\u0259smil\u0259rinin guya Az\u0259rbaycan\u0131n \u0259razi b\u00fct\u00f6vl\u00fcy\u00fcn\u0259 h\u00f6rm\u0259tl\u0259 yana\u015f\u0131lmas\u0131 il\u0259 ba\u011fl\u0131 s\u00f6zl\u0259ri d\u0259 h\u0259qiq\u0259td\u0259n \u00e7ox-\u00e7ox uzaqd\u0131r. Buna g\u00f6r\u0259 d\u0259 hans\u0131sa xarici dirijor \u00e7ubu\u011fu il\u0259 Az\u0259rbaycan\u0131n h\u0259d\u0259f\u0259 al\u0131nmas\u0131 ba\u015f tutan sevda deyil. Haz\u0131rda Az\u0259rbaycan\u0131n siyasi, iqtisadi, h\u0259rbi q\u00fcdr\u0259tini t\u0259sdiql\u0259y\u0259n imza vard\u0131r.<\/p>\n<p>Prezident \u0130lham \u018fliyev Ali Ba\u015f Komandan kimi torpaqlar\u0131m\u0131z\u0131 i\u015f\u011faldan azad etm\u0259kl\u0259 Az\u0259rbaycan xalq\u0131na tarixi Z\u0259f\u0259rin sevincini ya\u015fatd\u0131.<br \/>\nB\u00fct\u00fcn d\u00fcnya g\u00f6rd\u00fc ki, q\u00fcdr\u0259tli, milli ruhu daim y\u00fcks\u0259k olan, m\u00fcxt\u0259lif sivilizasiya v\u0259 m\u0259d\u0259niyy\u0259tl\u0259rin irsini \u00f6z\u00fcnd\u0259 birl\u0259\u015fdir\u0259n, b\u0259\u015f\u0259ri d\u0259y\u0259rl\u0259rl\u0259 paralel milli v\u0259 dini d\u0259y\u0259rl\u0259ri qoruyub saxlayan, bunlar\u0131 inki\u015faf tarixind\u0259, g\u00fcnd\u0259lik h\u0259yat t\u0259rzind\u0259, daxili v\u0259 xarici siyas\u0259tind\u0259 \u0259ks etdir\u0259n Az\u0259rbaycan unikal \u00f6lk\u0259dir v\u0259 xalq\u0131m\u0131z\u0131n yenilm\u0259zlik ideyas\u0131 t\u00fck\u0259nm\u0259zdir. Az\u0259rbaycan 44 g\u00fcnl\u00fck V\u0259t\u0259n m\u00fcharib\u0259sind\u0259 qazand\u0131\u011f\u0131 \u015fanl\u0131 Q\u0259l\u0259b\u0259si il\u0259 Avrasiya materikinin siyasi-iqtisadi x\u0259rit\u0259sini d\u0259yi\u015fdi. C\u0259nubi Qafqaz\u0131n tranzit-logistika, h\u0259m\u00e7inin regionun Q\u0259rb-\u015e\u0259rq v\u0259 C\u0259nub-\u015eimal mar\u015frutlar\u0131n\u0131n imkanlar\u0131n\u0131 art\u0131rd\u0131. Beyn\u0259lxalq \u0259h\u0259miyy\u0259tli enerji v\u0259 n\u0259qliyyat layih\u0259l\u0259rinin m\u00fc\u0259llifi, etibarl\u0131 t\u0259r\u0259fda\u015f\u0131 olan Az\u0259rbaycan\u0131n Orta D\u0259hlizd\u0259ki alternativsiz rolu \u00f6lk\u0259miz\u0259 etimad\u0131 daha da art\u0131r\u0131r. C\u0259nubi Qafqaz Asiya v\u0259 Avropa, h\u0259m\u00e7inin Yax\u0131n \u015e\u0259rq aras\u0131nda vacib b\u00f6lg\u0259, Az\u0259rbaycan is\u0259 regionda \u0259n strateji m\u0259kand\u0131r. M\u00fcst\u0259qil xarici siyas\u0259t kursuna sadiq, diplomatik u\u011furlar\u0131 artan Az\u0259rbaycana AB\u015e-\u0131n xarici siyas\u0259tin\u0259 t\u0259sir imkanlar\u0131 hiss olunan erm\u0259nip\u0259r\u0259st konqresmenl\u0259rin, lobbil\u0259rin \u00f6lk\u0259miz\u0259 m\u00fcdaxil\u0259si qeyri-m\u00fcmk\u00fcnd\u00fcr.<\/p>\n<p>\u00abBeyn\u0259lxalq siyas\u0259tin d\u0259mir qanunu\u201d\u00bb hesab edil\u0259n demokratiyadan antidemokratik m\u0259qs\u0259dl\u0259rl\u0259 istifad\u0259 ed\u0259n AB\u015e-da g\u0259l\u0259n ay ke\u00e7iril\u0259c\u0259k prezident se\u00e7kil\u0259ri \u0259r\u0259f\u0259sind\u0259 ba\u015f ver\u0259n terrorlar, prezidentliy\u0259 namiz\u0259d Donald Trampa qar\u015f\u0131 edil\u0259n sui-q\u0259sdl\u0259r A\u011f Ev demokratiyas\u0131n\u0131n \u0259sl g\u00f6r\u00fcnt\u00fcs\u00fcd\u00fcr. Erm\u0259nistan\u0131 silahland\u0131rmaqla C\u0259nubi Qafqaza sahibl\u0259nm\u0259k ist\u0259y\u0259nl\u0259rin niyy\u0259tl\u0259ri ba\u015f tutmayacaq. AB\u015e-da ke\u00e7iril\u0259n Demokratiya sammitl\u0259rind\u0259 Az\u0259rbaycana b\u00f6htan ya\u011fd\u0131ranlar\u0131n, Q\u0259rbin \u00f6z\u00fcn\u0259m\u0259xsus \u0259n\u0259n\u0259vi oyunlar\u0131n\u0131n i\u015ftirak\u00e7\u0131lar\u0131n\u0131n q\u0259bul etdikl\u0259ri anti-Az\u0259rbaycan q\u0259tnam\u0259l\u0259ri Prezident \u0130lham \u018fliyevin s\u00f6yl\u0259diyi kimi, g\u0259r\u0259ksiz ka\u011f\u0131z par\u00e7as\u0131ndan ba\u015fqa bir \u015fey deyil. Qanl\u0131 caynaqlar\u0131n\u0131 ili\u015fdirm\u0259k \u00fc\u00e7\u00fcn \u00abdemokratiya axtar\u0131\u015f\u0131\u00bbna \u00e7\u0131xanlar \u00fc\u00e7\u00fcn C\u0259nubi Qafqaz he\u00e7 zaman poliqon ala bilm\u0259z. \u00abDemokratiya n\u0259z\u0259riyy\u0259\u00e7il\u0259rinin\u00bb, siyasi korlar\u0131n s\u00f6yl\u0259dikl\u0259rinin \u0259ksin\u0259 sabitlik v\u0259 t\u0259hl\u00fck\u0259sizlik, nadir siyasi sabit \u00f6lk\u0259\u0131 olan Az\u0259rbaycan Prezident \u0130lham \u018fliyevin r\u0259hb\u0259rliyi il\u0259 b\u00fct\u00fcn istiqam\u0259tl\u0259r \u00fczr\u0259 s\u00fcr\u0259tl\u0259\u00a0inki\u015faf edir.<\/p>\n<p>Bu bax\u0131mdan son aylarda Bayden Administrasiyas\u0131n\u0131n, Konqresin v\u0259 Senat\u0131n r\u0259smi n\u00fcmay\u0259nd\u0259l\u0259rinin \u0130r\u0259vana t\u0259\u015frif buyuranlar\u0131n , \u00abdesant d\u0259st\u0259l\u0259ri\u00bbnin say\u0131n\u0131n artmas\u0131 i\u015f\u011fal\u00e7\u0131n\u0131 silahland\u0131rmaq c\u0259hdl\u0259rinin a\u00e7\u0131q-a\u015fkar etiraf\u0131 AB\u015e-\u0131n v\u0259 Q\u0259rbin C\u0259nubi Qafqaza soxulmaq niyy\u0259tl\u0259rini \u0259ks etdir\u0259n m\u0259nfur ssenaril\u0259rdir. Bel\u0259 ki, Q\u0259rbin \u00abazadl\u0131q v\u0259 demokratiya oyunlar\u0131\u00bb davam ets\u0259 d\u0259 qar\u015f\u0131l\u0131ql\u0131 \u0259m\u0259kda\u015fl\u0131q siyas\u0259tin\u0259 sadiq, \u00fcz\u0259rin\u0259 g\u00f6t\u00fcrd\u00fcy\u00fc \u00f6hd\u0259likl\u0259r\u0259 \u0259m\u0259l ed\u0259n r\u0259smi Bak\u0131n\u0131n k\u0259nar t\u00f6vsiy\u0259l\u0259r\u0259 ehtiyac\u0131 yoxdur. M\u00fcst\u0259qil daxili v\u0259 xarici siyas\u0259ti olmayan, idar\u0259 olunma\u011f\u0131 genl\u0259rind\u0259 ya\u015fadan Erm\u0259nistan AB\u015e, Q\u0259rb \u00fc\u00e7\u00fcn poliqon ola bil\u0259r. Amma Prezident \u0130lham \u018fliyevin bu s\u00f6zl\u0259rini is\u0259 qulaqlar\u0131nda s\u0131r\u011fa etsinl\u0259r: \u00abBax, burada oturmu\u015f \u00f6z\u00fcn\u00fc \u00abprezident\u201d\u00bb adland\u0131ran 3 t\u0259lx\u0259k bu g\u00fcn \u00f6z layiqli c\u0259zas\u0131n\u0131 g\u00f6zl\u0259yir. Bu binalar\u0131n birind\u0259 oturmu\u015f, \u00f6z\u00fcn\u00fc \u00abba\u015f nazir\u00bb\u201d adland\u0131ran bir adam g\u00f6r\u0259s\u0259n bu g\u00fcnd\u0259mi bizi h\u0259d\u0259l\u0259m\u0259y\u0259 c\u00fcr\u0259t ed\u0259c\u0259k? Onun da \u00e7ay\u0131 bu g\u00fcn istintaq t\u0259cridxanas\u0131nda verilir. Burada \u00f6z\u00fcn\u00fc \u00abxarici i\u015fl\u0259r naziri\u00bb\u201d adland\u0131rm\u0131\u015f bir separat\u00e7\u0131 o vaxt bel\u0259 kinay\u0259 il\u0259 deyirdi ki, Az\u0259rbaycan Bayra\u011f\u0131n\u0131 Xank\u0259ndid\u0259 qald\u0131rmaq ist\u0259yirs\u0259, s\u0259firlik a\u00e7s\u0131n bizim \u00f6lk\u0259mizd\u0259. \u0130ndi onun da \u00e7ay\u0131 orada, t\u0259cridxanada verilir. Bizim Bayra\u011f\u0131m\u0131z is\u0259 bax, oradad\u0131r. Bu, d\u0259rs olmal\u0131d\u0131r onlara. \u018ffsuslar olsun ki, m\u0259nim 20 il bundan \u0259vv\u0259l dediyim v\u0259 ondan sonra d\u0259f\u0259l\u0259rl\u0259 t\u0259krar etdiyim s\u00f6zl\u0259r onlara \u00e7atmad\u0131. Onlar hesab edirdil\u0259r ki, bu, sad\u0259c\u0259 olaraq, s\u00f6zd\u00fcr. Xeyr, m\u0259n n\u0259yi demi\u015f\u0259ms\u0259, onu da etmi\u015f\u0259m, bunu h\u0259r k\u0259s bilir, o c\u00fcml\u0259d\u0259n Erm\u0259nistanda da bunu bilirl\u0259r v\u0259 bunu unutmas\u0131nlar. V\u0259t\u0259n m\u00fcharib\u0259sini unutmas\u0131nlar! Antiterror t\u0259dbirl\u0259rini unutmas\u0131nlar! \u018fg\u0259r yen\u0259 d\u0259 Erm\u0259nistanda hans\u0131sa q\u00fcvv\u0259 revan\u015f haqq\u0131nda d\u00fc\u015f\u00fcn\u00fcrs\u0259, bax, bu kadrlara yax\u015f\u0131 baxs\u0131n\u00bb<\/p>\n<p><strong>Xuraman \u0130smay\u0131lq\u0131z\u0131, \u00ab\u0130ki sahil\u00bb<\/strong><\/p>\n","protected":false},"excerpt":{"rendered":"<p>Erm\u0259nistanla s\u00fclh sazi\u015fi beyn\u0259lxalq h\u00fcquqa \u0259saslanan Az\u0259rbaycan\u0131n t\u0259l\u0259bl\u0259ri v\u0259 \u015f\u0259rtl\u0259ri \u0259sas\u0131nda imzalanacaq Az\u0259rbaycanda ke\u00e7iril\u0259n m\u00fch\u00fcm t\u0259dbirl\u0259r \u0259r\u0259f\u0259sind\u0259 AB\u015e-\u0131n, onun dilmanc\u0131 (m\u00fcasir dill\u0259 des\u0259k s\u00f6z\u00e7\u00fcs\u00fc) Avropa \u0130ttifaq\u0131n\u0131n, Avropa Parlamentinin g\u00fcnd\u0259liyinin \u0259sas m\u00f6vzusu C\u0259nubi Qafqaz, daha d\u0259qiq deyils\u0259 Az\u0259rbaycanla ba\u011fl\u0131d\u0131r. \u00c7\u00fcnki \u00f6lk\u0259miz\u0259 qar\u015f\u0131 eyni m\u0259nb\u0259d\u0259n qaynaqlanan t\u0259xribatlar bu qurumlar t\u0259r\u0259find\u0259n paraflan\u0131r, sonrak\u0131 m\u0259rh\u0259l\u0259 kimi Norve\u00e7, Niderland kimi \u00f6lk\u0259l\u0259r\u0259 \u00f6t\u00fcr\u00fcl\u0259r\u0259k \u00abb\u0259yanatlar, q\u0259tnam\u0259l\u0259r\u00bb \u015f\u0259klind\u0259 \u00abi\u015f\u0131q \u00fcz\u00fc g\u00f6r\u00fcr.\u00bb \u00d6lk\u0259mizd\u0259 ke\u00e7iril\u0259n \u00abEurovision-2012\u00bb musiqi yar\u0131\u015fmas\u0131, Birinci Avropa Oyunlar\u0131, IV \u0130slam H\u0259mr\u0259yliyi Oyunlar\u0131 zaman\u0131 h\u0259min dair\u0259l\u0259rin s\u0131naqdan ke\u00e7irdikl\u0259ri \u00abt\u0259cr\u00fcb\u0259\u00bb COP 29 \u0259r\u0259f\u0259sind\u0259 t\u0259krarlan\u0131r. S\u0259b\u0259b is\u0259 Az\u0259rbaycan\u0131n \u0130kinci Qaraba\u011f&hellip;<\/p>\n","protected":false},"author":2,"featured_media":763575,"comment_status":"closed","ping_status":"closed","sticky":false,"template":"","format":"standard","meta":{"om_disable_all_campaigns":false,"_monsterinsights_skip_tracking":false,"_monsterinsights_sitenote_active":false,"_monsterinsights_sitenote_note":"","_monsterinsights_sitenote_category":0},"categories":[19],"tags":[],"aioseo_notices":[],"gutentor_comment":0,"rttpg_featured_image_url":{"full":["https:\/\/arantv.az\/wp-content\/uploads\/2024\/10\/c8461bf1172529555340572165710652468.jpg",975,540,false],"landscape":["https:\/\/arantv.az\/wp-content\/uploads\/2024\/10\/c8461bf1172529555340572165710652468.jpg",975,540,false],"portraits":["https:\/\/arantv.az\/wp-content\/uploads\/2024\/10\/c8461bf1172529555340572165710652468.jpg",975,540,false],"thumbnail":["https:\/\/arantv.az\/wp-content\/uploads\/2024\/10\/c8461bf1172529555340572165710652468-500x280.jpg",500,280,true],"medium":["https:\/\/arantv.az\/wp-content\/uploads\/2024\/10\/c8461bf1172529555340572165710652468-660x365.jpg",660,365,true],"large":["https:\/\/arantv.az\/wp-content\/uploads\/2024\/10\/c8461bf1172529555340572165710652468-840x465.jpg",640,354,true],"1536x1536":["https:\/\/arantv.az\/wp-content\/uploads\/2024\/10\/c8461bf1172529555340572165710652468.jpg",975,540,false],"2048x2048":["https:\/\/arantv.az\/wp-content\/uploads\/2024\/10\/c8461bf1172529555340572165710652468.jpg",975,540,false],"post-thumbnail":["https:\/\/arantv.az\/wp-content\/uploads\/2024\/10\/c8461bf1172529555340572165710652468-240x172.jpg",240,172,true],"advps-thumb-one":["https:\/\/arantv.az\/wp-content\/uploads\/2024\/10\/c8461bf1172529555340572165710652468.jpg",975,540,false]},"rttpg_author":{"display_name":"V\u00fcsal Rafiqo\u011flu","author_link":"https:\/\/arantv.az\/?author=2"},"rttpg_comment":0,"rttpg_category":"<a href=\"https:\/\/arantv.az\/?cat=19\" rel=\"category\">G\u00fcnd\u0259m<\/a>","rttpg_excerpt":"Erm\u0259nistanla s\u00fclh sazi\u015fi beyn\u0259lxalq h\u00fcquqa \u0259saslanan Az\u0259rbaycan\u0131n t\u0259l\u0259bl\u0259ri v\u0259 \u015f\u0259rtl\u0259ri \u0259sas\u0131nda imzalanacaq Az\u0259rbaycanda ke\u00e7iril\u0259n m\u00fch\u00fcm t\u0259dbirl\u0259r \u0259r\u0259f\u0259sind\u0259 AB\u015e-\u0131n, onun dilmanc\u0131 (m\u00fcasir dill\u0259 des\u0259k s\u00f6z\u00e7\u00fcs\u00fc) Avropa \u0130ttifaq\u0131n\u0131n, Avropa Parlamentinin g\u00fcnd\u0259liyinin \u0259sas m\u00f6vzusu C\u0259nubi Qafqaz, daha d\u0259qiq deyils\u0259 Az\u0259rbaycanla ba\u011fl\u0131d\u0131r. \u00c7\u00fcnki \u00f6lk\u0259miz\u0259 qar\u015f\u0131 eyni m\u0259nb\u0259d\u0259n qaynaqlanan t\u0259xribatlar bu qurumlar t\u0259r\u0259find\u0259n paraflan\u0131r, sonrak\u0131 m\u0259rh\u0259l\u0259 kimi Norve\u00e7, Niderland kimi&hellip;","_links":{"self":[{"href":"https:\/\/arantv.az\/index.php?rest_route=\/wp\/v2\/posts\/763574"}],"collection":[{"href":"https:\/\/arantv.az\/index.php?rest_route=\/wp\/v2\/posts"}],"about":[{"href":"https:\/\/arantv.az\/index.php?rest_route=\/wp\/v2\/types\/post"}],"author":[{"embeddable":true,"href":"https:\/\/arantv.az\/index.php?rest_route=\/wp\/v2\/users\/2"}],"replies":[{"embeddable":true,"href":"https:\/\/arantv.az\/index.php?rest_route=%2Fwp%2Fv2%2Fcomments&post=763574"}],"version-history":[{"count":1,"href":"https:\/\/arantv.az\/index.php?rest_route=\/wp\/v2\/posts\/763574\/revisions"}],"predecessor-version":[{"id":763576,"href":"https:\/\/arantv.az\/index.php?rest_route=\/wp\/v2\/posts\/763574\/revisions\/763576"}],"wp:featuredmedia":[{"embeddable":true,"href":"https:\/\/arantv.az\/index.php?rest_route=\/wp\/v2\/media\/763575"}],"wp:attachment":[{"href":"https:\/\/arantv.az\/index.php?rest_route=%2Fwp%2Fv2%2Fmedia&parent=763574"}],"wp:term":[{"taxonomy":"category","embeddable":true,"href":"https:\/\/arantv.az\/index.php?rest_route=%2Fwp%2Fv2%2Fcategories&post=763574"},{"taxonomy":"post_tag","embeddable":true,"href":"https:\/\/arantv.az\/index.php?rest_route=%2Fwp%2Fv2%2Ftags&post=763574"}],"curies":[{"name":"wp","href":"https:\/\/api.w.org\/{rel}","templated":true}]}}