{"id":763577,"date":"2024-10-23T07:21:56","date_gmt":"2024-10-23T03:21:56","guid":{"rendered":"https:\/\/arantv.az\/?p=763577"},"modified":"2024-10-23T07:21:56","modified_gmt":"2024-10-23T03:21:56","slug":"fransanin-novb%c9%99ti-dayaz-v%c9%99-b%c9%99sit-c%c9%99hdl%c9%99ri","status":"publish","type":"post","link":"https:\/\/arantv.az\/?p=763577","title":{"rendered":"Fransan\u0131n n\u00f6vb\u0259ti dayaz v\u0259 b\u0259sit c\u0259hdl\u0259ri\u2026"},"content":{"rendered":"<p><em><strong>R\u0259smi Paris C\u0259nubi Qafqazda yenid\u0259n g\u0259rginlik yaratmaq \u0259v\u0259zin\u0259 \u00f6z\u00fcn\u00fcn l\u0259k\u0259li tarixinin yaratd\u0131\u011f\u0131 probleml\u0259rin h\u0259lli il\u0259 m\u0259\u015f\u011ful olsa yax\u015f\u0131d\u0131r<\/strong><\/em><\/p>\n<p>Az\u0259rbaycan \u0259razi b\u00fct\u00f6vl\u00fcy\u00fcn\u00fc v\u0259 suverenliyini b\u0259rpa etdikd\u0259n sonra Fransan\u0131n \u00f6lk\u0259miz\u0259 qar\u015f\u0131 aqressiv siyas\u0259ti daha da \u015fidd\u0259tl\u0259nib. R\u0259smi Paris \u0259sass\u0131z olaraq \u00f6lk\u0259mizin beyn\u0259lxalq imicin\u0259 z\u0259rb\u0259 vurma\u011fa \u00e7al\u0131\u015f\u0131r v\u0259 b\u00fct\u00fcn platformalarda Az\u0259rbaycana qar\u015f\u0131 b\u00f6htan kampaniyas\u0131 apar\u0131r. G\u00f6r\u00fcn\u0259n odur ki, Fransa erm\u0259nil\u0259rd\u0259n \u00e7ox erm\u0259nilik edir.<\/p>\n<p>Fransan\u0131n xarici i\u015fl\u0259r naziri Jan-Noel Barrot \u0259n\u0259n\u0259sin\u0259 sadiq qalaraq bug\u00fcnl\u0259rd\u0259 yen\u0259 d\u0259 Az\u0259rbaycan\u0131 h\u0259d\u0259f\u0259 al\u0131b. O, \u201cFrance \u0130nter\u201d kanal\u0131na m\u00fcsahib\u0259si zaman\u0131 bildirib ki, guya Az\u0259rbaycan Erm\u0259nistana m\u00fcnasib\u0259td\u0259 beyn\u0259lxalq h\u00fcququ pozur. Frans\u0131z nazirin \u00f6lk\u0259mizin Erm\u0259nistana m\u00fcnasib\u0259td\u0259 beyn\u0259lxalq h\u00fcququn hans\u0131 norma v\u0259 prinsipl\u0259rini pozmas\u0131n\u0131 n\u0259z\u0259rd\u0259 tutdu\u011fu m\u00fc\u0259mmal\u0131d\u0131r. Amma ayd\u0131n olan bir m\u0259qam var. Bu da Erm\u0259nistan\u0131n t\u0259xmin\u0259n 30 il\u0259 yax\u0131n beyn\u0259lxalq h\u00fcquqa, onun s\u0259rh\u0259dl\u0259rin toxunulmazl\u0131\u011f\u0131 v\u0259 d\u00f6vl\u0259tl\u0259rin \u0259razi b\u00fct\u00f6vl\u00fcy\u00fc kimi ba\u015fl\u0131ca prinsipl\u0259rin\u0259 m\u0259h\u0259l qoymamas\u0131d\u0131r. X\u00fcsusil\u0259 BMT Nizamnam\u0259sind\u0259 v\u0259 AT\u018fT-in Helsinki Yekun Akt\u0131nda t\u0259sbit edilmi\u015f \u0259razi b\u00fct\u00f6vl\u00fcy\u00fc prinsipinin ba\u015fl\u0131ca m\u0259zmunu ondan ibar\u0259tdir ki, d\u00f6vl\u0259tl\u0259r bir-birinin \u0259razi b\u00fct\u00f6vl\u00fcy\u00fcn\u0259 h\u00f6rm\u0259t etm\u0259lidirl\u0259r. H\u0259r bir d\u00f6vl\u0259t ba\u015fqa d\u00f6vl\u0259tin \u0259razi b\u00fct\u00f6vl\u00fcy\u00fcn\u00fcn pozulmas\u0131na y\u00f6n\u0259lmi\u015f h\u00fcquqazidd h\u0259r\u0259k\u0259tl\u0259rd\u0259n \u00e7\u0259kinm\u0259lidir. D\u00f6vl\u0259tin \u0259razisi qanunsuz g\u00fcc t\u0259tbiqi n\u0259tic\u0259sind\u0259 h\u0259rbi i\u015f\u011fal obyekti ola bilm\u0259z. Erm\u0259nistan is\u0259 Birinci Qaraba\u011f m\u00fcharib\u0259si d\u00f6vr\u00fcnd\u0259 Az\u0259rbaycan \u0259razil\u0259rini i\u015f\u011fal etmi\u015f, h\u0259min \u0259razil\u0259rd\u0259n qeyd-\u015f\u0259rtsiz \u00e7\u0131xmaqla ba\u011fl\u0131 BMT T\u0259hl\u00fck\u0259sizlik \u015euras\u0131n\u0131n 4 q\u0259tnam\u0259sinin t\u0259l\u0259bl\u0259rin\u0259 \u0259m\u0259l etm\u0259mi\u015f, \u00fcst\u0259lik, i\u015f\u011fal etdiyi \u0259razil\u0259rd\u0259 daha bir cinay\u0259t \u2013 qanunsuz m\u0259skunla\u015fd\u0131rma siyas\u0259ti h\u0259yata ke\u00e7irmi\u015fdir. Guya ki, b\u00fct\u00fcn bunlardan Fransa X\u0130N ba\u015f\u00e7\u0131s\u0131n\u0131n x\u0259b\u0259ri yoxdur? \u018flb\u0259tt\u0259 ki, var. Amma\u2026<\/p>\n<p>Xarici \u0130\u015fl\u0259r Nazirliyinin m\u0259tbuat \u00a0katibi Ayxan Hac\u0131zad\u0259 frans\u0131z nazirin Az\u0259rbaycan \u0259leyhin\u0259 s\u0259sl\u0259ndirdiyi fikirl\u0259r\u0259 dair \u015f\u0259rhind\u0259 bildirib ki, Jan-Noel Barrotun m\u00fcsahib\u0259 zaman\u0131 Az\u0259rbaycan\u0131n Erm\u0259nistana m\u00fcnasib\u0259td\u0259 beyn\u0259lxalq h\u00fcququ pozdu\u011funu bildirm\u0259si bu \u00f6lk\u0259nin Az\u0259rbaycana qar\u015f\u0131 n\u00f6vb\u0259ti \u0259sass\u0131z v\u0259 q\u0259r\u0259zli m\u00fcnasib\u0259tinin, beyn\u0259lxalq h\u00fcquqa dayaz v\u0259 s\u0259thi yana\u015fmas\u0131n\u0131n g\u00f6st\u0259ricisidir.<\/p>\n<p>Az\u0259rbaycan\u0131n b\u00fct\u00fcn add\u0131mlar\u0131nda beyn\u0259lxalq h\u00fcququ v\u0259 \u0259dal\u0259ti \u0259sas g\u00f6t\u00fcrd\u00fcy\u00fcn\u00fc diqq\u0259t\u0259 \u00e7atd\u0131ran X\u0130N r\u0259smisi qeyd edib ki, \u00f6lk\u0259mizin beyn\u0259lxalq h\u00fcquqa zidd davrand\u0131\u011f\u0131n\u0131 iddia etm\u0259k absurddur v\u0259 Fransan\u0131n bunun \u0259ksini s\u00fcbut ed\u0259c\u0259k he\u00e7 bir d\u0259lili yoxdur.<\/p>\n<p>A.Hac\u0131zad\u0259 a\u00e7\u0131qlamas\u0131n\u0131n davam\u0131nda bildirilib: \u201cMaraql\u0131d\u0131r ki, \u00f6z\u00fcn\u00fc beyn\u0259lxalq h\u00fcququn t\u0259bli\u011fat\u00e7\u0131s\u0131 v\u0259 \u0259dal\u0259tin t\u0259minat\u00e7\u0131s\u0131 kimi t\u0259qdim ed\u0259n Fransa he\u00e7 zaman Az\u0259rbaycana m\u00fcnasib\u0259td\u0259 beyn\u0259lxalq h\u00fcququn b\u00fct\u00fcn norma v\u0259 prinsipl\u0259rinin kobud \u015f\u0259kild\u0259 pozulmas\u0131n\u0131 t\u0259nqid etm\u0259yib. Bir milyona yax\u0131n az\u0259rbaycanl\u0131n\u0131 \u00f6z do\u011fma yurd-yuvas\u0131ndan did\u0259rgin salm\u0131\u015f, k\u00fctl\u0259vi q\u0131r\u011f\u0131nlar v\u0259 insanl\u0131\u011fa qar\u015f\u0131 cinay\u0259tl\u0259r t\u00f6r\u0259tmi\u015f, Erm\u0259nistan \u0259razisind\u0259n k\u00fctl\u0259vi \u015f\u0259kild\u0259 deportasiya edilmi\u015f y\u00fcz minl\u0259rl\u0259 az\u0259rbaycanl\u0131n\u0131n qay\u0131d\u0131\u015f h\u00fcququnu he\u00e7\u0259 sayan Erm\u0259nistan\u0131 qurban kimi t\u0259qdim etm\u0259k yanl\u0131\u015f siyas\u0259td\u0259n x\u0259b\u0259r verir. D\u00fcnyan\u0131n bir \u00e7ox yerl\u0259rin\u0259 m\u00fcnasib\u0259td\u0259 xarici siyas\u0259ti iflasa u\u011fram\u0131\u015f Fransan\u0131n b\u00f6lg\u0259mizd\u0259 destruktiv f\u0259aliyy\u0259tin\u0259 son qoyulmas\u0131n\u0131 bir daha t\u0259l\u0259b edirik\u201d.<\/p>\n<p>G\u00f6r\u00fcn\u0259n odur ki, Erm\u0259nistandan bir al\u0259t kimi istifad\u0259 ed\u0259n Fransa bu g\u00fcn C\u0259nubi Qafqaza aqressivc\u0259sin\u0259, radikal d\u00fc\u015f\u00fcnc\u0259 il\u0259 soxulur v\u0259 bu da neokolonial t\u0259f\u0259kk\u00fcr\u00fcn g\u00f6st\u0259ricisidir. Paris h\u0259r f\u00fcrs\u0259td\u0259n istifad\u0259 ed\u0259r\u0259k Az\u0259rbaycan\u0131 beyn\u0259lxalq ictimaiyy\u0259tin g\u00f6z\u00fcnd\u0259n salma\u011fa c\u0259hd g\u00f6st\u0259rir. Erm\u0259nistan\u0131 \u201cqurban\u201d, Az\u0259rbaycan\u0131 is\u0259 \u201ct\u0259cav\u00fczkar\u201d g\u00f6st\u0259rm\u0259y\u0259 can atmaqla frans\u0131z siyas\u0259t\u00e7il\u0259r sanki tarixi \u201cmissiyalar\u0131n\u0131\u201d yerin\u0259 yetirdikl\u0259rini d\u00fc\u015f\u00fcn\u00fcrl\u0259r. Bel\u0259 g\u00f6r\u00fcn\u00fcr ki, Fransan\u0131n Az\u0259rbaycanla m\u00fcnasib\u0259tl\u0259ri normalla\u015fd\u0131rmaq ist\u0259yi yoxdur.\u00a0\u00c7\u00fcnki r\u0259smi Paris yen\u0259 d\u0259 anti-Az\u0259rbaycan siyas\u0259tl\u0259rini davam etdirir v\u0259 bununla da \u00f6zl\u0259rini C\u0259nubi Qafqazda s\u00fclh prosesind\u0259n faktiki olaraq t\u0259crid edirl\u0259r.<\/p>\n<p>Demokratiyadan d\u0259m vuran r\u0259smi Paris bu g\u00fcn\u00a0 Afrika xalqlar\u0131n\u0131n h\u00fcquqlar\u0131 u\u011frunda m\u00fcbariz\u0259 aparan tan\u0131nm\u0131\u015f f\u0259al Kemi Seban\u0131n Fransa h\u00fcquq-m\u00fchafiz\u0259 orqanlar\u0131 t\u0259r\u0259find\u0259n qeyri-qanuni saxlan\u0131lmas\u0131n\u0131 q\u0259tiyy\u0259tl\u0259 pisl\u0259m\u0259lidir. Bu qanunsuz add\u0131m yaln\u0131z \u015f\u0259xsi azadl\u0131q v\u0259 insan h\u00fcquqlar\u0131n\u0131n kobud pozuntusu deyil, h\u0259m d\u0259\u00a0 Afrika xalqlar\u0131n\u0131n neokolonializm\u0259 qar\u015f\u0131 m\u00fcbariz\u0259sin\u0259 v\u0259 suverenlik h\u00fcququna y\u00f6n\u0259lmi\u015f t\u0259zyiq kimi qiym\u0259tl\u0259ndirilm\u0259lidir. Fransa Afrikada m\u00f6vcudlu\u011funu v\u0259 t\u0259sirini qeyri-legitim yollarla davam etdirm\u0259y\u0259 \u00e7al\u0131\u015fd\u0131\u011f\u0131n\u0131 bir daha s\u00fcbuta yetirir. Bu c\u00fcr h\u0259r\u0259k\u0259tl\u0259r Fransa d\u00f6vl\u0259tinin h\u0259l\u0259 d\u0259 m\u00fcst\u0259ml\u0259k\u0259 d\u00f6vr\u00fc t\u0259f\u0259kk\u00fcr\u00fcnd\u0259n \u00e7\u0131xmad\u0131\u011f\u0131n\u0131 v\u0259 \u00f6z hegemonlu\u011funu qoruma\u011fa \u00e7al\u0131\u015fd\u0131\u011f\u0131n\u0131 g\u00f6st\u0259rir. Bu, Fransan\u0131n demokratiya siyas\u0259tind\u0259ki ikili standartlar\u0131n m\u00f6vcudlu\u011funu bir daha t\u0259sdiql\u0259yir. Fransa C\u0259nubi Qafqazda yenid\u0259n g\u0259rginlik yaratmaq \u0259v\u0259zin\u0259, \u00f6z\u00fcn\u00fcn l\u0259k\u0259li tarixinin probleml\u0259rinin h\u0259lli il\u0259 m\u0259\u015f\u011ful olsa, s\u00f6z\u00fcm d\u0259 el\u0259 burada bits\u0259 yax\u015f\u0131d\u0131r\u2026<\/p>\n<p><strong>Yaqut A\u011fa\u015fahq\u0131z\u0131, \u201c\u0130ki sahil\u201d<\/strong><\/p>\n","protected":false},"excerpt":{"rendered":"<p>R\u0259smi Paris C\u0259nubi Qafqazda yenid\u0259n g\u0259rginlik yaratmaq \u0259v\u0259zin\u0259 \u00f6z\u00fcn\u00fcn l\u0259k\u0259li tarixinin yaratd\u0131\u011f\u0131 probleml\u0259rin h\u0259lli il\u0259 m\u0259\u015f\u011ful olsa yax\u015f\u0131d\u0131r Az\u0259rbaycan \u0259razi b\u00fct\u00f6vl\u00fcy\u00fcn\u00fc v\u0259 suverenliyini b\u0259rpa etdikd\u0259n sonra Fransan\u0131n \u00f6lk\u0259miz\u0259 qar\u015f\u0131 aqressiv siyas\u0259ti daha da \u015fidd\u0259tl\u0259nib. R\u0259smi Paris \u0259sass\u0131z olaraq \u00f6lk\u0259mizin beyn\u0259lxalq imicin\u0259 z\u0259rb\u0259 vurma\u011fa \u00e7al\u0131\u015f\u0131r v\u0259 b\u00fct\u00fcn platformalarda Az\u0259rbaycana qar\u015f\u0131 b\u00f6htan kampaniyas\u0131 apar\u0131r. G\u00f6r\u00fcn\u0259n odur ki, Fransa erm\u0259nil\u0259rd\u0259n \u00e7ox erm\u0259nilik edir. Fransan\u0131n xarici i\u015fl\u0259r naziri Jan-Noel Barrot \u0259n\u0259n\u0259sin\u0259 sadiq qalaraq bug\u00fcnl\u0259rd\u0259 yen\u0259 d\u0259 Az\u0259rbaycan\u0131 h\u0259d\u0259f\u0259 al\u0131b. O, \u201cFrance \u0130nter\u201d kanal\u0131na m\u00fcsahib\u0259si zaman\u0131 bildirib ki, guya Az\u0259rbaycan Erm\u0259nistana m\u00fcnasib\u0259td\u0259 beyn\u0259lxalq h\u00fcququ pozur.&hellip;<\/p>\n","protected":false},"author":2,"featured_media":763578,"comment_status":"closed","ping_status":"closed","sticky":false,"template":"","format":"standard","meta":{"om_disable_all_campaigns":false,"_monsterinsights_skip_tracking":false,"_monsterinsights_sitenote_active":false,"_monsterinsights_sitenote_note":"","_monsterinsights_sitenote_category":0},"categories":[19],"tags":[],"aioseo_notices":[],"gutentor_comment":0,"rttpg_featured_image_url":{"full":["https:\/\/arantv.az\/wp-content\/uploads\/2024\/10\/49228483170593488384014578510687309.jpg",975,540,false],"landscape":["https:\/\/arantv.az\/wp-content\/uploads\/2024\/10\/49228483170593488384014578510687309.jpg",975,540,false],"portraits":["https:\/\/arantv.az\/wp-content\/uploads\/2024\/10\/49228483170593488384014578510687309.jpg",975,540,false],"thumbnail":["https:\/\/arantv.az\/wp-content\/uploads\/2024\/10\/49228483170593488384014578510687309-500x280.jpg",500,280,true],"medium":["https:\/\/arantv.az\/wp-content\/uploads\/2024\/10\/49228483170593488384014578510687309-660x365.jpg",660,365,true],"large":["https:\/\/arantv.az\/wp-content\/uploads\/2024\/10\/49228483170593488384014578510687309-840x465.jpg",640,354,true],"1536x1536":["https:\/\/arantv.az\/wp-content\/uploads\/2024\/10\/49228483170593488384014578510687309.jpg",975,540,false],"2048x2048":["https:\/\/arantv.az\/wp-content\/uploads\/2024\/10\/49228483170593488384014578510687309.jpg",975,540,false],"post-thumbnail":["https:\/\/arantv.az\/wp-content\/uploads\/2024\/10\/49228483170593488384014578510687309-240x172.jpg",240,172,true],"advps-thumb-one":["https:\/\/arantv.az\/wp-content\/uploads\/2024\/10\/49228483170593488384014578510687309.jpg",975,540,false]},"rttpg_author":{"display_name":"V\u00fcsal Rafiqo\u011flu","author_link":"https:\/\/arantv.az\/?author=2"},"rttpg_comment":0,"rttpg_category":"<a href=\"https:\/\/arantv.az\/?cat=19\" rel=\"category\">G\u00fcnd\u0259m<\/a>","rttpg_excerpt":"R\u0259smi Paris C\u0259nubi Qafqazda yenid\u0259n g\u0259rginlik yaratmaq \u0259v\u0259zin\u0259 \u00f6z\u00fcn\u00fcn l\u0259k\u0259li tarixinin yaratd\u0131\u011f\u0131 probleml\u0259rin h\u0259lli il\u0259 m\u0259\u015f\u011ful olsa yax\u015f\u0131d\u0131r Az\u0259rbaycan \u0259razi b\u00fct\u00f6vl\u00fcy\u00fcn\u00fc v\u0259 suverenliyini b\u0259rpa etdikd\u0259n sonra Fransan\u0131n \u00f6lk\u0259miz\u0259 qar\u015f\u0131 aqressiv siyas\u0259ti daha da \u015fidd\u0259tl\u0259nib. R\u0259smi Paris \u0259sass\u0131z olaraq \u00f6lk\u0259mizin beyn\u0259lxalq imicin\u0259 z\u0259rb\u0259 vurma\u011fa \u00e7al\u0131\u015f\u0131r v\u0259 b\u00fct\u00fcn platformalarda Az\u0259rbaycana qar\u015f\u0131 b\u00f6htan kampaniyas\u0131 apar\u0131r. G\u00f6r\u00fcn\u0259n odur ki,&hellip;","_links":{"self":[{"href":"https:\/\/arantv.az\/index.php?rest_route=\/wp\/v2\/posts\/763577"}],"collection":[{"href":"https:\/\/arantv.az\/index.php?rest_route=\/wp\/v2\/posts"}],"about":[{"href":"https:\/\/arantv.az\/index.php?rest_route=\/wp\/v2\/types\/post"}],"author":[{"embeddable":true,"href":"https:\/\/arantv.az\/index.php?rest_route=\/wp\/v2\/users\/2"}],"replies":[{"embeddable":true,"href":"https:\/\/arantv.az\/index.php?rest_route=%2Fwp%2Fv2%2Fcomments&post=763577"}],"version-history":[{"count":1,"href":"https:\/\/arantv.az\/index.php?rest_route=\/wp\/v2\/posts\/763577\/revisions"}],"predecessor-version":[{"id":763579,"href":"https:\/\/arantv.az\/index.php?rest_route=\/wp\/v2\/posts\/763577\/revisions\/763579"}],"wp:featuredmedia":[{"embeddable":true,"href":"https:\/\/arantv.az\/index.php?rest_route=\/wp\/v2\/media\/763578"}],"wp:attachment":[{"href":"https:\/\/arantv.az\/index.php?rest_route=%2Fwp%2Fv2%2Fmedia&parent=763577"}],"wp:term":[{"taxonomy":"category","embeddable":true,"href":"https:\/\/arantv.az\/index.php?rest_route=%2Fwp%2Fv2%2Fcategories&post=763577"},{"taxonomy":"post_tag","embeddable":true,"href":"https:\/\/arantv.az\/index.php?rest_route=%2Fwp%2Fv2%2Ftags&post=763577"}],"curies":[{"name":"wp","href":"https:\/\/api.w.org\/{rel}","templated":true}]}}