{"id":763580,"date":"2024-10-23T07:22:42","date_gmt":"2024-10-23T03:22:42","guid":{"rendered":"https:\/\/arantv.az\/?p=763580"},"modified":"2024-10-23T07:22:42","modified_gmt":"2024-10-23T03:22:42","slug":"bundan-da-guclu-birlik-olar","status":"publish","type":"post","link":"https:\/\/arantv.az\/?p=763580","title":{"rendered":"Bundan da g\u00fccl\u00fc birlik olar?.."},"content":{"rendered":"<p><em><strong>T\u00fcrk D\u00f6vl\u0259tl\u0259ri T\u0259\u015fkilat\u0131 b\u00f6y\u00fck co\u011frafiyad\u0131r, b\u00f6y\u00fck h\u0259rbi g\u00fccd\u00fcr, b\u00f6\u00ady\u00fck iqtisadiyyatd\u0131r<\/strong><\/em><\/p>\n<p>Prezident \u0130lham \u018fliyevin t\u00fcrkdilli \u00f6lk\u0259l\u0259rin birliyini yaratmaq ideyas\u0131 son bir ne\u00e7\u0259 ilin \u0259n aktual m\u0259s\u0259l\u0259sidir. \u00c7\u00fcnki\u00a0 d\u00fcnyada ba\u015f ver\u0259n kataklizml\u0259rd\u0259n, qlobal m\u00fcnaqi\u015f\u0259l\u0259rd\u0259n qorunmaq \u00fc\u00e7\u00fcn etibarl\u0131 v\u0259 g\u00fccl\u00fc dost v\u0259 qarda\u015f \u00f6lk\u0259l\u0259r\u0259 ehtiyac var. M\u0259hz bu m\u0259s\u0259l\u0259nin \u00f6n\u0259mini vaxt\u0131nda d\u0259y\u0259rl\u0259ndir\u0259n Prezident \u0130lham \u018fliyevin xarici siyas\u0259tind\u0259 qarda\u015f T\u00fcrkiy\u0259 ba\u015fda olmaqla M\u0259rk\u0259zi Asiyan\u0131n \u0259n b\u00f6y\u00fck d\u00f6vl\u0259tl\u0259ri olan Qazax\u0131stan, \u00d6zb\u0259kistan v\u0259 Q\u0131r\u011f\u0131z\u0131stanla yeni birlik format\u0131n\u0131 n\u0259inki g\u00fcnd\u0259m\u0259 g\u0259tirdi, h\u0259tta sonrak\u0131 ill\u0259rd\u0259 onun realla\u015fmas\u0131 \u00fc\u00e7\u00fcn b\u00f6y\u00fck i\u015fl\u0259r g\u00f6rd\u00fc. M\u0259hz \u00f6lk\u0259mizin ba\u015f\u00e7\u0131s\u0131n\u0131n bu xidm\u0259tl\u0259ri n\u0259z\u0259r\u0259 al\u0131naraq\u00a0 2021-ci ilin noyabr\u0131n 12\u2013d\u0259 \u0130stanbulda t\u00fcrk d\u00f6vl\u0259tl\u0259rinin d\u00f6vl\u0259t ba\u015f\u00e7\u0131lar\u0131n\u0131n i\u015ftirak etdiyi T\u00fcrk D\u00f6vl\u0259tl\u0259ri T\u0259\u015fkilat\u0131n\u0131n (TDT)\u00a0 iclas\u0131nda Az\u0259rbaycan Prezidenti T\u00fcrk D\u00fcnyas\u0131n\u0131n Ali Ordeni il\u0259 t\u0259ltif edildi. Q\u0259rar T\u00fcrkiy\u0259, Qazax\u0131stan, \u00d6zb\u0259kistan v\u0259 Q\u0131r\u011f\u0131z\u0131stan liderl\u0259ri t\u0259r\u0259find\u0259n imzalanm\u0131\u015fd\u0131.<\/p>\n<p>Bundan ba\u015fqa, bu il iyulun 5-6-da b\u00fct\u00fcn t\u00fcrk d\u00fcnyas\u0131n\u0131n v\u0259 onun dostlar\u0131n\u0131n diqq\u0259ti \u015eu\u015fada oldu. Regional v\u0259 beyn\u0259lxalq g\u00fcc m\u0259rk\u0259zin\u0259 \u00e7evril\u0259n\u00a0 (TDT)-y\u0259 daxil olan \u00f6lk\u0259l\u0259rin liderl\u0259rinin i\u015ftirak\u0131 il\u0259 bu \u015f\u0259h\u0259rd\u0259 qeyri-r\u0259sm sammit ke\u00e7irildi.\u00a0Az\u0259rbaycan, \u00d6zb\u0259kistan, Q\u0131r\u011f\u0131z\u0131stan Qazax\u0131stan, \u015eimali Kibr T\u00fcrk C\u00fcmhuriyy\u0259tinin prezidentl\u0259ri &#8211; Macar\u0131stan\u0131n Ba\u015f naziri, T\u00fcrkiy\u0259 Respublikas\u0131n\u0131n vitse-prezidenti, T\u00fcrk D\u00f6vl\u0259tl\u0259ri T\u0259\u015fkilat\u0131n\u0131n Ba\u015f katibi bu \u00a0Zirv\u0259 g\u00f6r\u00fc\u015f\u00fcnd\u0259 i\u015ftirak etdil\u0259r. M\u0259lumdur ki,\u00a0 T\u00fcrk D\u00f6vl\u0259tl\u0259ri T\u0259\u015fkilat\u0131n\u0131n d\u00f6vl\u0259t ba\u015f\u00e7\u0131lar\u0131n\u0131n \u015eu\u015fada qeyri-r\u0259smi Zirv\u0259 g\u00f6r\u00fc\u015f\u00fcn\u00fcn ke\u00e7irilm\u0259si il\u0259 ba\u011fl\u0131 q\u0259rar \u00f6t\u0259n ilin noyabr\u0131nda Astanada &#8211; TDT-nin \u00abT\u00fcrk \u018fsri\u00bb \u00e7a\u011f\u0131r\u0131\u015f\u0131 alt\u0131nda ke\u00e7iril\u0259n 10-cu yubiley Zirv\u0259 g\u00f6r\u00fc\u015f\u00fcnd\u0259 verilmi\u015fdi.\u00a0 \u015eu\u015fada ke\u00e7iril\u0259n bu t\u0259dbir bir daha g\u00f6st\u0259rdi ki, biz bir yumruq kimi birl\u0259\u015fmi\u015fik. G\u00f6r\u00fc\u015fd\u0259 h\u0259m Erm\u0259nistana, h\u0259m d\u0259 onun himay\u0259darlar\u0131na mesaj verildi ki, Az\u0259rbaycan dostlar\u0131 v\u0259 qarda\u015flar\u0131 il\u0259 daha da q\u00fcdr\u0259tlidir. Kims\u0259 bizim \u0259razib\u00fct\u00f6vl\u00fcy\u00fcm\u00fcz\u00fc v\u0259 suverenliyimizi bir daha poza bilm\u0259z.<\/p>\n<p>\u00d6t\u0259n bir ne\u00e7\u0259 il \u0259rzind\u0259 Prezident \u0130lham \u018fliyev t\u0259\u015fkilat\u0131n f\u0259aliyy\u0259tinin g\u00fccl\u0259ndirilm\u0259si, t\u00fcrkdilli \u00f6lk\u0259l\u0259r v\u0259 xalqlar aras\u0131nda dostluq, qarda\u015fl\u0131q v\u0259 \u0259m\u0259kda\u015fl\u0131\u011f\u0131n daha da m\u00f6hk\u0259ml\u0259ndirilm\u0259si istiqam\u0259tind\u0259 ciddi add\u0131mlar at\u0131b. \u00d6lk\u0259mizin T\u00fcrk \u015euras\u0131na (t\u0259\u015fkilat sonralar T\u00fcrk D\u00f6vl\u0259tl\u0259ri T\u0259\u015fkilat\u0131 adland\u0131r\u0131ld\u0131) ) s\u0259drliyi d\u00f6vr\u00fcnd\u0259 t\u0259\u015fkilat\u0131n dig\u0259r m\u00f6t\u0259b\u0259r beyn\u0259lxalq t\u0259\u015fkilatlarla, o c\u00fcml\u0259d\u0259n BMT, \u0130slam \u018fm\u0259kda\u015fl\u0131q T\u0259\u015fkilat\u0131, AT\u018fT, \u0130qtisadi \u018fm\u0259kda\u015fl\u0131q T\u0259\u015fkilat\u0131 il\u0259 s\u0259m\u0259r\u0259li \u0259m\u0259kda\u015fl\u0131q m\u00fcnasib\u0259tl\u0259ri davam etdirilib, \u00dcmumd\u00fcnya S\u0259hiyy\u0259 T\u0259\u015fkilat\u0131 il\u0259 faydal\u0131 \u0259m\u0259kda\u015fl\u0131q qurulub.<\/p>\n<p>Son ill\u0259r Prezident \u0130lham \u018fliyevin M\u0259rk\u0259zi Asiya \u00f6lk\u0259l\u0259rin\u0259 ard\u0131c\u0131l s\u0259f\u0259rl\u0259ri, h\u0259m\u00e7inin bu regiondak\u0131 \u00f6lk\u0259l\u0259rin d\u00f6vl\u0259t ba\u015f\u00e7\u0131lar\u0131n\u0131n Az\u0259rbaycana s\u0259f\u0259rl\u0259ri d\u0259rinl\u0259\u015f\u0259n \u0259laq\u0259l\u0259rin g\u00f6st\u0259ricisidir. Bu s\u0259f\u0259rl\u0259r zaman\u0131 imzalanan s\u0259n\u0259dl\u0259r \u00f6lk\u0259l\u0259rimiz aras\u0131nda qar\u015f\u0131l\u0131ql\u0131 \u0259m\u0259kda\u015fl\u0131\u011f\u0131n geni\u015fl\u0259ndirilm\u0259si \u00fc\u00e7\u00fcn vacib rola malikdir. T\u0259\u015fkilata daxil olan d\u00f6vl\u0259tl\u0259r t\u0259kc\u0259 siyasi, iqtisadi deyil, \u00a0sosial-humanitar sah\u0259l\u0259rd\u0259 d\u0259 g\u00fccl\u0259rini birl\u0259\u015fdiribl\u0259r. \u0130\u015f\u011faldan azad olunan Qaraba\u011f v\u0259 \u015e\u0259rqi Z\u0259ng\u0259zurun m\u0259d\u0259ni irsinin b\u0259rpa olunmas\u0131 istiqam\u0259tind\u0259 t\u00fcrkdilli \u00f6lk\u0259l\u0259r Az\u0259rbaycana d\u0259st\u0259kl\u0259rini g\u00f6st\u0259rirl\u0259r. Bu qarda\u015fl\u0131q d\u0259st\u0259yinin daha bir n\u00fcmun\u0259si is\u0259 \u015eu\u015fa \u015f\u0259h\u0259rinin 2023-c\u00fc il \u00fc\u00e7\u00fcn t\u00fcrk d\u00fcnyas\u0131n\u0131n m\u0259d\u0259niyy\u0259t paytaxt\u0131 se\u00e7ilm\u0259si oldu.<\/p>\n<p>Eyni zamanda, i\u015f\u011faldan azad olunmu\u015f Az\u0259rbaycan torpaqlar\u0131nda T\u00fcrkiy\u0259 \u015firk\u0259tl\u0259rinin podrat\u00e7\u0131 kimi bir \u00e7ox infrastruktur layih\u0259l\u0259rind\u0259 f\u0259al i\u015ftirak\u0131, F\u00fczuli rayonunda \u00d6zb\u0259kistan t\u0259r\u0259find\u0259n m\u0259kt\u0259bin, h\u0259m\u00e7inin \u00a0Qazax\u0131stan\u0131n maliyy\u0259si il\u0259 yarad\u0131c\u0131l\u0131q m\u0259rk\u0259zinin in\u015fa olunmas\u0131, Q\u0131r\u011f\u0131z\u0131stan Prezidentinin A\u011fdamda orta m\u0259kt\u0259bin in\u015fas\u0131n\u0131 \u00f6hd\u0259sin\u0259 g\u00f6t\u00fcrm\u0259si d\u0259 \u00a0t\u00fcrkdilli xalqlar\u0131n aras\u0131nda qarda\u015fl\u0131\u011f\u0131n g\u00f6st\u0259ricisidir.\u00a0M\u00fcxt\u0259lif zamanlarda T\u00fcrkiy\u0259 Prezidenti R\u0259c\u0259b Tayyib \u018frdo\u011fan\u0131n Qaraba\u011f v\u0259 \u015e\u0259rqi Z\u0259ng\u0259zura \u00fc\u00e7 d\u0259f\u0259 s\u0259f\u0259r etm\u0259si d\u0259 qarda\u015fl\u0131q \u0259laq\u0259l\u0259rimizin nec\u0259 y\u00fcks\u0259k s\u0259viyy\u0259d\u0259 oldu\u011funa daha bir n\u00fcmun\u0259dir.<\/p>\n<p>T\u00fcrk D\u00f6vl\u0259tl\u0259ri T\u0259\u015fkilat\u0131 sad\u0259c\u0259 m\u0259d\u0259ni-h\u00fcmanitar sah\u0259d\u0259 deyil, h\u0259m d\u0259 iqtisadi m\u0259nada \u00f6n plana \u00e7\u0131xar\u0131l\u0131b. Y\u0259ni, \u00a0TDT-y\u0259 \u00fczv \u00f6lk\u0259l\u0259r aras\u0131nda iqtisadi-ticari \u0259laq\u0259l\u0259rin daha da geni\u015fl\u0259ndirilm\u0259si \u00fc\u00e7\u00fcn son ill\u0259rd\u0259 bir s\u0131ra layih\u0259l\u0259r ger\u00e7\u0259kl\u0259\u015fib. Bel\u0259 ki, \u00a0Milli M\u0259clisin 4 aprel 2023-c\u00fc il tarixli iclas\u0131nda \u00abT\u00fcrk D\u00f6vl\u0259tl\u0259ri T\u0259\u015fkilat\u0131n\u0131n h\u00f6kum\u0259tl\u0259ri aras\u0131nda sad\u0259l\u0259\u015fdirilmi\u015f g\u00f6mr\u00fck d\u0259hlizinin yarad\u0131lmas\u0131 haqq\u0131n\u00adda\u00bb 2022-ci il noyabr\u0131n 11-d\u0259 S\u0259m\u0259rq\u0259nd \u015f\u0259h\u0259rind\u0259 imzalanan sazi\u015f t\u0259sdiql\u0259nib. Bununla da TDT h\u00f6kum\u0259tl\u0259rinin g\u00f6mr\u00fck orqanlar\u0131 aras\u0131nda mallar\u0131n v\u0259 n\u0259qliyyat vasit\u0259l\u0259rinin h\u0259r\u0259k\u0259ti il\u0259 ba\u011fl\u0131 m\u0259lumat m\u00fcbadil\u0259si asanla\u015f\u0131b. Y\u0259ni, bel\u0259 bir layih\u0259nin icras\u0131 n\u0259tic\u0259sind\u0259 t\u0259\u015fkilata \u00fczv h\u00f6kum\u0259tl\u0259r aras\u0131nda da\u015f\u0131nan mallar v\u0259 n\u0259qliyyat vasit\u0259l\u0259ri haqq\u0131nda m\u0259lu\u00admatlar\u0131n elektron \u015f\u0259kild\u0259 m\u00fcbadil\u0259si ger\u00ad\u00e7\u0259kl\u0259\u015fib. N\u0259tic\u0259d\u0259 s\u00fcr\u0259tli y\u00fck da\u015f\u0131malar\u0131, o c\u00fcml\u0259d\u0259n y\u00fck da\u015f\u0131malar\u0131n h\u0259cmind\u0259 n\u0259z\u0259r\u0259\u00e7arpacaq art\u0131ma nail olmaq realla\u015f\u0131b.<\/p>\n<p>Bu g\u00fcn Az\u0259rbacan d\u00f6vl\u0259ti iqtisadi q\u00fcdr\u0259tin\u0259 r\u0259\u011fm\u0259n h\u0259m d\u0259 xarici \u00f6lk\u0259l\u0259r\u0259 irih\u0259cmli investisiyalar yat\u0131r\u0131r. Son 10 ild\u0259 \u00f6lk\u0259mizin xarici \u00f6lk\u0259l\u0259r\u0259 yat\u0131rd\u0131\u011f\u0131 s\u0259rmay\u0259l\u0259r t\u0259qrib\u0259n 30 milyard dollardan \u00e7ox olub.\u00a0 Az\u0259rbaycan T\u00fcrk D\u00f6vl\u0259tl\u0259ri T\u0259\u015fkilat\u0131na \u00fczv \u00f6lk\u0259l\u0259rin iqtisadiyyat\u0131na 20 milyard AB\u015e dollar\u0131ndan \u00e7ox s\u0259rmay\u0259 qoyub. T\u0259sad\u00fcfi deyil ki, Prezident \u0130lham \u018fliyev TDT \u00f6lk\u0259l\u0259ri il\u0259 b\u00fct\u00fcn sah\u0259l\u0259rd\u0259 \u0259laq\u0259l\u0259rin m\u00f6hk\u0259ml\u0259ndirilm\u0259sini Az\u0259r\u00adbaycan\u0131n xarici siyas\u0259tinin \u0259sas prioritetl\u0259rind\u0259n biri elan edib. \u00d6lk\u0259mizin ba\u015f\u00e7\u0131s\u0131 bu bar\u0259d\u0259 deyib: \u00abT\u00fcrk D\u00f6vl\u0259tl\u0259\u00adri T\u0259\u015fkilat\u0131na \u00fczv olan b\u00fct\u00fcn \u00f6lk\u0259l\u0259rl\u0259 qarda\u015fl\u0131q m\u00fcnasib\u0259tl\u0259rimiz var v\u0259 bizim siyas\u0259timiz T\u00fcrk D\u00f6vl\u0259tl\u0259ri T\u0259\u015fkilat\u0131n\u0131 g\u00fccl\u0259ndirm\u0259kdir. Bu, b\u00f6y\u00fck co\u011frafiyad\u0131r, b\u00f6y\u00fck \u0259razidir, b\u00f6y\u00fck h\u0259rbi g\u00fccd\u00fcr, b\u00f6\u00ady\u00fck iqtisadiyyatd\u0131r, t\u0259bii s\u0259rv\u0259tl\u0259rdir, n\u0259q\u00adliyyat yollar\u0131d\u0131r, g\u0259nc \u0259halidir, artan \u0259hali\u00addir v\u0259 bir soydan, k\u00f6kd\u0259n olan xalqlard\u0131r. Bundan g\u00fccl\u00fc birlik ola bil\u0259rmi? \u018flb\u0259tt\u0259 ki, yox. Biz m\u00fc\u015ft\u0259r\u0259k s\u0259yl\u0259rl\u0259 el\u0259 etm\u0259\u00adliyik ki, T\u00fcrk D\u00f6vl\u0259tl\u0259ri T\u0259\u015fkilat\u0131 qlobal arenada \u00f6n\u0259mli aktora v\u0259 g\u00fcc m\u0259rk\u0259zin\u0259 \u00e7evrilsin. Buna biz ancaq birlikd\u0259 nail ola bil\u0259rik.\u00bb<\/p>\n<p>Xat\u0131rladaq ki, 2024-c\u00fc ilin yanvar- aprel aylar\u0131nda \u00f6lk\u0259mizin TDT-y\u0259 \u00fczv v\u0259 m\u00fc\u015fahid\u0259\u00e7i statusa malik \u00f6lk\u0259l\u0259rl\u0259 ti\u00adcar\u0259t d\u00f6vriyy\u0259si 1 milyard 709,1 milyon AB\u015e dollar\u0131 t\u0259\u015fkil edib. Bu da \u00f6lk\u0259mizin \u00fcmumi ticar\u0259t d\u00f6vriyy\u0259sinin 17,6 faizin\u0259 b\u0259rab\u0259rdir.\u00a0 2023-c\u00fc ilin statistikas\u0131na g\u00f6r\u0259, haz\u0131rda bu birliy\u0259 daxil olan \u00a0d\u00f6vl\u0259tl\u0259rd\u0259 \u00dcDM-in h\u0259cmi 1,5 trilyon AB\u015e dollar\u0131, ticar\u0259t d\u00f6vriyy\u0259si 1,2 trilyon AB\u015e dollar\u0131 h\u0259cmind\u0259dir. Y\u0259ni, bu g\u00fcn d\u00fcnyadak\u0131\u00a0 ticar\u0259t d\u00f6vriy\u00ady\u0259sinin \u00a02,4 faizi TDT-y\u0259 \u00fczv \u00f6lk\u0259l\u0259rin pay\u0131na d\u00fc\u015f\u00fcr.<\/p>\n<p>Burada bir \u00f6n\u0259mli m\u0259s\u0259l\u0259ni d\u0259 qeyd etm\u0259k laz\u0131md\u0131r ki, bu g\u00fcn TDT-nin \u0259n b\u00f6y\u00fck \u00f6lk\u0259l\u0259rind\u0259n biri olan qarda\u015f T\u00fcrkiy\u0259 C\u00fcmhuriyy\u0259tinin h\u0259rbi s\u0259nayesi xeyli inki\u015faf edib. D\u00fcnya bazar\u0131nda xeyli al\u0131c\u0131s\u0131 olan T\u00fcrktiy\u0259 istehsal\u0131 silahlar art\u0131q brend\u0259 \u00e7evrilib. \u00a0Bu is\u0259 birliyin n\u0259inki iqtisadi, h\u0259tta h\u0259rbi potensial\u0131na g\u00fcc qatan \u00f6n\u0259mli amildir. M\u0259hz Az\u0259rbaycan Ordusu \u0130kinci Qaraba\u011f m\u00fcharib\u0259sind\u0259 -c\u0259mi 44 g\u00fcn \u0259rzind\u0259 i\u015f\u011faldak\u0131 torpaqlar\u0131m\u0131z\u0131 azad etdi. Bu parlaq Q\u0259l\u0259b\u0259mizd\u0259 T\u00fcrkiy\u0259d\u0259n ald\u0131\u011f\u0131m\u0131z \u0130HA- lar v\u0259 S\u0130HA-lar m\u00fch\u00fcm rol oynad\u0131. Az\u0259rbaycan h\u0259rb\u00e7il\u0259rinin bu silahlardan pe\u015f\u0259karl\u0131qla istifad\u0259si v\u0259 q\u0259hr\u0259manl\u0131qlar\u0131 \u00f6lk\u0259mizin ad\u0131n\u0131 d\u00fcnya h\u0259rb tarixin\u0259 q\u0131z\u0131l h\u0259rfl\u0259rl\u0259 yazd\u0131.<\/p>\n<p><strong>El\u00e7in Zaman, \u00ab\u0130ki sahil\u00bb<\/strong><\/p>\n","protected":false},"excerpt":{"rendered":"<p>T\u00fcrk D\u00f6vl\u0259tl\u0259ri T\u0259\u015fkilat\u0131 b\u00f6y\u00fck co\u011frafiyad\u0131r, b\u00f6y\u00fck h\u0259rbi g\u00fccd\u00fcr, b\u00f6\u00ady\u00fck iqtisadiyyatd\u0131r Prezident \u0130lham \u018fliyevin t\u00fcrkdilli \u00f6lk\u0259l\u0259rin birliyini yaratmaq ideyas\u0131 son bir ne\u00e7\u0259 ilin \u0259n aktual m\u0259s\u0259l\u0259sidir. \u00c7\u00fcnki\u00a0 d\u00fcnyada ba\u015f ver\u0259n kataklizml\u0259rd\u0259n, qlobal m\u00fcnaqi\u015f\u0259l\u0259rd\u0259n qorunmaq \u00fc\u00e7\u00fcn etibarl\u0131 v\u0259 g\u00fccl\u00fc dost v\u0259 qarda\u015f \u00f6lk\u0259l\u0259r\u0259 ehtiyac var. M\u0259hz bu m\u0259s\u0259l\u0259nin \u00f6n\u0259mini vaxt\u0131nda d\u0259y\u0259rl\u0259ndir\u0259n Prezident \u0130lham \u018fliyevin xarici siyas\u0259tind\u0259 qarda\u015f T\u00fcrkiy\u0259 ba\u015fda olmaqla M\u0259rk\u0259zi Asiyan\u0131n \u0259n b\u00f6y\u00fck d\u00f6vl\u0259tl\u0259ri olan Qazax\u0131stan, \u00d6zb\u0259kistan v\u0259 Q\u0131r\u011f\u0131z\u0131stanla yeni birlik format\u0131n\u0131 n\u0259inki g\u00fcnd\u0259m\u0259 g\u0259tirdi, h\u0259tta sonrak\u0131 ill\u0259rd\u0259 onun realla\u015fmas\u0131 \u00fc\u00e7\u00fcn b\u00f6y\u00fck i\u015fl\u0259r g\u00f6rd\u00fc. M\u0259hz \u00f6lk\u0259mizin ba\u015f\u00e7\u0131s\u0131n\u0131n bu xidm\u0259tl\u0259ri n\u0259z\u0259r\u0259 al\u0131naraq\u00a0&hellip;<\/p>\n","protected":false},"author":2,"featured_media":763581,"comment_status":"closed","ping_status":"closed","sticky":false,"template":"","format":"standard","meta":{"om_disable_all_campaigns":false,"_monsterinsights_skip_tracking":false,"_monsterinsights_sitenote_active":false,"_monsterinsights_sitenote_note":"","_monsterinsights_sitenote_category":0},"categories":[19],"tags":[],"aioseo_notices":[],"gutentor_comment":0,"rttpg_featured_image_url":{"full":["https:\/\/arantv.az\/wp-content\/uploads\/2024\/10\/e242660d167894070535262346510028030.jpg",975,540,false],"landscape":["https:\/\/arantv.az\/wp-content\/uploads\/2024\/10\/e242660d167894070535262346510028030.jpg",975,540,false],"portraits":["https:\/\/arantv.az\/wp-content\/uploads\/2024\/10\/e242660d167894070535262346510028030.jpg",975,540,false],"thumbnail":["https:\/\/arantv.az\/wp-content\/uploads\/2024\/10\/e242660d167894070535262346510028030-500x280.jpg",500,280,true],"medium":["https:\/\/arantv.az\/wp-content\/uploads\/2024\/10\/e242660d167894070535262346510028030-660x365.jpg",660,365,true],"large":["https:\/\/arantv.az\/wp-content\/uploads\/2024\/10\/e242660d167894070535262346510028030-840x465.jpg",640,354,true],"1536x1536":["https:\/\/arantv.az\/wp-content\/uploads\/2024\/10\/e242660d167894070535262346510028030.jpg",975,540,false],"2048x2048":["https:\/\/arantv.az\/wp-content\/uploads\/2024\/10\/e242660d167894070535262346510028030.jpg",975,540,false],"post-thumbnail":["https:\/\/arantv.az\/wp-content\/uploads\/2024\/10\/e242660d167894070535262346510028030-240x172.jpg",240,172,true],"advps-thumb-one":["https:\/\/arantv.az\/wp-content\/uploads\/2024\/10\/e242660d167894070535262346510028030.jpg",975,540,false]},"rttpg_author":{"display_name":"V\u00fcsal Rafiqo\u011flu","author_link":"https:\/\/arantv.az\/?author=2"},"rttpg_comment":0,"rttpg_category":"<a href=\"https:\/\/arantv.az\/?cat=19\" rel=\"category\">G\u00fcnd\u0259m<\/a>","rttpg_excerpt":"T\u00fcrk D\u00f6vl\u0259tl\u0259ri T\u0259\u015fkilat\u0131 b\u00f6y\u00fck co\u011frafiyad\u0131r, b\u00f6y\u00fck h\u0259rbi g\u00fccd\u00fcr, b\u00f6\u00ady\u00fck iqtisadiyyatd\u0131r Prezident \u0130lham \u018fliyevin t\u00fcrkdilli \u00f6lk\u0259l\u0259rin birliyini yaratmaq ideyas\u0131 son bir ne\u00e7\u0259 ilin \u0259n aktual m\u0259s\u0259l\u0259sidir. \u00c7\u00fcnki\u00a0 d\u00fcnyada ba\u015f ver\u0259n kataklizml\u0259rd\u0259n, qlobal m\u00fcnaqi\u015f\u0259l\u0259rd\u0259n qorunmaq \u00fc\u00e7\u00fcn etibarl\u0131 v\u0259 g\u00fccl\u00fc dost v\u0259 qarda\u015f \u00f6lk\u0259l\u0259r\u0259 ehtiyac var. M\u0259hz bu m\u0259s\u0259l\u0259nin \u00f6n\u0259mini vaxt\u0131nda d\u0259y\u0259rl\u0259ndir\u0259n Prezident \u0130lham \u018fliyevin xarici siyas\u0259tind\u0259 qarda\u015f&hellip;","_links":{"self":[{"href":"https:\/\/arantv.az\/index.php?rest_route=\/wp\/v2\/posts\/763580"}],"collection":[{"href":"https:\/\/arantv.az\/index.php?rest_route=\/wp\/v2\/posts"}],"about":[{"href":"https:\/\/arantv.az\/index.php?rest_route=\/wp\/v2\/types\/post"}],"author":[{"embeddable":true,"href":"https:\/\/arantv.az\/index.php?rest_route=\/wp\/v2\/users\/2"}],"replies":[{"embeddable":true,"href":"https:\/\/arantv.az\/index.php?rest_route=%2Fwp%2Fv2%2Fcomments&post=763580"}],"version-history":[{"count":1,"href":"https:\/\/arantv.az\/index.php?rest_route=\/wp\/v2\/posts\/763580\/revisions"}],"predecessor-version":[{"id":763582,"href":"https:\/\/arantv.az\/index.php?rest_route=\/wp\/v2\/posts\/763580\/revisions\/763582"}],"wp:featuredmedia":[{"embeddable":true,"href":"https:\/\/arantv.az\/index.php?rest_route=\/wp\/v2\/media\/763581"}],"wp:attachment":[{"href":"https:\/\/arantv.az\/index.php?rest_route=%2Fwp%2Fv2%2Fmedia&parent=763580"}],"wp:term":[{"taxonomy":"category","embeddable":true,"href":"https:\/\/arantv.az\/index.php?rest_route=%2Fwp%2Fv2%2Fcategories&post=763580"},{"taxonomy":"post_tag","embeddable":true,"href":"https:\/\/arantv.az\/index.php?rest_route=%2Fwp%2Fv2%2Ftags&post=763580"}],"curies":[{"name":"wp","href":"https:\/\/api.w.org\/{rel}","templated":true}]}}