{"id":763587,"date":"2024-10-23T07:24:30","date_gmt":"2024-10-23T03:24:30","guid":{"rendered":"https:\/\/arantv.az\/?p=763587"},"modified":"2024-10-23T07:24:30","modified_gmt":"2024-10-23T03:24:30","slug":"az%c9%99rbaycan-turkiy%c9%99-h%c9%99rbi-texniki-%c9%99laq%c9%99l%c9%99rinin-genisl%c9%99ndirilm%c9%99si-muzakir%c9%99-olunub","status":"publish","type":"post","link":"https:\/\/arantv.az\/?p=763587","title":{"rendered":"Az\u0259rbaycan-T\u00fcrkiy\u0259 h\u0259rbi-texniki \u0259laq\u0259l\u0259rinin geni\u015fl\u0259ndirilm\u0259si m\u00fczakir\u0259 olunub"},"content":{"rendered":"<div class=\"content lead font-weight-normal\">\n<p>T\u00fcrkiy\u0259nin \u0130stanbul \u015f\u0259h\u0259rind\u0259 ke\u00e7iril\u0259n \u201cSAHA EXPO 2024\u201d Beyn\u0259lxalq M\u00fcdafi\u0259, Aviasiya v\u0259 Kosmik S\u0259naye S\u0259rgisind\u0259 i\u015ftirak ed\u0259n Az\u0259rbaycan Respublikas\u0131n\u0131n m\u00fcdafi\u0259 s\u0259nayesi naziri V\u00fcqar Mustafayev oktyabr\u0131n 22-d\u0259 T\u00fcrkiy\u0259 Respublikas\u0131n\u0131n M\u00fcdafi\u0259 S\u0259nayesi Komit\u0259sinin s\u0259dri Haluk G\u00f6rg\u00fcn il\u0259 g\u00f6r\u00fc\u015f\u00fcb.<\/p>\n<p><strong>ARANTV.AZ\u00a0 x\u0259b\u0259r verir ki,<\/strong>\u00a0bu bar\u0259d\u0259 Az\u0259rbaycan\u0131n M\u00fcdafi\u0259 S\u0259nayesi Nazirliyind\u0259n bildirilib.<\/p>\n<p>G\u00f6r\u00fc\u015fd\u0259 m\u00f6vcud \u0259m\u0259kda\u015fl\u0131\u011f\u0131n inki\u015faf perspektivl\u0259ri, h\u0259rbi-texniki sah\u0259d\u0259 \u0259laq\u0259l\u0259rin geni\u015fl\u0259ndirilm\u0259si bar\u0259d\u0259 m\u00fczakir\u0259l\u0259r apar\u0131l\u0131b.<\/p>\n<p>Dan\u0131\u015f\u0131qlar zaman\u0131 h\u0259m\u00e7inin beyn\u0259lxalq m\u00fcdafi\u0259 t\u0259dbirl\u0259rinin ke\u00e7irilm\u0259sinin \u0259h\u0259miyy\u0259ti vur\u011fulanaraq \u201cSAHA EXPO 2024\u201d s\u0259rgisinin pe\u015f\u0259karl\u0131qla t\u0259\u015fkil oldundu\u011fu qeyd edilib, qar\u015f\u0131l\u0131ql\u0131 maraq do\u011furan dig\u0259r m\u0259s\u0259l\u0259l\u0259r \u0259traf\u0131nda fikir m\u00fcbadil\u0259si apar\u0131l\u0131b.<\/p>\n<div class=\"clearfix\"><\/div>\n<\/div>\n<div class=\"sharing my-2 row no-gutters d-print-none\">\n<div class=\"col-md-3\"><\/div>\n<\/div>\n<div class=\"d-none d-sm-block\"><\/div>\n","protected":false},"excerpt":{"rendered":"<p>T\u00fcrkiy\u0259nin \u0130stanbul \u015f\u0259h\u0259rind\u0259 ke\u00e7iril\u0259n \u201cSAHA EXPO 2024\u201d Beyn\u0259lxalq M\u00fcdafi\u0259, Aviasiya v\u0259 Kosmik S\u0259naye S\u0259rgisind\u0259 i\u015ftirak ed\u0259n Az\u0259rbaycan Respublikas\u0131n\u0131n m\u00fcdafi\u0259 s\u0259nayesi naziri V\u00fcqar Mustafayev oktyabr\u0131n 22-d\u0259 T\u00fcrkiy\u0259 Respublikas\u0131n\u0131n M\u00fcdafi\u0259 S\u0259nayesi Komit\u0259sinin s\u0259dri Haluk G\u00f6rg\u00fcn il\u0259 g\u00f6r\u00fc\u015f\u00fcb. ARANTV.AZ\u00a0 x\u0259b\u0259r verir ki,\u00a0bu bar\u0259d\u0259 Az\u0259rbaycan\u0131n M\u00fcdafi\u0259 S\u0259nayesi Nazirliyind\u0259n bildirilib. G\u00f6r\u00fc\u015fd\u0259 m\u00f6vcud \u0259m\u0259kda\u015fl\u0131\u011f\u0131n inki\u015faf perspektivl\u0259ri, h\u0259rbi-texniki sah\u0259d\u0259 \u0259laq\u0259l\u0259rin geni\u015fl\u0259ndirilm\u0259si bar\u0259d\u0259 m\u00fczakir\u0259l\u0259r apar\u0131l\u0131b. Dan\u0131\u015f\u0131qlar zaman\u0131 h\u0259m\u00e7inin beyn\u0259lxalq m\u00fcdafi\u0259 t\u0259dbirl\u0259rinin ke\u00e7irilm\u0259sinin \u0259h\u0259miyy\u0259ti vur\u011fulanaraq \u201cSAHA EXPO 2024\u201d s\u0259rgisinin pe\u015f\u0259karl\u0131qla t\u0259\u015fkil oldundu\u011fu qeyd edilib, qar\u015f\u0131l\u0131ql\u0131 maraq do\u011furan dig\u0259r m\u0259s\u0259l\u0259l\u0259r \u0259traf\u0131nda fikir m\u00fcbadil\u0259si apar\u0131l\u0131b.<\/p>\n","protected":false},"author":2,"featured_media":763588,"comment_status":"closed","ping_status":"closed","sticky":false,"template":"","format":"standard","meta":{"om_disable_all_campaigns":false,"_monsterinsights_skip_tracking":false,"_monsterinsights_sitenote_active":false,"_monsterinsights_sitenote_note":"","_monsterinsights_sitenote_category":0},"categories":[10],"tags":[],"aioseo_notices":[],"gutentor_comment":0,"rttpg_featured_image_url":{"full":["https:\/\/arantv.az\/wp-content\/uploads\/2024\/10\/fcdf25d617296214626404545341072352.jpg",975,540,false],"landscape":["https:\/\/arantv.az\/wp-content\/uploads\/2024\/10\/fcdf25d617296214626404545341072352.jpg",975,540,false],"portraits":["https:\/\/arantv.az\/wp-content\/uploads\/2024\/10\/fcdf25d617296214626404545341072352.jpg",975,540,false],"thumbnail":["https:\/\/arantv.az\/wp-content\/uploads\/2024\/10\/fcdf25d617296214626404545341072352-500x280.jpg",500,280,true],"medium":["https:\/\/arantv.az\/wp-content\/uploads\/2024\/10\/fcdf25d617296214626404545341072352-660x365.jpg",660,365,true],"large":["https:\/\/arantv.az\/wp-content\/uploads\/2024\/10\/fcdf25d617296214626404545341072352-840x465.jpg",640,354,true],"1536x1536":["https:\/\/arantv.az\/wp-content\/uploads\/2024\/10\/fcdf25d617296214626404545341072352.jpg",975,540,false],"2048x2048":["https:\/\/arantv.az\/wp-content\/uploads\/2024\/10\/fcdf25d617296214626404545341072352.jpg",975,540,false],"post-thumbnail":["https:\/\/arantv.az\/wp-content\/uploads\/2024\/10\/fcdf25d617296214626404545341072352-240x172.jpg",240,172,true],"advps-thumb-one":["https:\/\/arantv.az\/wp-content\/uploads\/2024\/10\/fcdf25d617296214626404545341072352.jpg",975,540,false]},"rttpg_author":{"display_name":"V\u00fcsal Rafiqo\u011flu","author_link":"https:\/\/arantv.az\/?author=2"},"rttpg_comment":0,"rttpg_category":"<a href=\"https:\/\/arantv.az\/?cat=10\" rel=\"category\">C\u0259bh\u0259d\u0259n X\u0259b\u0259r<\/a>","rttpg_excerpt":"T\u00fcrkiy\u0259nin \u0130stanbul \u015f\u0259h\u0259rind\u0259 ke\u00e7iril\u0259n \u201cSAHA EXPO 2024\u201d Beyn\u0259lxalq M\u00fcdafi\u0259, Aviasiya v\u0259 Kosmik S\u0259naye S\u0259rgisind\u0259 i\u015ftirak ed\u0259n Az\u0259rbaycan Respublikas\u0131n\u0131n m\u00fcdafi\u0259 s\u0259nayesi naziri V\u00fcqar Mustafayev oktyabr\u0131n 22-d\u0259 T\u00fcrkiy\u0259 Respublikas\u0131n\u0131n M\u00fcdafi\u0259 S\u0259nayesi Komit\u0259sinin s\u0259dri Haluk G\u00f6rg\u00fcn il\u0259 g\u00f6r\u00fc\u015f\u00fcb. ARANTV.AZ\u00a0 x\u0259b\u0259r verir ki,\u00a0bu bar\u0259d\u0259 Az\u0259rbaycan\u0131n M\u00fcdafi\u0259 S\u0259nayesi Nazirliyind\u0259n bildirilib. G\u00f6r\u00fc\u015fd\u0259 m\u00f6vcud \u0259m\u0259kda\u015fl\u0131\u011f\u0131n inki\u015faf perspektivl\u0259ri, h\u0259rbi-texniki sah\u0259d\u0259 \u0259laq\u0259l\u0259rin geni\u015fl\u0259ndirilm\u0259si bar\u0259d\u0259&hellip;","_links":{"self":[{"href":"https:\/\/arantv.az\/index.php?rest_route=\/wp\/v2\/posts\/763587"}],"collection":[{"href":"https:\/\/arantv.az\/index.php?rest_route=\/wp\/v2\/posts"}],"about":[{"href":"https:\/\/arantv.az\/index.php?rest_route=\/wp\/v2\/types\/post"}],"author":[{"embeddable":true,"href":"https:\/\/arantv.az\/index.php?rest_route=\/wp\/v2\/users\/2"}],"replies":[{"embeddable":true,"href":"https:\/\/arantv.az\/index.php?rest_route=%2Fwp%2Fv2%2Fcomments&post=763587"}],"version-history":[{"count":1,"href":"https:\/\/arantv.az\/index.php?rest_route=\/wp\/v2\/posts\/763587\/revisions"}],"predecessor-version":[{"id":763589,"href":"https:\/\/arantv.az\/index.php?rest_route=\/wp\/v2\/posts\/763587\/revisions\/763589"}],"wp:featuredmedia":[{"embeddable":true,"href":"https:\/\/arantv.az\/index.php?rest_route=\/wp\/v2\/media\/763588"}],"wp:attachment":[{"href":"https:\/\/arantv.az\/index.php?rest_route=%2Fwp%2Fv2%2Fmedia&parent=763587"}],"wp:term":[{"taxonomy":"category","embeddable":true,"href":"https:\/\/arantv.az\/index.php?rest_route=%2Fwp%2Fv2%2Fcategories&post=763587"},{"taxonomy":"post_tag","embeddable":true,"href":"https:\/\/arantv.az\/index.php?rest_route=%2Fwp%2Fv2%2Ftags&post=763587"}],"curies":[{"name":"wp","href":"https:\/\/api.w.org\/{rel}","templated":true}]}}