{"id":763600,"date":"2024-10-23T13:30:17","date_gmt":"2024-10-23T09:30:17","guid":{"rendered":"https:\/\/arantv.az\/?p=763600"},"modified":"2024-10-23T13:30:17","modified_gmt":"2024-10-23T09:30:17","slug":"zurabisvili-bas-nazir-postuna-namiz%c9%99din-adini-aciqlayacaq","status":"publish","type":"post","link":"https:\/\/arantv.az\/?p=763600","title":{"rendered":"Zurabi\u015fvili Ba\u015f nazir postuna namiz\u0259din ad\u0131n\u0131 A\u00c7IQLAYACAQ"},"content":{"rendered":"<p><strong>G\u00fcrc\u00fcstan Prezidenti Salome Zurabi\u015fvili bildirib ki, &#8220;G\u00fcrc\u00fcstan Xartiyas\u0131&#8221;n\u0131 imzalayan m\u00fcxalif\u0259t partiyalar\u0131n\u0131n fikrini n\u0259z\u0259r\u0259 alacaq v\u0259 \u00f6lk\u0259d\u0259 parlament se\u00e7kil\u0259ri ke\u00e7irildikd\u0259n sonra onlar\u0131n Ba\u015f nazir v\u0259zif\u0259sin\u0259 namiz\u0259dinin ad\u0131n\u0131 a\u00e7\u0131qlayacaq.<\/strong><\/p>\n<p>Bu bar\u0259d\u0259 G\u00fcrc\u00fcstan K\u0130V-i m\u0259lumat yay\u0131b.<\/p>\n<p>&#8220;G\u00fcrc\u00fcstan Xartiyas\u0131&#8221;nda yaz\u0131l\u0131b ki, Ba\u015f naziri m\u0259n t\u0259qdim etm\u0259liy\u0259m. M\u0259nim Ba\u015f nazir v\u0259zif\u0259sin\u0259 bir namiz\u0259dim var. D\u00f6rd partiyan\u0131 n\u0259z\u0259r\u0259 al\u0131ram, \u00e7\u00fcnki he\u00e7 bir uy\u011funsuzluq olmamal\u0131d\u0131r, onlardan e\u015fitmi\u015f\u0259m ki, bu m\u0259s\u0259l\u0259 se\u00e7kil\u0259rd\u0259n sonra h\u0259ll edilm\u0259lidir&#8221;, &#8211; S.Zurabi\u015fvili bildirib.<\/p>\n<p>Prezidentin s\u00f6zl\u0259rin\u0259 g\u00f6r\u0259, m\u00fcxalif\u0259tin xartiya il\u0259 ba\u011fl\u0131 \u015f\u0259rhi d\u00fczg\u00fcnd\u00fcr: \u201c\u00c7\u00fcnki xartiyada Ba\u015f nazir v\u0259zif\u0259sin\u0259 namiz\u0259din se\u00e7kil\u0259rd\u0259n \u0259vv\u0259l v\u0259 ya sonra ir\u0259li s\u00fcr\u00fclm\u0259li oldu\u011fu yaz\u0131lmay\u0131b. \u018fks\u0259riyy\u0259tin bax\u0131\u015f\u0131 bel\u0259 oldu\u011fu \u00fc\u00e7\u00fcn se\u00e7kil\u0259rd\u0259n sonra bunu etm\u0259k daha yax\u015f\u0131 olacaq\u201d.<\/p>\n<p>Qeyd ed\u0259k ki, G\u00fcrc\u00fcstanda parlament se\u00e7kil\u0259ri oktyabr\u0131n 26-da ke\u00e7iril\u0259c\u0259k.\/\/Report<\/p>\n","protected":false},"excerpt":{"rendered":"<p>G\u00fcrc\u00fcstan Prezidenti Salome Zurabi\u015fvili bildirib ki, &#8220;G\u00fcrc\u00fcstan Xartiyas\u0131&#8221;n\u0131 imzalayan m\u00fcxalif\u0259t partiyalar\u0131n\u0131n fikrini n\u0259z\u0259r\u0259 alacaq v\u0259 \u00f6lk\u0259d\u0259 parlament se\u00e7kil\u0259ri ke\u00e7irildikd\u0259n sonra onlar\u0131n Ba\u015f nazir v\u0259zif\u0259sin\u0259 namiz\u0259dinin ad\u0131n\u0131 a\u00e7\u0131qlayacaq. Bu bar\u0259d\u0259 G\u00fcrc\u00fcstan K\u0130V-i m\u0259lumat yay\u0131b. &#8220;G\u00fcrc\u00fcstan Xartiyas\u0131&#8221;nda yaz\u0131l\u0131b ki, Ba\u015f naziri m\u0259n t\u0259qdim etm\u0259liy\u0259m. M\u0259nim Ba\u015f nazir v\u0259zif\u0259sin\u0259 bir namiz\u0259dim var. D\u00f6rd partiyan\u0131 n\u0259z\u0259r\u0259 al\u0131ram, \u00e7\u00fcnki he\u00e7 bir uy\u011funsuzluq olmamal\u0131d\u0131r, onlardan e\u015fitmi\u015f\u0259m ki, bu m\u0259s\u0259l\u0259 se\u00e7kil\u0259rd\u0259n sonra h\u0259ll edilm\u0259lidir&#8221;, &#8211; S.Zurabi\u015fvili bildirib. Prezidentin s\u00f6zl\u0259rin\u0259 g\u00f6r\u0259, m\u00fcxalif\u0259tin xartiya il\u0259 ba\u011fl\u0131 \u015f\u0259rhi d\u00fczg\u00fcnd\u00fcr: \u201c\u00c7\u00fcnki xartiyada Ba\u015f nazir v\u0259zif\u0259sin\u0259 namiz\u0259din se\u00e7kil\u0259rd\u0259n \u0259vv\u0259l v\u0259 ya sonra&hellip;<\/p>\n","protected":false},"author":2,"featured_media":763601,"comment_status":"closed","ping_status":"closed","sticky":false,"template":"","format":"standard","meta":{"om_disable_all_campaigns":false,"_monsterinsights_skip_tracking":false,"_monsterinsights_sitenote_active":false,"_monsterinsights_sitenote_note":"","_monsterinsights_sitenote_category":0},"categories":[19],"tags":[],"aioseo_notices":[],"gutentor_comment":0,"rttpg_featured_image_url":{"full":["https:\/\/arantv.az\/wp-content\/uploads\/2024\/10\/1dcc7c67da2a56dcc9e828e0e1d7aafd.jpg",850,500,false],"landscape":["https:\/\/arantv.az\/wp-content\/uploads\/2024\/10\/1dcc7c67da2a56dcc9e828e0e1d7aafd.jpg",850,500,false],"portraits":["https:\/\/arantv.az\/wp-content\/uploads\/2024\/10\/1dcc7c67da2a56dcc9e828e0e1d7aafd.jpg",850,500,false],"thumbnail":["https:\/\/arantv.az\/wp-content\/uploads\/2024\/10\/1dcc7c67da2a56dcc9e828e0e1d7aafd-500x280.jpg",500,280,true],"medium":["https:\/\/arantv.az\/wp-content\/uploads\/2024\/10\/1dcc7c67da2a56dcc9e828e0e1d7aafd-621x365.jpg",621,365,true],"large":["https:\/\/arantv.az\/wp-content\/uploads\/2024\/10\/1dcc7c67da2a56dcc9e828e0e1d7aafd-840x494.jpg",640,376,true],"1536x1536":["https:\/\/arantv.az\/wp-content\/uploads\/2024\/10\/1dcc7c67da2a56dcc9e828e0e1d7aafd.jpg",850,500,false],"2048x2048":["https:\/\/arantv.az\/wp-content\/uploads\/2024\/10\/1dcc7c67da2a56dcc9e828e0e1d7aafd.jpg",850,500,false],"post-thumbnail":["https:\/\/arantv.az\/wp-content\/uploads\/2024\/10\/1dcc7c67da2a56dcc9e828e0e1d7aafd-240x172.jpg",240,172,true],"advps-thumb-one":["https:\/\/arantv.az\/wp-content\/uploads\/2024\/10\/1dcc7c67da2a56dcc9e828e0e1d7aafd.jpg",850,500,false]},"rttpg_author":{"display_name":"V\u00fcsal Rafiqo\u011flu","author_link":"https:\/\/arantv.az\/?author=2"},"rttpg_comment":0,"rttpg_category":"<a href=\"https:\/\/arantv.az\/?cat=19\" rel=\"category\">G\u00fcnd\u0259m<\/a>","rttpg_excerpt":"G\u00fcrc\u00fcstan Prezidenti Salome Zurabi\u015fvili bildirib ki, &#8220;G\u00fcrc\u00fcstan Xartiyas\u0131&#8221;n\u0131 imzalayan m\u00fcxalif\u0259t partiyalar\u0131n\u0131n fikrini n\u0259z\u0259r\u0259 alacaq v\u0259 \u00f6lk\u0259d\u0259 parlament se\u00e7kil\u0259ri ke\u00e7irildikd\u0259n sonra onlar\u0131n Ba\u015f nazir v\u0259zif\u0259sin\u0259 namiz\u0259dinin ad\u0131n\u0131 a\u00e7\u0131qlayacaq. Bu bar\u0259d\u0259 G\u00fcrc\u00fcstan K\u0130V-i m\u0259lumat yay\u0131b. &#8220;G\u00fcrc\u00fcstan Xartiyas\u0131&#8221;nda yaz\u0131l\u0131b ki, Ba\u015f naziri m\u0259n t\u0259qdim etm\u0259liy\u0259m. M\u0259nim Ba\u015f nazir v\u0259zif\u0259sin\u0259 bir namiz\u0259dim var. D\u00f6rd partiyan\u0131 n\u0259z\u0259r\u0259 al\u0131ram, \u00e7\u00fcnki he\u00e7&hellip;","_links":{"self":[{"href":"https:\/\/arantv.az\/index.php?rest_route=\/wp\/v2\/posts\/763600"}],"collection":[{"href":"https:\/\/arantv.az\/index.php?rest_route=\/wp\/v2\/posts"}],"about":[{"href":"https:\/\/arantv.az\/index.php?rest_route=\/wp\/v2\/types\/post"}],"author":[{"embeddable":true,"href":"https:\/\/arantv.az\/index.php?rest_route=\/wp\/v2\/users\/2"}],"replies":[{"embeddable":true,"href":"https:\/\/arantv.az\/index.php?rest_route=%2Fwp%2Fv2%2Fcomments&post=763600"}],"version-history":[{"count":1,"href":"https:\/\/arantv.az\/index.php?rest_route=\/wp\/v2\/posts\/763600\/revisions"}],"predecessor-version":[{"id":763602,"href":"https:\/\/arantv.az\/index.php?rest_route=\/wp\/v2\/posts\/763600\/revisions\/763602"}],"wp:featuredmedia":[{"embeddable":true,"href":"https:\/\/arantv.az\/index.php?rest_route=\/wp\/v2\/media\/763601"}],"wp:attachment":[{"href":"https:\/\/arantv.az\/index.php?rest_route=%2Fwp%2Fv2%2Fmedia&parent=763600"}],"wp:term":[{"taxonomy":"category","embeddable":true,"href":"https:\/\/arantv.az\/index.php?rest_route=%2Fwp%2Fv2%2Fcategories&post=763600"},{"taxonomy":"post_tag","embeddable":true,"href":"https:\/\/arantv.az\/index.php?rest_route=%2Fwp%2Fv2%2Ftags&post=763600"}],"curies":[{"name":"wp","href":"https:\/\/api.w.org\/{rel}","templated":true}]}}