{"id":763663,"date":"2024-10-23T14:03:52","date_gmt":"2024-10-23T10:03:52","guid":{"rendered":"https:\/\/arantv.az\/?p=763663"},"modified":"2024-10-23T14:03:52","modified_gmt":"2024-10-23T10:03:52","slug":"az%c9%99rbaycan-prezidenti-viktor-orbani-t%c9%99brik-edib","status":"publish","type":"post","link":"https:\/\/arantv.az\/?p=763663","title":{"rendered":"Az\u0259rbaycan Prezidenti Viktor Orban\u0131 t\u0259brik edib"},"content":{"rendered":"<p>Az\u0259rbaycan Prezidenti \u0130lham \u018fliyev Macar\u0131stan\u0131n Ba\u015f naziri Viktor Orban\u0131 bu \u00f6lk\u0259nin milli bayram\u0131 m\u00fcnasib\u0259til\u0259 t\u0259brik edib.<\/p>\n<p><strong>ARANTV.AZ-\u0131n<\/strong>\u00a0m\u0259lumat\u0131na g\u00f6r\u0259, t\u0259brikd\u0259 deyilir:<\/p>\n<p>&#8220;H\u00f6rm\u0259tli c\u0259nab Ba\u015f nazir,<\/p>\n<p>\u00d6lk\u0259nizin milli bayram\u0131 m\u00fcnasib\u0259til\u0259 Siz\u0259 v\u0259 b\u00fct\u00fcn xalq\u0131n\u0131za \u00f6z ad\u0131mdan v\u0259 Az\u0259rbaycan xalq\u0131 ad\u0131ndan \u0259n s\u0259mimi t\u0259brikl\u0259rimi v\u0259 xo\u015f arzular\u0131m\u0131 \u00e7atd\u0131r\u0131ram.<\/p>\n<p>Qar\u015f\u0131l\u0131ql\u0131 inam v\u0259 etimada \u0259saslanan v\u0259 g\u00fcnd\u0259n-g\u00fcn\u0259 yeni m\u0259zmunla z\u0259nginl\u0259\u015f\u0259n Az\u0259rbaycan-Macar\u0131stan m\u00fcnasib\u0259tl\u0259rinin haz\u0131rk\u0131 s\u0259viyy\u0259si m\u0259mnunluq do\u011furur.<\/p>\n<p>Biz b\u00f6y\u00fck potensiala malik d\u00f6vl\u0259tl\u0259raras\u0131 \u0259laq\u0259l\u0259rimizin b\u00fct\u00fcn sah\u0259l\u0259rd\u0259 geni\u015fl\u0259ndirilm\u0259sin\u0259, o c\u00fcml\u0259d\u0259n strateji t\u0259r\u0259fda\u015fl\u0131\u011f\u0131m\u0131z\u0131n daha da d\u0259rinl\u0259\u015fm\u0259sin\u0259 x\u00fcsusi \u00f6n\u0259m veririk. Ali s\u0259viyy\u0259d\u0259 qar\u015f\u0131l\u0131ql\u0131 anla\u015fma v\u0259 f\u0259al siyasi dialoqun m\u00f6vcudlu\u011fu bunun \u00fc\u00e7\u00fcn \u0259lveri\u015fli z\u0259min v\u0259 imkanlar formala\u015fd\u0131rm\u0131\u015fd\u0131r.<\/p>\n<p>\u018fmin\u0259m ki, Az\u0259rbaycan-Macar\u0131stan dostluq m\u00fcnasib\u0259tl\u0259rinin v\u0259 strateji t\u0259r\u0259fda\u015fl\u0131\u011f\u0131n\u0131n m\u00f6hk\u0259ml\u0259ndirilm\u0259si v\u0259 inki\u015faf\u0131 yolunda birg\u0259 s\u0259yl\u0259rimizi d\u00f6vl\u0259tl\u0259rimizin maraqlar\u0131 v\u0259 xalqlar\u0131m\u0131z\u0131n m\u0259nafeyi namin\u0259 h\u0259m ikit\u0259r\u0259fli qaydada, h\u0259m d\u0259 \u00e7oxt\u0259r\u0259fli m\u00fcst\u0259vil\u0259rd\u0259, x\u00fcsusil\u0259 d\u0259 T\u00fcrk D\u00f6vl\u0259tl\u0259ri T\u0259\u015fkilat\u0131 \u00e7\u0259r\u00e7iv\u0259sind\u0259 bundan sonra da ard\u0131c\u0131l \u015f\u0259kild\u0259 davam etdir\u0259c\u0259yik.<\/p>\n<p>Tezlikl\u0259 g\u00f6r\u00fc\u015fm\u0259k \u00fcmidi il\u0259 Siz\u0259 m\u00f6hk\u0259m cansa\u011fl\u0131\u011f\u0131, xo\u015fb\u0259xtlik, m\u0259sul f\u0259aliyy\u0259tinizd\u0259 u\u011furlar, dost Macar\u0131stan xalq\u0131na daim \u0259min-amanl\u0131q v\u0259 firavanl\u0131q arzulay\u0131ram&#8221;.<\/p>\n","protected":false},"excerpt":{"rendered":"<p>Az\u0259rbaycan Prezidenti \u0130lham \u018fliyev Macar\u0131stan\u0131n Ba\u015f naziri Viktor Orban\u0131 bu \u00f6lk\u0259nin milli bayram\u0131 m\u00fcnasib\u0259til\u0259 t\u0259brik edib. ARANTV.AZ-\u0131n\u00a0m\u0259lumat\u0131na g\u00f6r\u0259, t\u0259brikd\u0259 deyilir: &#8220;H\u00f6rm\u0259tli c\u0259nab Ba\u015f nazir, \u00d6lk\u0259nizin milli bayram\u0131 m\u00fcnasib\u0259til\u0259 Siz\u0259 v\u0259 b\u00fct\u00fcn xalq\u0131n\u0131za \u00f6z ad\u0131mdan v\u0259 Az\u0259rbaycan xalq\u0131 ad\u0131ndan \u0259n s\u0259mimi t\u0259brikl\u0259rimi v\u0259 xo\u015f arzular\u0131m\u0131 \u00e7atd\u0131r\u0131ram. Qar\u015f\u0131l\u0131ql\u0131 inam v\u0259 etimada \u0259saslanan v\u0259 g\u00fcnd\u0259n-g\u00fcn\u0259 yeni m\u0259zmunla z\u0259nginl\u0259\u015f\u0259n Az\u0259rbaycan-Macar\u0131stan m\u00fcnasib\u0259tl\u0259rinin haz\u0131rk\u0131 s\u0259viyy\u0259si m\u0259mnunluq do\u011furur. Biz b\u00f6y\u00fck potensiala malik d\u00f6vl\u0259tl\u0259raras\u0131 \u0259laq\u0259l\u0259rimizin b\u00fct\u00fcn sah\u0259l\u0259rd\u0259 geni\u015fl\u0259ndirilm\u0259sin\u0259, o c\u00fcml\u0259d\u0259n strateji t\u0259r\u0259fda\u015fl\u0131\u011f\u0131m\u0131z\u0131n daha da d\u0259rinl\u0259\u015fm\u0259sin\u0259 x\u00fcsusi \u00f6n\u0259m veririk. Ali s\u0259viyy\u0259d\u0259 qar\u015f\u0131l\u0131ql\u0131 anla\u015fma v\u0259 f\u0259al siyasi dialoqun m\u00f6vcudlu\u011fu bunun&hellip;<\/p>\n","protected":false},"author":2,"featured_media":763665,"comment_status":"closed","ping_status":"closed","sticky":false,"template":"","format":"standard","meta":{"om_disable_all_campaigns":false,"_monsterinsights_skip_tracking":false,"_monsterinsights_sitenote_active":false,"_monsterinsights_sitenote_note":"","_monsterinsights_sitenote_category":0},"categories":[4],"tags":[],"aioseo_notices":[],"gutentor_comment":0,"rttpg_featured_image_url":{"full":["https:\/\/arantv.az\/wp-content\/uploads\/2024\/10\/f812291e172785076639634229610605764-3.jpg",975,540,false],"landscape":["https:\/\/arantv.az\/wp-content\/uploads\/2024\/10\/f812291e172785076639634229610605764-3.jpg",975,540,false],"portraits":["https:\/\/arantv.az\/wp-content\/uploads\/2024\/10\/f812291e172785076639634229610605764-3.jpg",975,540,false],"thumbnail":["https:\/\/arantv.az\/wp-content\/uploads\/2024\/10\/f812291e172785076639634229610605764-3-500x280.jpg",500,280,true],"medium":["https:\/\/arantv.az\/wp-content\/uploads\/2024\/10\/f812291e172785076639634229610605764-3-660x365.jpg",660,365,true],"large":["https:\/\/arantv.az\/wp-content\/uploads\/2024\/10\/f812291e172785076639634229610605764-3-840x465.jpg",640,354,true],"1536x1536":["https:\/\/arantv.az\/wp-content\/uploads\/2024\/10\/f812291e172785076639634229610605764-3.jpg",975,540,false],"2048x2048":["https:\/\/arantv.az\/wp-content\/uploads\/2024\/10\/f812291e172785076639634229610605764-3.jpg",975,540,false],"post-thumbnail":["https:\/\/arantv.az\/wp-content\/uploads\/2024\/10\/f812291e172785076639634229610605764-3-240x172.jpg",240,172,true],"advps-thumb-one":["https:\/\/arantv.az\/wp-content\/uploads\/2024\/10\/f812291e172785076639634229610605764-3.jpg",975,540,false]},"rttpg_author":{"display_name":"V\u00fcsal Rafiqo\u011flu","author_link":"https:\/\/arantv.az\/?author=2"},"rttpg_comment":0,"rttpg_category":"<a href=\"https:\/\/arantv.az\/?cat=4\" rel=\"category\">Siyas\u0259t<\/a>","rttpg_excerpt":"Az\u0259rbaycan Prezidenti \u0130lham \u018fliyev Macar\u0131stan\u0131n Ba\u015f naziri Viktor Orban\u0131 bu \u00f6lk\u0259nin milli bayram\u0131 m\u00fcnasib\u0259til\u0259 t\u0259brik edib. ARANTV.AZ-\u0131n\u00a0m\u0259lumat\u0131na g\u00f6r\u0259, t\u0259brikd\u0259 deyilir: &#8220;H\u00f6rm\u0259tli c\u0259nab Ba\u015f nazir, \u00d6lk\u0259nizin milli bayram\u0131 m\u00fcnasib\u0259til\u0259 Siz\u0259 v\u0259 b\u00fct\u00fcn xalq\u0131n\u0131za \u00f6z ad\u0131mdan v\u0259 Az\u0259rbaycan xalq\u0131 ad\u0131ndan \u0259n s\u0259mimi t\u0259brikl\u0259rimi v\u0259 xo\u015f arzular\u0131m\u0131 \u00e7atd\u0131r\u0131ram. Qar\u015f\u0131l\u0131ql\u0131 inam v\u0259 etimada \u0259saslanan v\u0259 g\u00fcnd\u0259n-g\u00fcn\u0259 yeni m\u0259zmunla z\u0259nginl\u0259\u015f\u0259n&hellip;","_links":{"self":[{"href":"https:\/\/arantv.az\/index.php?rest_route=\/wp\/v2\/posts\/763663"}],"collection":[{"href":"https:\/\/arantv.az\/index.php?rest_route=\/wp\/v2\/posts"}],"about":[{"href":"https:\/\/arantv.az\/index.php?rest_route=\/wp\/v2\/types\/post"}],"author":[{"embeddable":true,"href":"https:\/\/arantv.az\/index.php?rest_route=\/wp\/v2\/users\/2"}],"replies":[{"embeddable":true,"href":"https:\/\/arantv.az\/index.php?rest_route=%2Fwp%2Fv2%2Fcomments&post=763663"}],"version-history":[{"count":1,"href":"https:\/\/arantv.az\/index.php?rest_route=\/wp\/v2\/posts\/763663\/revisions"}],"predecessor-version":[{"id":763666,"href":"https:\/\/arantv.az\/index.php?rest_route=\/wp\/v2\/posts\/763663\/revisions\/763666"}],"wp:featuredmedia":[{"embeddable":true,"href":"https:\/\/arantv.az\/index.php?rest_route=\/wp\/v2\/media\/763665"}],"wp:attachment":[{"href":"https:\/\/arantv.az\/index.php?rest_route=%2Fwp%2Fv2%2Fmedia&parent=763663"}],"wp:term":[{"taxonomy":"category","embeddable":true,"href":"https:\/\/arantv.az\/index.php?rest_route=%2Fwp%2Fv2%2Fcategories&post=763663"},{"taxonomy":"post_tag","embeddable":true,"href":"https:\/\/arantv.az\/index.php?rest_route=%2Fwp%2Fv2%2Ftags&post=763663"}],"curies":[{"name":"wp","href":"https:\/\/api.w.org\/{rel}","templated":true}]}}