{"id":763670,"date":"2024-10-23T14:06:00","date_gmt":"2024-10-23T10:06:00","guid":{"rendered":"https:\/\/arantv.az\/?p=763670"},"modified":"2024-10-23T14:06:00","modified_gmt":"2024-10-23T10:06:00","slug":"rubenl%c9%99rin-cirkli-pullari-avropa-parlamentaril%c9%99rinin-gozunu-kor-edib","status":"publish","type":"post","link":"https:\/\/arantv.az\/?p=763670","title":{"rendered":"Rubenl\u0259rin \u00e7irkli pullar\u0131 Avropa Parlamentaril\u0259rinin  g\u00f6z\u00fcn\u00fc kor edib"},"content":{"rendered":"<p><em><strong>G\u00f6r\u00fcnd\u00fcy\u00fc kimi, 700 mind\u0259n art\u0131q m\u0259cburi k\u00f6\u00e7k\u00fcn\u00fcn, 300 mind\u0259n art\u0131q Q\u0259rbi az\u0259rbaycanl\u0131n\u0131n qay\u0131d\u0131\u015f h\u00fcquqlar\u0131ndan bir d\u0259f\u0259 d\u0259 olsun b\u0259hs etm\u0259y\u0259n, 1 milyondan art\u0131q insan\u0131n h\u00fcquqlar\u0131n\u0131 g\u00f6rm\u0259zd\u0259n g\u0259l\u0259n Avropa Parlamentini bu g\u00fcn hans\u0131 maraqlar dan\u0131\u015fd\u0131r\u0131r, biz\u0259 tam ayd\u0131nd\u0131r<\/strong><\/em><\/p>\n<p>Az\u0259rbaycan h\u0259r hans\u0131 beyn\u0259lxalq t\u0259\u015fkilat qar\u015f\u0131s\u0131nda \u00fcz\u0259rin\u0259 g\u00f6t\u00fcrd\u00fcy\u00fc \u00f6hd\u0259likl\u0259r\u0259 h\u0259mi\u015f\u0259 layiqinc\u0259 \u0259m\u0259l edib. H\u0259l\u0259 bu vaxta q\u0259d\u0259r hans\u0131sa beyn\u0259lxalq t\u0259\u015fkilat\u0131n Az\u0259rbaycan\u0131n \u00fcz\u0259rin\u0259 g\u00f6t\u00fcrd\u00fcy\u00fc \u00f6hd\u0259likl\u0259ri yerin\u0259 yetirilm\u0259m\u0259si bar\u0259d\u0259 irad bildirm\u0259sinin \u015fahidi olmam\u0131\u015f\u0131q. Ona g\u00f6r\u0259 d\u0259 Avropa Parlamentinin \u00f6lk\u0259miz\u0259 qar\u015f\u0131 h\u0259r hans\u0131 bir ittiham ir\u0259li s\u00fcrm\u0259si bu qurumun r\u0259hb\u0259rinin v\u0259 \u00fczvl\u0259rinin \u0259l oyunca\u011f\u0131na \u00e7evrilm\u0259sinin t\u0259sdiqidir. Bel\u0259 q\u0259tnam\u0259l\u0259rin m\u00fc\u0259yy\u0259n maraqlara xidm\u0259t etm\u0259si \u00f6z\u00fcn\u00fc a\u00e7\u0131q \u015f\u0259kild\u0259 b\u00fcruz\u0259 verir.<\/p>\n<p>Prezident \u0130lham \u018fliyevin 24 iyun 2014-c\u00fc ild\u0259 Avropa \u015euras\u0131 Parlament Assambleyas\u0131n\u0131n sessiyas\u0131ndak\u0131 tarixi nitqind\u0259 d\u0259 b\u0259yan etdiyi kimi, \u201cdemokratiya, qanunun aliliyi v\u0259 m\u00fcxt\u0259lif \u00f6lk\u0259l\u0259rd\u0259ki v\u0259ziyy\u0259t\u0259 b\u0259z\u0259n selektiv yana\u015fma\u201d bu ill\u0259r \u0259rzind\u0259 bizi \u00e7ox narahat edib. Dig\u0259r t\u0259r\u0259fd\u0259n, 30 il\u0259 yax\u0131n bir d\u00f6vrd\u0259 Az\u0259rbaycan\u0131n 20 faiz \u0259razisi Erm\u0259nistan t\u0259r\u0259find\u0259n i\u015f\u011falda saxlan\u0131lmas\u0131na, el\u0259 Avropa t\u0259sisatlar\u0131n\u0131n Fransa, L\u00fcksemburq, \u0130sve\u00e7r\u0259 kimi bir s\u0131ra apar\u0131c\u0131 subyektl\u0259ri Erm\u0259nistan\u0131n i\u015f\u011fal, t\u0259cav\u00fcz siyas\u0259tin\u0259, \u0259razimizd\u0259 erm\u0259ni separatizmin\u0259 birba\u015fa v\u0259 dolay\u0131 yollarla d\u0259st\u0259k veribl\u0259r. Avropa \u015euras\u0131n\u0131n v\u0259 Avropa \u0130ttifaq\u0131n\u0131n Nizamnam\u0259l\u0259rind\u0259, Avropa \u00f6lk\u0259l\u0259rinin daha s\u0131x birliyin\u0259 ehtiyac duyuldu\u011fu, Avropa Konvensiyas\u0131nda is\u0259 \u0259sas m\u0259qs\u0259din onun \u00fczvl\u0259ri aras\u0131nda daha b\u00f6y\u00fck birliy\u0259 nail olmaqdan ibar\u0259t oldu\u011fu b\u0259yan edilm\u0259sin\u0259 baxmayaraq, bu ill\u0259r \u0259rzind\u0259 i\u015f\u011fal v\u0259 t\u0259cav\u00fcz\u0259 d\u0259st\u0259k ver\u0259n, separatizmi t\u0259\u015fviq ed\u0259n platformalar b\u0259\u015f\u0259ri d\u0259y\u0259rl\u0259r namin\u0259 \u201cbirlikd\u0259n\u201d dan\u0131\u015fa bil\u0259rmi? X\u00fcsus\u0259n, Avropa Parlamenti m\u0259hz selektiv yana\u015fmas\u0131 il\u0259, \u00f6z\u00fcn\u00fcn Nizamnam\u0259sin\u0259 zidd davranmaqla \u0259dal\u0259tli m\u00f6vqed\u0259n uzaqla\u015fd\u0131\u011f\u0131n\u0131 v\u0259 ayr\u0131-ayr\u0131 q\u00fcvv\u0259l\u0259rin \u0259lind\u0259 al\u0259t\u0259 \u00e7evrildiyini g\u00f6st\u0259rm\u0259kd\u0259dir. Az\u0259rbaycan\u0131n \u00f6t\u0259n ill\u0259r \u0259rzind\u0259 bu qurumlardan faktiki i\u015f\u011fal v\u0259 t\u0259cav\u00fcz fakt\u0131 il\u0259 ba\u011fl\u0131 q\u0259tiyy\u0259tli m\u00f6vqe g\u00f6rm\u0259yib. Baxmayaraq ki, m\u0259s\u0259l\u0259n, A\u015ePA \u00f6z\u00fc bir ne\u00e7\u0259 d\u0259f\u0259 BMT T\u0259hl\u00fck\u0259sizlik \u015euras\u0131n\u0131n q\u0259tnam\u0259l\u0259rin\u0259 istinad etmi\u015f, bununla i\u015f\u011fal fakt\u0131n\u0131 tan\u0131m\u0131\u015fd\u0131. Prezident \u0130lham \u018fliyevin 2014-c\u00fc ild\u0259 Strasburqda b\u0259yan etdiyi kimi, \u201cErm\u0259nistan Avropa \u015euras\u0131 Parlament Assambleyas\u0131n\u0131n 2005-ci ild\u0259 q\u0259bul etdiyi qeyd edil\u0259n m\u0259zmunlu q\u0259tnam\u0259sin\u0259 \u00fcmumiyy\u0259tl\u0259 m\u0259h\u0259l qoymurdu\u201d.\u00a0 Amma n\u0259 Avropa \u015euras\u0131, n\u0259 qurumun Parlament Assambleyas\u0131, n\u0259 Avropa Parlamenti bu m\u0259s\u0259l\u0259 il\u0259 ba\u011fl\u0131 n\u0259inki \u0259dal\u0259tli m\u00f6vqe tutmad\u0131, \u0259ksin\u0259, Erm\u0259nistan\u0131n i\u015f\u011fal\u00e7\u0131l\u0131q m\u00f6vzusunda, \u00fcmumiyy\u0259tl\u0259, dan\u0131\u015fmama\u011fa \u00fcst\u00fcnl\u00fck verdi. T\u0259bii ki, bu tip davaml\u0131 riyakar v\u0259 selektiv yana\u015fmas\u0131 il\u0259 Avropa t\u0259sisatlar\u0131, x\u00fcsus\u0259n Avropa \u0130ttifaq\u0131nda \u0259slind\u0259 son b\u0259yan olunanlar sad\u0259c\u0259 s\u0259n\u0259dl\u0259\u015fmi\u015f, l\u00fczumsuz s\u00f6z y\u0131\u011f\u0131n\u0131d\u0131r. Biz yen\u0259 d\u0259 riyakar strukturun Az\u0259rbaycana \u00e7a\u011f\u0131r\u0131\u015f ed\u0259n, erm\u0259nil\u0259rin Qaraba\u011fa qay\u0131d\u0131\u015f h\u00fcququndan b\u0259hs ed\u0259n saxtakar b\u0259yanatlar\u0131na \u015fahidlik edirik. Az\u0259rbaycan \u00e7oxmill\u0259tli, \u00e7oxkonfessiyal\u0131 bir \u00f6lk\u0259dir. \u00d6lk\u0259mizd\u0259 bir \u00e7ox etnik qruplar var. Bu etnik qruplar\u0131n bir ne\u00e7\u0259si v\u0259 onlara m\u0259nsub olan insanlar Qaraba\u011fda ya\u015fam\u0131\u015f erm\u0259ni\u00a0 \u0259halisind\u0259n qat-qat \u00e7oxdur. \u018fsl reall\u0131q ondan ibar\u0259tdir ki, Erm\u0259nistanda az\u0259rbaycanl\u0131lar\u0131n say\u0131 erm\u0259nil\u0259rin Az\u0259rbaycandak\u0131 say\u0131ndan daha \u00e7oxdur. D\u00f6vl\u0259t ba\u015f\u00e7\u0131m\u0131z\u0131n qeyd etdiyi kimi, bu, t\u0259xmin\u0259n 300 min insan t\u0259\u015fkil edir: \u201c\u018fg\u0259r r\u0259smi \u0130r\u0259van Az\u0259rbaycanda erm\u0259ni azl\u0131\u011f\u0131 m\u0259s\u0259l\u0259sini \u0259ks etdirm\u0259k ist\u0259yirs\u0259, onda biz d\u0259 otuz il \u0259vv\u0259l Erm\u0259nistandan qovulmu\u015f az\u0259rbaycanl\u0131 azl\u0131\u011f\u0131 m\u0259s\u0259l\u0259sini daxil etm\u0259k ist\u0259rdik. \u00d6lk\u0259miz iki milli azl\u0131\u011f\u0131n m\u0259s\u0259l\u0259sini, onlar\u0131n h\u00fcquqlar\u0131 v\u0259 t\u0259hl\u00fck\u0259sizliyini, o c\u00fcml\u0259d\u0259n, qay\u0131tmaq h\u00fcququnu qeyd edir. Y\u0259ni, t\u0259kc\u0259 erm\u0259nil\u0259rin Az\u0259rbaycana qay\u0131tmas\u0131 deyil, o c\u00fcml\u0259d\u0259n, az\u0259rbaycanl\u0131lar\u0131n da Erm\u0259nistana qay\u0131tmas\u0131 m\u0259s\u0259l\u0259sini qoyuruq.\u201d Az\u0259rbaycanl\u0131lar\u0131n 30 il \u0259vv\u0259l qovulmas\u0131 v\u0259 erm\u0259nil\u0259rin bir il \u0259vv\u0259l \u00f6lk\u0259mizi t\u0259rk etm\u0259k q\u0259rar\u0131 aras\u0131nda f\u0259rqin \u0259h\u0259miyy\u0259ti yoxdur.<\/p>\n<p>G\u00f6r\u00fcnd\u00fcy\u00fc kimi, 700 mind\u0259n art\u0131q m\u0259cburi k\u00f6\u00e7k\u00fcn\u00fcn, 300 mind\u0259n art\u0131q Q\u0259rbi az\u0259rbaycanl\u0131n\u0131n qay\u0131d\u0131\u015f h\u00fcquqlar\u0131ndan bir d\u0259f\u0259 d\u0259 olsun b\u0259hs etm\u0259y\u0259n, 1 milyondan art\u0131q insan\u0131n h\u00fcquqlar\u0131n\u0131 g\u00f6rm\u0259zd\u0259n g\u0259l\u0259n Avropa Parlamentini bu g\u00fcn hans\u0131 maraqlar dan\u0131\u015fd\u0131r\u0131r, biz\u0259 tam ayd\u0131nd\u0131r. Biz \u00e7ox yax\u015f\u0131 xat\u0131rlay\u0131r\u0131q ki, d\u00f6rd il \u00f6nc\u0259 G\u0259nc\u0259, B\u0259rd\u0259, T\u0259rt\u0259rd\u0259 dinc insanlar Erm\u0259nistan t\u0259r\u0259find\u0259n raket at\u0259\u015fin\u0259 tutulark\u0259n, y\u00fczl\u0259rl\u0259 m\u00fclki \u015f\u0259xs, qad\u0131nlar, qocalar, u\u015faqlar m\u0259hz az\u0259rbaycanl\u0131 olduqlar\u0131 \u00fc\u00e7\u00fcn m\u00fcharib\u0259 cinay\u0259tl\u0259rin\u0259 qurban ged\u0259rk\u0259n bu riyakarlar nec\u0259 v\u0259 niy\u0259 susurdu?<\/p>\n<p>Oktyabr\u0131n 22-d\u0259 Avropa Parlamentind\u0259 \u201cAz\u0259rbaycandak\u0131 v\u0259ziyy\u0259t, insan haqlar\u0131n\u0131n, beyn\u0259lxalq h\u00fcququn pozulmas\u0131 v\u0259 Erm\u0259nistanla m\u00fcnasib\u0259tl\u0259r\u201d\u0259 dair m\u00fczakir\u0259l\u0259r olacaq. M\u00f6vzu s\u0259s\u0259 qoyulmadan art\u0131q g\u00fcnd\u0259liy\u0259 daxil edilib. H\u0259tta bununla ba\u011fl\u0131 uy\u011fun &#8220;q\u0259tnam\u0259&#8221;nin q\u0259bul olunaca\u011f\u0131 da g\u00f6zl\u0259nilir. Nec\u0259 dey\u0259rl\u0259r, d\u00fcnyaya demokratik d\u0259y\u0259rl\u0259rl\u0259 ba\u011fl\u0131 liderlik iddias\u0131nda olan Avropa \u0130ttifaq\u0131n\u0131n parlamenti h\u0259r bir f\u00fcrs\u0259td\u0259 r\u0259smi Bak\u0131n\u0131n \u0259leyhin\u0259 b\u0259yanatla \u00e7\u0131x\u0131\u015f etm\u0259k, q\u0259tnam\u0259 q\u0259bul etm\u0259k imkan\u0131n\u0131 qa\u00e7\u0131rm\u0131r. Haz\u0131rda Avropa Parlamentind\u0259 sanki anti-Az\u0259rbaycan, t\u00fcrkofob, islamofob olmayanlar deputat se\u00e7il\u0259 bilmir. Bu g\u00fcnl\u0259rd\u0259 anti-Az\u0259rbaycan v\u0259 \u015fovinist m\u00f6vqeyi il\u0259 tan\u0131nan Natali Luazonun Avropa Parlamentinin C\u0259nubi Qafqazla \u018fm\u0259kda\u015fl\u0131q Komit\u0259sind\u0259 s\u0259drin birinci m\u00fcavini t\u0259yin edilm\u0259si d\u0259 buna misald\u0131r. Buna g\u00f6r\u0259 d\u0259, Az\u0259rbaycana qar\u015f\u0131 m\u00fczakir\u0259l\u0259r v\u0259 q\u0259tnam\u0259 t\u0259\u015f\u0259bb\u00fcs\u00fc t\u0259\u0259cc\u00fcbl\u00fc deyil. B\u00fct\u00fcn bu faktlar Avropa Parlamentind\u0259 erm\u0259ni lobbisinin t\u0259siri alt\u0131nda olan qruplar\u0131n m\u00f6vcudlu\u011funu t\u0259sdiql\u0259yir. He\u00e7 \u015f\u00fcbh\u0259siz, onlar bu xidm\u0259ti &#8220;qonorar&#8221;s\u0131z etmirl\u0259r. Avropa Parlamentinin ke\u00e7mi\u015f s\u0259dri Eva Kaylinin h\u0259bs edilm\u0259si bu qurumun r\u00fc\u015fv\u0259txor v\u0259 korrupsioner oldu\u011funu t\u0259sdiql\u0259y\u0259n \u0259n biab\u0131r\u00e7\u0131 hadis\u0259dir.<\/p>\n<p>Qeyd ed\u0259k ki, Az\u0259rbaycanda t\u00f6r\u0259tdiyi cinay\u0259tl\u0259r\u0259 g\u00f6r\u0259 Bak\u0131da h\u0259bsxanada saxlan\u0131lan, terror\u00e7uluqda ittiham olunan Ruben Vardanyan h\u0259m d\u0259 \u201cTroyka\u201d adl\u0131 bankla \u00e7oxsayl\u0131 maliyy\u0259 f\u0131r\u0131ldaqlar\u0131 etm\u0259kl\u0259 d\u0259 m\u0259\u015fhurla\u015f\u0131b. Vardanyan h\u0259min \u00e7irkli pullar\u0131 xaricd\u0259 Az\u0259rbaycan v\u0259 t\u00fcrkl\u0259r\u0259, C\u0259nubi Qafqazda s\u00fclh v\u0259 \u0259m\u0259kda\u015fl\u0131\u011f\u0131n yaranmas\u0131na mane olmaq \u00fc\u00e7\u00fcn s\u0259rf edib. Onun \u00e7irkli pullar\u0131n\u0131n bu g\u00fcn d\u0259 Avropa Parlamentind\u0259 Az\u0259rbaycana qar\u015f\u0131 \u201cq\u0259tnam\u0259nin\u201d q\u0259bul edilm\u0259sin\u0259 x\u0259rcl\u0259ndiyin\u0259 \u015f\u00fcbh\u0259 yoxdur. Ara\u015fd\u0131rmalar n\u0259tic\u0259sind\u0259 m\u0259lum olub ki, Avropa Parlamentind\u0259 Az\u0259rbaycan v\u0259 T\u00fcrkiy\u0259y\u0259 qar\u015f\u0131 korrupsiya il\u0259 m\u0259\u015f\u011ful olan qrup da f\u0259aliyy\u0259t g\u00f6st\u0259rib. Onlardan biri Natali Luazondur. O, bu il noyabr\u0131n 11-22-d\u0259 Bak\u0131da ke\u00e7iril\u0259c\u0259k COP29 iqlim konfrans\u0131n\u0131n i\u015ftirak\u00e7\u0131lar\u0131n\u0131 terror\u00e7ular\u0131n azad edilm\u0259si \u00fc\u00e7\u00fcn r\u0259smi Bak\u0131ya t\u0259zyiq etm\u0259y\u0259 \u00e7a\u011f\u0131r\u0131b. Avroparlamentd\u0259 Luazon kimil\u0259rin Az\u0259rbaycana qar\u015f\u0131 \u00e7\u0131x\u0131\u015f etm\u0259si, uydurmalara dayanan \u201cq\u0259tnam\u0259y\u0259\u201d s\u0259s verm\u0259si g\u00f6zl\u0259nil\u0259ndir. \u00c7\u00fcnki onlar bu xidm\u0259tl\u0259ri g\u00f6st\u0259rm\u0259k \u00fc\u00e7\u00fcn Avropa Parlamentin\u0259 se\u00e7dirilibl\u0259r. Bel\u0259 saxtakar deputatlar\u0131 bol olan Avropa Parlamentinin qar\u015f\u0131s\u0131nda Az\u0259rbaycan\u0131n he\u00e7 bir \u00f6hd\u0259liyi yoxdur. Odur ki, onlar\u0131n m\u00fczakir\u0259y\u0259 \u00e7\u0131xararaq q\u0259bul etdikl\u0259ri q\u0259tnam\u0259l\u0259r d\u0259 Az\u0259rbaycan \u00fc\u00e7\u00fcn he\u00e7 bir h\u00fcquqi q\u00fcvv\u0259y\u0259 malik deyil. Bu q\u0259tnam\u0259l\u0259r erm\u0259ni lobbisinin, terror\u00e7uluqda ittiham olunan rubenl\u0259rin \u00e7irkli pullar\u0131n\u0131n yuyulmas\u0131 hesab\u0131na q\u0259bul olunan \u0259h\u0259miyy\u0259tsiz ka\u011f\u0131z par\u00e7alar\u0131d\u0131r.<\/p>\n<p><strong>\u015e\u0259msiyy\u0259 \u018fliq\u0131z\u0131, \u201c\u0130ki sahil\u201d<\/strong><\/p>\n","protected":false},"excerpt":{"rendered":"<p>G\u00f6r\u00fcnd\u00fcy\u00fc kimi, 700 mind\u0259n art\u0131q m\u0259cburi k\u00f6\u00e7k\u00fcn\u00fcn, 300 mind\u0259n art\u0131q Q\u0259rbi az\u0259rbaycanl\u0131n\u0131n qay\u0131d\u0131\u015f h\u00fcquqlar\u0131ndan bir d\u0259f\u0259 d\u0259 olsun b\u0259hs etm\u0259y\u0259n, 1 milyondan art\u0131q insan\u0131n h\u00fcquqlar\u0131n\u0131 g\u00f6rm\u0259zd\u0259n g\u0259l\u0259n Avropa Parlamentini bu g\u00fcn hans\u0131 maraqlar dan\u0131\u015fd\u0131r\u0131r, biz\u0259 tam ayd\u0131nd\u0131r Az\u0259rbaycan h\u0259r hans\u0131 beyn\u0259lxalq t\u0259\u015fkilat qar\u015f\u0131s\u0131nda \u00fcz\u0259rin\u0259 g\u00f6t\u00fcrd\u00fcy\u00fc \u00f6hd\u0259likl\u0259r\u0259 h\u0259mi\u015f\u0259 layiqinc\u0259 \u0259m\u0259l edib. H\u0259l\u0259 bu vaxta q\u0259d\u0259r hans\u0131sa beyn\u0259lxalq t\u0259\u015fkilat\u0131n Az\u0259rbaycan\u0131n \u00fcz\u0259rin\u0259 g\u00f6t\u00fcrd\u00fcy\u00fc \u00f6hd\u0259likl\u0259ri yerin\u0259 yetirilm\u0259m\u0259si bar\u0259d\u0259 irad bildirm\u0259sinin \u015fahidi olmam\u0131\u015f\u0131q. Ona g\u00f6r\u0259 d\u0259 Avropa Parlamentinin \u00f6lk\u0259miz\u0259 qar\u015f\u0131 h\u0259r hans\u0131 bir ittiham ir\u0259li s\u00fcrm\u0259si bu qurumun r\u0259hb\u0259rinin v\u0259 \u00fczvl\u0259rinin \u0259l oyunca\u011f\u0131na \u00e7evrilm\u0259sinin t\u0259sdiqidir.&hellip;<\/p>\n","protected":false},"author":2,"featured_media":763671,"comment_status":"closed","ping_status":"closed","sticky":false,"template":"","format":"standard","meta":{"om_disable_all_campaigns":false,"_monsterinsights_skip_tracking":false,"_monsterinsights_sitenote_active":false,"_monsterinsights_sitenote_note":"","_monsterinsights_sitenote_category":0},"categories":[19],"tags":[],"aioseo_notices":[],"gutentor_comment":0,"rttpg_featured_image_url":{"full":["https:\/\/arantv.az\/wp-content\/uploads\/2024\/10\/1548161604_4057416.jpg",975,540,false],"landscape":["https:\/\/arantv.az\/wp-content\/uploads\/2024\/10\/1548161604_4057416.jpg",975,540,false],"portraits":["https:\/\/arantv.az\/wp-content\/uploads\/2024\/10\/1548161604_4057416.jpg",975,540,false],"thumbnail":["https:\/\/arantv.az\/wp-content\/uploads\/2024\/10\/1548161604_4057416-500x280.jpg",500,280,true],"medium":["https:\/\/arantv.az\/wp-content\/uploads\/2024\/10\/1548161604_4057416-660x365.jpg",660,365,true],"large":["https:\/\/arantv.az\/wp-content\/uploads\/2024\/10\/1548161604_4057416-840x465.jpg",640,354,true],"1536x1536":["https:\/\/arantv.az\/wp-content\/uploads\/2024\/10\/1548161604_4057416.jpg",975,540,false],"2048x2048":["https:\/\/arantv.az\/wp-content\/uploads\/2024\/10\/1548161604_4057416.jpg",975,540,false],"post-thumbnail":["https:\/\/arantv.az\/wp-content\/uploads\/2024\/10\/1548161604_4057416-240x172.jpg",240,172,true],"advps-thumb-one":["https:\/\/arantv.az\/wp-content\/uploads\/2024\/10\/1548161604_4057416.jpg",975,540,false]},"rttpg_author":{"display_name":"V\u00fcsal Rafiqo\u011flu","author_link":"https:\/\/arantv.az\/?author=2"},"rttpg_comment":0,"rttpg_category":"<a href=\"https:\/\/arantv.az\/?cat=19\" rel=\"category\">G\u00fcnd\u0259m<\/a>","rttpg_excerpt":"G\u00f6r\u00fcnd\u00fcy\u00fc kimi, 700 mind\u0259n art\u0131q m\u0259cburi k\u00f6\u00e7k\u00fcn\u00fcn, 300 mind\u0259n art\u0131q Q\u0259rbi az\u0259rbaycanl\u0131n\u0131n qay\u0131d\u0131\u015f h\u00fcquqlar\u0131ndan bir d\u0259f\u0259 d\u0259 olsun b\u0259hs etm\u0259y\u0259n, 1 milyondan art\u0131q insan\u0131n h\u00fcquqlar\u0131n\u0131 g\u00f6rm\u0259zd\u0259n g\u0259l\u0259n Avropa Parlamentini bu g\u00fcn hans\u0131 maraqlar dan\u0131\u015fd\u0131r\u0131r, biz\u0259 tam ayd\u0131nd\u0131r Az\u0259rbaycan h\u0259r hans\u0131 beyn\u0259lxalq t\u0259\u015fkilat qar\u015f\u0131s\u0131nda \u00fcz\u0259rin\u0259 g\u00f6t\u00fcrd\u00fcy\u00fc \u00f6hd\u0259likl\u0259r\u0259 h\u0259mi\u015f\u0259 layiqinc\u0259 \u0259m\u0259l edib. H\u0259l\u0259 bu vaxta q\u0259d\u0259r hans\u0131sa&hellip;","_links":{"self":[{"href":"https:\/\/arantv.az\/index.php?rest_route=\/wp\/v2\/posts\/763670"}],"collection":[{"href":"https:\/\/arantv.az\/index.php?rest_route=\/wp\/v2\/posts"}],"about":[{"href":"https:\/\/arantv.az\/index.php?rest_route=\/wp\/v2\/types\/post"}],"author":[{"embeddable":true,"href":"https:\/\/arantv.az\/index.php?rest_route=\/wp\/v2\/users\/2"}],"replies":[{"embeddable":true,"href":"https:\/\/arantv.az\/index.php?rest_route=%2Fwp%2Fv2%2Fcomments&post=763670"}],"version-history":[{"count":1,"href":"https:\/\/arantv.az\/index.php?rest_route=\/wp\/v2\/posts\/763670\/revisions"}],"predecessor-version":[{"id":763672,"href":"https:\/\/arantv.az\/index.php?rest_route=\/wp\/v2\/posts\/763670\/revisions\/763672"}],"wp:featuredmedia":[{"embeddable":true,"href":"https:\/\/arantv.az\/index.php?rest_route=\/wp\/v2\/media\/763671"}],"wp:attachment":[{"href":"https:\/\/arantv.az\/index.php?rest_route=%2Fwp%2Fv2%2Fmedia&parent=763670"}],"wp:term":[{"taxonomy":"category","embeddable":true,"href":"https:\/\/arantv.az\/index.php?rest_route=%2Fwp%2Fv2%2Fcategories&post=763670"},{"taxonomy":"post_tag","embeddable":true,"href":"https:\/\/arantv.az\/index.php?rest_route=%2Fwp%2Fv2%2Ftags&post=763670"}],"curies":[{"name":"wp","href":"https:\/\/api.w.org\/{rel}","templated":true}]}}