{"id":763733,"date":"2024-10-23T16:24:17","date_gmt":"2024-10-23T12:24:17","guid":{"rendered":"https:\/\/arantv.az\/?p=763733"},"modified":"2024-10-23T16:24:17","modified_gmt":"2024-10-23T12:24:17","slug":"usaq-bagcasinda-d%c9%99rman-qalmaqali-s%c9%99ngimir-iscil%c9%99r-niy%c9%99-cixariliblar","status":"publish","type":"post","link":"https:\/\/arantv.az\/?p=763733","title":{"rendered":"U\u015faq ba\u011f\u00e7as\u0131nda d\u0259rman QALMAQALI s\u0259ngimir: \u0130\u015f\u00e7il\u0259r niy\u0259 \u00e7\u0131xar\u0131l\u0131blar?"},"content":{"rendered":"<p>Bak\u0131n\u0131n Yasamal rayonunda yerl\u0259\u015f\u0259n &#8220;Esmanur&#8221; \u00f6z\u0259l u\u015faq ba\u011f\u00e7as\u0131nda u\u015faqlara &#8220;Ketotifen&#8221; d\u0259rman\u0131n\u0131n verilm\u0259si il\u0259 ba\u011fl\u0131 qalmaqal getdikc\u0259 b\u00f6y\u00fcy\u00fcr.<\/p>\n<p>Bel\u0259 ki, Oxu.Az-\u0131n m\u0259lumat\u0131na g\u00f6r\u0259, valideynl\u0259rd\u0259n biri \u00f6vlad\u0131n\u0131n qan\u0131nda analiz zaman\u0131 h\u0259min d\u0259rman\u0131n a\u015fkarland\u0131\u011f\u0131n\u0131 sosial \u015f\u0259b\u0259k\u0259d\u0259 payla\u015fm\u0131\u015f, ba\u011f\u00e7a is\u0259 iddian\u0131 t\u0259kzib ed\u0259r\u0259k, valideynin polis\u0259 verdiyi \u015fikay\u0259tini geri g\u00f6t\u00fcrd\u00fcy\u00fcn\u00fc, \u00fczr ist\u0259diyini bildirmi\u015fdi. Bir q\u0259d\u0259r sonra is\u0259 s\u00f6z\u00fcged\u0259n ba\u011f\u00e7an\u0131n ba\u011fland\u0131\u011f\u0131, m\u00fc\u0259lliml\u0259rin i\u015fd\u0259n \u00e7\u0131xar\u0131ld\u0131\u011f\u0131 bar\u0259d\u0259 m\u0259lumat yay\u0131ld\u0131.<\/p>\n<p>S\u00f6z\u00fcged\u0259n m\u0259s\u0259l\u0259 il\u0259 ba\u011fl\u0131 Oxu.Az \u015fikay\u0259t\u00e7i olan valideyn Elnur\u0259 H\u00fcseynova il\u0259 \u0259laq\u0259 saxlay\u0131b. O bir daha bildirib ki, qeyd olunan ba\u011f\u00e7ada \u00f6vlad\u0131na d\u0259rman verilib:<\/p>\n<p>&#8220;Ba\u011f\u00e7ada u\u015fa\u011f\u0131ma d\u0259rman verilib. Bununla ba\u011fl\u0131 polis\u0259 \u015fikay\u0259t vermi\u015f\u0259m. Analizin n\u0259tic\u0259l\u0259rini d\u0259 polis\u0259 t\u0259qdim etmi\u015f\u0259m. Ba\u011f\u00e7an\u0131n r\u0259hb\u0259ri \u0130lah\u0259 xan\u0131m\u0131 m\u0259n \u00f6t\u0259n h\u0259ft\u0259nin c\u00fcm\u0259 g\u00fcn\u00fc tan\u0131m\u0131\u015fam. O, m\u0259s\u0259l\u0259d\u0259n\u00a0<a title=\"xeberler son xeberler 2024\" href=\"https:\/\/big.az\/\" target=\"_blank\" rel=\"noopener\">x\u0259b\u0259r<\/a>\u00a0tutan kimi \u0259dal\u0259tli q\u0259rar ver\u0259r\u0259k, Yasamaldak\u0131 ba\u011f\u00e7an\u0131n i\u015f\u00e7il\u0259rinin h\u0259r birini i\u015fd\u0259n azad etdi. Bu fakt\u0131n h\u0259r birini t\u0259sdiql\u0259y\u0259c\u0259k s\u00fcbutlar\u0131m, videolar\u0131m var. S\u00fcbutlar\u0131m\u0131 da yaln\u0131z polis\u0259 t\u0259qdim edir\u0259m. N\u0259 \u0259riz\u0259mi geri g\u00f6t\u00fcrm\u00fc\u015f\u0259m, n\u0259 d\u0259 kimd\u0259ns\u0259 \u00fczr ist\u0259mi\u015f\u0259m. \u015eahidin dediyin\u0259 g\u00f6r\u0259, ba\u011f\u00e7ada iki u\u015fa\u011fa d\u0259rman verilib. Onun da g\u00f6r\u00fcnt\u00fcl\u0259ri var, h\u0259min \u015fahidi tap\u0131b, susdurma\u011fa \u00e7al\u0131\u015f\u0131rlar. D\u0259c\u0259l u\u015faqlara verirmi\u015fl\u0259r ki, yats\u0131nlar&#8221;.<\/p>\n<p>E.H\u00fcseynova m\u00fc\u0259lliml\u0259 aras\u0131nda ya\u015fanan m\u00fcbahis\u0259y\u0259 d\u0259 ayd\u0131nl\u0131q g\u0259tirib:<\/p>\n<div class=\"AdviadNativeVideo\"><\/div>\n<p>&#8220;Qap\u0131ya t\u0259pik vurdu\u011fumu dedikl\u0259ri d\u0259 yaland\u0131r. M\u0259n o m\u0259d\u0259niyy\u0259t\u0259 sahib biri deyil\u0259m ki, bunu edim. M\u00fc\u0259lliml\u0259 aramda problem yaran\u0131b. Kameradan bax\u0131b g\u00f6rm\u00fc\u015f\u0259m ki, ba\u015fqa u\u015faq m\u0259nim u\u015fa\u011f\u0131m\u0131 vurub, h\u0259min u\u015fa\u011fa he\u00e7 n\u0259 deyilm\u0259yib, m\u0259nim u\u015fa\u011f\u0131m qolundan tutulub, masaya oturdulub. M\u0259n\u0259 bu xo\u015f g\u0259lm\u0259diyin\u0259 g\u00f6r\u0259 z\u0259ng edib bildirmi\u015f\u0259m ki, u\u015fa\u011f\u0131ma d\u0259ym\u0259, g\u0259lir\u0259m ba\u011f\u00e7aya. Ged\u0259nd\u0259 d\u0259 normal insan kimi i\u00e7\u0259ri girmi\u015f\u0259m. Oradak\u0131 iki m\u00fc\u0259llimin m\u0259n i\u00e7\u0259ri gir\u0259nd\u0259 verdikl\u0259ri reaksiya bar\u0259d\u0259 s\u0259syaz\u0131s\u0131 da var&#8221;.<\/p>\n<p>&#8220;Esmanur&#8221; T\u0259dris \u0130nki\u015faf M\u0259rk\u0259zinin r\u0259hb\u0259ri \u0130lah\u0259 Xuduq\u0131z\u0131 is\u0259 ba\u011f\u00e7a kollektivinin i\u015fd\u0259n azad edilm\u0259sinin s\u0259b\u0259binin u\u015faqlara d\u0259rman verilm\u0259si olmad\u0131\u011f\u0131n\u0131 bildirib:<\/p>\n<p>&#8220;\u018fg\u0259r u\u015fa\u011fa d\u0259rman verilibs\u0259, h\u0259kimd\u0259n aray\u0131\u015f olmal\u0131d\u0131r. M\u0259n ondan n\u0259 q\u0259d\u0259r s\u00fcbut t\u0259l\u0259b ets\u0259m d\u0259, he\u00e7 bir s\u00fcbut g\u00f6st\u0259rm\u0259yib. Polisl\u0259 d\u0259 \u0259laq\u0259 saxlam\u0131\u015fam, onlara analizl\u0259 ba\u011fl\u0131 m\u0259lumat verilm\u0259yib. M\u0259nim i\u015f\u00e7il\u0259ri bu s\u0259b\u0259bd\u0259n i\u015fd\u0259n azad etm\u0259yim d\u0259 yalan m\u0259lumatd\u0131r. Ba\u011f\u00e7a orada \u0259vv\u0259ld\u0259n var, c\u00fcm\u0259 g\u00fcn\u00fc is\u0259 m\u0259n g\u00f6t\u00fcrm\u00fc\u015f\u0259m. \u018fvv\u0259l oran\u0131 ba\u015fqa xan\u0131m i\u015fl\u0259dirdi. &#8220;Esmanur&#8221; ad\u0131 il\u0259 i\u015fl\u0259mirdi, ba\u015fqa ba\u011f\u00e7a adla i\u015fl\u0259yib. Biz i\u015fl\u0259mirdik. Ba\u011f\u00e7an\u0131 m\u0259n g\u00f6t\u00fcrd\u00fckd\u0259n sonra is\u0259 \u00f6z kollektivimi g\u0259tirdiyim\u0259 g\u00f6r\u0259 i\u015f\u00e7il\u0259ri i\u015fd\u0259n azad etdim. Burada xan\u0131m\u0131n \u00f6z mara\u011f\u0131 var, bunu da ham\u0131 bilir&#8221;.<\/p>\n<p>M\u00f6vzu il\u0259 ba\u011fl\u0131 Oxu.Az-\u0131n sor\u011fusuna cavab olaraq Daxili \u0130\u015fl\u0259r Nazirliyinin (D\u0130N) M\u0259tbuat Xidm\u0259tinin \u0259m\u0259kda\u015f\u0131 polis leytenant\u0131 \u0130brahim \u018fmiraslanl\u0131 bildirib ki, v\u0259t\u0259nda\u015f E.H\u00fcseynova oktyabr\u0131n 17-d\u0259 Yasamal Rayon Polis \u0130dar\u0259sinin 29-cu Polis \u015e\u00f6b\u0259sin\u0259 \u0259riz\u0259 il\u0259 m\u00fcraci\u0259t ed\u0259r\u0259k rayon \u0259razisind\u0259 f\u0259aliyy\u0259t g\u00f6st\u0259r\u0259n u\u015faq ba\u011f\u00e7as\u0131nda \u00f6vlad\u0131n\u0131n m\u00fc\u0259llim t\u0259r\u0259find\u0259n d\u00f6y\u00fcld\u00fcy\u00fcn\u00fc bildirib:<\/p>\n<p>&#8220;V\u0259t\u0259nda\u015f\u0131n m\u00fcraci\u0259ti \u00fczr\u0259 polis \u015f\u00f6b\u0259sind\u0259 t\u0259hqiqat ara\u015fd\u0131rmas\u0131 apar\u0131l\u0131r. M\u00fcraci\u0259t \u0259sas\u0131nda b\u00fct\u00fcn x\u00fcsusat ara\u015fd\u0131r\u0131l\u0131r. Ara\u015fd\u0131rman\u0131n n\u0259tic\u0259sin\u0259 \u0259sas\u0259n m\u00fcvafiq q\u0259rar q\u0259bul edil\u0259c\u0259k&#8221;.<br \/>\n<img class=\"imgbcode\" src=\"https:\/\/upload.az\/foto\/arxiv\/bbbbbbbb.PNG\" alt=\"U\u015faq ba\u011f\u00e7as\u0131nda d\u0259rman QALMAQALI s\u0259ngimir: \u0130\u015f\u00e7il\u0259r niy\u0259 \u00e7\u0131xar\u0131l\u0131blar?\" \/><\/p>\n","protected":false},"excerpt":{"rendered":"<p>Bak\u0131n\u0131n Yasamal rayonunda yerl\u0259\u015f\u0259n &#8220;Esmanur&#8221; \u00f6z\u0259l u\u015faq ba\u011f\u00e7as\u0131nda u\u015faqlara &#8220;Ketotifen&#8221; d\u0259rman\u0131n\u0131n verilm\u0259si il\u0259 ba\u011fl\u0131 qalmaqal getdikc\u0259 b\u00f6y\u00fcy\u00fcr. Bel\u0259 ki, Oxu.Az-\u0131n m\u0259lumat\u0131na g\u00f6r\u0259, valideynl\u0259rd\u0259n biri \u00f6vlad\u0131n\u0131n qan\u0131nda analiz zaman\u0131 h\u0259min d\u0259rman\u0131n a\u015fkarland\u0131\u011f\u0131n\u0131 sosial \u015f\u0259b\u0259k\u0259d\u0259 payla\u015fm\u0131\u015f, ba\u011f\u00e7a is\u0259 iddian\u0131 t\u0259kzib ed\u0259r\u0259k, valideynin polis\u0259 verdiyi \u015fikay\u0259tini geri g\u00f6t\u00fcrd\u00fcy\u00fcn\u00fc, \u00fczr ist\u0259diyini bildirmi\u015fdi. Bir q\u0259d\u0259r sonra is\u0259 s\u00f6z\u00fcged\u0259n ba\u011f\u00e7an\u0131n ba\u011fland\u0131\u011f\u0131, m\u00fc\u0259lliml\u0259rin i\u015fd\u0259n \u00e7\u0131xar\u0131ld\u0131\u011f\u0131 bar\u0259d\u0259 m\u0259lumat yay\u0131ld\u0131. S\u00f6z\u00fcged\u0259n m\u0259s\u0259l\u0259 il\u0259 ba\u011fl\u0131 Oxu.Az \u015fikay\u0259t\u00e7i olan valideyn Elnur\u0259 H\u00fcseynova il\u0259 \u0259laq\u0259 saxlay\u0131b. O bir daha bildirib ki, qeyd olunan ba\u011f\u00e7ada \u00f6vlad\u0131na d\u0259rman verilib: &#8220;Ba\u011f\u00e7ada u\u015fa\u011f\u0131ma d\u0259rman verilib. Bununla&hellip;<\/p>\n","protected":false},"author":2,"featured_media":763734,"comment_status":"closed","ping_status":"closed","sticky":false,"template":"","format":"standard","meta":{"om_disable_all_campaigns":false,"_monsterinsights_skip_tracking":false,"_monsterinsights_sitenote_active":false,"_monsterinsights_sitenote_note":"","_monsterinsights_sitenote_category":0},"categories":[1],"tags":[],"aioseo_notices":[],"gutentor_comment":0,"rttpg_featured_image_url":{"full":["https:\/\/arantv.az\/wp-content\/uploads\/2024\/10\/1234567890_91729681970.png",650,430,false],"landscape":["https:\/\/arantv.az\/wp-content\/uploads\/2024\/10\/1234567890_91729681970.png",650,430,false],"portraits":["https:\/\/arantv.az\/wp-content\/uploads\/2024\/10\/1234567890_91729681970.png",650,430,false],"thumbnail":["https:\/\/arantv.az\/wp-content\/uploads\/2024\/10\/1234567890_91729681970-500x280.png",500,280,true],"medium":["https:\/\/arantv.az\/wp-content\/uploads\/2024\/10\/1234567890_91729681970-552x365.png",552,365,true],"large":["https:\/\/arantv.az\/wp-content\/uploads\/2024\/10\/1234567890_91729681970.png",640,423,false],"1536x1536":["https:\/\/arantv.az\/wp-content\/uploads\/2024\/10\/1234567890_91729681970.png",650,430,false],"2048x2048":["https:\/\/arantv.az\/wp-content\/uploads\/2024\/10\/1234567890_91729681970.png",650,430,false],"post-thumbnail":["https:\/\/arantv.az\/wp-content\/uploads\/2024\/10\/1234567890_91729681970-240x172.png",240,172,true],"advps-thumb-one":["https:\/\/arantv.az\/wp-content\/uploads\/2024\/10\/1234567890_91729681970.png",650,430,false]},"rttpg_author":{"display_name":"V\u00fcsal Rafiqo\u011flu","author_link":"https:\/\/arantv.az\/?author=2"},"rttpg_comment":0,"rttpg_category":"<a href=\"https:\/\/arantv.az\/?cat=1\" rel=\"category\">C\u0259miyy\u0259t<\/a>","rttpg_excerpt":"Bak\u0131n\u0131n Yasamal rayonunda yerl\u0259\u015f\u0259n &#8220;Esmanur&#8221; \u00f6z\u0259l u\u015faq ba\u011f\u00e7as\u0131nda u\u015faqlara &#8220;Ketotifen&#8221; d\u0259rman\u0131n\u0131n verilm\u0259si il\u0259 ba\u011fl\u0131 qalmaqal getdikc\u0259 b\u00f6y\u00fcy\u00fcr. Bel\u0259 ki, Oxu.Az-\u0131n m\u0259lumat\u0131na g\u00f6r\u0259, valideynl\u0259rd\u0259n biri \u00f6vlad\u0131n\u0131n qan\u0131nda analiz zaman\u0131 h\u0259min d\u0259rman\u0131n a\u015fkarland\u0131\u011f\u0131n\u0131 sosial \u015f\u0259b\u0259k\u0259d\u0259 payla\u015fm\u0131\u015f, ba\u011f\u00e7a is\u0259 iddian\u0131 t\u0259kzib ed\u0259r\u0259k, valideynin polis\u0259 verdiyi \u015fikay\u0259tini geri g\u00f6t\u00fcrd\u00fcy\u00fcn\u00fc, \u00fczr ist\u0259diyini bildirmi\u015fdi. Bir q\u0259d\u0259r sonra is\u0259 s\u00f6z\u00fcged\u0259n ba\u011f\u00e7an\u0131n ba\u011fland\u0131\u011f\u0131,&hellip;","_links":{"self":[{"href":"https:\/\/arantv.az\/index.php?rest_route=\/wp\/v2\/posts\/763733"}],"collection":[{"href":"https:\/\/arantv.az\/index.php?rest_route=\/wp\/v2\/posts"}],"about":[{"href":"https:\/\/arantv.az\/index.php?rest_route=\/wp\/v2\/types\/post"}],"author":[{"embeddable":true,"href":"https:\/\/arantv.az\/index.php?rest_route=\/wp\/v2\/users\/2"}],"replies":[{"embeddable":true,"href":"https:\/\/arantv.az\/index.php?rest_route=%2Fwp%2Fv2%2Fcomments&post=763733"}],"version-history":[{"count":1,"href":"https:\/\/arantv.az\/index.php?rest_route=\/wp\/v2\/posts\/763733\/revisions"}],"predecessor-version":[{"id":763735,"href":"https:\/\/arantv.az\/index.php?rest_route=\/wp\/v2\/posts\/763733\/revisions\/763735"}],"wp:featuredmedia":[{"embeddable":true,"href":"https:\/\/arantv.az\/index.php?rest_route=\/wp\/v2\/media\/763734"}],"wp:attachment":[{"href":"https:\/\/arantv.az\/index.php?rest_route=%2Fwp%2Fv2%2Fmedia&parent=763733"}],"wp:term":[{"taxonomy":"category","embeddable":true,"href":"https:\/\/arantv.az\/index.php?rest_route=%2Fwp%2Fv2%2Fcategories&post=763733"},{"taxonomy":"post_tag","embeddable":true,"href":"https:\/\/arantv.az\/index.php?rest_route=%2Fwp%2Fv2%2Ftags&post=763733"}],"curies":[{"name":"wp","href":"https:\/\/api.w.org\/{rel}","templated":true}]}}