{"id":763795,"date":"2024-10-23T17:27:36","date_gmt":"2024-10-23T13:27:36","guid":{"rendered":"https:\/\/arantv.az\/?p=763795"},"modified":"2024-10-23T17:27:36","modified_gmt":"2024-10-23T13:27:36","slug":"dilar%c9%99-aygun-kazimovani-eurovisionda-gorm%c9%99k-ist%c9%99yir","status":"publish","type":"post","link":"https:\/\/arantv.az\/?p=763795","title":{"rendered":"Dilar\u0259 Ayg\u00fcn Kaz\u0131movan\u0131 \u201cEurovision\u201dda g\u00f6rm\u0259k ist\u0259yir"},"content":{"rendered":"<p>Avroviziya t\u0259msil\u00e7imiz Dilar\u0259 Kaz\u0131mova Xalq artisti Ayg\u00fcn Kaz\u0131mova il\u0259 ba\u011fl\u0131 dan\u0131\u015f\u0131b. <strong>ARANTV.AZ<\/strong>\u00a0 x\u0259b\u0259r verir ki, bu bar\u0259d\u0259 s\u0259n\u0259t\u00e7i prod\u00fcser v\u0259 apar\u0131c\u0131 Tarix \u018fliyevin t\u0259qdimat\u0131nda yay\u0131mlanan \u201cTarixin bir g\u00fcn\u00fc\u201d verili\u015find\u0259 a\u00e7\u0131qlama verib. D.Kaz\u0131mova deyib ki, Xalq artistini \u201cEurovision\u201dda s\u0259hn\u0259y\u0259 \u00e7\u0131xmas\u0131n\u0131 ist\u0259yir. \u201cAyg\u00fcn Kaz\u0131movan\u0131 \u00e7ox ist\u0259yir\u0259m v\u0259 onu \u201cEurovision\u201dda g\u00f6rm\u0259y\u0259 \u00e7ox sevin\u0259r\u0259m. Amma gets\u0259 v\u0259 birinci yeri tutsa, b\u00f6y\u00fck u\u011fur olard\u0131 \u201d , &#8211; dey\u0259, bildirib.<\/p>\n","protected":false},"excerpt":{"rendered":"<p>Avroviziya t\u0259msil\u00e7imiz Dilar\u0259 Kaz\u0131mova Xalq artisti Ayg\u00fcn Kaz\u0131mova il\u0259 ba\u011fl\u0131 dan\u0131\u015f\u0131b. ARANTV.AZ\u00a0 x\u0259b\u0259r verir ki, bu bar\u0259d\u0259 s\u0259n\u0259t\u00e7i prod\u00fcser v\u0259 apar\u0131c\u0131 Tarix \u018fliyevin t\u0259qdimat\u0131nda yay\u0131mlanan \u201cTarixin bir g\u00fcn\u00fc\u201d verili\u015find\u0259 a\u00e7\u0131qlama verib. D.Kaz\u0131mova deyib ki, Xalq artistini \u201cEurovision\u201dda s\u0259hn\u0259y\u0259 \u00e7\u0131xmas\u0131n\u0131 ist\u0259yir. \u201cAyg\u00fcn Kaz\u0131movan\u0131 \u00e7ox ist\u0259yir\u0259m v\u0259 onu \u201cEurovision\u201dda g\u00f6rm\u0259y\u0259 \u00e7ox sevin\u0259r\u0259m. Amma gets\u0259 v\u0259 birinci yeri tutsa, b\u00f6y\u00fck u\u011fur olard\u0131 \u201d , &#8211; dey\u0259, bildirib.<\/p>\n","protected":false},"author":2,"featured_media":763796,"comment_status":"closed","ping_status":"closed","sticky":false,"template":"","format":"standard","meta":{"om_disable_all_campaigns":false,"_monsterinsights_skip_tracking":false,"_monsterinsights_sitenote_active":false,"_monsterinsights_sitenote_note":"","_monsterinsights_sitenote_category":0},"categories":[20],"tags":[],"aioseo_notices":[],"gutentor_comment":0,"rttpg_featured_image_url":{"full":["https:\/\/arantv.az\/wp-content\/uploads\/2024\/10\/3f8284a9-8de3-41c2-9c34-1609df45ba10.jpg",1200,1200,false],"landscape":["https:\/\/arantv.az\/wp-content\/uploads\/2024\/10\/3f8284a9-8de3-41c2-9c34-1609df45ba10.jpg",1200,1200,false],"portraits":["https:\/\/arantv.az\/wp-content\/uploads\/2024\/10\/3f8284a9-8de3-41c2-9c34-1609df45ba10.jpg",1200,1200,false],"thumbnail":["https:\/\/arantv.az\/wp-content\/uploads\/2024\/10\/3f8284a9-8de3-41c2-9c34-1609df45ba10-500x280.jpg",500,280,true],"medium":["https:\/\/arantv.az\/wp-content\/uploads\/2024\/10\/3f8284a9-8de3-41c2-9c34-1609df45ba10-365x365.jpg",365,365,true],"large":["https:\/\/arantv.az\/wp-content\/uploads\/2024\/10\/3f8284a9-8de3-41c2-9c34-1609df45ba10-840x840.jpg",640,640,true],"1536x1536":["https:\/\/arantv.az\/wp-content\/uploads\/2024\/10\/3f8284a9-8de3-41c2-9c34-1609df45ba10.jpg",1200,1200,false],"2048x2048":["https:\/\/arantv.az\/wp-content\/uploads\/2024\/10\/3f8284a9-8de3-41c2-9c34-1609df45ba10.jpg",1200,1200,false],"post-thumbnail":["https:\/\/arantv.az\/wp-content\/uploads\/2024\/10\/3f8284a9-8de3-41c2-9c34-1609df45ba10-240x172.jpg",240,172,true],"advps-thumb-one":["https:\/\/arantv.az\/wp-content\/uploads\/2024\/10\/3f8284a9-8de3-41c2-9c34-1609df45ba10-1200x620.jpg",1200,620,true]},"rttpg_author":{"display_name":"V\u00fcsal Rafiqo\u011flu","author_link":"https:\/\/arantv.az\/?author=2"},"rttpg_comment":0,"rttpg_category":"<a href=\"https:\/\/arantv.az\/?cat=20\" rel=\"category\">\u015eou biznes<\/a>","rttpg_excerpt":"Avroviziya t\u0259msil\u00e7imiz Dilar\u0259 Kaz\u0131mova Xalq artisti Ayg\u00fcn Kaz\u0131mova il\u0259 ba\u011fl\u0131 dan\u0131\u015f\u0131b. ARANTV.AZ\u00a0 x\u0259b\u0259r verir ki, bu bar\u0259d\u0259 s\u0259n\u0259t\u00e7i prod\u00fcser v\u0259 apar\u0131c\u0131 Tarix \u018fliyevin t\u0259qdimat\u0131nda yay\u0131mlanan \u201cTarixin bir g\u00fcn\u00fc\u201d verili\u015find\u0259 a\u00e7\u0131qlama verib. D.Kaz\u0131mova deyib ki, Xalq artistini \u201cEurovision\u201dda s\u0259hn\u0259y\u0259 \u00e7\u0131xmas\u0131n\u0131 ist\u0259yir. \u201cAyg\u00fcn Kaz\u0131movan\u0131 \u00e7ox ist\u0259yir\u0259m v\u0259 onu \u201cEurovision\u201dda g\u00f6rm\u0259y\u0259 \u00e7ox sevin\u0259r\u0259m. Amma gets\u0259 v\u0259 birinci yeri&hellip;","_links":{"self":[{"href":"https:\/\/arantv.az\/index.php?rest_route=\/wp\/v2\/posts\/763795"}],"collection":[{"href":"https:\/\/arantv.az\/index.php?rest_route=\/wp\/v2\/posts"}],"about":[{"href":"https:\/\/arantv.az\/index.php?rest_route=\/wp\/v2\/types\/post"}],"author":[{"embeddable":true,"href":"https:\/\/arantv.az\/index.php?rest_route=\/wp\/v2\/users\/2"}],"replies":[{"embeddable":true,"href":"https:\/\/arantv.az\/index.php?rest_route=%2Fwp%2Fv2%2Fcomments&post=763795"}],"version-history":[{"count":1,"href":"https:\/\/arantv.az\/index.php?rest_route=\/wp\/v2\/posts\/763795\/revisions"}],"predecessor-version":[{"id":763797,"href":"https:\/\/arantv.az\/index.php?rest_route=\/wp\/v2\/posts\/763795\/revisions\/763797"}],"wp:featuredmedia":[{"embeddable":true,"href":"https:\/\/arantv.az\/index.php?rest_route=\/wp\/v2\/media\/763796"}],"wp:attachment":[{"href":"https:\/\/arantv.az\/index.php?rest_route=%2Fwp%2Fv2%2Fmedia&parent=763795"}],"wp:term":[{"taxonomy":"category","embeddable":true,"href":"https:\/\/arantv.az\/index.php?rest_route=%2Fwp%2Fv2%2Fcategories&post=763795"},{"taxonomy":"post_tag","embeddable":true,"href":"https:\/\/arantv.az\/index.php?rest_route=%2Fwp%2Fv2%2Ftags&post=763795"}],"curies":[{"name":"wp","href":"https:\/\/api.w.org\/{rel}","templated":true}]}}