{"id":763806,"date":"2024-10-23T18:25:30","date_gmt":"2024-10-23T14:25:30","guid":{"rendered":"https:\/\/arantv.az\/?p=763806"},"modified":"2024-10-23T18:25:30","modified_gmt":"2024-10-23T14:25:30","slug":"az%c9%99rbaycan-basqali-r%c9%99qsinin-gurcu-kanalinda-erm%c9%99ni-salaxosu-kimi-t%c9%99qdimatina-etiraz-edib","status":"publish","type":"post","link":"https:\/\/arantv.az\/?p=763806","title":{"rendered":"Az\u0259rbaycan \u200b\u201cBasqal\u0131\u201d r\u0259qsinin g\u00fcrc\u00fc kanal\u0131nda \u201cerm\u0259ni \u015falaxosu\u201d kimi t\u0259qdimat\u0131na etiraz edib"},"content":{"rendered":"<p>\u200b\u201cBasqal\u0131\u201d Az\u0259rbaycan r\u0259qsi v\u0259 &#8220;Bu qala, da\u015fl\u0131 qala&#8221; Az\u0259rbaycan xalq mahn\u0131s\u0131n\u0131n h\u00fcquqlar\u0131 G\u00fcrc\u00fcstan\u0131n b\u0259zi televiziya kanallar\u0131 t\u0259r\u0259find\u0259n pozulub.<\/p>\n<p><strong>ARANTV.AZ x\u0259b\u0259r verir ki,<\/strong>\u00a0bu bar\u0259d\u0259 \u018fqli M\u00fclkiyy\u0259t Agentliyi m\u0259lumat yay\u0131b.<\/p>\n<p>Bildirilib ki, \u00f6t\u0259n il l noyabr\u0131n 3-d\u0259 G\u00fcrc\u00fcstan\u0131n \u201c1TV.GE\u201d telekanal\u0131nda yay\u0131mlanm\u0131\u015f \u201cNatalia &amp; Datuna\u201d \u015fou proqram\u0131nda Az\u0259rbaycan Respublikas\u0131n\u0131n xalq artisti Aftandil \u0130srafilovun m\u00fc\u0259llifi v\u0259 ifa\u00e7\u0131s\u0131 oldu\u011fu m\u0259\u015fhur \u201cBasqal\u0131\u201d r\u0259qsi il\u0259 m\u00fc\u015fayi\u0259t olunan mahn\u0131 \u201cSomxuri \u015falaxo\u201d- \u201cerm\u0259ni \u015falaxosu\u201d kompozisiyas\u0131 kimi t\u0259qdim olunub.<\/p>\n<p>Bu il sentyabr ay\u0131n\u0131n 14-d\u0259 is\u0259 G\u00fcrc\u00fcstan\u0131n dig\u0259r televiziya kanal\u0131 \u201c\u0130MED\u0130\u201dd\u0259 yay\u0131mlanan \u201c\u00c7veni \u015fou\u201d proqram\u0131nda da \u201cBasqal\u0131\u201d Az\u0259rbaycan r\u0259qsin\u0259 (musiqisin\u0259) yaz\u0131lm\u0131\u015f v\u0259 Dodona Namoradzenin ifa etdiyi mahn\u0131 yen\u0259 \u201cerm\u0259ni \u015faloxosu\u201d ad\u0131 alt\u0131nda t\u0259qdim olunub.<\/p>\n<p>Qeyd edilib ki, bu faktlar G\u00fcrc\u00fcstan\u0131n m\u00fcxt\u0259lifteleviziya kanallar\u0131 vasit\u0259sil\u0259 Az\u0259rbaycan\u0131n m\u0259d\u0259ni irs n\u00fcmun\u0259l\u0259rin\u0259, o c\u00fcml\u0259d\u0259n Az\u0259rbaycan musiqisin\u0259 m\u00fcnasib\u0259td\u0259 n\u00f6vb\u0259ti erm\u0259ni o\u011furlu\u011funun n\u00fcmayi\u015fi t\u0259s\u0259vv\u00fcr\u00fc yarad\u0131r v\u0259 ciddi narahatl\u0131q do\u011furur:<\/p>\n<p>&#8220;Bu ilin 24 may tarixind\u0259 \u201cRustavi\u201d telekanal\u0131nda yay\u0131mlanan \u201cPaatas da Nikas \u015fou\u201d proqram\u0131nda is\u0259 &#8220;Bu qala, da\u015fl\u0131 qala&#8221; adl\u0131 Az\u0259rbaycan xalq mahn\u0131s\u0131 \u201cS\u0259n\u0259 sevgi s\u00f6z verir\u0259m\u201d ad\u0131 alt\u0131nda g\u00fcrc\u00fc dilind\u0259 t\u0259qdim olunub. Amma mahn\u0131n\u0131n Az\u0259rbaycan xalq mahn\u0131s\u0131 oldu\u011fu qeyd edilm\u0259yib. \u201cBayat\u0131-\u015eiraz\u201d mu\u011fam\u0131 \u0259sas\u0131nda yarad\u0131lm\u0131\u015f bu mahn\u0131 b\u00fct\u00fcn Yax\u0131n \u015e\u0259rqd\u0259 m\u0259\u015fhurdur v\u0259 \u00e7ox geni\u015f yay\u0131l\u0131b, h\u0259tta T\u00fcrkiy\u0259d\u0259 \u0259halinin \u0259ks\u0259riyy\u0259ti \u015f\u0259nlikl\u0259rd\u0259 bu mahn\u0131n\u0131 \u00e7al\u0131b-oxuyur v\u0259 onu Az\u0259rbaycan xalq mahn\u0131s\u0131 kimi ifa edirl\u0259r&#8221;.<\/p>\n<p>Vur\u011fulan\u0131b ki, \u201cRustavi\u201d telekanal\u0131nda &#8220;Bu qala da\u015fl\u0131 qala&#8221; adl\u0131 Az\u0259rbaycan xalq mahn\u0131s\u0131 \u201cS\u0259n\u0259 sevgi s\u00f6z verir\u0259m\u201d ad\u0131 alt\u0131nda g\u00fcrc\u00fc dilind\u0259 t\u0259qdim olunark\u0259n Az\u0259rbaycan\u0131n v\u0259 G\u00fcrc\u00fcstan\u0131n \u00fczv olduqlar\u0131 \u00dc\u018fMT-nin \u201c\u018fd\u0259bi v\u0259 b\u0259dii \u0259s\u0259rl\u0259rin qorunmas\u0131 haqq\u0131nda\u201d Bern Konvensiyas\u0131n\u0131n 15-ci madd\u0259sinin 4-c\u00fc hiss\u0259sinin t\u0259l\u0259bl\u0259ri n\u0259z\u0259r\u0259 al\u0131nmay\u0131b:<\/p>\n<p>&#8220;Yuxar\u0131da g\u00f6st\u0259ril\u0259n faktlar eyni zamanda\u00dc\u018fMT-n\u0131n M\u00fc\u0259lliflik h\u00fcququna dair M\u00fcqavil\u0259sinin, habel\u0259\u201cAz\u0259rbaycan Respublikas\u0131 H\u00f6kum\u0259ti il\u0259 G\u00fcrc\u00fcstan H\u00f6kum\u0259ti aras\u0131nda \u0259qli m\u00fclkiyy\u0259tin qorunmas\u0131 sah\u0259sind\u0259 \u0259m\u0259kda\u015fl\u0131q haqq\u0131nda Sazi\u015f\u201din t\u0259l\u0259bl\u0259rinin d\u0259 pozulmas\u0131 dem\u0259kdir&#8221;.<\/p>\n<p>\u018fqli M\u00fclkiyy\u0259t Agentliyi yuxar\u0131da g\u00f6st\u0259ril\u0259nl\u0259rl\u0259 \u0259laq\u0259dar G\u00fcrc\u00fcstan Milli \u018fqli M\u00fclkiyy\u0259t M\u0259rk\u0259zi &#8220;SAKPATENT\u0130&#8221;nin r\u0259hb\u0259rliyin\u0259 m\u0259ktub g\u00f6nd\u0259rib.<\/p>\n<p>&#8220;M\u0259ktubda G\u00fcrc\u00fcstan\u0131n 1TV.CE, \u201c\u0130MED\u0130\u201d v\u0259 \u201cRustavi\u201d telekanallar\u0131nda Az\u0259rbaycana m\u0259xsus olan \u201cBasqal\u0131\u201d r\u0259qsinin \u201cSomxuri \u015falaxo\u201d &#8211; erm\u0259ni \u015falaxosu\u201d kimi t\u0259qdim edilm\u0259sinin v\u0259 \u201cBu qala, da\u015fl\u0131 qala&#8221; adl\u0131 Az\u0259rbaycan xalq mahn\u0131s\u0131ndan istifad\u0259 olunark\u0259n onun m\u0259nb\u0259yinin v\u0259 m\u0259nsub oldu\u011fu xalq\u0131n ad\u0131n\u0131n g\u00f6st\u0259rilm\u0259m\u0259sinin s\u0259b\u0259bl\u0259rinin ara\u015fd\u0131r\u0131laraq m\u00fcvafiq t\u0259dbirl\u0259rin g\u00f6r\u00fclm\u0259si, bu bar\u0259d\u0259 Az\u0259rbaycan Respublikas\u0131n\u0131n \u018fqli M\u00fclkiyy\u0259t Agentliyin\u0259 m\u0259lumat verilm\u0259si v\u0259 bir daha bel\u0259 hallar\u0131n t\u0259krarlanmamas\u0131 \u00fc\u00e7\u00fcn m\u0259s\u0259l\u0259nin daim n\u0259zar\u0259td\u0259 saxlan\u0131lmas\u0131 xahi\u015f edilib. H\u0259m\u00e7inin bildiririk ki, h\u00fcquq pozuntular\u0131n\u0131 t\u0259sdiq ed\u0259n m\u00fcvafiq materiallar da \u201cSAKPATENT\u0130\u201d-y\u0259 t\u0259qdim edilib&#8221;, &#8211; dey\u0259 m\u0259lumatda qeyd edilib.<\/p>\n","protected":false},"excerpt":{"rendered":"<p>\u200b\u201cBasqal\u0131\u201d Az\u0259rbaycan r\u0259qsi v\u0259 &#8220;Bu qala, da\u015fl\u0131 qala&#8221; Az\u0259rbaycan xalq mahn\u0131s\u0131n\u0131n h\u00fcquqlar\u0131 G\u00fcrc\u00fcstan\u0131n b\u0259zi televiziya kanallar\u0131 t\u0259r\u0259find\u0259n pozulub. ARANTV.AZ x\u0259b\u0259r verir ki,\u00a0bu bar\u0259d\u0259 \u018fqli M\u00fclkiyy\u0259t Agentliyi m\u0259lumat yay\u0131b. Bildirilib ki, \u00f6t\u0259n il l noyabr\u0131n 3-d\u0259 G\u00fcrc\u00fcstan\u0131n \u201c1TV.GE\u201d telekanal\u0131nda yay\u0131mlanm\u0131\u015f \u201cNatalia &amp; Datuna\u201d \u015fou proqram\u0131nda Az\u0259rbaycan Respublikas\u0131n\u0131n xalq artisti Aftandil \u0130srafilovun m\u00fc\u0259llifi v\u0259 ifa\u00e7\u0131s\u0131 oldu\u011fu m\u0259\u015fhur \u201cBasqal\u0131\u201d r\u0259qsi il\u0259 m\u00fc\u015fayi\u0259t olunan mahn\u0131 \u201cSomxuri \u015falaxo\u201d- \u201cerm\u0259ni \u015falaxosu\u201d kompozisiyas\u0131 kimi t\u0259qdim olunub. Bu il sentyabr ay\u0131n\u0131n 14-d\u0259 is\u0259 G\u00fcrc\u00fcstan\u0131n dig\u0259r televiziya kanal\u0131 \u201c\u0130MED\u0130\u201dd\u0259 yay\u0131mlanan \u201c\u00c7veni \u015fou\u201d proqram\u0131nda da \u201cBasqal\u0131\u201d Az\u0259rbaycan r\u0259qsin\u0259 (musiqisin\u0259) yaz\u0131lm\u0131\u015f&hellip;<\/p>\n","protected":false},"author":2,"featured_media":763807,"comment_status":"closed","ping_status":"closed","sticky":false,"template":"","format":"standard","meta":{"om_disable_all_campaigns":false,"_monsterinsights_skip_tracking":false,"_monsterinsights_sitenote_active":false,"_monsterinsights_sitenote_note":"","_monsterinsights_sitenote_category":0},"categories":[1],"tags":[],"aioseo_notices":[],"gutentor_comment":0,"rttpg_featured_image_url":{"full":["https:\/\/arantv.az\/wp-content\/uploads\/2024\/10\/fb3a30a2172969299782915921310799653.jpg",975,540,false],"landscape":["https:\/\/arantv.az\/wp-content\/uploads\/2024\/10\/fb3a30a2172969299782915921310799653.jpg",975,540,false],"portraits":["https:\/\/arantv.az\/wp-content\/uploads\/2024\/10\/fb3a30a2172969299782915921310799653.jpg",975,540,false],"thumbnail":["https:\/\/arantv.az\/wp-content\/uploads\/2024\/10\/fb3a30a2172969299782915921310799653-500x280.jpg",500,280,true],"medium":["https:\/\/arantv.az\/wp-content\/uploads\/2024\/10\/fb3a30a2172969299782915921310799653-660x365.jpg",660,365,true],"large":["https:\/\/arantv.az\/wp-content\/uploads\/2024\/10\/fb3a30a2172969299782915921310799653-840x465.jpg",640,354,true],"1536x1536":["https:\/\/arantv.az\/wp-content\/uploads\/2024\/10\/fb3a30a2172969299782915921310799653.jpg",975,540,false],"2048x2048":["https:\/\/arantv.az\/wp-content\/uploads\/2024\/10\/fb3a30a2172969299782915921310799653.jpg",975,540,false],"post-thumbnail":["https:\/\/arantv.az\/wp-content\/uploads\/2024\/10\/fb3a30a2172969299782915921310799653-240x172.jpg",240,172,true],"advps-thumb-one":["https:\/\/arantv.az\/wp-content\/uploads\/2024\/10\/fb3a30a2172969299782915921310799653.jpg",975,540,false]},"rttpg_author":{"display_name":"V\u00fcsal Rafiqo\u011flu","author_link":"https:\/\/arantv.az\/?author=2"},"rttpg_comment":0,"rttpg_category":"<a href=\"https:\/\/arantv.az\/?cat=1\" rel=\"category\">C\u0259miyy\u0259t<\/a>","rttpg_excerpt":"\u200b\u201cBasqal\u0131\u201d Az\u0259rbaycan r\u0259qsi v\u0259 &#8220;Bu qala, da\u015fl\u0131 qala&#8221; Az\u0259rbaycan xalq mahn\u0131s\u0131n\u0131n h\u00fcquqlar\u0131 G\u00fcrc\u00fcstan\u0131n b\u0259zi televiziya kanallar\u0131 t\u0259r\u0259find\u0259n pozulub. ARANTV.AZ x\u0259b\u0259r verir ki,\u00a0bu bar\u0259d\u0259 \u018fqli M\u00fclkiyy\u0259t Agentliyi m\u0259lumat yay\u0131b. Bildirilib ki, \u00f6t\u0259n il l noyabr\u0131n 3-d\u0259 G\u00fcrc\u00fcstan\u0131n \u201c1TV.GE\u201d telekanal\u0131nda yay\u0131mlanm\u0131\u015f \u201cNatalia &amp; Datuna\u201d \u015fou proqram\u0131nda Az\u0259rbaycan Respublikas\u0131n\u0131n xalq artisti Aftandil \u0130srafilovun m\u00fc\u0259llifi v\u0259 ifa\u00e7\u0131s\u0131 oldu\u011fu m\u0259\u015fhur&hellip;","_links":{"self":[{"href":"https:\/\/arantv.az\/index.php?rest_route=\/wp\/v2\/posts\/763806"}],"collection":[{"href":"https:\/\/arantv.az\/index.php?rest_route=\/wp\/v2\/posts"}],"about":[{"href":"https:\/\/arantv.az\/index.php?rest_route=\/wp\/v2\/types\/post"}],"author":[{"embeddable":true,"href":"https:\/\/arantv.az\/index.php?rest_route=\/wp\/v2\/users\/2"}],"replies":[{"embeddable":true,"href":"https:\/\/arantv.az\/index.php?rest_route=%2Fwp%2Fv2%2Fcomments&post=763806"}],"version-history":[{"count":1,"href":"https:\/\/arantv.az\/index.php?rest_route=\/wp\/v2\/posts\/763806\/revisions"}],"predecessor-version":[{"id":763808,"href":"https:\/\/arantv.az\/index.php?rest_route=\/wp\/v2\/posts\/763806\/revisions\/763808"}],"wp:featuredmedia":[{"embeddable":true,"href":"https:\/\/arantv.az\/index.php?rest_route=\/wp\/v2\/media\/763807"}],"wp:attachment":[{"href":"https:\/\/arantv.az\/index.php?rest_route=%2Fwp%2Fv2%2Fmedia&parent=763806"}],"wp:term":[{"taxonomy":"category","embeddable":true,"href":"https:\/\/arantv.az\/index.php?rest_route=%2Fwp%2Fv2%2Fcategories&post=763806"},{"taxonomy":"post_tag","embeddable":true,"href":"https:\/\/arantv.az\/index.php?rest_route=%2Fwp%2Fv2%2Ftags&post=763806"}],"curies":[{"name":"wp","href":"https:\/\/api.w.org\/{rel}","templated":true}]}}