{"id":763810,"date":"2024-10-23T19:39:57","date_gmt":"2024-10-23T15:39:57","guid":{"rendered":"https:\/\/arantv.az\/?p=763810"},"modified":"2024-10-23T19:39:57","modified_gmt":"2024-10-23T15:39:57","slug":"q%c9%99rbi-az%c9%99rbaycana-qayidisda-yeni-m%c9%99rh%c9%99l%c9%99","status":"publish","type":"post","link":"https:\/\/arantv.az\/?p=763810","title":{"rendered":"Q\u0259rbi Az\u0259rbaycana qay\u0131d\u0131\u015fda YEN\u0130 M\u018fRH\u018fL\u018f"},"content":{"rendered":"<div class=\"text-content\" data-id=\"\" data-url=\"\">\n<p><strong>Beyn\u0259lxalq h\u00fcququn norma v\u0259 prinsipl\u0259rind\u0259 d\u0259 \u0259ks olundu\u011fu kimi, deportasiya insanl\u0131q \u0259leyhin\u0259 cinay\u0259tdir. Q\u0259rbi az\u0259rbaycanl\u0131lara qar\u015f\u0131 \u00f6t\u0259n \u0259srd\u0259 bir ne\u00e7\u0259 d\u0259f\u0259 m\u0259rh\u0259l\u0259l\u0259rl\u0259 insanl\u0131q \u0259leyhin\u0259 cinay\u0259tl\u0259r t\u00f6r\u0259dilib.<\/strong><\/p>\n<p>Sonuncu deportasiya m\u0259hz 1987-ci ilin sonlar\u0131na do\u011fru ba\u015flam\u0131\u015fd\u0131. H\u0259min ilin sentyabr-oktyabr aylar\u0131ndan etibar\u0259n soyda\u015flar\u0131m\u0131za qar\u015f\u0131 s\u0131x\u0131\u015fd\u0131r\u0131lmalar, h\u00fccumlar, qar\u015f\u0131durmalar ba\u015flad\u0131, Qafan \u0259halisinin evl\u0259rin\u0259 h\u00fccumlar edildi. 1987-ci il noyabr\u0131n \u0259vv\u0259lind\u0259 Qafandan az\u0259rbaycanl\u0131lar\u0131n ilk deportasiyas\u0131 ba\u015f verdi v\u0259 onlar \u015f\u0259raitsiz, insan da\u015f\u0131maq \u00fc\u00e7\u00fcn n\u0259z\u0259rd\u0259 tutulmayan qatarlara mindiril\u0259r\u0259k \u00f6z ata-baba yurdlar\u0131ndan \u00e7\u0131xar\u0131ld\u0131lar. Ard\u0131nca 1991-ci il\u0259d\u0259k Q\u0259rbi az\u0259rbaycanl\u0131lar\u0131n sistemli \u015f\u0259kild\u0259 deportasiyas\u0131 h\u0259yata ke\u00e7irildi. Soyda\u015flar\u0131m\u0131z rayon-rayon, \u015f\u0259h\u0259r-\u015f\u0259h\u0259r, k\u0259nd-k\u0259nd \u0259n ac\u0131nacaql\u0131 \u015f\u0259raitd\u0259, soyuq havalarda c\u0259mi bir ne\u00e7\u0259 saat \u0259rzind\u0259 \u00f6z evl\u0259rini piyada t\u0259rk etm\u0259y\u0259 vadar olundular.<\/p>\n<p><img loading=\"lazy\" src=\"https:\/\/cdn.musavat.com\/news\/images\/Ayten\/deport.PNG\" alt=\"deport.PNG (312 KB)\" width=\"615\" height=\"388\" \/><\/p>\n<p>Q\u0259rbi az\u0259rbaycanl\u0131lar\u0131n fundamental, baza insan h\u00fcquqlar\u0131 pozulub. Onlar \u00f6z v\u0259t\u0259nl\u0259rind\u0259n zorla \u00e7\u0131xar\u0131l\u0131blar. \u00dcmumd\u00fcnya \u0130nsan H\u00fcquqlar\u0131 B\u0259yannam\u0259sinin 13-c\u00fc madd\u0259sinin ikinci b\u0259ndin\u0259 g\u00f6r\u0259, onlar\u0131n geri qay\u0131d\u0131\u015f h\u00fcququ var. Bundan ba\u015fqa, BMT-nin d\u0259 m\u0259lum d\u00f6rd q\u0259tnam\u0259sind\u0259n ikisind\u0259 Q\u0259rbi az\u0259rbaycanl\u0131lar\u0131n qay\u0131d\u0131\u015f\u0131 il\u0259 ba\u011fl\u0131 \u0259saslar var. Bel\u0259 ki, 1993-c\u00fc ild\u0259 q\u0259bul edilmi\u015f 853 v\u0259 874 sayl\u0131 q\u0259tnam\u0259l\u0259rd\u0259 b\u00f6lg\u0259d\u0259ki qa\u00e7q\u0131nlar\u0131n geri qay\u0131tmas\u0131na \u015f\u0259rait yaratmaq t\u0259l\u0259b olunur.<\/p>\n<p><strong>Q\u0259rbi az\u0259rbaycanl\u0131lar\u0131n tarixi torpaqlar\u0131m\u0131za qay\u0131d\u0131\u015f\u0131n\u0131n t\u0259min edilm\u0259si \u00fc\u00e7\u00fcn b\u00fct\u00fcn imkanlardan, o c\u00fcml\u0259d\u0259n beyn\u0259lxalq platformalardan istifad\u0259 olunur. Bu istiqam\u0259td\u0259 Q\u0259rbi Az\u0259rbaycan \u0130cmas\u0131 m\u00fcvafiq beyn\u0259lxalq t\u0259\u015fkilatlara m\u00fcraci\u0259tl\u0259r edir.<\/strong><\/p>\n<p><strong><img loading=\"lazy\" src=\"https:\/\/cdn.musavat.com\/news\/images\/Ayten\/%C4%B0CMA%20SON.jpg\" alt=\"\u0130CMA SON.jpg (105 KB)\" width=\"700\" height=\"436\" \/><\/strong><\/p>\n<p><strong>Erm\u0259nistanda is\u0259 m\u0259s\u0259l\u0259 \u201cd\u0259rin narahatl\u0131qla\u201d izl\u0259nilir.<\/strong>\u00a0\u00c7\u00fcnki art\u0131q Az\u0259rbaycanla Erm\u0259nistan aras\u0131nda m\u00fcnasib\u0259tl\u0259rin normalla\u015fd\u0131r\u0131lmas\u0131 kontekstind\u0259 Q\u0259rbi az\u0259rbaycanl\u0131lar\u0131n do\u011fma yurdlar\u0131na qay\u0131d\u0131\u015f\u0131 beyn\u0259lxalq platformalarda m\u00fczakir\u0259 predmetin\u0259 \u00e7evrilib.<\/p>\n<p>\u018fg\u0259r bel\u0259 olmasayd\u0131, bu \u00f6lk\u0259nin r\u0259smil\u0259rind\u0259, h\u0259m d\u0259 erm\u0259ni c\u0259miyy\u0259tinin m\u00fcxt\u0259lif n\u00fcmay\u0259nd\u0259l\u0259rind\u0259 bu m\u00f6vzu t\u0259\u015fvi\u015f yaratmazd\u0131. Amma onlar\u0131n n\u0259 dem\u0259sind\u0259n as\u0131l\u0131 olmayaraq Q\u0259rbi az\u0259rbaycanl\u0131lar\u0131n tarixi torpaqlar\u0131na qay\u0131d\u0131\u015f\u0131 m\u00fctl\u0259q ger\u00e7\u0259kl\u0259\u015fm\u0259lidir. T\u0259sad\u00fcfi deyil ki, Q\u0259rbi Az\u0259rbaycan \u0130cmas\u0131 BMT ba\u015f katibin\u0259, Avropa \u0130ttifaq\u0131 \u015euras\u0131n\u0131n Prezidentin\u0259, UNESCO-ya v\u0259 dig\u0259r beyn\u0259lxalq t\u0259\u015fkilatlara m\u00fcraci\u0259tl\u0259r edib. Bu m\u00fcraci\u0259tl\u0259rin bir ne\u00e7\u0259si BMT-nin r\u0259smi s\u0259n\u0259di kimi yay\u0131l\u0131b. B\u00fct\u00fcn bunlar qay\u0131d\u0131\u015f istiqam\u0259tind\u0259 sistemli t\u0259dbirl\u0259r g\u00f6r\u00fcld\u00fcy\u00fcn\u00fc t\u0259sdiq edir. Erm\u0259nistan\u0131n Q\u0259rbi Az\u0259rbaycan \u0130cmas\u0131ndan qorxmas\u0131n\u0131n \u0259sas s\u0259b\u0259bi d\u0259 budur.<\/p>\n<p>Dekabr\u0131n 24-d\u0259, \u00f6z ad g\u00fcn\u00fcnd\u0259 Q\u0259rbi Az\u0259rbaycan \u0130cmas\u0131n\u0131n inzibati binas\u0131n\u0131 a\u00e7araq Q\u0259rbi az\u0259rbaycanl\u0131lara b\u00f6y\u00fck h\u0259diyy\u0259sini t\u0259qdim ed\u0259n Prezident \u0130lham \u018fliyev bu n\u0259cib h\u0259r\u0259k\u0259ti il\u0259 h\u0259min soyda\u015flar\u0131m\u0131za, b\u00fct\u00fcn Az\u0259rbaycan xalq\u0131na daha bir xo\u015f ismar\u0131\u015f verdi. D\u00f6vl\u0259t ba\u015f\u00e7\u0131s\u0131 \u0259vv\u0259ll\u0259r Qaraba\u011f\u0131n az\u0259rbaycanl\u0131 icmas\u0131na m\u0259xsus binan\u0131 Q\u0259rbi az\u0259rbaycanl\u0131lara h\u0259diyy\u0259 etm\u0259kl\u0259, h\u0259m d\u0259 bu soyda\u015flar\u0131m\u0131z\u0131n da tezlikl\u0259 tarixi torpaqlar\u0131na qaytar\u0131laca\u011f\u0131na r\u0259mzi i\u015far\u0259 vurdu.<\/p>\n<p>\u201cHesab edir\u0259m ki, biz birg\u0259 s\u0259yl\u0259rl\u0259 Q\u0259rbi Az\u0259rbaycana Qay\u0131d\u0131\u015f Konsepsiyas\u0131n\u0131 da i\u015fl\u0259m\u0259liyik. Qaraba\u011f m\u00fcnaqi\u015f\u0259si h\u0259ll olunandan sonra indi bizim g\u00fcnd\u0259liyimizd\u0259 duran m\u0259s\u0259l\u0259 budur\u201d, &#8211; dey\u0259\u00a0Prezident \u0130lham \u018fliyev Q\u0259rbi az\u0259rbaycanl\u0131 ziyal\u0131larla g\u00f6r\u00fc\u015f\u00fc zaman\u0131 bir daha vur\u011fulad\u0131.<\/p>\n<p>\u201c\u018flb\u0259tt\u0259 ki, Qaraba\u011f m\u00fcnaqi\u015f\u0259si h\u0259ll olunmayana q\u0259d\u0259r bu haqda dan\u0131\u015fmaq, b\u0259lk\u0259 d\u0259 tez idi. Ancaq m\u0259nc\u0259, bu g\u00fcn biz vaxt itirm\u0259m\u0259liyik. Qay\u0131d\u0131\u015f Konsepsiyas\u0131 haz\u0131rlanmal\u0131d\u0131r\u201d, &#8211; Prezident \u00e7\u0131x\u0131\u015f\u0131nda bildirdi.<\/p>\n<p>Bu \u00e7\u0131x\u0131\u015f\u0131n davam\u0131 kimi parlamentd\u0259 Q\u0259rbi Az\u0259rbaycana Qay\u0131d\u0131\u015f \u00fczr\u0259 T\u0259\u015f\u0259bb\u00fcs Qrupu yarad\u0131l\u0131b.<\/p>\n<p><img loading=\"lazy\" src=\"https:\/\/cdn.musavat.com\/news\/thumbnails\/72f6b151417c70847034899534a53e94.jpg\" alt=\"MELAHET.jpg (144 KB)\" width=\"700\" height=\"467\" \/><\/p>\n<p><strong>Q\u0259rbi Az\u0259rbaycan k\u00f6k\u0259nli mill\u0259t v\u0259kili M\u0259lah\u0259t \u0130brahimq\u0131z\u0131<\/strong>\u00a0deyib ki, Q\u0259rbi Az\u0259rbaycan \u0130cmas\u0131 yarand\u0131\u011f\u0131 vaxtdan bu g\u00fcn\u0259 kimi \u00e7ox ciddi, prinsipial v\u0259 \u00e7ox\u015fax\u0259li f\u0259aliyy\u0259t g\u00f6st\u0259rib:<\/p>\n<p>\u201cX\u00fcsusil\u0259 d\u0259 beyn\u0259lxalq al\u0259md\u0259 tezlikl\u0259 Q\u0259rbi az\u0259rbaycanl\u0131lar\u0131n h\u00fcquqlar\u0131n\u0131n f\u0259aliyy\u0259ti \u00fczr\u0259 i\u015fl\u0259r apar\u0131lacaq.<\/p>\n<p>\u0130cma b\u00fct\u00fcn beyn\u0259lxalq t\u0259\u015fkilatlar\u0131n g\u00fcnd\u0259min\u0259 Q\u0259rbi Az\u0259rbaycan m\u0259s\u0259l\u0259sini g\u0259tir\u0259 bilib. BMT-nin b\u00fct\u00fcn qurumlar\u0131na, el\u0259c\u0259 d\u0259 Avropada olan beyn\u0259lxalq t\u0259\u015fkilatlara m\u0259ktublar v\u0259 s\u0259n\u0259dl\u0259r g\u00f6nd\u0259rilib. Q\u0259rbi Az\u0259rbaycan\u0131n Qay\u0131d\u0131\u015f Konsepsiyas\u0131 10-a yax\u0131n xarici dil\u0259 t\u0259rc\u00fcm\u0259 olunub. Bu g\u00fcn beyn\u0259lxalq t\u0259\u015fkilatlarda Q\u0259rbi Az\u0259rbaycanla ba\u011fl\u0131 m\u0259lumat var. Amma d\u00fcnyada davam ed\u0259n erm\u0259ni \u015fovinizmi, erm\u0259ni lobbisi, i\u015f\u011fal\u00e7\u0131n\u0131n arxas\u0131nda duran Fransa kimi g\u00fccl\u0259r, el\u0259c\u0259 d\u0259 Amerika olan bir s\u0131ra q\u00fcvv\u0259l\u0259rin t\u0259zyiqi il\u0259 yenid\u0259n diqq\u0259ti Qaraba\u011fa, Xank\u0259ndid\u0259n k\u00f6n\u00fcll\u00fc ged\u0259n erm\u0259nil\u0259rin m\u0259s\u0259l\u0259sin\u0259 y\u00f6n\u0259ldirl\u0259r. Halbuki, Az\u0259rbaycan\u0131n Konstitusiyas\u0131 \u00e7\u0259r\u00e7iv\u0259sind\u0259 d\u00f6vl\u0259t ba\u015f\u00e7\u0131m\u0131z onlara v\u0259t\u0259nda\u015fl\u0131q t\u0259klif etdi. Onlara t\u0259hl\u00fck\u0259sizlik qarantiyas\u0131 verdi. Lakin onlar t\u0259rk etm\u0259k se\u00e7imini etdil\u0259r. Bel\u0259 bir m\u0259s\u0259l var, deyir, it motaldan \u0259l \u00e7\u0259kdi, motal itd\u0259n \u0259l \u00e7\u0259km\u0259di. Erm\u0259nil\u0259r k\u00f6n\u00fcll\u00fc olaraq Qaraba\u011fdan gedibl\u0259r, amma erm\u0259ni lobbisi, d\u00fcnya erm\u0259nil\u0259ri yen\u0259 d\u0259 bu m\u00f6vzudan \u0259l \u00e7\u0259kmirl\u0259r. Erm\u0259ni xalq\u0131 revan\u015fist q\u00fcvv\u0259l\u0259rin v\u0259 Makron kimi b\u00f6l\u00fcc\u00fcl\u0259rin qurban\u0131na \u00e7evrilib. M\u0259qs\u0259dl\u0259ri is\u0259 soyda\u015flar\u0131m\u0131z\u0131 Q\u0259rbi Az\u0259rbaycandan vaz ke\u00e7irm\u0259kdir. B\u00fct\u00fcn bunlara baxmayaraq, Q\u0259rbi az\u0259rbaycanl\u0131lar yolundan d\u00f6nm\u0259y\u0259c\u0259k v\u0259 h\u0259r g\u00fcn Q\u0259rbi Az\u0259rbaycana do\u011fru bir add\u0131m da ir\u0259li ged\u0259c\u0259k. Onlar\u0131n \u00f6z yurdlar\u0131na qay\u0131tmas\u0131 \u00fc\u00e7\u00fcn art\u0131q geri say\u0131m ba\u015flay\u0131b. Bu m\u0259qs\u0259dl\u0259 prosesl\u0259ri s\u00fcr\u0259tl\u0259ndirm\u0259k \u00fc\u00e7\u00fcn parlamentin b\u00fct\u00fcn g\u00fcc\u00fcnd\u0259n istifad\u0259 edil\u0259c\u0259k. T\u0259\u015f\u0259bb\u00fcs Qrupu da buna g\u00f6r\u0259 yarad\u0131l\u0131b. Onun g\u0259l\u0259c\u0259k yol x\u0259rit\u0259si Q\u0259rbi Az\u0259rbaycan \u0130cmas\u0131n\u0131n nizamnam\u0259 v\u0259 \u0259sasnam\u0259si \u00fcz\u0259rind\u0259 qurulub\u201d.<\/p>\n<p><img loading=\"lazy\" src=\"https:\/\/cdn.musavat.com\/news\/thumbnails\/cff6b66f1da3099bd90ca86ca0b8da22.jpg\" alt=\"H\u0130KMET.jpeg (29 KB)\" width=\"700\" height=\"467\" \/><\/p>\n<p><strong>Mill\u0259t v\u0259kili Hikm\u0259t Babao\u011flu<\/strong>\u00a0bildirib ki, Q\u0259rbi Az\u0259rbaycana Qay\u0131d\u0131\u015f \u00fczr\u0259 T\u0259\u015f\u0259bb\u00fcs Qrupu Q\u0259rbi Az\u0259rbaycana qay\u0131d\u0131\u015f prosesind\u0259 m\u00fcbariz\u0259miz \u00fc\u00e7\u00fcn yeni bir m\u0259rh\u0259l\u0259dir:<\/p>\n<p>\u201cQ\u0259rbi Az\u0259rbaycan \u0130cmas\u0131 qeyri-h\u00f6kum\u0259t t\u0259\u015fkilat\u0131d\u0131r. Onun yeni forma v\u0259 \u0259h\u0259miyy\u0259t k\u0259sb etm\u0259si \u00fc\u00e7\u00fcn x\u00fcsusi bir status laz\u0131m idi. Ona g\u00f6r\u0259 d\u0259 bel\u0259 bir add\u0131m at\u0131ld\u0131. Parlament diplomatiyas\u0131 bu i\u015fd\u0259 m\u00fch\u00fcm rol oynayacaq. Qrup \u00fczvl\u0259ri parlament diplomatiyas\u0131 \u00e7\u0259r\u00e7iv\u0259sind\u0259 h\u0259m t\u0259bli\u011fatla m\u0259\u015f\u011ful olacaqlar, h\u0259m d\u0259 Q\u0259rbi Az\u0259rbaycan h\u0259qiq\u0259tl\u0259rini d\u00fcnyaya \u00e7atd\u0131racaqlar\u201d.<\/p>\n<p><strong>\u015eahan\u0259 R\u0259himli<\/strong><br \/>\n<strong>Musavat.com<\/strong><\/p>\n<\/div>\n<div><\/div>\n<div><\/div>\n<div class=\"inner-social-box\">\n<div class=\"subs-in-social subs-whatsapp\"><\/div>\n<\/div>\n","protected":false},"excerpt":{"rendered":"<p>Beyn\u0259lxalq h\u00fcququn norma v\u0259 prinsipl\u0259rind\u0259 d\u0259 \u0259ks olundu\u011fu kimi, deportasiya insanl\u0131q \u0259leyhin\u0259 cinay\u0259tdir. Q\u0259rbi az\u0259rbaycanl\u0131lara qar\u015f\u0131 \u00f6t\u0259n \u0259srd\u0259 bir ne\u00e7\u0259 d\u0259f\u0259 m\u0259rh\u0259l\u0259l\u0259rl\u0259 insanl\u0131q \u0259leyhin\u0259 cinay\u0259tl\u0259r t\u00f6r\u0259dilib. Sonuncu deportasiya m\u0259hz 1987-ci ilin sonlar\u0131na do\u011fru ba\u015flam\u0131\u015fd\u0131. H\u0259min ilin sentyabr-oktyabr aylar\u0131ndan etibar\u0259n soyda\u015flar\u0131m\u0131za qar\u015f\u0131 s\u0131x\u0131\u015fd\u0131r\u0131lmalar, h\u00fccumlar, qar\u015f\u0131durmalar ba\u015flad\u0131, Qafan \u0259halisinin evl\u0259rin\u0259 h\u00fccumlar edildi. 1987-ci il noyabr\u0131n \u0259vv\u0259lind\u0259 Qafandan az\u0259rbaycanl\u0131lar\u0131n ilk deportasiyas\u0131 ba\u015f verdi v\u0259 onlar \u015f\u0259raitsiz, insan da\u015f\u0131maq \u00fc\u00e7\u00fcn n\u0259z\u0259rd\u0259 tutulmayan qatarlara mindiril\u0259r\u0259k \u00f6z ata-baba yurdlar\u0131ndan \u00e7\u0131xar\u0131ld\u0131lar. Ard\u0131nca 1991-ci il\u0259d\u0259k Q\u0259rbi az\u0259rbaycanl\u0131lar\u0131n sistemli \u015f\u0259kild\u0259 deportasiyas\u0131 h\u0259yata ke\u00e7irildi. Soyda\u015flar\u0131m\u0131z rayon-rayon, \u015f\u0259h\u0259r-\u015f\u0259h\u0259r, k\u0259nd-k\u0259nd \u0259n ac\u0131nacaql\u0131&hellip;<\/p>\n","protected":false},"author":2,"featured_media":763811,"comment_status":"closed","ping_status":"closed","sticky":false,"template":"","format":"standard","meta":{"om_disable_all_campaigns":false,"_monsterinsights_skip_tracking":false,"_monsterinsights_sitenote_active":false,"_monsterinsights_sitenote_note":"","_monsterinsights_sitenote_category":0},"categories":[19],"tags":[],"aioseo_notices":[],"gutentor_comment":0,"rttpg_featured_image_url":{"full":["https:\/\/arantv.az\/wp-content\/uploads\/2024\/10\/2af03fa6367aee2f5ef1864d5ea24443.jpg",850,500,false],"landscape":["https:\/\/arantv.az\/wp-content\/uploads\/2024\/10\/2af03fa6367aee2f5ef1864d5ea24443.jpg",850,500,false],"portraits":["https:\/\/arantv.az\/wp-content\/uploads\/2024\/10\/2af03fa6367aee2f5ef1864d5ea24443.jpg",850,500,false],"thumbnail":["https:\/\/arantv.az\/wp-content\/uploads\/2024\/10\/2af03fa6367aee2f5ef1864d5ea24443-500x280.jpg",500,280,true],"medium":["https:\/\/arantv.az\/wp-content\/uploads\/2024\/10\/2af03fa6367aee2f5ef1864d5ea24443-621x365.jpg",621,365,true],"large":["https:\/\/arantv.az\/wp-content\/uploads\/2024\/10\/2af03fa6367aee2f5ef1864d5ea24443-840x494.jpg",640,376,true],"1536x1536":["https:\/\/arantv.az\/wp-content\/uploads\/2024\/10\/2af03fa6367aee2f5ef1864d5ea24443.jpg",850,500,false],"2048x2048":["https:\/\/arantv.az\/wp-content\/uploads\/2024\/10\/2af03fa6367aee2f5ef1864d5ea24443.jpg",850,500,false],"post-thumbnail":["https:\/\/arantv.az\/wp-content\/uploads\/2024\/10\/2af03fa6367aee2f5ef1864d5ea24443-240x172.jpg",240,172,true],"advps-thumb-one":["https:\/\/arantv.az\/wp-content\/uploads\/2024\/10\/2af03fa6367aee2f5ef1864d5ea24443.jpg",850,500,false]},"rttpg_author":{"display_name":"V\u00fcsal Rafiqo\u011flu","author_link":"https:\/\/arantv.az\/?author=2"},"rttpg_comment":0,"rttpg_category":"<a href=\"https:\/\/arantv.az\/?cat=19\" rel=\"category\">G\u00fcnd\u0259m<\/a>","rttpg_excerpt":"Beyn\u0259lxalq h\u00fcququn norma v\u0259 prinsipl\u0259rind\u0259 d\u0259 \u0259ks olundu\u011fu kimi, deportasiya insanl\u0131q \u0259leyhin\u0259 cinay\u0259tdir. Q\u0259rbi az\u0259rbaycanl\u0131lara qar\u015f\u0131 \u00f6t\u0259n \u0259srd\u0259 bir ne\u00e7\u0259 d\u0259f\u0259 m\u0259rh\u0259l\u0259l\u0259rl\u0259 insanl\u0131q \u0259leyhin\u0259 cinay\u0259tl\u0259r t\u00f6r\u0259dilib. Sonuncu deportasiya m\u0259hz 1987-ci ilin sonlar\u0131na do\u011fru ba\u015flam\u0131\u015fd\u0131. H\u0259min ilin sentyabr-oktyabr aylar\u0131ndan etibar\u0259n soyda\u015flar\u0131m\u0131za qar\u015f\u0131 s\u0131x\u0131\u015fd\u0131r\u0131lmalar, h\u00fccumlar, qar\u015f\u0131durmalar ba\u015flad\u0131, Qafan \u0259halisinin evl\u0259rin\u0259 h\u00fccumlar edildi. 1987-ci il noyabr\u0131n \u0259vv\u0259lind\u0259 Qafandan&hellip;","_links":{"self":[{"href":"https:\/\/arantv.az\/index.php?rest_route=\/wp\/v2\/posts\/763810"}],"collection":[{"href":"https:\/\/arantv.az\/index.php?rest_route=\/wp\/v2\/posts"}],"about":[{"href":"https:\/\/arantv.az\/index.php?rest_route=\/wp\/v2\/types\/post"}],"author":[{"embeddable":true,"href":"https:\/\/arantv.az\/index.php?rest_route=\/wp\/v2\/users\/2"}],"replies":[{"embeddable":true,"href":"https:\/\/arantv.az\/index.php?rest_route=%2Fwp%2Fv2%2Fcomments&post=763810"}],"version-history":[{"count":2,"href":"https:\/\/arantv.az\/index.php?rest_route=\/wp\/v2\/posts\/763810\/revisions"}],"predecessor-version":[{"id":763813,"href":"https:\/\/arantv.az\/index.php?rest_route=\/wp\/v2\/posts\/763810\/revisions\/763813"}],"wp:featuredmedia":[{"embeddable":true,"href":"https:\/\/arantv.az\/index.php?rest_route=\/wp\/v2\/media\/763811"}],"wp:attachment":[{"href":"https:\/\/arantv.az\/index.php?rest_route=%2Fwp%2Fv2%2Fmedia&parent=763810"}],"wp:term":[{"taxonomy":"category","embeddable":true,"href":"https:\/\/arantv.az\/index.php?rest_route=%2Fwp%2Fv2%2Fcategories&post=763810"},{"taxonomy":"post_tag","embeddable":true,"href":"https:\/\/arantv.az\/index.php?rest_route=%2Fwp%2Fv2%2Ftags&post=763810"}],"curies":[{"name":"wp","href":"https:\/\/api.w.org\/{rel}","templated":true}]}}