{"id":763822,"date":"2024-10-23T20:36:20","date_gmt":"2024-10-23T16:36:20","guid":{"rendered":"https:\/\/arantv.az\/?p=763822"},"modified":"2024-10-23T20:36:20","modified_gmt":"2024-10-23T16:36:20","slug":"hikm%c9%99t-haciyev-avropa-komissarinin-%c9%99sassiz-ittihamlarina-cavab-verib","status":"publish","type":"post","link":"https:\/\/arantv.az\/?p=763822","title":{"rendered":"Hikm\u0259t Hac\u0131yev Avropa komissar\u0131n\u0131n \u0259sass\u0131z ittihamlar\u0131na cavab verib"},"content":{"rendered":"<div class=\"text-content\" data-id=\"\" data-url=\"\">\n<p>Az\u0259rbaycan Prezidentinin k\u00f6m\u0259k\u00e7isi &#8211; Prezident Administrasiyas\u0131n\u0131n Xarici siyas\u0259t m\u0259s\u0259l\u0259l\u0259ri \u015f\u00f6b\u0259sinin m\u00fcdiri Hikm\u0259t Hac\u0131yev Avropa komissar\u0131 Nikolas \u015emitin \u00e7\u0259r\u015f\u0259nb\u0259 ax\u015fam\u0131 Strasburqda Avropa Parlamentind\u0259 s\u0259sl\u0259ndirdiyi \u0259sass\u0131z ittihamlara v\u0259 absurd \u00e7a\u011f\u0131r\u0131\u015flara cavab verib.<\/p>\n<p>\u201cReport\u201d x\u0259b\u0259r verir ki, bu bar\u0259d\u0259 o, \u201cPOLITICO\u201dya a\u00e7\u0131qlamas\u0131nda dan\u0131\u015f\u0131b.<\/p>\n<p>\u201cAvropa Parlamentind\u0259ki b\u0259zi m\u00fczakir\u0259l\u0259r biz\u0259 absurd teatr\u0131n\u0131 v\u0259 ya sirki xat\u0131rlad\u0131r. D\u00fcnya bu qurumda biab\u0131r\u00e7\u0131 korrupsiya \u0259m\u0259ll\u0259rini g\u00f6rd\u00fc. Az\u0259rbaycana qar\u015f\u0131 bu c\u00fcr \u0259sass\u0131z iddialar s\u0259sl\u0259ndir\u0259nl\u0259rin \u00e7oxu erm\u0259ni lobbisi t\u0259r\u0259find\u0259n maliyy\u0259l\u0259\u015fdirilir v\u0259 Erm\u0259nistan hakimiyy\u0259tinin piar kampaniyas\u0131n\u0131n t\u0259rkib hiss\u0259sidir\u201d, &#8211; H.Hac\u0131yev deyib.<\/p>\n<p>O, h\u0259m\u00e7inin Avropa \u0130ttifaq\u0131n\u0131n \u0130nsan H\u00fcquqlar\u0131 \u00fczr\u0259 Komissar\u0131na m\u0259sl\u0259h\u0259t d\u0259 g\u00f6r\u00fcb: \u201cBa\u015fqalar\u0131na a\u011f\u0131l verm\u0259kd\u0259ns\u0259, Avropa \u0130ttifaq\u0131nda artan insan h\u00fcquqlar\u0131 probleml\u0259rin\u0259 ciddi yana\u015fsa daha yax\u015f\u0131 olar. G\u00fcnahs\u0131z m\u00fclki az\u0259rbaycanl\u0131lar\u0131 q\u0259tl\u0259 yetirmi\u015f erm\u0259ni h\u0259rbi cinay\u0259tkarlar\u0131n azadl\u0131\u011fa burax\u0131lmas\u0131 \u00e7a\u011f\u0131r\u0131\u015flar\u0131 nasist h\u0259rbi cinay\u0259tkarlar\u0131n\u0131n azad edilm\u0259sin\u0259 b\u0259rab\u0259rdir\u201d.<\/p>\n<\/div>\n<div><\/div>\n<div><\/div>\n<div class=\"inner-social-box\">\n<div class=\"subs-in-social subs-whatsapp\"><\/div>\n<\/div>\n","protected":false},"excerpt":{"rendered":"<p>Az\u0259rbaycan Prezidentinin k\u00f6m\u0259k\u00e7isi &#8211; Prezident Administrasiyas\u0131n\u0131n Xarici siyas\u0259t m\u0259s\u0259l\u0259l\u0259ri \u015f\u00f6b\u0259sinin m\u00fcdiri Hikm\u0259t Hac\u0131yev Avropa komissar\u0131 Nikolas \u015emitin \u00e7\u0259r\u015f\u0259nb\u0259 ax\u015fam\u0131 Strasburqda Avropa Parlamentind\u0259 s\u0259sl\u0259ndirdiyi \u0259sass\u0131z ittihamlara v\u0259 absurd \u00e7a\u011f\u0131r\u0131\u015flara cavab verib. \u201cReport\u201d x\u0259b\u0259r verir ki, bu bar\u0259d\u0259 o, \u201cPOLITICO\u201dya a\u00e7\u0131qlamas\u0131nda dan\u0131\u015f\u0131b. \u201cAvropa Parlamentind\u0259ki b\u0259zi m\u00fczakir\u0259l\u0259r biz\u0259 absurd teatr\u0131n\u0131 v\u0259 ya sirki xat\u0131rlad\u0131r. D\u00fcnya bu qurumda biab\u0131r\u00e7\u0131 korrupsiya \u0259m\u0259ll\u0259rini g\u00f6rd\u00fc. Az\u0259rbaycana qar\u015f\u0131 bu c\u00fcr \u0259sass\u0131z iddialar s\u0259sl\u0259ndir\u0259nl\u0259rin \u00e7oxu erm\u0259ni lobbisi t\u0259r\u0259find\u0259n maliyy\u0259l\u0259\u015fdirilir v\u0259 Erm\u0259nistan hakimiyy\u0259tinin piar kampaniyas\u0131n\u0131n t\u0259rkib hiss\u0259sidir\u201d, &#8211; H.Hac\u0131yev deyib. O, h\u0259m\u00e7inin Avropa \u0130ttifaq\u0131n\u0131n \u0130nsan H\u00fcquqlar\u0131 \u00fczr\u0259 Komissar\u0131na m\u0259sl\u0259h\u0259t d\u0259&hellip;<\/p>\n","protected":false},"author":2,"featured_media":763823,"comment_status":"closed","ping_status":"closed","sticky":false,"template":"","format":"standard","meta":{"om_disable_all_campaigns":false,"_monsterinsights_skip_tracking":false,"_monsterinsights_sitenote_active":false,"_monsterinsights_sitenote_note":"","_monsterinsights_sitenote_category":0},"categories":[4],"tags":[],"aioseo_notices":[],"gutentor_comment":0,"rttpg_featured_image_url":{"full":["https:\/\/arantv.az\/wp-content\/uploads\/2024\/10\/59fb52d1e643f0ab7353df2b5d7f290c.jpg",800,500,false],"landscape":["https:\/\/arantv.az\/wp-content\/uploads\/2024\/10\/59fb52d1e643f0ab7353df2b5d7f290c.jpg",800,500,false],"portraits":["https:\/\/arantv.az\/wp-content\/uploads\/2024\/10\/59fb52d1e643f0ab7353df2b5d7f290c.jpg",800,500,false],"thumbnail":["https:\/\/arantv.az\/wp-content\/uploads\/2024\/10\/59fb52d1e643f0ab7353df2b5d7f290c-500x280.jpg",500,280,true],"medium":["https:\/\/arantv.az\/wp-content\/uploads\/2024\/10\/59fb52d1e643f0ab7353df2b5d7f290c-584x365.jpg",584,365,true],"large":["https:\/\/arantv.az\/wp-content\/uploads\/2024\/10\/59fb52d1e643f0ab7353df2b5d7f290c.jpg",640,400,false],"1536x1536":["https:\/\/arantv.az\/wp-content\/uploads\/2024\/10\/59fb52d1e643f0ab7353df2b5d7f290c.jpg",800,500,false],"2048x2048":["https:\/\/arantv.az\/wp-content\/uploads\/2024\/10\/59fb52d1e643f0ab7353df2b5d7f290c.jpg",800,500,false],"post-thumbnail":["https:\/\/arantv.az\/wp-content\/uploads\/2024\/10\/59fb52d1e643f0ab7353df2b5d7f290c-240x172.jpg",240,172,true],"advps-thumb-one":["https:\/\/arantv.az\/wp-content\/uploads\/2024\/10\/59fb52d1e643f0ab7353df2b5d7f290c.jpg",800,500,false]},"rttpg_author":{"display_name":"V\u00fcsal Rafiqo\u011flu","author_link":"https:\/\/arantv.az\/?author=2"},"rttpg_comment":0,"rttpg_category":"<a href=\"https:\/\/arantv.az\/?cat=4\" rel=\"category\">Siyas\u0259t<\/a>","rttpg_excerpt":"Az\u0259rbaycan Prezidentinin k\u00f6m\u0259k\u00e7isi &#8211; Prezident Administrasiyas\u0131n\u0131n Xarici siyas\u0259t m\u0259s\u0259l\u0259l\u0259ri \u015f\u00f6b\u0259sinin m\u00fcdiri Hikm\u0259t Hac\u0131yev Avropa komissar\u0131 Nikolas \u015emitin \u00e7\u0259r\u015f\u0259nb\u0259 ax\u015fam\u0131 Strasburqda Avropa Parlamentind\u0259 s\u0259sl\u0259ndirdiyi \u0259sass\u0131z ittihamlara v\u0259 absurd \u00e7a\u011f\u0131r\u0131\u015flara cavab verib. \u201cReport\u201d x\u0259b\u0259r verir ki, bu bar\u0259d\u0259 o, \u201cPOLITICO\u201dya a\u00e7\u0131qlamas\u0131nda dan\u0131\u015f\u0131b. \u201cAvropa Parlamentind\u0259ki b\u0259zi m\u00fczakir\u0259l\u0259r biz\u0259 absurd teatr\u0131n\u0131 v\u0259 ya sirki xat\u0131rlad\u0131r. D\u00fcnya bu qurumda biab\u0131r\u00e7\u0131&hellip;","_links":{"self":[{"href":"https:\/\/arantv.az\/index.php?rest_route=\/wp\/v2\/posts\/763822"}],"collection":[{"href":"https:\/\/arantv.az\/index.php?rest_route=\/wp\/v2\/posts"}],"about":[{"href":"https:\/\/arantv.az\/index.php?rest_route=\/wp\/v2\/types\/post"}],"author":[{"embeddable":true,"href":"https:\/\/arantv.az\/index.php?rest_route=\/wp\/v2\/users\/2"}],"replies":[{"embeddable":true,"href":"https:\/\/arantv.az\/index.php?rest_route=%2Fwp%2Fv2%2Fcomments&post=763822"}],"version-history":[{"count":1,"href":"https:\/\/arantv.az\/index.php?rest_route=\/wp\/v2\/posts\/763822\/revisions"}],"predecessor-version":[{"id":763824,"href":"https:\/\/arantv.az\/index.php?rest_route=\/wp\/v2\/posts\/763822\/revisions\/763824"}],"wp:featuredmedia":[{"embeddable":true,"href":"https:\/\/arantv.az\/index.php?rest_route=\/wp\/v2\/media\/763823"}],"wp:attachment":[{"href":"https:\/\/arantv.az\/index.php?rest_route=%2Fwp%2Fv2%2Fmedia&parent=763822"}],"wp:term":[{"taxonomy":"category","embeddable":true,"href":"https:\/\/arantv.az\/index.php?rest_route=%2Fwp%2Fv2%2Fcategories&post=763822"},{"taxonomy":"post_tag","embeddable":true,"href":"https:\/\/arantv.az\/index.php?rest_route=%2Fwp%2Fv2%2Ftags&post=763822"}],"curies":[{"name":"wp","href":"https:\/\/api.w.org\/{rel}","templated":true}]}}