{"id":763825,"date":"2024-10-23T20:38:07","date_gmt":"2024-10-23T16:38:07","guid":{"rendered":"https:\/\/arantv.az\/?p=763825"},"modified":"2024-10-23T20:38:07","modified_gmt":"2024-10-23T16:38:07","slug":"ilham-%c9%99liyev-r%c9%99c%c9%99b-tayib-%c9%99rdogana-bassagligi-verib","status":"publish","type":"post","link":"https:\/\/arantv.az\/?p=763825","title":{"rendered":"\u0130lham \u018fliyev R\u0259c\u0259b Tayib \u018frdo\u011fana ba\u015fsa\u011fl\u0131\u011f\u0131 verib"},"content":{"rendered":"<p>Az\u0259rbaycan Prezidenti \u0130lham \u018fliyev T\u00fcrkiy\u0259 Prezidenti R\u0259c\u0259b Tayyib \u018frdo\u011fana Ankarada h\u0259rbi t\u0259yyar\u0259 v\u0259 kosmik vasit\u0259l\u0259rin istehsal\u00e7\u0131s\u0131 olan TUSA\u015e korporasiyas\u0131nda t\u00f6r\u0259dil\u0259n terror akt\u0131 il\u0259 ba\u011fl\u0131 ba\u015fsa\u011fl\u011f\u0131 verib.<\/p>\n<p><strong>Musavat.com<\/strong>-un\u00a0m\u0259lumat\u0131na g\u00f6r\u0259, ba\u015fsa\u011fl\u0131\u011f\u0131nda deyilir:<\/p>\n<p>&#8220;H\u00f6rm\u0259tli c\u0259nab Prezident,<\/p>\n<p>\u018fziz Qarda\u015f\u0131m,<\/p>\n<p>T\u00fcrk Aviasiya v\u0259 Kosmik S\u0259naye \u015eirk\u0259tind\u0259 (TUSA\u015e) t\u00f6r\u0259dilmi\u015f terror akt\u0131 n\u0259tic\u0259sind\u0259 insanlar\u0131n h\u0259lak olmas\u0131 v\u0259 x\u0259sar\u0259t almas\u0131 x\u0259b\u0259ri bizi olduqca sars\u0131td\u0131.<\/p>\n<p>Biz bu xain terror akt\u0131n\u0131 \u015fidd\u0259tl\u0259 q\u0131nay\u0131r, Siz\u0259, h\u0259lak olanlar\u0131n ail\u0259l\u0259rin\u0259 v\u0259 yax\u0131nlar\u0131na, qarda\u015f T\u00fcrkiy\u0259 xalq\u0131na \u015f\u0259xs\u0259n \u00f6z ad\u0131mdan v\u0259 Az\u0259rbaycan xalq\u0131 ad\u0131ndan d\u0259rin h\u00fcznl\u0259 ba\u015fsa\u011fl\u0131\u011f\u0131 verir, yaralananlara \u015f\u0259fa dil\u0259yir\u0259m.<\/p>\n<p>Allah r\u0259hm\u0259t el\u0259sin!&#8221;<\/p>\n<p>Qeyd ed\u0259k ki, terror akt\u0131 n\u0259tic\u0259sind\u0259 d\u00f6rd n\u0259f\u0259r \u00f6l\u00fcb, 14 n\u0259f\u0259r yaralan\u0131b.<\/p>\n","protected":false},"excerpt":{"rendered":"<p>Az\u0259rbaycan Prezidenti \u0130lham \u018fliyev T\u00fcrkiy\u0259 Prezidenti R\u0259c\u0259b Tayyib \u018frdo\u011fana Ankarada h\u0259rbi t\u0259yyar\u0259 v\u0259 kosmik vasit\u0259l\u0259rin istehsal\u00e7\u0131s\u0131 olan TUSA\u015e korporasiyas\u0131nda t\u00f6r\u0259dil\u0259n terror akt\u0131 il\u0259 ba\u011fl\u0131 ba\u015fsa\u011fl\u011f\u0131 verib. Musavat.com-un\u00a0m\u0259lumat\u0131na g\u00f6r\u0259, ba\u015fsa\u011fl\u0131\u011f\u0131nda deyilir: &#8220;H\u00f6rm\u0259tli c\u0259nab Prezident, \u018fziz Qarda\u015f\u0131m, T\u00fcrk Aviasiya v\u0259 Kosmik S\u0259naye \u015eirk\u0259tind\u0259 (TUSA\u015e) t\u00f6r\u0259dilmi\u015f terror akt\u0131 n\u0259tic\u0259sind\u0259 insanlar\u0131n h\u0259lak olmas\u0131 v\u0259 x\u0259sar\u0259t almas\u0131 x\u0259b\u0259ri bizi olduqca sars\u0131td\u0131. Biz bu xain terror akt\u0131n\u0131 \u015fidd\u0259tl\u0259 q\u0131nay\u0131r, Siz\u0259, h\u0259lak olanlar\u0131n ail\u0259l\u0259rin\u0259 v\u0259 yax\u0131nlar\u0131na, qarda\u015f T\u00fcrkiy\u0259 xalq\u0131na \u015f\u0259xs\u0259n \u00f6z ad\u0131mdan v\u0259 Az\u0259rbaycan xalq\u0131 ad\u0131ndan d\u0259rin h\u00fcznl\u0259 ba\u015fsa\u011fl\u0131\u011f\u0131 verir, yaralananlara \u015f\u0259fa dil\u0259yir\u0259m. Allah r\u0259hm\u0259t el\u0259sin!&#8221; Qeyd&hellip;<\/p>\n","protected":false},"author":2,"featured_media":763826,"comment_status":"closed","ping_status":"closed","sticky":false,"template":"","format":"standard","meta":{"om_disable_all_campaigns":false,"_monsterinsights_skip_tracking":false,"_monsterinsights_sitenote_active":false,"_monsterinsights_sitenote_note":"","_monsterinsights_sitenote_category":0},"categories":[4],"tags":[],"aioseo_notices":[],"gutentor_comment":0,"rttpg_featured_image_url":{"full":["https:\/\/arantv.az\/wp-content\/uploads\/2024\/10\/b60b99630124822029a682dfaefb0f5e.jpg",870,500,false],"landscape":["https:\/\/arantv.az\/wp-content\/uploads\/2024\/10\/b60b99630124822029a682dfaefb0f5e.jpg",870,500,false],"portraits":["https:\/\/arantv.az\/wp-content\/uploads\/2024\/10\/b60b99630124822029a682dfaefb0f5e.jpg",870,500,false],"thumbnail":["https:\/\/arantv.az\/wp-content\/uploads\/2024\/10\/b60b99630124822029a682dfaefb0f5e-500x280.jpg",500,280,true],"medium":["https:\/\/arantv.az\/wp-content\/uploads\/2024\/10\/b60b99630124822029a682dfaefb0f5e-635x365.jpg",635,365,true],"large":["https:\/\/arantv.az\/wp-content\/uploads\/2024\/10\/b60b99630124822029a682dfaefb0f5e-840x483.jpg",640,368,true],"1536x1536":["https:\/\/arantv.az\/wp-content\/uploads\/2024\/10\/b60b99630124822029a682dfaefb0f5e.jpg",870,500,false],"2048x2048":["https:\/\/arantv.az\/wp-content\/uploads\/2024\/10\/b60b99630124822029a682dfaefb0f5e.jpg",870,500,false],"post-thumbnail":["https:\/\/arantv.az\/wp-content\/uploads\/2024\/10\/b60b99630124822029a682dfaefb0f5e-240x172.jpg",240,172,true],"advps-thumb-one":["https:\/\/arantv.az\/wp-content\/uploads\/2024\/10\/b60b99630124822029a682dfaefb0f5e.jpg",870,500,false]},"rttpg_author":{"display_name":"V\u00fcsal Rafiqo\u011flu","author_link":"https:\/\/arantv.az\/?author=2"},"rttpg_comment":0,"rttpg_category":"<a href=\"https:\/\/arantv.az\/?cat=4\" rel=\"category\">Siyas\u0259t<\/a>","rttpg_excerpt":"Az\u0259rbaycan Prezidenti \u0130lham \u018fliyev T\u00fcrkiy\u0259 Prezidenti R\u0259c\u0259b Tayyib \u018frdo\u011fana Ankarada h\u0259rbi t\u0259yyar\u0259 v\u0259 kosmik vasit\u0259l\u0259rin istehsal\u00e7\u0131s\u0131 olan TUSA\u015e korporasiyas\u0131nda t\u00f6r\u0259dil\u0259n terror akt\u0131 il\u0259 ba\u011fl\u0131 ba\u015fsa\u011fl\u011f\u0131 verib. Musavat.com-un\u00a0m\u0259lumat\u0131na g\u00f6r\u0259, ba\u015fsa\u011fl\u0131\u011f\u0131nda deyilir: &#8220;H\u00f6rm\u0259tli c\u0259nab Prezident, \u018fziz Qarda\u015f\u0131m, T\u00fcrk Aviasiya v\u0259 Kosmik S\u0259naye \u015eirk\u0259tind\u0259 (TUSA\u015e) t\u00f6r\u0259dilmi\u015f terror akt\u0131 n\u0259tic\u0259sind\u0259 insanlar\u0131n h\u0259lak olmas\u0131 v\u0259 x\u0259sar\u0259t almas\u0131 x\u0259b\u0259ri bizi olduqca&hellip;","_links":{"self":[{"href":"https:\/\/arantv.az\/index.php?rest_route=\/wp\/v2\/posts\/763825"}],"collection":[{"href":"https:\/\/arantv.az\/index.php?rest_route=\/wp\/v2\/posts"}],"about":[{"href":"https:\/\/arantv.az\/index.php?rest_route=\/wp\/v2\/types\/post"}],"author":[{"embeddable":true,"href":"https:\/\/arantv.az\/index.php?rest_route=\/wp\/v2\/users\/2"}],"replies":[{"embeddable":true,"href":"https:\/\/arantv.az\/index.php?rest_route=%2Fwp%2Fv2%2Fcomments&post=763825"}],"version-history":[{"count":2,"href":"https:\/\/arantv.az\/index.php?rest_route=\/wp\/v2\/posts\/763825\/revisions"}],"predecessor-version":[{"id":763828,"href":"https:\/\/arantv.az\/index.php?rest_route=\/wp\/v2\/posts\/763825\/revisions\/763828"}],"wp:featuredmedia":[{"embeddable":true,"href":"https:\/\/arantv.az\/index.php?rest_route=\/wp\/v2\/media\/763826"}],"wp:attachment":[{"href":"https:\/\/arantv.az\/index.php?rest_route=%2Fwp%2Fv2%2Fmedia&parent=763825"}],"wp:term":[{"taxonomy":"category","embeddable":true,"href":"https:\/\/arantv.az\/index.php?rest_route=%2Fwp%2Fv2%2Fcategories&post=763825"},{"taxonomy":"post_tag","embeddable":true,"href":"https:\/\/arantv.az\/index.php?rest_route=%2Fwp%2Fv2%2Ftags&post=763825"}],"curies":[{"name":"wp","href":"https:\/\/api.w.org\/{rel}","templated":true}]}}