{"id":763832,"date":"2024-10-23T20:43:03","date_gmt":"2024-10-23T16:43:03","guid":{"rendered":"https:\/\/arantv.az\/?p=763832"},"modified":"2024-10-23T20:43:03","modified_gmt":"2024-10-23T16:43:03","slug":"23-oktyabr-az%c9%99rbaycan-silahli-quvv%c9%99l%c9%99rinin-cavusu-v%c9%99-h%c9%99rbi-feldseri-v%c9%99t%c9%99n-muharib%c9%99sinin-s%c9%99hidi-ar%c9%99st%c9%99-baxisovanin-s%c9%99hidlik-zirv%c9%99sin","status":"publish","type":"post","link":"https:\/\/arantv.az\/?p=763832","title":{"rendered":"23 oktyabr &#8211; Az\u0259rbaycan Silahl\u0131 Q\u00fcvv\u0259l\u0259rinin \u00e7avu\u015fu v\u0259 h\u0259rbi feld\u015feri, V\u0259t\u0259n m\u00fcharib\u0259sinin \u015f\u0259hidi Ar\u0259st\u0259 Bax\u0131\u015fovan\u0131n \u015f\u0259hidlik zirv\u0259sin\u0259 ucald\u0131\u011f\u0131 g\u00fcnd\u00fcr."},"content":{"rendered":"<div class=\"x11i5rnm xat24cr x1mh8g0r x1vvkbs xtlvy1s x126k92a\">\n<div dir=\"auto\">Ar\u0259st\u0259 K\u0259rim q\u0131z\u0131 Bax\u0131\u015fova 1989-cu il may\u0131n 4-d\u0259 Xa\u00e7maz \u015f\u0259h\u0259rind\u0259 anadan olub. O, 1995-2004-c\u00fc ill\u0259rd\u0259 Bil\u0259c\u0259ri q\u0259s\u0259b\u0259sind\u0259 yerl\u0259\u015f\u0259n \u015eu\u015fa \u015f\u0259h\u0259r 3 n\u00f6mr\u0259li tam orta m\u0259kt\u0259bd\u0259 t\u0259hsil al\u0131b. 2004-2008-ci ill\u0259rd\u0259 is\u0259 Az\u0259rbaycan D\u00f6vl\u0259t Pedaqoji Kollecind\u0259 &#8220;\u0130ngilis dili&#8221; \u00fczr\u0259 t\u0259hsil al\u0131b. M\u0259rdan ad\u0131nda o\u011flu v\u0259 Z\u0259hra ad\u0131nda q\u0131z\u0131 yadigar qald\u0131.<\/div>\n<\/div>\n<div class=\"x11i5rnm xat24cr x1mh8g0r x1vvkbs xtlvy1s x126k92a\">\n<div dir=\"auto\">Ar\u0259st\u0259 Bax\u0131\u015fova 2018-2019-cu ill\u0259rd\u0259 Az\u0259rbaycan Silahl\u0131 Q\u00fcvv\u0259l\u0259rinin Ba\u015f H\u0259rbi Hospital\u0131nda tibbi statist olaraq \u00e7al\u0131\u015f\u0131b. 2019-cu il iyulun 12-d\u0259n is\u0259 Az\u0259rbaycan Silahl\u0131 Q\u00fcvv\u0259l\u0259rinin Beyl\u0259qan rayonunda yerl\u0259\u015f\u0259n &#8220;N&#8221; sayl\u0131 h\u0259rbi hiss\u0259sind\u0259 operator v\u0259zif\u0259sind\u0259 xidm\u0259t edirdi.<\/div>\n<\/div>\n<div class=\"x11i5rnm xat24cr x1mh8g0r x1vvkbs xtlvy1s x126k92a\">\n<div dir=\"auto\">Az\u0259rbaycan Ordusunun \u00e7avu\u015fu olan h\u0259rbi feld\u015fer Ar\u0259st\u0259 Bax\u0131\u015fova 2020-ci il sentyabr\u0131n 27-d\u0259 Az\u0259rbaycan Silahl\u0131 Q\u00fcvv\u0259l\u0259ri t\u0259r\u0259find\u0259n Erm\u0259nistan i\u015f\u011fal\u0131 alt\u0131nda olan \u0259razil\u0259rin azad edilm\u0259si v\u0259 Az\u0259rbaycan\u0131n \u0259razi b\u00fct\u00f6vl\u00fcy\u00fcn\u00fcn b\u0259rpa olunmas\u0131 \u00fc\u00e7\u00fcn ba\u015flanan V\u0259t\u0259n m\u00fcharib\u0259si zaman\u0131 F\u00fczulinin, Z\u0259ngilan\u0131n v\u0259 Qubadl\u0131n\u0131n azadl\u0131\u011f\u0131 u\u011frunda ged\u0259n d\u00f6y\u00fc\u015fl\u0259rd\u0259 yaral\u0131 h\u0259rb\u00e7il\u0259r\u0259 d\u00f6y\u00fc\u015f meydan\u0131ndanca tibbi yard\u0131m g\u00f6st\u0259rib. Ar\u0259st\u0259 Bax\u0131\u015fova oktyabr\u0131n 23-d\u0259 Qubadl\u0131 d\u00f6y\u00fc\u015fl\u0259ri zaman\u0131 \u015f\u0259hid olub. Bil\u0259c\u0259ri q\u0259s\u0259b\u0259sinin \u015e\u0259hidl\u0259r Xiyaban\u0131nda d\u0259fn olunub.<\/div>\n<\/div>\n<div class=\"x11i5rnm xat24cr x1mh8g0r x1vvkbs xtlvy1s x126k92a\">\n<div dir=\"auto\">Az\u0259rbaycan\u0131n \u0259razi b\u00fct\u00f6vl\u00fcy\u00fcn\u00fcn t\u0259min edilm\u0259si u\u011frunda d\u00f6y\u00fc\u015f \u0259m\u0259liyyatlar\u0131na qat\u0131lan v\u0259 h\u0259rbi hiss\u0259 qar\u015f\u0131s\u0131nda qoyulmu\u015f tap\u015f\u0131r\u0131qlar\u0131n icras\u0131 zaman\u0131 v\u0259zif\u0259 borcunu \u015f\u0259r\u0259fl\u0259 yerin\u0259 yetirdiyi \u00fc\u00e7\u00fcn Az\u0259rbaycan Prezidenti \u0130lham \u018fliyevin 15.12.2020-ci il tarixli S\u0259r\u0259ncam\u0131na \u0259sas\u0259n Ar\u0259st\u0259 Bax\u0131\u015fova \u00f6l\u00fcm\u00fcnd\u0259n sonra &#8220;V\u0259t\u0259n u\u011frunda&#8221; medal\u0131 il\u0259 t\u0259ltif edildi.<\/div>\n<\/div>\n<div class=\"x11i5rnm xat24cr x1mh8g0r x1vvkbs xtlvy1s x126k92a\">\n<div dir=\"auto\">Ar\u0259st\u0259 Bax\u0131\u015fova \u00f6l\u00fcm\u00fcnd\u0259n sonra 2021-ci il may\u0131n 12-d\u0259 Beyn\u0259lxalq Q\u0131rm\u0131z\u0131 Xa\u00e7 Komit\u0259si t\u0259r\u0259find\u0259n ingilis tibb bac\u0131s\u0131 Florens Naytingelin \u015f\u0259r\u0259fin\u0259 t\u0259sis olunan &#8220;Florence Nightingale&#8221; medal\u0131 il\u0259 t\u0259ltif edildi.<\/div>\n<\/div>\n","protected":false},"excerpt":{"rendered":"<p>Ar\u0259st\u0259 K\u0259rim q\u0131z\u0131 Bax\u0131\u015fova 1989-cu il may\u0131n 4-d\u0259 Xa\u00e7maz \u015f\u0259h\u0259rind\u0259 anadan olub. O, 1995-2004-c\u00fc ill\u0259rd\u0259 Bil\u0259c\u0259ri q\u0259s\u0259b\u0259sind\u0259 yerl\u0259\u015f\u0259n \u015eu\u015fa \u015f\u0259h\u0259r 3 n\u00f6mr\u0259li tam orta m\u0259kt\u0259bd\u0259 t\u0259hsil al\u0131b. 2004-2008-ci ill\u0259rd\u0259 is\u0259 Az\u0259rbaycan D\u00f6vl\u0259t Pedaqoji Kollecind\u0259 &#8220;\u0130ngilis dili&#8221; \u00fczr\u0259 t\u0259hsil al\u0131b. M\u0259rdan ad\u0131nda o\u011flu v\u0259 Z\u0259hra ad\u0131nda q\u0131z\u0131 yadigar qald\u0131. Ar\u0259st\u0259 Bax\u0131\u015fova 2018-2019-cu ill\u0259rd\u0259 Az\u0259rbaycan Silahl\u0131 Q\u00fcvv\u0259l\u0259rinin Ba\u015f H\u0259rbi Hospital\u0131nda tibbi statist olaraq \u00e7al\u0131\u015f\u0131b. 2019-cu il iyulun 12-d\u0259n is\u0259 Az\u0259rbaycan Silahl\u0131 Q\u00fcvv\u0259l\u0259rinin Beyl\u0259qan rayonunda yerl\u0259\u015f\u0259n &#8220;N&#8221; sayl\u0131 h\u0259rbi hiss\u0259sind\u0259 operator v\u0259zif\u0259sind\u0259 xidm\u0259t edirdi. Az\u0259rbaycan Ordusunun \u00e7avu\u015fu olan h\u0259rbi feld\u015fer Ar\u0259st\u0259 Bax\u0131\u015fova 2020-ci&hellip;<\/p>\n","protected":false},"author":2,"featured_media":763833,"comment_status":"closed","ping_status":"closed","sticky":false,"template":"","format":"standard","meta":{"om_disable_all_campaigns":false,"_monsterinsights_skip_tracking":false,"_monsterinsights_sitenote_active":false,"_monsterinsights_sitenote_note":"","_monsterinsights_sitenote_category":0},"categories":[1],"tags":[],"aioseo_notices":[],"gutentor_comment":0,"rttpg_featured_image_url":{"full":["https:\/\/arantv.az\/wp-content\/uploads\/2024\/10\/464269194_8468159766593899_5395251199875680280_n.jpg",717,1036,false],"landscape":["https:\/\/arantv.az\/wp-content\/uploads\/2024\/10\/464269194_8468159766593899_5395251199875680280_n.jpg",717,1036,false],"portraits":["https:\/\/arantv.az\/wp-content\/uploads\/2024\/10\/464269194_8468159766593899_5395251199875680280_n.jpg",717,1036,false],"thumbnail":["https:\/\/arantv.az\/wp-content\/uploads\/2024\/10\/464269194_8468159766593899_5395251199875680280_n-500x280.jpg",500,280,true],"medium":["https:\/\/arantv.az\/wp-content\/uploads\/2024\/10\/464269194_8468159766593899_5395251199875680280_n-253x365.jpg",253,365,true],"large":["https:\/\/arantv.az\/wp-content\/uploads\/2024\/10\/464269194_8468159766593899_5395251199875680280_n-581x840.jpg",581,840,true],"1536x1536":["https:\/\/arantv.az\/wp-content\/uploads\/2024\/10\/464269194_8468159766593899_5395251199875680280_n.jpg",717,1036,false],"2048x2048":["https:\/\/arantv.az\/wp-content\/uploads\/2024\/10\/464269194_8468159766593899_5395251199875680280_n.jpg",717,1036,false],"post-thumbnail":["https:\/\/arantv.az\/wp-content\/uploads\/2024\/10\/464269194_8468159766593899_5395251199875680280_n-240x172.jpg",240,172,true],"advps-thumb-one":["https:\/\/arantv.az\/wp-content\/uploads\/2024\/10\/464269194_8468159766593899_5395251199875680280_n-717x620.jpg",717,620,true]},"rttpg_author":{"display_name":"V\u00fcsal Rafiqo\u011flu","author_link":"https:\/\/arantv.az\/?author=2"},"rttpg_comment":0,"rttpg_category":"<a href=\"https:\/\/arantv.az\/?cat=1\" rel=\"category\">C\u0259miyy\u0259t<\/a>","rttpg_excerpt":"Ar\u0259st\u0259 K\u0259rim q\u0131z\u0131 Bax\u0131\u015fova 1989-cu il may\u0131n 4-d\u0259 Xa\u00e7maz \u015f\u0259h\u0259rind\u0259 anadan olub. O, 1995-2004-c\u00fc ill\u0259rd\u0259 Bil\u0259c\u0259ri q\u0259s\u0259b\u0259sind\u0259 yerl\u0259\u015f\u0259n \u015eu\u015fa \u015f\u0259h\u0259r 3 n\u00f6mr\u0259li tam orta m\u0259kt\u0259bd\u0259 t\u0259hsil al\u0131b. 2004-2008-ci ill\u0259rd\u0259 is\u0259 Az\u0259rbaycan D\u00f6vl\u0259t Pedaqoji Kollecind\u0259 &#8220;\u0130ngilis dili&#8221; \u00fczr\u0259 t\u0259hsil al\u0131b. M\u0259rdan ad\u0131nda o\u011flu v\u0259 Z\u0259hra ad\u0131nda q\u0131z\u0131 yadigar qald\u0131. Ar\u0259st\u0259 Bax\u0131\u015fova 2018-2019-cu ill\u0259rd\u0259 Az\u0259rbaycan Silahl\u0131 Q\u00fcvv\u0259l\u0259rinin&hellip;","_links":{"self":[{"href":"https:\/\/arantv.az\/index.php?rest_route=\/wp\/v2\/posts\/763832"}],"collection":[{"href":"https:\/\/arantv.az\/index.php?rest_route=\/wp\/v2\/posts"}],"about":[{"href":"https:\/\/arantv.az\/index.php?rest_route=\/wp\/v2\/types\/post"}],"author":[{"embeddable":true,"href":"https:\/\/arantv.az\/index.php?rest_route=\/wp\/v2\/users\/2"}],"replies":[{"embeddable":true,"href":"https:\/\/arantv.az\/index.php?rest_route=%2Fwp%2Fv2%2Fcomments&post=763832"}],"version-history":[{"count":1,"href":"https:\/\/arantv.az\/index.php?rest_route=\/wp\/v2\/posts\/763832\/revisions"}],"predecessor-version":[{"id":763834,"href":"https:\/\/arantv.az\/index.php?rest_route=\/wp\/v2\/posts\/763832\/revisions\/763834"}],"wp:featuredmedia":[{"embeddable":true,"href":"https:\/\/arantv.az\/index.php?rest_route=\/wp\/v2\/media\/763833"}],"wp:attachment":[{"href":"https:\/\/arantv.az\/index.php?rest_route=%2Fwp%2Fv2%2Fmedia&parent=763832"}],"wp:term":[{"taxonomy":"category","embeddable":true,"href":"https:\/\/arantv.az\/index.php?rest_route=%2Fwp%2Fv2%2Fcategories&post=763832"},{"taxonomy":"post_tag","embeddable":true,"href":"https:\/\/arantv.az\/index.php?rest_route=%2Fwp%2Fv2%2Ftags&post=763832"}],"curies":[{"name":"wp","href":"https:\/\/api.w.org\/{rel}","templated":true}]}}