{"id":763838,"date":"2024-10-24T07:15:35","date_gmt":"2024-10-24T03:15:35","guid":{"rendered":"https:\/\/arantv.az\/?p=763838"},"modified":"2024-10-24T07:15:35","modified_gmt":"2024-10-24T03:15:35","slug":"su-h%c9%99yatdir-ekoloji-konfransin-t%c9%99skili-layih%c9%99si-davam-edir","status":"publish","type":"post","link":"https:\/\/arantv.az\/?p=763838","title":{"rendered":"SU H\u018fYATDIR! &#8211; Ekoloji konfrans\u0131n t\u0259\u015fkili layih\u0259si davam edir"},"content":{"rendered":"<p>\u201cQad\u0131n v\u0259 G\u0259nc Ail\u0259l\u0259rin Sosial \u0130nki\u015faf\u0131\u201d \u0130ctimai Birliyi, \u00a0Az\u0259rbaycan G\u0259ncl\u0259r Fondunun maliyy\u0259 d\u0259st\u0259yi il\u0259 SU H\u018fYATDIR! &#8211; Ekoloji konfrans\u0131n t\u0259\u015fkili layih\u0259sin\u0259 ba\u015flam\u0131\u015fd\u0131r.<\/p>\n<p>Layih\u0259nin \u0259sas m\u0259qs\u0259di, \u0259traf m\u00fchitin, su ehtiyatlar\u0131n\u0131n qorunmas\u0131 v\u0259 onlardan s\u0259m\u0259r\u0259li istifad\u0259 edilm\u0259si, m\u00fcvafiq qlobal ekoloji probleml\u0259rin h\u0259llin\u0259 d\u0259st\u0259k verm\u0259k \u00fc\u00e7\u00fcn g\u0259ncl\u0259rin ekoloji maarifl\u0259ndirilm\u0259sidir.<\/p>\n<p>Layih\u0259 \u00fc\u00e7 ay m\u00fcdd\u0259tind\u0259 06 sentyabr \u2013 06 dekabr 2024-c\u00fc il tarixl\u0259rind\u0259 Xa\u00e7maz rayonunda h\u0259yata ke\u00e7iril\u0259c\u0259kdir. \u00dcmumilikd\u0259 \u00fc\u00e7 seminar\u0131 \u0259hat\u0259 ed\u0259c\u0259k layih\u0259y\u0259 120 n\u0259f\u0259r g\u0259nc c\u0259lb olunacaqd\u0131r.<\/p>\n<p>Az\u0259rbaycan G\u0259ncl\u0259r Fondunun \u201cYa\u015f\u0131l D\u00fcnya Namin\u0259 H\u0259mr\u0259ylik ili\u201d \u00e7\u0259r\u00e7iv\u0259sind\u0259 elan etdiyi qrant m\u00fcsabiq\u0259sinin qalibi olan SU H\u018fYATDIR! &#8211; Ekoloji konfrans\u0131n t\u0259\u015fkili layih\u0259sinin ilk t\u0259dbiri Xa\u00e7maz rayon Akademik Z\u0259rif\u0259 \u018fliyeva ad\u0131na 8 sayl\u0131 m\u0259kt\u0259b- liseyd\u0259 ke\u00e7irildi. Layih\u0259d\u0259 i\u015ftirak ed\u0259n g\u0259ncl\u0259r\u0259 ekoloji maarifl\u0259ndirici seminar ke\u00e7irildi. \u00c7\u0131x\u0131\u015f ed\u0259nl\u0259r Qad\u0131n v\u0259 G\u0259nc Ail\u0259l\u0259rin Sosial \u0130nki\u015faf\u0131 \u0130ctimai Birliyinin s\u0259dri T\u00fcnzal\u0259 Cavadova, Xa\u00e7maz rayon \u0130cra Hakimiyy\u0259ti ictimai-siyasi v\u0259 humanitar m\u0259s\u0259l\u0259l\u0259r \u015f\u00f6b\u0259sinin ba\u015f m\u0259sl\u0259h\u0259t\u00e7isi Yaqut M\u0259simova, m\u0259kt\u0259b \u2013liseyin t\u0259\u015fkilat\u00e7\u0131s\u0131 S\u0259daq\u0259t C\u0259miyeva COP29 beyn\u0259lxalq t\u0259dbiri \u0259r\u0259f\u0259sind\u0259 bel\u0259 bir layih\u0259nin ke\u00e7irilm\u0259sinin t\u0259dqir\u0259 layiq olmas\u0131ndan v\u0259 suyun insan h\u0259yat\u0131 \u00fc\u00e7\u00fcn b\u00f6y\u00fck \u0259h\u0259miyy\u0259tind\u0259n dan\u0131\u015fd\u0131lar.<\/p>\n<p>Qeyd ed\u0259k ki, \u00a0layih\u0259 Az\u0259rbaycan G\u0259ncl\u0259r Fondu t\u0259r\u0259find\u0259n d\u0259st\u0259kl\u0259nir.<\/p>\n<p><img loading=\"lazy\" class=\"alignnone size-medium wp-image-763839\" src=\"https:\/\/arantv.az\/wp-content\/uploads\/2024\/10\/fd1a6f93-3fb8-40ab-9ead-0feae7a7a1d1-243x365.jpg\" alt=\"\" width=\"243\" height=\"365\" \/> <img loading=\"lazy\" class=\"alignnone size-medium wp-image-763840\" src=\"https:\/\/arantv.az\/wp-content\/uploads\/2024\/10\/f7774bd4-af88-4f7d-9c14-b9d75a672860-243x365.jpg\" alt=\"\" width=\"243\" height=\"365\" \/> <img loading=\"lazy\" class=\"alignnone size-medium wp-image-763841\" src=\"https:\/\/arantv.az\/wp-content\/uploads\/2024\/10\/a925bc4d-ec22-4e12-bfcc-e06459dd1e66-243x365.jpg\" alt=\"\" width=\"243\" height=\"365\" \/> <img loading=\"lazy\" class=\"alignnone size-medium wp-image-763842\" src=\"https:\/\/arantv.az\/wp-content\/uploads\/2024\/10\/a3775e2e-b5c5-43d1-bb6c-b6255698fe57-243x365.jpg\" alt=\"\" width=\"243\" height=\"365\" \/> <img loading=\"lazy\" class=\"alignnone size-medium wp-image-763843\" src=\"https:\/\/arantv.az\/wp-content\/uploads\/2024\/10\/944e0f99-10d9-44b1-ab30-fb349d7c6530-243x365.jpg\" alt=\"\" width=\"243\" height=\"365\" \/> <img loading=\"lazy\" class=\"alignnone size-medium wp-image-763844\" src=\"https:\/\/arantv.az\/wp-content\/uploads\/2024\/10\/3e7ee6b7-89be-49c3-9743-34a8f4fd2d6c-548x365.jpg\" alt=\"\" width=\"548\" height=\"365\" \/> <img loading=\"lazy\" class=\"alignnone size-medium wp-image-763845\" src=\"https:\/\/arantv.az\/wp-content\/uploads\/2024\/10\/446361f5-964a-4cd5-8d64-53baabe6aaf7-548x365.jpg\" alt=\"\" width=\"548\" height=\"365\" \/> <img loading=\"lazy\" class=\"alignnone size-medium wp-image-763846\" src=\"https:\/\/arantv.az\/wp-content\/uploads\/2024\/10\/671295d4-a325-4d67-b100-20ff3108fbd9-548x365.jpg\" alt=\"\" width=\"548\" height=\"365\" \/> <img loading=\"lazy\" class=\"alignnone size-medium wp-image-763847\" src=\"https:\/\/arantv.az\/wp-content\/uploads\/2024\/10\/ce50d7b8-e95c-415e-a20e-59782a724fa2-548x365.jpg\" alt=\"\" width=\"548\" height=\"365\" \/><\/p>\n<p>Str.Jafar Khandan 26, apt.27, Baku, AZ 1130<\/p>\n<p>Tel: +99450 354 71 67;<\/p>\n<p>Email: office.woc@gmail.com<\/p>\n<p>&nbsp;<\/p>\n<p><strong>\u00a0<\/strong><\/p>\n<p>&nbsp;<\/p>\n<p><strong><em>\u00a0<\/em><\/strong><\/p>\n<p>&nbsp;<\/p>\n<p>&nbsp;<\/p>\n<p>&nbsp;<\/p>\n<p>&nbsp;<\/p>\n<p>&nbsp;<\/p>\n<p>&nbsp;<\/p>\n<p>&nbsp;<\/p>\n<p>&nbsp;<\/p>\n<p>&nbsp;<\/p>\n<p>&nbsp;<\/p>\n<p>&nbsp;<\/p>\n<p>&nbsp;<\/p>\n<p>&nbsp;<\/p>\n<p>&nbsp;<\/p>\n<p>&nbsp;<\/p>\n<p>&nbsp;<\/p>\n<p>&nbsp;<\/p>\n<p>&nbsp;<\/p>\n<p>&nbsp;<\/p>\n<p>&nbsp;<\/p>\n<p>&nbsp;<\/p>\n<p>&nbsp;<\/p>\n<p>&nbsp;<\/p>\n<p>&nbsp;<\/p>\n<p>&nbsp;<\/p>\n<p>&nbsp;<\/p>\n<p>&nbsp;<\/p>\n<p>&nbsp;<\/p>\n<p>&nbsp;<\/p>\n<p>&nbsp;<\/p>\n","protected":false},"excerpt":{"rendered":"<p>\u201cQad\u0131n v\u0259 G\u0259nc Ail\u0259l\u0259rin Sosial \u0130nki\u015faf\u0131\u201d \u0130ctimai Birliyi, \u00a0Az\u0259rbaycan G\u0259ncl\u0259r Fondunun maliyy\u0259 d\u0259st\u0259yi il\u0259 SU H\u018fYATDIR! &#8211; Ekoloji konfrans\u0131n t\u0259\u015fkili layih\u0259sin\u0259 ba\u015flam\u0131\u015fd\u0131r. Layih\u0259nin \u0259sas m\u0259qs\u0259di, \u0259traf m\u00fchitin, su ehtiyatlar\u0131n\u0131n qorunmas\u0131 v\u0259 onlardan s\u0259m\u0259r\u0259li istifad\u0259 edilm\u0259si, m\u00fcvafiq qlobal ekoloji probleml\u0259rin h\u0259llin\u0259 d\u0259st\u0259k verm\u0259k \u00fc\u00e7\u00fcn g\u0259ncl\u0259rin ekoloji maarifl\u0259ndirilm\u0259sidir. Layih\u0259 \u00fc\u00e7 ay m\u00fcdd\u0259tind\u0259 06 sentyabr \u2013 06 dekabr 2024-c\u00fc il tarixl\u0259rind\u0259 Xa\u00e7maz rayonunda h\u0259yata ke\u00e7iril\u0259c\u0259kdir. \u00dcmumilikd\u0259 \u00fc\u00e7 seminar\u0131 \u0259hat\u0259 ed\u0259c\u0259k layih\u0259y\u0259 120 n\u0259f\u0259r g\u0259nc c\u0259lb olunacaqd\u0131r. Az\u0259rbaycan G\u0259ncl\u0259r Fondunun \u201cYa\u015f\u0131l D\u00fcnya Namin\u0259 H\u0259mr\u0259ylik ili\u201d \u00e7\u0259r\u00e7iv\u0259sind\u0259 elan etdiyi qrant m\u00fcsabiq\u0259sinin qalibi olan SU H\u018fYATDIR!&hellip;<\/p>\n","protected":false},"author":2,"featured_media":763845,"comment_status":"closed","ping_status":"closed","sticky":false,"template":"","format":"standard","meta":{"om_disable_all_campaigns":false,"_monsterinsights_skip_tracking":false,"_monsterinsights_sitenote_active":false,"_monsterinsights_sitenote_note":"","_monsterinsights_sitenote_category":0},"categories":[1],"tags":[],"aioseo_notices":[],"gutentor_comment":0,"rttpg_featured_image_url":{"full":["https:\/\/arantv.az\/wp-content\/uploads\/2024\/10\/446361f5-964a-4cd5-8d64-53baabe6aaf7.jpg",1200,800,false],"landscape":["https:\/\/arantv.az\/wp-content\/uploads\/2024\/10\/446361f5-964a-4cd5-8d64-53baabe6aaf7.jpg",1200,800,false],"portraits":["https:\/\/arantv.az\/wp-content\/uploads\/2024\/10\/446361f5-964a-4cd5-8d64-53baabe6aaf7.jpg",1200,800,false],"thumbnail":["https:\/\/arantv.az\/wp-content\/uploads\/2024\/10\/446361f5-964a-4cd5-8d64-53baabe6aaf7-500x280.jpg",500,280,true],"medium":["https:\/\/arantv.az\/wp-content\/uploads\/2024\/10\/446361f5-964a-4cd5-8d64-53baabe6aaf7-548x365.jpg",548,365,true],"large":["https:\/\/arantv.az\/wp-content\/uploads\/2024\/10\/446361f5-964a-4cd5-8d64-53baabe6aaf7-840x560.jpg",640,427,true],"1536x1536":["https:\/\/arantv.az\/wp-content\/uploads\/2024\/10\/446361f5-964a-4cd5-8d64-53baabe6aaf7.jpg",1200,800,false],"2048x2048":["https:\/\/arantv.az\/wp-content\/uploads\/2024\/10\/446361f5-964a-4cd5-8d64-53baabe6aaf7.jpg",1200,800,false],"post-thumbnail":["https:\/\/arantv.az\/wp-content\/uploads\/2024\/10\/446361f5-964a-4cd5-8d64-53baabe6aaf7-240x172.jpg",240,172,true],"advps-thumb-one":["https:\/\/arantv.az\/wp-content\/uploads\/2024\/10\/446361f5-964a-4cd5-8d64-53baabe6aaf7-1200x620.jpg",1200,620,true]},"rttpg_author":{"display_name":"V\u00fcsal Rafiqo\u011flu","author_link":"https:\/\/arantv.az\/?author=2"},"rttpg_comment":0,"rttpg_category":"<a href=\"https:\/\/arantv.az\/?cat=1\" rel=\"category\">C\u0259miyy\u0259t<\/a>","rttpg_excerpt":"\u201cQad\u0131n v\u0259 G\u0259nc Ail\u0259l\u0259rin Sosial \u0130nki\u015faf\u0131\u201d \u0130ctimai Birliyi, \u00a0Az\u0259rbaycan G\u0259ncl\u0259r Fondunun maliyy\u0259 d\u0259st\u0259yi il\u0259 SU H\u018fYATDIR! &#8211; Ekoloji konfrans\u0131n t\u0259\u015fkili layih\u0259sin\u0259 ba\u015flam\u0131\u015fd\u0131r. Layih\u0259nin \u0259sas m\u0259qs\u0259di, \u0259traf m\u00fchitin, su ehtiyatlar\u0131n\u0131n qorunmas\u0131 v\u0259 onlardan s\u0259m\u0259r\u0259li istifad\u0259 edilm\u0259si, m\u00fcvafiq qlobal ekoloji probleml\u0259rin h\u0259llin\u0259 d\u0259st\u0259k verm\u0259k \u00fc\u00e7\u00fcn g\u0259ncl\u0259rin ekoloji maarifl\u0259ndirilm\u0259sidir. Layih\u0259 \u00fc\u00e7 ay m\u00fcdd\u0259tind\u0259 06 sentyabr \u2013 06 dekabr&hellip;","_links":{"self":[{"href":"https:\/\/arantv.az\/index.php?rest_route=\/wp\/v2\/posts\/763838"}],"collection":[{"href":"https:\/\/arantv.az\/index.php?rest_route=\/wp\/v2\/posts"}],"about":[{"href":"https:\/\/arantv.az\/index.php?rest_route=\/wp\/v2\/types\/post"}],"author":[{"embeddable":true,"href":"https:\/\/arantv.az\/index.php?rest_route=\/wp\/v2\/users\/2"}],"replies":[{"embeddable":true,"href":"https:\/\/arantv.az\/index.php?rest_route=%2Fwp%2Fv2%2Fcomments&post=763838"}],"version-history":[{"count":1,"href":"https:\/\/arantv.az\/index.php?rest_route=\/wp\/v2\/posts\/763838\/revisions"}],"predecessor-version":[{"id":763848,"href":"https:\/\/arantv.az\/index.php?rest_route=\/wp\/v2\/posts\/763838\/revisions\/763848"}],"wp:featuredmedia":[{"embeddable":true,"href":"https:\/\/arantv.az\/index.php?rest_route=\/wp\/v2\/media\/763845"}],"wp:attachment":[{"href":"https:\/\/arantv.az\/index.php?rest_route=%2Fwp%2Fv2%2Fmedia&parent=763838"}],"wp:term":[{"taxonomy":"category","embeddable":true,"href":"https:\/\/arantv.az\/index.php?rest_route=%2Fwp%2Fv2%2Fcategories&post=763838"},{"taxonomy":"post_tag","embeddable":true,"href":"https:\/\/arantv.az\/index.php?rest_route=%2Fwp%2Fv2%2Ftags&post=763838"}],"curies":[{"name":"wp","href":"https:\/\/api.w.org\/{rel}","templated":true}]}}