{"id":763863,"date":"2024-10-24T07:21:54","date_gmt":"2024-10-24T03:21:54","guid":{"rendered":"https:\/\/arantv.az\/?p=763863"},"modified":"2024-10-24T07:21:54","modified_gmt":"2024-10-24T03:21:54","slug":"abs-v%c9%99-almaniya-ukraynanin-alyansa-daxil-olmasina-qarsidir","status":"publish","type":"post","link":"https:\/\/arantv.az\/?p=763863","title":{"rendered":"AB\u015e v\u0259 Almaniya Ukraynan\u0131n alyansa daxil olmas\u0131na qar\u015f\u0131d\u0131r"},"content":{"rendered":"<p>NATO-ya \u00fczv olan 7 \u00f6lk\u0259 Ukraynan\u0131n alyansa daxil olmas\u0131na qar\u015f\u0131d\u0131r.<\/p>\n<p>&#8220;Report&#8221; x\u0259b\u0259r verir ki, bu bar\u0259d\u0259 &#8220;Politico&#8221; alyansadak\u0131 r\u0259smi m\u0259nb\u0259l\u0259r\u0259 istinad\u0259n yaz\u0131r.<\/p>\n<p>N\u0259\u015fr qeyd edir ki, bu ideyaya qar\u015f\u0131 \u00e7\u0131xan \u00f6lk\u0259l\u0259r\u0259 Rusiya il\u0259 birba\u015fa m\u00fcharib\u0259y\u0259 c\u0259lb olunmaqdan qorxan AB\u015e v\u0259 Almaniya &#8211; Kiyevin \u0259n b\u00f6y\u00fck t\u0259r\u0259fdarlar\u0131ndan ikisi r\u0259hb\u0259rlik edir.<\/p>\n<p>Bundan \u0259lav\u0259, Slovakiya v\u0259 Macar\u0131stan da h\u00f6kum\u0259tl\u0259rinin Rusiyay\u00f6nl\u00fc x\u0259ttin\u0259 g\u00f6r\u0259 bunun \u0259leyhin\u0259dir.<\/p>\n<p>&#8220;Bel\u00e7ika, Sloveniya v\u0259 \u0130spaniya da AB\u015e v\u0259 Almaniyan\u0131n arxas\u0131nda gizl\u0259nir. Onlar da bunu ist\u0259mir&#8221;, &#8211; NATO r\u0259smil\u0259rind\u0259n biri n\u0259\u015fr\u0259 deyib.<\/p>\n","protected":false},"excerpt":{"rendered":"<p>NATO-ya \u00fczv olan 7 \u00f6lk\u0259 Ukraynan\u0131n alyansa daxil olmas\u0131na qar\u015f\u0131d\u0131r. &#8220;Report&#8221; x\u0259b\u0259r verir ki, bu bar\u0259d\u0259 &#8220;Politico&#8221; alyansadak\u0131 r\u0259smi m\u0259nb\u0259l\u0259r\u0259 istinad\u0259n yaz\u0131r. N\u0259\u015fr qeyd edir ki, bu ideyaya qar\u015f\u0131 \u00e7\u0131xan \u00f6lk\u0259l\u0259r\u0259 Rusiya il\u0259 birba\u015fa m\u00fcharib\u0259y\u0259 c\u0259lb olunmaqdan qorxan AB\u015e v\u0259 Almaniya &#8211; Kiyevin \u0259n b\u00f6y\u00fck t\u0259r\u0259fdarlar\u0131ndan ikisi r\u0259hb\u0259rlik edir. Bundan \u0259lav\u0259, Slovakiya v\u0259 Macar\u0131stan da h\u00f6kum\u0259tl\u0259rinin Rusiyay\u00f6nl\u00fc x\u0259ttin\u0259 g\u00f6r\u0259 bunun \u0259leyhin\u0259dir. &#8220;Bel\u00e7ika, Sloveniya v\u0259 \u0130spaniya da AB\u015e v\u0259 Almaniyan\u0131n arxas\u0131nda gizl\u0259nir. Onlar da bunu ist\u0259mir&#8221;, &#8211; NATO r\u0259smil\u0259rind\u0259n biri n\u0259\u015fr\u0259 deyib.<\/p>\n","protected":false},"author":2,"featured_media":763864,"comment_status":"closed","ping_status":"closed","sticky":false,"template":"","format":"standard","meta":{"om_disable_all_campaigns":false,"_monsterinsights_skip_tracking":false,"_monsterinsights_sitenote_active":false,"_monsterinsights_sitenote_note":"","_monsterinsights_sitenote_category":0},"categories":[7],"tags":[],"aioseo_notices":[],"gutentor_comment":0,"rttpg_featured_image_url":{"full":["https:\/\/arantv.az\/wp-content\/uploads\/2024\/10\/47a44bc66372829aa5ecce025f0f2841.jpg",850,500,false],"landscape":["https:\/\/arantv.az\/wp-content\/uploads\/2024\/10\/47a44bc66372829aa5ecce025f0f2841.jpg",850,500,false],"portraits":["https:\/\/arantv.az\/wp-content\/uploads\/2024\/10\/47a44bc66372829aa5ecce025f0f2841.jpg",850,500,false],"thumbnail":["https:\/\/arantv.az\/wp-content\/uploads\/2024\/10\/47a44bc66372829aa5ecce025f0f2841-500x280.jpg",500,280,true],"medium":["https:\/\/arantv.az\/wp-content\/uploads\/2024\/10\/47a44bc66372829aa5ecce025f0f2841-621x365.jpg",621,365,true],"large":["https:\/\/arantv.az\/wp-content\/uploads\/2024\/10\/47a44bc66372829aa5ecce025f0f2841-840x494.jpg",640,376,true],"1536x1536":["https:\/\/arantv.az\/wp-content\/uploads\/2024\/10\/47a44bc66372829aa5ecce025f0f2841.jpg",850,500,false],"2048x2048":["https:\/\/arantv.az\/wp-content\/uploads\/2024\/10\/47a44bc66372829aa5ecce025f0f2841.jpg",850,500,false],"post-thumbnail":["https:\/\/arantv.az\/wp-content\/uploads\/2024\/10\/47a44bc66372829aa5ecce025f0f2841-240x172.jpg",240,172,true],"advps-thumb-one":["https:\/\/arantv.az\/wp-content\/uploads\/2024\/10\/47a44bc66372829aa5ecce025f0f2841.jpg",850,500,false]},"rttpg_author":{"display_name":"V\u00fcsal Rafiqo\u011flu","author_link":"https:\/\/arantv.az\/?author=2"},"rttpg_comment":0,"rttpg_category":"<a href=\"https:\/\/arantv.az\/?cat=7\" rel=\"category\">D\u00fcnya<\/a>","rttpg_excerpt":"NATO-ya \u00fczv olan 7 \u00f6lk\u0259 Ukraynan\u0131n alyansa daxil olmas\u0131na qar\u015f\u0131d\u0131r. &#8220;Report&#8221; x\u0259b\u0259r verir ki, bu bar\u0259d\u0259 &#8220;Politico&#8221; alyansadak\u0131 r\u0259smi m\u0259nb\u0259l\u0259r\u0259 istinad\u0259n yaz\u0131r. N\u0259\u015fr qeyd edir ki, bu ideyaya qar\u015f\u0131 \u00e7\u0131xan \u00f6lk\u0259l\u0259r\u0259 Rusiya il\u0259 birba\u015fa m\u00fcharib\u0259y\u0259 c\u0259lb olunmaqdan qorxan AB\u015e v\u0259 Almaniya &#8211; Kiyevin \u0259n b\u00f6y\u00fck t\u0259r\u0259fdarlar\u0131ndan ikisi r\u0259hb\u0259rlik edir. Bundan \u0259lav\u0259, Slovakiya v\u0259 Macar\u0131stan da&hellip;","_links":{"self":[{"href":"https:\/\/arantv.az\/index.php?rest_route=\/wp\/v2\/posts\/763863"}],"collection":[{"href":"https:\/\/arantv.az\/index.php?rest_route=\/wp\/v2\/posts"}],"about":[{"href":"https:\/\/arantv.az\/index.php?rest_route=\/wp\/v2\/types\/post"}],"author":[{"embeddable":true,"href":"https:\/\/arantv.az\/index.php?rest_route=\/wp\/v2\/users\/2"}],"replies":[{"embeddable":true,"href":"https:\/\/arantv.az\/index.php?rest_route=%2Fwp%2Fv2%2Fcomments&post=763863"}],"version-history":[{"count":2,"href":"https:\/\/arantv.az\/index.php?rest_route=\/wp\/v2\/posts\/763863\/revisions"}],"predecessor-version":[{"id":763866,"href":"https:\/\/arantv.az\/index.php?rest_route=\/wp\/v2\/posts\/763863\/revisions\/763866"}],"wp:featuredmedia":[{"embeddable":true,"href":"https:\/\/arantv.az\/index.php?rest_route=\/wp\/v2\/media\/763864"}],"wp:attachment":[{"href":"https:\/\/arantv.az\/index.php?rest_route=%2Fwp%2Fv2%2Fmedia&parent=763863"}],"wp:term":[{"taxonomy":"category","embeddable":true,"href":"https:\/\/arantv.az\/index.php?rest_route=%2Fwp%2Fv2%2Fcategories&post=763863"},{"taxonomy":"post_tag","embeddable":true,"href":"https:\/\/arantv.az\/index.php?rest_route=%2Fwp%2Fv2%2Ftags&post=763863"}],"curies":[{"name":"wp","href":"https:\/\/api.w.org\/{rel}","templated":true}]}}