{"id":763901,"date":"2024-10-24T13:55:39","date_gmt":"2024-10-24T09:55:39","guid":{"rendered":"https:\/\/arantv.az\/?p=763901"},"modified":"2024-10-24T13:55:39","modified_gmt":"2024-10-24T09:55:39","slug":"turkiy%c9%99nin-hava-limanlarinda-narinci-t%c9%99hluk%c9%99-s%c9%99viyy%c9%99si-elan-edildi","status":"publish","type":"post","link":"https:\/\/arantv.az\/?p=763901","title":{"rendered":"T\u00fcrkiy\u0259nin hava limanlar\u0131nda \u201cnar\u0131nc\u0131\u201d t\u0259hl\u00fck\u0259 s\u0259viyy\u0259si ELAN ED\u0130LD\u0130"},"content":{"rendered":"<p><strong>Ankarada t\u00f6r\u0259dil\u0259n terror akt\u0131ndan sonra T\u00fcrkiy\u0259nin b\u00fct\u00fcn hava limanlar\u0131nda \u201cnar\u0131nc\u0131\u201d t\u0259hl\u00fck\u0259 s\u0259viyy\u0259si elan edilib.<\/strong><\/p>\n<p>Bu bar\u0259d\u0259 &#8220;H\u00fcrriyet&#8221; q\u0259zeti m\u0259lumat yay\u0131b.<\/p>\n<p>\u201cAnkarada t\u00f6r\u0259dil\u0259n terror akt\u0131ndan sonra T\u00fcrkiy\u0259d\u0259 t\u0259hl\u00fck\u0259sizlik t\u0259dbirl\u0259ri g\u00fccl\u0259ndirilib. Terror qrupla\u015fmalar\u0131n\u0131n hava limanlar\u0131nda terror aktlar\u0131 t\u00f6r\u0259tm\u0259k planlar\u0131 il\u0259 \u0259laq\u0259dar t\u0259hl\u00fck\u0259 s\u0259viyy\u0259si \u201cnar\u0131nc\u0131\u201d s\u0259viyy\u0259y\u0259 y\u00fcks\u0259ldilib\u201d, \u2013 q\u0259zet yaz\u0131b.<\/p>\n<p>Hava limanlar\u0131n\u0131n \u0259razisin\u0259 daxil olan avtomobill\u0259r v\u0259 s\u0259rni\u015finl\u0259rin s\u0259n\u0259dl\u0259ri diqq\u0259tl\u0259 yoxlan\u0131l\u0131r.<\/p>\n<p>Sabiha G\u00f6k\u00e7en Hava Liman\u0131 s\u0259rni\u015finl\u0259ri hava liman\u0131nda \u0259lav\u0259 yoxlamalar\u0131n apar\u0131lmas\u0131 bar\u0259d\u0259 x\u0259b\u0259rdar edib v\u0259 onlar\u0131 u\u00e7u\u015fdan \u0259n az\u0131 \u00fc\u00e7 saat \u0259vv\u0259l terminala g\u0259lm\u0259y\u0259 \u00e7a\u011f\u0131r\u0131b.\/\/Report<\/p>\n","protected":false},"excerpt":{"rendered":"<p>Ankarada t\u00f6r\u0259dil\u0259n terror akt\u0131ndan sonra T\u00fcrkiy\u0259nin b\u00fct\u00fcn hava limanlar\u0131nda \u201cnar\u0131nc\u0131\u201d t\u0259hl\u00fck\u0259 s\u0259viyy\u0259si elan edilib. Bu bar\u0259d\u0259 &#8220;H\u00fcrriyet&#8221; q\u0259zeti m\u0259lumat yay\u0131b. \u201cAnkarada t\u00f6r\u0259dil\u0259n terror akt\u0131ndan sonra T\u00fcrkiy\u0259d\u0259 t\u0259hl\u00fck\u0259sizlik t\u0259dbirl\u0259ri g\u00fccl\u0259ndirilib. Terror qrupla\u015fmalar\u0131n\u0131n hava limanlar\u0131nda terror aktlar\u0131 t\u00f6r\u0259tm\u0259k planlar\u0131 il\u0259 \u0259laq\u0259dar t\u0259hl\u00fck\u0259 s\u0259viyy\u0259si \u201cnar\u0131nc\u0131\u201d s\u0259viyy\u0259y\u0259 y\u00fcks\u0259ldilib\u201d, \u2013 q\u0259zet yaz\u0131b. Hava limanlar\u0131n\u0131n \u0259razisin\u0259 daxil olan avtomobill\u0259r v\u0259 s\u0259rni\u015finl\u0259rin s\u0259n\u0259dl\u0259ri diqq\u0259tl\u0259 yoxlan\u0131l\u0131r. Sabiha G\u00f6k\u00e7en Hava Liman\u0131 s\u0259rni\u015finl\u0259ri hava liman\u0131nda \u0259lav\u0259 yoxlamalar\u0131n apar\u0131lmas\u0131 bar\u0259d\u0259 x\u0259b\u0259rdar edib v\u0259 onlar\u0131 u\u00e7u\u015fdan \u0259n az\u0131 \u00fc\u00e7 saat \u0259vv\u0259l terminala g\u0259lm\u0259y\u0259 \u00e7a\u011f\u0131r\u0131b.\/\/Report<\/p>\n","protected":false},"author":2,"featured_media":763902,"comment_status":"closed","ping_status":"closed","sticky":false,"template":"","format":"standard","meta":{"om_disable_all_campaigns":false,"_monsterinsights_skip_tracking":false,"_monsterinsights_sitenote_active":false,"_monsterinsights_sitenote_note":"","_monsterinsights_sitenote_category":0},"categories":[19],"tags":[],"aioseo_notices":[],"gutentor_comment":0,"rttpg_featured_image_url":{"full":["https:\/\/arantv.az\/wp-content\/uploads\/2024\/10\/7a8ea9c2d87eab27851886b9878a20ad.jpg",850,500,false],"landscape":["https:\/\/arantv.az\/wp-content\/uploads\/2024\/10\/7a8ea9c2d87eab27851886b9878a20ad.jpg",850,500,false],"portraits":["https:\/\/arantv.az\/wp-content\/uploads\/2024\/10\/7a8ea9c2d87eab27851886b9878a20ad.jpg",850,500,false],"thumbnail":["https:\/\/arantv.az\/wp-content\/uploads\/2024\/10\/7a8ea9c2d87eab27851886b9878a20ad-500x280.jpg",500,280,true],"medium":["https:\/\/arantv.az\/wp-content\/uploads\/2024\/10\/7a8ea9c2d87eab27851886b9878a20ad-621x365.jpg",621,365,true],"large":["https:\/\/arantv.az\/wp-content\/uploads\/2024\/10\/7a8ea9c2d87eab27851886b9878a20ad-840x494.jpg",640,376,true],"1536x1536":["https:\/\/arantv.az\/wp-content\/uploads\/2024\/10\/7a8ea9c2d87eab27851886b9878a20ad.jpg",850,500,false],"2048x2048":["https:\/\/arantv.az\/wp-content\/uploads\/2024\/10\/7a8ea9c2d87eab27851886b9878a20ad.jpg",850,500,false],"post-thumbnail":["https:\/\/arantv.az\/wp-content\/uploads\/2024\/10\/7a8ea9c2d87eab27851886b9878a20ad-240x172.jpg",240,172,true],"advps-thumb-one":["https:\/\/arantv.az\/wp-content\/uploads\/2024\/10\/7a8ea9c2d87eab27851886b9878a20ad.jpg",850,500,false]},"rttpg_author":{"display_name":"V\u00fcsal Rafiqo\u011flu","author_link":"https:\/\/arantv.az\/?author=2"},"rttpg_comment":0,"rttpg_category":"<a href=\"https:\/\/arantv.az\/?cat=19\" rel=\"category\">G\u00fcnd\u0259m<\/a>","rttpg_excerpt":"Ankarada t\u00f6r\u0259dil\u0259n terror akt\u0131ndan sonra T\u00fcrkiy\u0259nin b\u00fct\u00fcn hava limanlar\u0131nda \u201cnar\u0131nc\u0131\u201d t\u0259hl\u00fck\u0259 s\u0259viyy\u0259si elan edilib. Bu bar\u0259d\u0259 &#8220;H\u00fcrriyet&#8221; q\u0259zeti m\u0259lumat yay\u0131b. \u201cAnkarada t\u00f6r\u0259dil\u0259n terror akt\u0131ndan sonra T\u00fcrkiy\u0259d\u0259 t\u0259hl\u00fck\u0259sizlik t\u0259dbirl\u0259ri g\u00fccl\u0259ndirilib. Terror qrupla\u015fmalar\u0131n\u0131n hava limanlar\u0131nda terror aktlar\u0131 t\u00f6r\u0259tm\u0259k planlar\u0131 il\u0259 \u0259laq\u0259dar t\u0259hl\u00fck\u0259 s\u0259viyy\u0259si \u201cnar\u0131nc\u0131\u201d s\u0259viyy\u0259y\u0259 y\u00fcks\u0259ldilib\u201d, \u2013 q\u0259zet yaz\u0131b. Hava limanlar\u0131n\u0131n \u0259razisin\u0259 daxil olan avtomobill\u0259r v\u0259 s\u0259rni\u015finl\u0259rin&hellip;","_links":{"self":[{"href":"https:\/\/arantv.az\/index.php?rest_route=\/wp\/v2\/posts\/763901"}],"collection":[{"href":"https:\/\/arantv.az\/index.php?rest_route=\/wp\/v2\/posts"}],"about":[{"href":"https:\/\/arantv.az\/index.php?rest_route=\/wp\/v2\/types\/post"}],"author":[{"embeddable":true,"href":"https:\/\/arantv.az\/index.php?rest_route=\/wp\/v2\/users\/2"}],"replies":[{"embeddable":true,"href":"https:\/\/arantv.az\/index.php?rest_route=%2Fwp%2Fv2%2Fcomments&post=763901"}],"version-history":[{"count":1,"href":"https:\/\/arantv.az\/index.php?rest_route=\/wp\/v2\/posts\/763901\/revisions"}],"predecessor-version":[{"id":763903,"href":"https:\/\/arantv.az\/index.php?rest_route=\/wp\/v2\/posts\/763901\/revisions\/763903"}],"wp:featuredmedia":[{"embeddable":true,"href":"https:\/\/arantv.az\/index.php?rest_route=\/wp\/v2\/media\/763902"}],"wp:attachment":[{"href":"https:\/\/arantv.az\/index.php?rest_route=%2Fwp%2Fv2%2Fmedia&parent=763901"}],"wp:term":[{"taxonomy":"category","embeddable":true,"href":"https:\/\/arantv.az\/index.php?rest_route=%2Fwp%2Fv2%2Fcategories&post=763901"},{"taxonomy":"post_tag","embeddable":true,"href":"https:\/\/arantv.az\/index.php?rest_route=%2Fwp%2Fv2%2Ftags&post=763901"}],"curies":[{"name":"wp","href":"https:\/\/api.w.org\/{rel}","templated":true}]}}