{"id":763920,"date":"2024-10-24T14:03:05","date_gmt":"2024-10-24T10:03:05","guid":{"rendered":"https:\/\/arantv.az\/?p=763920"},"modified":"2024-10-24T14:03:05","modified_gmt":"2024-10-24T10:03:05","slug":"pasinyan-gozunu-%c9%99liyevd%c9%99n-ayirmadan-ona-n%c9%99l%c9%99rs%c9%99-picildayir-brics-d%c9%99n-video","status":"publish","type":"post","link":"https:\/\/arantv.az\/?p=763920","title":{"rendered":"Pa\u015finyan g\u00f6z\u00fcn\u00fc \u018fliyevd\u0259n ay\u0131rmadan ona n\u0259l\u0259rs\u0259 p\u0131\u00e7\u0131lday\u0131r- BR\u0130CS-d\u0259n V\u0130DEO"},"content":{"rendered":"<p><strong>Pa\u015finyan\u0131n BR\u0130CS iclas\u0131nda Prezident \u0130lham \u018fliyev\u0259 dayanmadan n\u0259yis\u0259 izah etm\u0259si il\u0259 ba\u011fl\u0131 video yay\u0131l\u0131b.\u00a0<\/strong><\/p>\n<p><strong>ARANTV.AZ <\/strong>\u00a0x\u0259b\u0259r verir ki,\u00a0Erm\u0259nistan Ba\u015f Naziri Nikol Pa\u015finyan BR\u0130CS sammitind\u0259 Az\u0259rbaycan Prezidenti \u0130lham \u018fliyev\u0259 n\u0259s\u0259 anlatma\u011fa \u00e7al\u0131\u015f\u0131b.<\/p>\n<p>Videodan g\u00f6r\u00fcn\u00fcr ki,\u00a0 Pa\u015finyan g\u00f6z\u00fcn\u00fc \u018fliyevd\u0259n ay\u0131rmadan, ona n\u0259l\u0259rs\u0259 p\u0131\u00e7\u0131lday\u0131r&#8230;<\/p>\n<p>\u0130lham \u018fliyevin soyuq t\u00f6vr\u00fc v\u0259 he\u00e7 ona t\u0259r\u0259f d\u00f6nm\u0259m\u0259si diqq\u0259t \u00e7\u0259kir.<\/p>\n<p><strong>Videonu t\u0259qdim edirik:<\/strong><\/p>\n<div id=\"jwplayer_video_1\" class=\"jwplayer jw-reset jw-state-idle jw-skin-seven jw-stretch-uniform jw-breakpoint-4\" tabindex=\"0\">\n<div class=\"jw-media jw-reset\"><\/div>\n<div class=\"jw-preview jw-reset\"><\/div>\n<div class=\"jw-overlays jw-reset\">\n<div id=\"jwplayer_video_1_jwpsrv\" class=\"jw-plugin jw-reset\"><\/div>\n<div id=\"jwplayer_video_1_related\" class=\"jw-plugin jw-reset jw-plugin-related\"><\/div>\n<\/div>\n<div class=\"jw-controls jw-reset\">\n<div class=\"jw-display-icon-container jw-background-color jw-reset\">\n<div class=\"jw-icon jw-icon-display jw-button-color jw-reset\" tabindex=\"0\" role=\"button\" aria-label=\"Start playback\"><\/div>\n<\/div>\n<div class=\"jw-controls-right jw-reset\">\n<div class=\"jw-dock jw-reset\"><\/div>\n<\/div>\n<div class=\"jw-nextup-container jw-reset\">\n<div class=\"jw-nextup jw-reset\">\n<div class=\"jw-nextup-tooltip jw-reset\">\n<div class=\"jw-nextup-header jw-reset\"><\/div>\n<div class=\"jw-nextup-body jw-background-color jw-reset\">\n<div class=\"jw-nextup-title jw-reset\"><\/div>\n<\/div>\n<\/div>\n<p><button class=\"jw-nextup-close\" aria-label=\"Next Up Close\"><\/button><\/div>\n<\/div>\n<\/div>\n<\/div>\n","protected":false},"excerpt":{"rendered":"<p>Pa\u015finyan\u0131n BR\u0130CS iclas\u0131nda Prezident \u0130lham \u018fliyev\u0259 dayanmadan n\u0259yis\u0259 izah etm\u0259si il\u0259 ba\u011fl\u0131 video yay\u0131l\u0131b.\u00a0 ARANTV.AZ \u00a0x\u0259b\u0259r verir ki,\u00a0Erm\u0259nistan Ba\u015f Naziri Nikol Pa\u015finyan BR\u0130CS sammitind\u0259 Az\u0259rbaycan Prezidenti \u0130lham \u018fliyev\u0259 n\u0259s\u0259 anlatma\u011fa \u00e7al\u0131\u015f\u0131b. Videodan g\u00f6r\u00fcn\u00fcr ki,\u00a0 Pa\u015finyan g\u00f6z\u00fcn\u00fc \u018fliyevd\u0259n ay\u0131rmadan, ona n\u0259l\u0259rs\u0259 p\u0131\u00e7\u0131lday\u0131r&#8230; \u0130lham \u018fliyevin soyuq t\u00f6vr\u00fc v\u0259 he\u00e7 ona t\u0259r\u0259f d\u00f6nm\u0259m\u0259si diqq\u0259t \u00e7\u0259kir. Videonu t\u0259qdim edirik:<\/p>\n","protected":false},"author":2,"featured_media":763921,"comment_status":"closed","ping_status":"closed","sticky":false,"template":"","format":"standard","meta":{"om_disable_all_campaigns":false,"_monsterinsights_skip_tracking":false,"_monsterinsights_sitenote_active":false,"_monsterinsights_sitenote_note":"","_monsterinsights_sitenote_category":0},"categories":[4],"tags":[],"aioseo_notices":[],"gutentor_comment":0,"rttpg_featured_image_url":{"full":["https:\/\/arantv.az\/wp-content\/uploads\/2024\/10\/d8876e2ab54e0231303453386bf0ff2a.jpg",870,500,false],"landscape":["https:\/\/arantv.az\/wp-content\/uploads\/2024\/10\/d8876e2ab54e0231303453386bf0ff2a.jpg",870,500,false],"portraits":["https:\/\/arantv.az\/wp-content\/uploads\/2024\/10\/d8876e2ab54e0231303453386bf0ff2a.jpg",870,500,false],"thumbnail":["https:\/\/arantv.az\/wp-content\/uploads\/2024\/10\/d8876e2ab54e0231303453386bf0ff2a-500x280.jpg",500,280,true],"medium":["https:\/\/arantv.az\/wp-content\/uploads\/2024\/10\/d8876e2ab54e0231303453386bf0ff2a-635x365.jpg",635,365,true],"large":["https:\/\/arantv.az\/wp-content\/uploads\/2024\/10\/d8876e2ab54e0231303453386bf0ff2a-840x483.jpg",640,368,true],"1536x1536":["https:\/\/arantv.az\/wp-content\/uploads\/2024\/10\/d8876e2ab54e0231303453386bf0ff2a.jpg",870,500,false],"2048x2048":["https:\/\/arantv.az\/wp-content\/uploads\/2024\/10\/d8876e2ab54e0231303453386bf0ff2a.jpg",870,500,false],"post-thumbnail":["https:\/\/arantv.az\/wp-content\/uploads\/2024\/10\/d8876e2ab54e0231303453386bf0ff2a-240x172.jpg",240,172,true],"advps-thumb-one":["https:\/\/arantv.az\/wp-content\/uploads\/2024\/10\/d8876e2ab54e0231303453386bf0ff2a.jpg",870,500,false]},"rttpg_author":{"display_name":"V\u00fcsal Rafiqo\u011flu","author_link":"https:\/\/arantv.az\/?author=2"},"rttpg_comment":0,"rttpg_category":"<a href=\"https:\/\/arantv.az\/?cat=4\" rel=\"category\">Siyas\u0259t<\/a>","rttpg_excerpt":"Pa\u015finyan\u0131n BR\u0130CS iclas\u0131nda Prezident \u0130lham \u018fliyev\u0259 dayanmadan n\u0259yis\u0259 izah etm\u0259si il\u0259 ba\u011fl\u0131 video yay\u0131l\u0131b.\u00a0 ARANTV.AZ \u00a0x\u0259b\u0259r verir ki,\u00a0Erm\u0259nistan Ba\u015f Naziri Nikol Pa\u015finyan BR\u0130CS sammitind\u0259 Az\u0259rbaycan Prezidenti \u0130lham \u018fliyev\u0259 n\u0259s\u0259 anlatma\u011fa \u00e7al\u0131\u015f\u0131b. Videodan g\u00f6r\u00fcn\u00fcr ki,\u00a0 Pa\u015finyan g\u00f6z\u00fcn\u00fc \u018fliyevd\u0259n ay\u0131rmadan, ona n\u0259l\u0259rs\u0259 p\u0131\u00e7\u0131lday\u0131r&#8230; \u0130lham \u018fliyevin soyuq t\u00f6vr\u00fc v\u0259 he\u00e7 ona t\u0259r\u0259f d\u00f6nm\u0259m\u0259si diqq\u0259t \u00e7\u0259kir. Videonu t\u0259qdim edirik:","_links":{"self":[{"href":"https:\/\/arantv.az\/index.php?rest_route=\/wp\/v2\/posts\/763920"}],"collection":[{"href":"https:\/\/arantv.az\/index.php?rest_route=\/wp\/v2\/posts"}],"about":[{"href":"https:\/\/arantv.az\/index.php?rest_route=\/wp\/v2\/types\/post"}],"author":[{"embeddable":true,"href":"https:\/\/arantv.az\/index.php?rest_route=\/wp\/v2\/users\/2"}],"replies":[{"embeddable":true,"href":"https:\/\/arantv.az\/index.php?rest_route=%2Fwp%2Fv2%2Fcomments&post=763920"}],"version-history":[{"count":1,"href":"https:\/\/arantv.az\/index.php?rest_route=\/wp\/v2\/posts\/763920\/revisions"}],"predecessor-version":[{"id":763923,"href":"https:\/\/arantv.az\/index.php?rest_route=\/wp\/v2\/posts\/763920\/revisions\/763923"}],"wp:featuredmedia":[{"embeddable":true,"href":"https:\/\/arantv.az\/index.php?rest_route=\/wp\/v2\/media\/763921"}],"wp:attachment":[{"href":"https:\/\/arantv.az\/index.php?rest_route=%2Fwp%2Fv2%2Fmedia&parent=763920"}],"wp:term":[{"taxonomy":"category","embeddable":true,"href":"https:\/\/arantv.az\/index.php?rest_route=%2Fwp%2Fv2%2Fcategories&post=763920"},{"taxonomy":"post_tag","embeddable":true,"href":"https:\/\/arantv.az\/index.php?rest_route=%2Fwp%2Fv2%2Ftags&post=763920"}],"curies":[{"name":"wp","href":"https:\/\/api.w.org\/{rel}","templated":true}]}}