{"id":763924,"date":"2024-10-24T14:03:47","date_gmt":"2024-10-24T10:03:47","guid":{"rendered":"https:\/\/arantv.az\/?p=763924"},"modified":"2024-10-24T14:03:47","modified_gmt":"2024-10-24T10:03:47","slug":"pezeskian-pasinyanla-gorusdu","status":"publish","type":"post","link":"https:\/\/arantv.az\/?p=763924","title":{"rendered":"Peze\u015fkian Pa\u015finyanla G\u00d6R\u00dc\u015eD\u00dc"},"content":{"rendered":"<p><strong>Tehranla \u0259laq\u0259l\u0259rin daha da inki\u015faf etdirilm\u0259si \u0130r\u0259van \u00fc\u00e7\u00fcn prioritetdir.<\/strong><\/p>\n<p>Bunu \u00f6lk\u0259nin ba\u015f naziri Nikol Pa\u015finyan Kazanda ke\u00e7iril\u0259n BRICS sammiti \u00e7\u0259r\u00e7iv\u0259sind\u0259 \u0130ran prezidenti M\u0259sud Peze\u015fkianla g\u00f6r\u00fc\u015f\u00fcnd\u0259 deyib.<\/p>\n<p>Onun s\u00f6zl\u0259rin\u0259 g\u00f6r\u0259, Peze\u015fkian\u0131n prezidentliyi d\u00f6vr\u00fcnd\u0259n b\u0259ri \u0130ranla m\u00fcnasib\u0259tl\u0259rin dinamikas\u0131 n\u0259inki qorunub saxlan\u0131l\u0131b, h\u0259tta inki\u015faf edir.<\/p>\n<div class=\"time-divider\">***<\/div>\n<p><strong>\u0130ran Prezidenti M\u0259sud Peze\u015fkian BR\u0130CS sammiti \u00e7\u0259r\u00e7iv\u0259sind\u0259 Erm\u0259nistan\u0131n ba\u015f naziri Nikol Pa\u015finyanla g\u00f6r\u00fc\u015f\u00fcb.<\/strong><\/p>\n<p>M\u0259lumat\u0131 \u0130SNA yay\u0131b.<\/p>\n<p>Qeyd ed\u0259k ki, bu, \u0130ran Prezidenti il\u0259 Erm\u0259nistan ba\u015f naziri aras\u0131nda ikinci g\u00f6r\u00fc\u015fd\u00fcr. \u0130lk g\u00f6r\u00fc\u015f bu ilin iyul ay\u0131nda Tehranda ba\u015f tutub.\/\/Report<\/p>\n","protected":false},"excerpt":{"rendered":"<p>Tehranla \u0259laq\u0259l\u0259rin daha da inki\u015faf etdirilm\u0259si \u0130r\u0259van \u00fc\u00e7\u00fcn prioritetdir. Bunu \u00f6lk\u0259nin ba\u015f naziri Nikol Pa\u015finyan Kazanda ke\u00e7iril\u0259n BRICS sammiti \u00e7\u0259r\u00e7iv\u0259sind\u0259 \u0130ran prezidenti M\u0259sud Peze\u015fkianla g\u00f6r\u00fc\u015f\u00fcnd\u0259 deyib. Onun s\u00f6zl\u0259rin\u0259 g\u00f6r\u0259, Peze\u015fkian\u0131n prezidentliyi d\u00f6vr\u00fcnd\u0259n b\u0259ri \u0130ranla m\u00fcnasib\u0259tl\u0259rin dinamikas\u0131 n\u0259inki qorunub saxlan\u0131l\u0131b, h\u0259tta inki\u015faf edir. *** \u0130ran Prezidenti M\u0259sud Peze\u015fkian BR\u0130CS sammiti \u00e7\u0259r\u00e7iv\u0259sind\u0259 Erm\u0259nistan\u0131n ba\u015f naziri Nikol Pa\u015finyanla g\u00f6r\u00fc\u015f\u00fcb. M\u0259lumat\u0131 \u0130SNA yay\u0131b. Qeyd ed\u0259k ki, bu, \u0130ran Prezidenti il\u0259 Erm\u0259nistan ba\u015f naziri aras\u0131nda ikinci g\u00f6r\u00fc\u015fd\u00fcr. \u0130lk g\u00f6r\u00fc\u015f bu ilin iyul ay\u0131nda Tehranda ba\u015f tutub.\/\/Report<\/p>\n","protected":false},"author":2,"featured_media":763925,"comment_status":"closed","ping_status":"closed","sticky":false,"template":"","format":"standard","meta":{"om_disable_all_campaigns":false,"_monsterinsights_skip_tracking":false,"_monsterinsights_sitenote_active":false,"_monsterinsights_sitenote_note":"","_monsterinsights_sitenote_category":0},"categories":[4],"tags":[],"aioseo_notices":[],"gutentor_comment":0,"rttpg_featured_image_url":{"full":["https:\/\/arantv.az\/wp-content\/uploads\/2024\/10\/7060872b288e746eb1ab713741db2815.jpg",850,500,false],"landscape":["https:\/\/arantv.az\/wp-content\/uploads\/2024\/10\/7060872b288e746eb1ab713741db2815.jpg",850,500,false],"portraits":["https:\/\/arantv.az\/wp-content\/uploads\/2024\/10\/7060872b288e746eb1ab713741db2815.jpg",850,500,false],"thumbnail":["https:\/\/arantv.az\/wp-content\/uploads\/2024\/10\/7060872b288e746eb1ab713741db2815-500x280.jpg",500,280,true],"medium":["https:\/\/arantv.az\/wp-content\/uploads\/2024\/10\/7060872b288e746eb1ab713741db2815-621x365.jpg",621,365,true],"large":["https:\/\/arantv.az\/wp-content\/uploads\/2024\/10\/7060872b288e746eb1ab713741db2815-840x494.jpg",640,376,true],"1536x1536":["https:\/\/arantv.az\/wp-content\/uploads\/2024\/10\/7060872b288e746eb1ab713741db2815.jpg",850,500,false],"2048x2048":["https:\/\/arantv.az\/wp-content\/uploads\/2024\/10\/7060872b288e746eb1ab713741db2815.jpg",850,500,false],"post-thumbnail":["https:\/\/arantv.az\/wp-content\/uploads\/2024\/10\/7060872b288e746eb1ab713741db2815-240x172.jpg",240,172,true],"advps-thumb-one":["https:\/\/arantv.az\/wp-content\/uploads\/2024\/10\/7060872b288e746eb1ab713741db2815.jpg",850,500,false]},"rttpg_author":{"display_name":"V\u00fcsal Rafiqo\u011flu","author_link":"https:\/\/arantv.az\/?author=2"},"rttpg_comment":0,"rttpg_category":"<a href=\"https:\/\/arantv.az\/?cat=4\" rel=\"category\">Siyas\u0259t<\/a>","rttpg_excerpt":"Tehranla \u0259laq\u0259l\u0259rin daha da inki\u015faf etdirilm\u0259si \u0130r\u0259van \u00fc\u00e7\u00fcn prioritetdir. Bunu \u00f6lk\u0259nin ba\u015f naziri Nikol Pa\u015finyan Kazanda ke\u00e7iril\u0259n BRICS sammiti \u00e7\u0259r\u00e7iv\u0259sind\u0259 \u0130ran prezidenti M\u0259sud Peze\u015fkianla g\u00f6r\u00fc\u015f\u00fcnd\u0259 deyib. Onun s\u00f6zl\u0259rin\u0259 g\u00f6r\u0259, Peze\u015fkian\u0131n prezidentliyi d\u00f6vr\u00fcnd\u0259n b\u0259ri \u0130ranla m\u00fcnasib\u0259tl\u0259rin dinamikas\u0131 n\u0259inki qorunub saxlan\u0131l\u0131b, h\u0259tta inki\u015faf edir. *** \u0130ran Prezidenti M\u0259sud Peze\u015fkian BR\u0130CS sammiti \u00e7\u0259r\u00e7iv\u0259sind\u0259 Erm\u0259nistan\u0131n ba\u015f naziri Nikol Pa\u015finyanla&hellip;","_links":{"self":[{"href":"https:\/\/arantv.az\/index.php?rest_route=\/wp\/v2\/posts\/763924"}],"collection":[{"href":"https:\/\/arantv.az\/index.php?rest_route=\/wp\/v2\/posts"}],"about":[{"href":"https:\/\/arantv.az\/index.php?rest_route=\/wp\/v2\/types\/post"}],"author":[{"embeddable":true,"href":"https:\/\/arantv.az\/index.php?rest_route=\/wp\/v2\/users\/2"}],"replies":[{"embeddable":true,"href":"https:\/\/arantv.az\/index.php?rest_route=%2Fwp%2Fv2%2Fcomments&post=763924"}],"version-history":[{"count":1,"href":"https:\/\/arantv.az\/index.php?rest_route=\/wp\/v2\/posts\/763924\/revisions"}],"predecessor-version":[{"id":763926,"href":"https:\/\/arantv.az\/index.php?rest_route=\/wp\/v2\/posts\/763924\/revisions\/763926"}],"wp:featuredmedia":[{"embeddable":true,"href":"https:\/\/arantv.az\/index.php?rest_route=\/wp\/v2\/media\/763925"}],"wp:attachment":[{"href":"https:\/\/arantv.az\/index.php?rest_route=%2Fwp%2Fv2%2Fmedia&parent=763924"}],"wp:term":[{"taxonomy":"category","embeddable":true,"href":"https:\/\/arantv.az\/index.php?rest_route=%2Fwp%2Fv2%2Fcategories&post=763924"},{"taxonomy":"post_tag","embeddable":true,"href":"https:\/\/arantv.az\/index.php?rest_route=%2Fwp%2Fv2%2Ftags&post=763924"}],"curies":[{"name":"wp","href":"https:\/\/api.w.org\/{rel}","templated":true}]}}