{"id":763935,"date":"2024-10-24T14:06:44","date_gmt":"2024-10-24T10:06:44","guid":{"rendered":"https:\/\/arantv.az\/?p=763935"},"modified":"2024-10-24T14:06:44","modified_gmt":"2024-10-24T10:06:44","slug":"ilham-%c9%99liyev-xvi-brics-sammitinin-ilk-plenar-iclasinda-istirak-edir-foto-video","status":"publish","type":"post","link":"https:\/\/arantv.az\/?p=763935","title":{"rendered":"\u0130lham \u018fliyev XVI BR\u0130CS Sammitinin ilk plenar iclas\u0131nda i\u015ftirak edir &#8211; FOTO, V\u0130DEO"},"content":{"rendered":"<div class=\"text-content\" data-id=\"\" data-url=\"\">\n<p><strong>Kazan \u015f\u0259h\u0259rind\u0259 XVI BR\u0130CS Sammitinin \u201cOutreach\u201d\/\u201cBR\u0130CS+\u201d format\u0131n\u0131n ilk plenar iclas\u0131 ke\u00e7irilir.<\/strong><\/p>\n<p><strong>Musavat.com<\/strong>-un m\u0259lumat\u0131na g\u00f6r\u0259, Az\u0259rbaycan Prezidenti \u0130lham \u018fliyev t\u0259dbird\u0259 i\u015ftirak edir.<\/p>\n<p>\u018fvv\u0259lc\u0259 XVI BRICS Sammitinin \u201cOutreach\u201d\/\u201cBRICS+\u201d format\u0131n\u0131n n\u00fcmay\u0259nd\u0259 hey\u0259tl\u0259ri ba\u015f\u00e7\u0131lar\u0131 &#8211; i\u015ftirak\u00e7\u0131lar birg\u0259 foto \u00e7\u0259kdiribl\u0259r.<\/p>\n<div id=\"jwplayer_video_1\" class=\"jwplayer jw-reset jw-state-idle jw-skin-seven jw-stretch-uniform jw-breakpoint-4 jw-flag-user-inactive\" tabindex=\"0\">\n<div class=\"jw-media jw-reset\"><\/div>\n<div class=\"jw-preview jw-reset\"><\/div>\n<div class=\"jw-overlays jw-reset\">\n<div id=\"jwplayer_video_1_jwpsrv\" class=\"jw-plugin jw-reset\"><\/div>\n<div id=\"jwplayer_video_1_related\" class=\"jw-plugin jw-reset jw-plugin-related\"><\/div>\n<\/div>\n<div class=\"jw-controls jw-reset\">\n<div class=\"jw-display-icon-container jw-background-color jw-reset\">\n<div class=\"jw-icon jw-icon-display jw-button-color jw-reset\" tabindex=\"0\" role=\"button\" aria-label=\"Start playback\"><\/div>\n<\/div>\n<div class=\"jw-controls-right jw-reset\">\n<div class=\"jw-dock jw-reset\"><\/div>\n<\/div>\n<div class=\"jw-nextup-container jw-reset\">\n<div class=\"jw-nextup jw-reset\">\n<div class=\"jw-nextup-tooltip jw-reset\">\n<div class=\"jw-nextup-header jw-reset\"><\/div>\n<div class=\"jw-nextup-body jw-background-color jw-reset\">\n<div class=\"jw-nextup-title jw-reset\"><\/div>\n<\/div>\n<\/div>\n<p><button class=\"jw-nextup-close\" aria-label=\"Next Up Close\"><\/button><\/div>\n<\/div>\n<\/div>\n<div class=\"afs_ads\"><\/div>\n<\/div>\n<\/div>\n<div>\n<div class=\"form-group\"><img class=\"img-responsive\" src=\"https:\/\/cdn.musavat.com\/news\/images\/Gugu\/c3abb71e-a911-3724-8989-030710e8.jpg\" \/><\/div>\n<div class=\"form-group\"><img class=\"img-responsive\" src=\"https:\/\/cdn.musavat.com\/news\/images\/Gugu\/e629798f-8c6b-3ce6-93ad-68f7a3f6.jpg\" \/><\/div>\n<\/div>\n<div><\/div>\n<div class=\"inner-social-box\">\n<div class=\"subs-in-social subs-whatsapp\"><\/div>\n<\/div>\n","protected":false},"excerpt":{"rendered":"<p>Kazan \u015f\u0259h\u0259rind\u0259 XVI BR\u0130CS Sammitinin \u201cOutreach\u201d\/\u201cBR\u0130CS+\u201d format\u0131n\u0131n ilk plenar iclas\u0131 ke\u00e7irilir. Musavat.com-un m\u0259lumat\u0131na g\u00f6r\u0259, Az\u0259rbaycan Prezidenti \u0130lham \u018fliyev t\u0259dbird\u0259 i\u015ftirak edir. \u018fvv\u0259lc\u0259 XVI BRICS Sammitinin \u201cOutreach\u201d\/\u201cBRICS+\u201d format\u0131n\u0131n n\u00fcmay\u0259nd\u0259 hey\u0259tl\u0259ri ba\u015f\u00e7\u0131lar\u0131 &#8211; i\u015ftirak\u00e7\u0131lar birg\u0259 foto \u00e7\u0259kdiribl\u0259r.<\/p>\n","protected":false},"author":2,"featured_media":763936,"comment_status":"closed","ping_status":"closed","sticky":false,"template":"","format":"standard","meta":{"om_disable_all_campaigns":false,"_monsterinsights_skip_tracking":false,"_monsterinsights_sitenote_active":false,"_monsterinsights_sitenote_note":"","_monsterinsights_sitenote_category":0},"categories":[4],"tags":[],"aioseo_notices":[],"gutentor_comment":0,"rttpg_featured_image_url":{"full":["https:\/\/arantv.az\/wp-content\/uploads\/2024\/10\/6d2cb81c5e0a596860cc04adc87883bf.jpg",850,500,false],"landscape":["https:\/\/arantv.az\/wp-content\/uploads\/2024\/10\/6d2cb81c5e0a596860cc04adc87883bf.jpg",850,500,false],"portraits":["https:\/\/arantv.az\/wp-content\/uploads\/2024\/10\/6d2cb81c5e0a596860cc04adc87883bf.jpg",850,500,false],"thumbnail":["https:\/\/arantv.az\/wp-content\/uploads\/2024\/10\/6d2cb81c5e0a596860cc04adc87883bf-500x280.jpg",500,280,true],"medium":["https:\/\/arantv.az\/wp-content\/uploads\/2024\/10\/6d2cb81c5e0a596860cc04adc87883bf-621x365.jpg",621,365,true],"large":["https:\/\/arantv.az\/wp-content\/uploads\/2024\/10\/6d2cb81c5e0a596860cc04adc87883bf-840x494.jpg",640,376,true],"1536x1536":["https:\/\/arantv.az\/wp-content\/uploads\/2024\/10\/6d2cb81c5e0a596860cc04adc87883bf.jpg",850,500,false],"2048x2048":["https:\/\/arantv.az\/wp-content\/uploads\/2024\/10\/6d2cb81c5e0a596860cc04adc87883bf.jpg",850,500,false],"post-thumbnail":["https:\/\/arantv.az\/wp-content\/uploads\/2024\/10\/6d2cb81c5e0a596860cc04adc87883bf-240x172.jpg",240,172,true],"advps-thumb-one":["https:\/\/arantv.az\/wp-content\/uploads\/2024\/10\/6d2cb81c5e0a596860cc04adc87883bf.jpg",850,500,false]},"rttpg_author":{"display_name":"V\u00fcsal Rafiqo\u011flu","author_link":"https:\/\/arantv.az\/?author=2"},"rttpg_comment":0,"rttpg_category":"<a href=\"https:\/\/arantv.az\/?cat=4\" rel=\"category\">Siyas\u0259t<\/a>","rttpg_excerpt":"Kazan \u015f\u0259h\u0259rind\u0259 XVI BR\u0130CS Sammitinin \u201cOutreach\u201d\/\u201cBR\u0130CS+\u201d format\u0131n\u0131n ilk plenar iclas\u0131 ke\u00e7irilir. Musavat.com-un m\u0259lumat\u0131na g\u00f6r\u0259, Az\u0259rbaycan Prezidenti \u0130lham \u018fliyev t\u0259dbird\u0259 i\u015ftirak edir. \u018fvv\u0259lc\u0259 XVI BRICS Sammitinin \u201cOutreach\u201d\/\u201cBRICS+\u201d format\u0131n\u0131n n\u00fcmay\u0259nd\u0259 hey\u0259tl\u0259ri ba\u015f\u00e7\u0131lar\u0131 &#8211; i\u015ftirak\u00e7\u0131lar birg\u0259 foto \u00e7\u0259kdiribl\u0259r.","_links":{"self":[{"href":"https:\/\/arantv.az\/index.php?rest_route=\/wp\/v2\/posts\/763935"}],"collection":[{"href":"https:\/\/arantv.az\/index.php?rest_route=\/wp\/v2\/posts"}],"about":[{"href":"https:\/\/arantv.az\/index.php?rest_route=\/wp\/v2\/types\/post"}],"author":[{"embeddable":true,"href":"https:\/\/arantv.az\/index.php?rest_route=\/wp\/v2\/users\/2"}],"replies":[{"embeddable":true,"href":"https:\/\/arantv.az\/index.php?rest_route=%2Fwp%2Fv2%2Fcomments&post=763935"}],"version-history":[{"count":1,"href":"https:\/\/arantv.az\/index.php?rest_route=\/wp\/v2\/posts\/763935\/revisions"}],"predecessor-version":[{"id":763937,"href":"https:\/\/arantv.az\/index.php?rest_route=\/wp\/v2\/posts\/763935\/revisions\/763937"}],"wp:featuredmedia":[{"embeddable":true,"href":"https:\/\/arantv.az\/index.php?rest_route=\/wp\/v2\/media\/763936"}],"wp:attachment":[{"href":"https:\/\/arantv.az\/index.php?rest_route=%2Fwp%2Fv2%2Fmedia&parent=763935"}],"wp:term":[{"taxonomy":"category","embeddable":true,"href":"https:\/\/arantv.az\/index.php?rest_route=%2Fwp%2Fv2%2Fcategories&post=763935"},{"taxonomy":"post_tag","embeddable":true,"href":"https:\/\/arantv.az\/index.php?rest_route=%2Fwp%2Fv2%2Ftags&post=763935"}],"curies":[{"name":"wp","href":"https:\/\/api.w.org\/{rel}","templated":true}]}}