{"id":763942,"date":"2024-10-24T14:09:37","date_gmt":"2024-10-24T10:09:37","guid":{"rendered":"https:\/\/arantv.az\/?p=763942"},"modified":"2024-10-24T14:09:37","modified_gmt":"2024-10-24T10:09:37","slug":"qarabag-daglarinda-koc%c9%99ri-maldarligi-inkisaf-etdirm%c9%99k-mumkundurmu","status":"publish","type":"post","link":"https:\/\/arantv.az\/?p=763942","title":{"rendered":"Qaraba\u011f da\u011flar\u0131nda k\u00f6\u00e7\u0259ri maldarl\u0131\u011f\u0131 inki\u015faf etdirm\u0259k m\u00fcmk\u00fcnd\u00fcrm\u00fc?"},"content":{"rendered":"<p>D\u0259d\u0259-babadan az\u0259rbaycanl\u0131lar maldarl\u0131\u011f\u0131n inki\u015faf\u0131 \u00fc\u00e7\u00fcn s\u0259yl\u0259 \u00e7al\u0131\u015f\u0131b. Yaz-yay m\u00f6vs\u00fcm\u00fcn\u00fc yaylaqda ke\u00e7ir\u0259n k\u00f6\u00e7\u0259ri heyvandarlar havalar\u0131n soyumas\u0131 il\u0259 \u0259laq\u0259dar s\u00fcr\u00fcl\u0259rini Arana &#8211; q\u0131\u015fla\u011fa g\u0259tirib. Qaraba\u011f\u0131m\u0131z i\u015f\u011faldan \u0259vv\u0259l k\u00f6\u00e7\u0259ri maldarlar\u0131n yaylaq yeri olub. Lakin i\u015f\u011faldan sonra maldarlar Aran \u0259razil\u0259rind\u0259 y\u0259ni q\u0131\u015flaqda qalmal\u0131 oldular.<\/p>\n<p>B\u0259s bu g\u00fcn Qaraba\u011f da\u011flar\u0131nda k\u00f6\u00e7\u0259ri maldarl\u0131\u011f\u0131 inki\u015faf etdirm\u0259k m\u00fcmk\u00fcnd\u00fcrm\u00fc?<\/p>\n<p><a title=\"xeberler son xeberler 2024\" href=\"https:\/\/big.az\/\" target=\"_blank\" rel=\"noopener\">BiG.AZ<\/a>-a m\u00f6vzu il\u0259 ba\u011fl\u0131 a\u00e7\u0131qlama ver\u0259n k\u0259nd t\u0259s\u0259rr\u00fcfat\u0131 \u00fczr\u0259 ekspert Vahid M\u0259h\u0259rr\u0259mov qeyd edib ki, Az\u0259rbaycanda h\u0259r zaman k\u0259nd t\u0259s\u0259rr\u00fcfat\u0131 q\u0131\u015fda arana, yayda is\u0259 q\u0131\u015fla\u011fa k\u00f6\u00e7m\u0259si il\u0259 inki\u015faf edib:<\/p>\n<p><img class=\"imgbcode\" src=\"https:\/\/upload.az\/foto\/arxiv\/931.png\" alt=\"Qaraba\u011f da\u011flar\u0131nda k\u00f6\u00e7\u0259ri maldarl\u0131\u011f\u0131 inki\u015faf etdirm\u0259k m\u00fcmk\u00fcnd\u00fcrm\u00fc?\" \/>&#8220;Haz\u0131rda torpaqlar x\u00fcsusi m\u00fclkiyy\u0259td\u0259dir. Bir hiss\u0259si d\u00f6vl\u0259tin, bir hiss\u0259si is\u0259 b\u0259l\u0259diyy\u0259l\u0259rin t\u0259rkibind\u0259dir. \u0130\u015f\u011faldan azad edilmi\u015f \u0259razil\u0259rd\u0259 torpaqlar icar\u0259y\u0259 g\u00f6t\u00fcr\u00fcl\u00fcb. K\u0259nd T\u0259s\u0259rr\u00fcfat\u0131 Nazirliyi torpaqlar\u0131n hans\u0131 \u015firk\u0259tl\u0259r\u0259 icar\u0259y\u0259 verilm\u0259sin\u0259 dair q\u0259rar verib. Ona g\u00f6r\u0259 d\u0259 maldarl\u0131\u011f\u0131n yaylaqdan q\u0131\u015fla\u011fa k\u00f6\u00e7\u00fcr\u00fclm\u0259si kimi t\u0259dbirin h\u0259yata ke\u00e7irilm\u0259si haz\u0131rda m\u00fcmk\u00fcn deyil.<\/p>\n<div class=\"AdviadNativeVideo\"><\/div>\n<p>M\u0259s\u0259l\u0259nin dig\u0259r t\u0259r\u0259fi is\u0259 hava \u015f\u0259raitinin d\u0259yi\u015fm\u0259sidir. Son 30 il \u0259rzind\u0259 global istil\u0259\u015fm\u0259 ba\u015f verib. H\u0259m aran, h\u0259m d\u0259 da\u011f b\u00f6lg\u0259sind\u0259 v\u0259ziyy\u0259t d\u0259yi\u015fib. Y\u0259ni indi da\u011flarda yay ay\u0131nda ya\u011f\u0131\u015f bir o q\u0259d\u0259r ya\u011fmad\u0131\u011f\u0131 \u00fc\u00e7\u00fcn \u00f6r\u00fc\u015f v\u0259 t\u0259bii bi\u00e7\u0259n\u0259k \u0259razil\u0259rind\u0259 ot \u00f6rt\u00fcy\u00fc z\u0259ifl\u0259m\u0259y\u0259 ba\u015flay\u0131b. Bu b\u00f6lg\u0259l\u0259r\u0259 heyvanlar\u0131 apar\u0131b otarmaq \u0259vv\u0259lki kimi \u0259lveri\u015fli deyil. Bu s\u0259b\u0259bd\u0259n d\u0259, haz\u0131rda maldarl\u0131qla m\u0259\u015f\u011ful olan fermerl\u0259r mal-qaran\u0131 da\u011fa qald\u0131rmaqda maraql\u0131 deyil&#8221;.<\/p>\n<p><img class=\"imgbcode\" src=\"https:\/\/upload.az\/foto\/arxiv\/932.png\" alt=\"Qaraba\u011f da\u011flar\u0131nda k\u00f6\u00e7\u0259ri maldarl\u0131\u011f\u0131 inki\u015faf etdirm\u0259k m\u00fcmk\u00fcnd\u00fcrm\u00fc?\" \/>Vahid M\u0259h\u0259rr\u0259mov bildirdi ki, \u00fcmumiyy\u0259tl\u0259 son 10 ild\u0259 da\u011f b\u00f6lg\u0259l\u0259rind\u0259 hava d\u0259yi\u015fm\u0259si il\u0259 \u0259laq\u0259dar ot bi\u00e7imi a\u015fa\u011f\u0131 s\u0259viyy\u0259y\u0259 d\u00fc\u015f\u00fcb. Havalar isti ke\u00e7diyind\u0259n bitki \u00f6rt\u00fcy\u00fc ist\u0259nil\u0259n s\u0259viyy\u0259d\u0259 b\u00f6y\u00fcm\u00fcr:<\/p>\n<p>&#8220;Az\u0259rbaycanda maldarl\u0131\u011f\u0131n inki\u015faf\u0131 \u00fc\u00e7\u00fcn da\u011fl\u0131q \u0259razil\u0259r\u0259 getm\u0259d\u0259n d\u0259 aran b\u00f6lg\u0259sind\u0259 \u00e7ox m\u00fcnbit \u015f\u0259rait m\u00f6vcuddur. \u00d6r\u00fc\u015f sah\u0259l\u0259rinin vaxtl\u0131-vaxt\u0131nda suvar\u0131lmas\u0131 il\u0259 maldarl\u0131\u011f\u0131n y\u00fcks\u0259k s\u0259viyy\u0259d\u0259 inki\u015faf\u0131na nail ola bil\u0259rik. Otun yeti\u015fdirilm\u0259si v\u0259 maldarl\u0131\u011f\u0131n inki\u015faf\u0131 \u00fc\u00e7\u00fcn d\u00f6vl\u0259t qurumlar\u0131 vaxt\u0131nda laz\u0131m\u0131 t\u0259dbirl\u0259r g\u00f6rm\u0259lidirl\u0259r&#8221;.<\/p>\n","protected":false},"excerpt":{"rendered":"<p>D\u0259d\u0259-babadan az\u0259rbaycanl\u0131lar maldarl\u0131\u011f\u0131n inki\u015faf\u0131 \u00fc\u00e7\u00fcn s\u0259yl\u0259 \u00e7al\u0131\u015f\u0131b. Yaz-yay m\u00f6vs\u00fcm\u00fcn\u00fc yaylaqda ke\u00e7ir\u0259n k\u00f6\u00e7\u0259ri heyvandarlar havalar\u0131n soyumas\u0131 il\u0259 \u0259laq\u0259dar s\u00fcr\u00fcl\u0259rini Arana &#8211; q\u0131\u015fla\u011fa g\u0259tirib. Qaraba\u011f\u0131m\u0131z i\u015f\u011faldan \u0259vv\u0259l k\u00f6\u00e7\u0259ri maldarlar\u0131n yaylaq yeri olub. Lakin i\u015f\u011faldan sonra maldarlar Aran \u0259razil\u0259rind\u0259 y\u0259ni q\u0131\u015flaqda qalmal\u0131 oldular. B\u0259s bu g\u00fcn Qaraba\u011f da\u011flar\u0131nda k\u00f6\u00e7\u0259ri maldarl\u0131\u011f\u0131 inki\u015faf etdirm\u0259k m\u00fcmk\u00fcnd\u00fcrm\u00fc? BiG.AZ-a m\u00f6vzu il\u0259 ba\u011fl\u0131 a\u00e7\u0131qlama ver\u0259n k\u0259nd t\u0259s\u0259rr\u00fcfat\u0131 \u00fczr\u0259 ekspert Vahid M\u0259h\u0259rr\u0259mov qeyd edib ki, Az\u0259rbaycanda h\u0259r zaman k\u0259nd t\u0259s\u0259rr\u00fcfat\u0131 q\u0131\u015fda arana, yayda is\u0259 q\u0131\u015fla\u011fa k\u00f6\u00e7m\u0259si il\u0259 inki\u015faf edib: &#8220;Haz\u0131rda torpaqlar x\u00fcsusi m\u00fclkiyy\u0259td\u0259dir. Bir hiss\u0259si d\u00f6vl\u0259tin, bir hiss\u0259si is\u0259 b\u0259l\u0259diyy\u0259l\u0259rin&hellip;<\/p>\n","protected":false},"author":2,"featured_media":763943,"comment_status":"closed","ping_status":"closed","sticky":false,"template":"","format":"standard","meta":{"om_disable_all_campaigns":false,"_monsterinsights_skip_tracking":false,"_monsterinsights_sitenote_active":false,"_monsterinsights_sitenote_note":"","_monsterinsights_sitenote_category":0},"categories":[1],"tags":[],"aioseo_notices":[],"gutentor_comment":0,"rttpg_featured_image_url":{"full":["https:\/\/arantv.az\/wp-content\/uploads\/2024\/10\/930.png",650,433,false],"landscape":["https:\/\/arantv.az\/wp-content\/uploads\/2024\/10\/930.png",650,433,false],"portraits":["https:\/\/arantv.az\/wp-content\/uploads\/2024\/10\/930.png",650,433,false],"thumbnail":["https:\/\/arantv.az\/wp-content\/uploads\/2024\/10\/930-500x280.png",500,280,true],"medium":["https:\/\/arantv.az\/wp-content\/uploads\/2024\/10\/930-548x365.png",548,365,true],"large":["https:\/\/arantv.az\/wp-content\/uploads\/2024\/10\/930.png",640,426,false],"1536x1536":["https:\/\/arantv.az\/wp-content\/uploads\/2024\/10\/930.png",650,433,false],"2048x2048":["https:\/\/arantv.az\/wp-content\/uploads\/2024\/10\/930.png",650,433,false],"post-thumbnail":["https:\/\/arantv.az\/wp-content\/uploads\/2024\/10\/930-240x172.png",240,172,true],"advps-thumb-one":["https:\/\/arantv.az\/wp-content\/uploads\/2024\/10\/930.png",650,433,false]},"rttpg_author":{"display_name":"V\u00fcsal Rafiqo\u011flu","author_link":"https:\/\/arantv.az\/?author=2"},"rttpg_comment":0,"rttpg_category":"<a href=\"https:\/\/arantv.az\/?cat=1\" rel=\"category\">C\u0259miyy\u0259t<\/a>","rttpg_excerpt":"D\u0259d\u0259-babadan az\u0259rbaycanl\u0131lar maldarl\u0131\u011f\u0131n inki\u015faf\u0131 \u00fc\u00e7\u00fcn s\u0259yl\u0259 \u00e7al\u0131\u015f\u0131b. Yaz-yay m\u00f6vs\u00fcm\u00fcn\u00fc yaylaqda ke\u00e7ir\u0259n k\u00f6\u00e7\u0259ri heyvandarlar havalar\u0131n soyumas\u0131 il\u0259 \u0259laq\u0259dar s\u00fcr\u00fcl\u0259rini Arana &#8211; q\u0131\u015fla\u011fa g\u0259tirib. Qaraba\u011f\u0131m\u0131z i\u015f\u011faldan \u0259vv\u0259l k\u00f6\u00e7\u0259ri maldarlar\u0131n yaylaq yeri olub. Lakin i\u015f\u011faldan sonra maldarlar Aran \u0259razil\u0259rind\u0259 y\u0259ni q\u0131\u015flaqda qalmal\u0131 oldular. B\u0259s bu g\u00fcn Qaraba\u011f da\u011flar\u0131nda k\u00f6\u00e7\u0259ri maldarl\u0131\u011f\u0131 inki\u015faf etdirm\u0259k m\u00fcmk\u00fcnd\u00fcrm\u00fc? BiG.AZ-a m\u00f6vzu il\u0259 ba\u011fl\u0131 a\u00e7\u0131qlama&hellip;","_links":{"self":[{"href":"https:\/\/arantv.az\/index.php?rest_route=\/wp\/v2\/posts\/763942"}],"collection":[{"href":"https:\/\/arantv.az\/index.php?rest_route=\/wp\/v2\/posts"}],"about":[{"href":"https:\/\/arantv.az\/index.php?rest_route=\/wp\/v2\/types\/post"}],"author":[{"embeddable":true,"href":"https:\/\/arantv.az\/index.php?rest_route=\/wp\/v2\/users\/2"}],"replies":[{"embeddable":true,"href":"https:\/\/arantv.az\/index.php?rest_route=%2Fwp%2Fv2%2Fcomments&post=763942"}],"version-history":[{"count":1,"href":"https:\/\/arantv.az\/index.php?rest_route=\/wp\/v2\/posts\/763942\/revisions"}],"predecessor-version":[{"id":763944,"href":"https:\/\/arantv.az\/index.php?rest_route=\/wp\/v2\/posts\/763942\/revisions\/763944"}],"wp:featuredmedia":[{"embeddable":true,"href":"https:\/\/arantv.az\/index.php?rest_route=\/wp\/v2\/media\/763943"}],"wp:attachment":[{"href":"https:\/\/arantv.az\/index.php?rest_route=%2Fwp%2Fv2%2Fmedia&parent=763942"}],"wp:term":[{"taxonomy":"category","embeddable":true,"href":"https:\/\/arantv.az\/index.php?rest_route=%2Fwp%2Fv2%2Fcategories&post=763942"},{"taxonomy":"post_tag","embeddable":true,"href":"https:\/\/arantv.az\/index.php?rest_route=%2Fwp%2Fv2%2Ftags&post=763942"}],"curies":[{"name":"wp","href":"https:\/\/api.w.org\/{rel}","templated":true}]}}