{"id":764346,"date":"2024-10-25T21:15:17","date_gmt":"2024-10-25T17:15:17","guid":{"rendered":"https:\/\/arantv.az\/?p=764346"},"modified":"2024-10-25T21:15:17","modified_gmt":"2024-10-25T17:15:17","slug":"s%c9%99hiyy%c9%99-nazirliyind%c9%99-ozb%c9%99kistan-zamin-beyn%c9%99lxalq-ictimai-fondunun-r%c9%99hb%c9%99rliyi-il%c9%99-gorus-kecirilib","status":"publish","type":"post","link":"https:\/\/arantv.az\/?p=764346","title":{"rendered":"S\u0259hiyy\u0259 Nazirliyind\u0259 \u00d6zb\u0259kistan \u201cZamin\u201d Beyn\u0259lxalq \u0130ctimai Fondunun r\u0259hb\u0259rliyi il\u0259 g\u00f6r\u00fc\u015f ke\u00e7irilib"},"content":{"rendered":"<div class=\"blog_text\">\n<p>Az\u0259rbaycan S\u0259hiyy\u0259 Nazirliyind\u0259 \u00d6zb\u0259kistan\u0131n \u201cZamin\u201d Beyn\u0259lxalq \u0130ctimai Fondunun \u0130cra orqan\u0131n\u0131n r\u0259hb\u0259ri Tamila Aliyevan\u0131n ba\u015f\u00e7\u0131l\u0131q etdiyi n\u00fcmay\u0259nd\u0259 hey\u0259ti il\u0259 g\u00f6r\u00fc\u015f ke\u00e7irilib. G\u00f6r\u00fc\u015fd\u0259, h\u0259m\u00e7inin Milli M\u0259clisin S\u0259hiyy\u0259 Komit\u0259sinin \u00fczv\u00fc, Heyd\u0259r \u018fliyev Fondunun Beyn\u0259lxalq \u0259laq\u0259l\u0259r departamentinin r\u0259hb\u0259ri Soltan M\u0259mm\u0259dov da i\u015ftirak edib.<br \/>\n<br data-uw-rm-sr=\"\" \/>Qonaqlar\u0131 salamlayan s\u0259hiyy\u0259 naziri Teymur Musayev iki \u00f6lk\u0259 aras\u0131nda \u0259laq\u0259l\u0259rin q\u0259dim tarix\u0259 malik oldu\u011funu v\u0259 y\u00fcks\u0259l\u0259n x\u0259tl\u0259 inki\u015faf etdiyini vur\u011fulay\u0131b: \u201c Haz\u0131rda \u00f6lk\u0259l\u0259rimiz aras\u0131nda \u0259m\u0259kda\u015fl\u0131q \u0259laq\u0259l\u0259ri y\u00fcks\u0259k s\u0259viyy\u0259d\u0259 inki\u015faf edir. \u0130kit\u0259r\u0259fli m\u00fcnasib\u0259tl\u0259rin inki\u015faf\u0131nda d\u00f6vl\u0259t ba\u015f\u00e7\u0131lar\u0131n\u0131n qar\u015f\u0131l\u0131ql\u0131 s\u0259f\u0259rl\u0259ri v\u0259 m\u00fcnt\u0259z\u0259m g\u00f6r\u00fc\u015fl\u0259ri x\u00fcsusi rol oynay\u0131r\u201d.<br \/>\n<br data-uw-rm-sr=\"\" \/>\u0130ki qarda\u015f \u00f6lk\u0259 aras\u0131nda s\u0259hiyy\u0259 sah\u0259sind\u0259 u\u011furlu \u0259m\u0259kda\u015fl\u0131\u011fa toxunan nazir \u00f6t\u0259n ilin oktyabr\u0131nda Da\u015fk\u0259ndd\u0259 T\u00fcrk d\u00fcnyas\u0131n\u0131n dahi o\u011flu Heyd\u0259r \u018fliyevin anadan olmas\u0131n\u0131n 100-c\u00fc ild\u00f6n\u00fcm\u00fcn\u0259 h\u0259sr olunmu\u015f &#8220;\u00d6zb\u0259kistan-Az\u0259rbaycan S\u0259hiyy\u0259 Dekadas\u0131&#8221;n\u0131n ke\u00e7irildiyini xat\u0131rlad\u0131b. \u201cDekada \u00e7\u0259r\u00e7iv\u0259sind\u0259 h\u0259r iki \u00f6lk\u0259nin tibb m\u00fct\u0259x\u0259ssisl\u0259ri \u00d6zb\u0259kistan v\u0259t\u0259nda\u015flar\u0131 \u00fc\u00e7\u00fcn m\u0259rh\u0259l\u0259li \u015f\u0259kild\u0259 y\u00fcks\u0259k texnoloji avadanl\u0131qlar vasit\u0259sil\u0259 100-d\u0259n art\u0131q c\u0259rahiyy\u0259 \u0259m\u0259liyyatlar icra edibl\u0259r, m\u00fcayin\u0259 v\u0259 m\u00fcalic\u0259l\u0259r apar\u0131blar. Eyni zamanda, \u015eu\u015fa \u015f\u0259h\u0259rind\u0259 ke\u00e7iril\u0259n T\u00fcrk D\u00f6vl\u0259tl\u0259ri T\u0259\u015fkilat\u0131na \u00fczv v\u0259 m\u00fc\u015fahid\u0259\u00e7i \u00f6lk\u0259l\u0259rin s\u0259hiyy\u0259 nazirl\u0259rinin IV iclas\u0131 \u00e7\u0259r\u00e7iv\u0259sind\u0259 Az\u0259rbaycan v\u0259 \u00d6zb\u0259kistan elmi-t\u0259dqiqat institutlar\u0131 v\u0259 m\u0259rk\u0259zl\u0259ri aras\u0131nda bir s\u0131ra Anla\u015fma Memorandumlar\u0131n\u0131n imzalan\u0131lmas\u0131 ba\u015f tutub\u201d.<br \/>\n<br data-uw-rm-sr=\"\" \/>\u201cZamin\u201d Beyn\u0259lxalq \u0130ctimai Fondunun \u00d6zb\u0259kistan\u0131n davaml\u0131 inki\u015faf\u0131n\u0131n t\u0259\u015fviqin\u0259 v\u0259 \u0259halinin h\u0259yat s\u0259viyy\u0259sinin y\u00fcks\u0259ldilm\u0259sin\u0259 y\u00f6n\u0259lmi\u015f f\u0259aliyy\u0259tini y\u00fcks\u0259k qiym\u0259tl\u0259ndir\u0259n Teymur Musayev \u00f6lk\u0259mizd\u0259 s\u0259hiyy\u0259 sah\u0259sind\u0259 apar\u0131lan m\u00fch\u00fcm i\u015fl\u0259rd\u0259 Heyd\u0259r \u018fliyev Fondu v\u0259 onun prezidenti, Az\u0259rbaycan\u0131n Birinci vitse-prezidenti Mehriban \u018fliyevan\u0131n rolunu x\u00fcsus\u0259n vur\u011fulay\u0131b.<br \/>\n<br data-uw-rm-sr=\"\" \/>Sonda Az\u0259rbaycan\u0131n s\u0259hiyy\u0259 naziri ikit\u0259r\u0259fli \u0259m\u0259kda\u015fl\u0131\u011f\u0131n daha da inki\u015faf ed\u0259c\u0259yin\u0259 \u0259minliyini ifad\u0259 edib.<\/p>\n<\/div>\n<div class=\"two_image\">\n<figure><img src=\"https:\/\/sehiyye.gov.az\/site\/assets\/files\/11818\/2_3.jpg\" alt=\" \" width=\"700\" data-uw-rm-alt-original=\"\" data-uw-rm-alt=\"BE\" \/><\/figure>\n<figure><img src=\"https:\/\/sehiyye.gov.az\/site\/assets\/files\/11818\/4_3.jpg\" width=\"700\" data-uw-rm-alt-original=\"\" data-uw-rm-alt=\"BE\" \/><\/figure>\n<\/div>\n<div class=\"blog_text\">\n<p>S\u0259mimi q\u0259bula g\u00f6r\u0259 minn\u0259tdarl\u0131\u011f\u0131n\u0131 bildir\u0259n \u201cZamin\u201d Beyn\u0259lxalq \u0130ctimai Fondunun \u0130cra Aparat\u0131n\u0131n r\u0259hb\u0259ri iki qarda\u015f \u00f6lk\u0259 aras\u0131nda \u0259m\u0259kda\u015fl\u0131q format\u0131n\u0131n bir \u00e7ox d\u00f6vl\u0259tl\u0259r \u00fc\u00e7\u00fcn n\u00fcmun\u0259vi oldu\u011funu vur\u011fulay\u0131b. Bel\u0259 g\u00f6r\u00fc\u015fl\u0259rin t\u0259cr\u00fcb\u0259 v\u0259 bilik m\u00fcbadil\u0259si bax\u0131m\u0131ndan \u00e7ox vacib oldu\u011funu qeyd ed\u0259n Tamil\u0259 Aliyeva \u201cZamin\u201d Fondunun f\u0259aliyy\u0259ti haqq\u0131nda da \u0259trafl\u0131 m\u0259lumat verib: \u201cBeyn\u0259lxalq \u0130ctimai Fond ekoloji v\u0259 sosial sah\u0259l\u0259rd\u0259 uzunm\u00fcdd\u0259tli, strateji \u0259h\u0259miyy\u0259tli v\u0259 davaml\u0131 layih\u0259l\u0259r\u0259 diqq\u0259t yetirm\u0259k m\u0259qs\u0259dil\u0259 yarad\u0131l\u0131b. Bundan \u0259lav\u0259, \u201cZamin\u201d Fondu il\u0259 Heyd\u0259r \u018fliyev Fondu aras\u0131nda s\u0131x \u0259m\u0259kda\u015fl\u0131q qurulub\u201d.<br \/>\n<br data-uw-rm-sr=\"\" \/>\u00d6z \u00e7\u0131x\u0131\u015f\u0131nda \u00d6zb\u0259kistan Beyn\u0259lxalq \u0130ctimai Fondunun \u0130cra orqan\u0131n\u0131n r\u0259hb\u0259ri t\u0259msil etdiyi qurumun Az\u0259rbaycan\u0131n S\u0259hiyy\u0259 Nazirliyi il\u0259 s\u0259m\u0259r\u0259li \u0259m\u0259kda\u015fl\u0131\u011f\u0131n qurulmas\u0131nda maraql\u0131 oldu\u011funu bildirib.<\/p>\n<\/div>\n<div class=\"two_image\">\n<figure><img src=\"https:\/\/sehiyye.gov.az\/site\/assets\/files\/11819\/3_5.jpg\" width=\"700\" data-uw-rm-alt-original=\"\" data-uw-rm-alt=\"BE\" \/><\/figure>\n<\/div>\n<div class=\"blog_text\">\n<p>G\u00f6r\u00fc\u015fd\u0259, h\u0259m\u00e7inin qar\u015f\u0131l\u0131ql\u0131 maraq do\u011furan dig\u0259r m\u0259s\u0259l\u0259l\u0259r, o c\u00fcml\u0259d\u0259n immunologiya, hematologiya v\u0259 u\u015faq onkologiyas\u0131 sah\u0259l\u0259rind\u0259 birg\u0259 layih\u0259l\u0259rin h\u0259yata ke\u00e7irilm\u0259sin\u0259 dair fikir m\u00fcbadil\u0259si apar\u0131l\u0131b.<\/p>\n<\/div>\n","protected":false},"excerpt":{"rendered":"<p>Az\u0259rbaycan S\u0259hiyy\u0259 Nazirliyind\u0259 \u00d6zb\u0259kistan\u0131n \u201cZamin\u201d Beyn\u0259lxalq \u0130ctimai Fondunun \u0130cra orqan\u0131n\u0131n r\u0259hb\u0259ri Tamila Aliyevan\u0131n ba\u015f\u00e7\u0131l\u0131q etdiyi n\u00fcmay\u0259nd\u0259 hey\u0259ti il\u0259 g\u00f6r\u00fc\u015f ke\u00e7irilib. G\u00f6r\u00fc\u015fd\u0259, h\u0259m\u00e7inin Milli M\u0259clisin S\u0259hiyy\u0259 Komit\u0259sinin \u00fczv\u00fc, Heyd\u0259r \u018fliyev Fondunun Beyn\u0259lxalq \u0259laq\u0259l\u0259r departamentinin r\u0259hb\u0259ri Soltan M\u0259mm\u0259dov da i\u015ftirak edib. Qonaqlar\u0131 salamlayan s\u0259hiyy\u0259 naziri Teymur Musayev iki \u00f6lk\u0259 aras\u0131nda \u0259laq\u0259l\u0259rin q\u0259dim tarix\u0259 malik oldu\u011funu v\u0259 y\u00fcks\u0259l\u0259n x\u0259tl\u0259 inki\u015faf etdiyini vur\u011fulay\u0131b: \u201c Haz\u0131rda \u00f6lk\u0259l\u0259rimiz aras\u0131nda \u0259m\u0259kda\u015fl\u0131q \u0259laq\u0259l\u0259ri y\u00fcks\u0259k s\u0259viyy\u0259d\u0259 inki\u015faf edir. \u0130kit\u0259r\u0259fli m\u00fcnasib\u0259tl\u0259rin inki\u015faf\u0131nda d\u00f6vl\u0259t ba\u015f\u00e7\u0131lar\u0131n\u0131n qar\u015f\u0131l\u0131ql\u0131 s\u0259f\u0259rl\u0259ri v\u0259 m\u00fcnt\u0259z\u0259m g\u00f6r\u00fc\u015fl\u0259ri x\u00fcsusi rol oynay\u0131r\u201d. \u0130ki qarda\u015f \u00f6lk\u0259 aras\u0131nda s\u0259hiyy\u0259 sah\u0259sind\u0259 u\u011furlu \u0259m\u0259kda\u015fl\u0131\u011fa&hellip;<\/p>\n","protected":false},"author":2,"featured_media":764347,"comment_status":"closed","ping_status":"closed","sticky":false,"template":"","format":"standard","meta":{"om_disable_all_campaigns":false,"_monsterinsights_skip_tracking":false,"_monsterinsights_sitenote_active":false,"_monsterinsights_sitenote_note":"","_monsterinsights_sitenote_category":0},"categories":[1],"tags":[],"aioseo_notices":[],"gutentor_comment":0,"rttpg_featured_image_url":{"full":["https:\/\/arantv.az\/wp-content\/uploads\/2024\/10\/521a934c9b82018ed9cb69ffff9dc1df.png",850,500,false],"landscape":["https:\/\/arantv.az\/wp-content\/uploads\/2024\/10\/521a934c9b82018ed9cb69ffff9dc1df.png",850,500,false],"portraits":["https:\/\/arantv.az\/wp-content\/uploads\/2024\/10\/521a934c9b82018ed9cb69ffff9dc1df.png",850,500,false],"thumbnail":["https:\/\/arantv.az\/wp-content\/uploads\/2024\/10\/521a934c9b82018ed9cb69ffff9dc1df-500x280.png",500,280,true],"medium":["https:\/\/arantv.az\/wp-content\/uploads\/2024\/10\/521a934c9b82018ed9cb69ffff9dc1df-621x365.png",621,365,true],"large":["https:\/\/arantv.az\/wp-content\/uploads\/2024\/10\/521a934c9b82018ed9cb69ffff9dc1df-840x494.png",640,376,true],"1536x1536":["https:\/\/arantv.az\/wp-content\/uploads\/2024\/10\/521a934c9b82018ed9cb69ffff9dc1df.png",850,500,false],"2048x2048":["https:\/\/arantv.az\/wp-content\/uploads\/2024\/10\/521a934c9b82018ed9cb69ffff9dc1df.png",850,500,false],"post-thumbnail":["https:\/\/arantv.az\/wp-content\/uploads\/2024\/10\/521a934c9b82018ed9cb69ffff9dc1df-240x172.png",240,172,true],"advps-thumb-one":["https:\/\/arantv.az\/wp-content\/uploads\/2024\/10\/521a934c9b82018ed9cb69ffff9dc1df.png",850,500,false]},"rttpg_author":{"display_name":"V\u00fcsal Rafiqo\u011flu","author_link":"https:\/\/arantv.az\/?author=2"},"rttpg_comment":0,"rttpg_category":"<a href=\"https:\/\/arantv.az\/?cat=1\" rel=\"category\">C\u0259miyy\u0259t<\/a>","rttpg_excerpt":"Az\u0259rbaycan S\u0259hiyy\u0259 Nazirliyind\u0259 \u00d6zb\u0259kistan\u0131n \u201cZamin\u201d Beyn\u0259lxalq \u0130ctimai Fondunun \u0130cra orqan\u0131n\u0131n r\u0259hb\u0259ri Tamila Aliyevan\u0131n ba\u015f\u00e7\u0131l\u0131q etdiyi n\u00fcmay\u0259nd\u0259 hey\u0259ti il\u0259 g\u00f6r\u00fc\u015f ke\u00e7irilib. G\u00f6r\u00fc\u015fd\u0259, h\u0259m\u00e7inin Milli M\u0259clisin S\u0259hiyy\u0259 Komit\u0259sinin \u00fczv\u00fc, Heyd\u0259r \u018fliyev Fondunun Beyn\u0259lxalq \u0259laq\u0259l\u0259r departamentinin r\u0259hb\u0259ri Soltan M\u0259mm\u0259dov da i\u015ftirak edib. Qonaqlar\u0131 salamlayan s\u0259hiyy\u0259 naziri Teymur Musayev iki \u00f6lk\u0259 aras\u0131nda \u0259laq\u0259l\u0259rin q\u0259dim tarix\u0259 malik oldu\u011funu v\u0259 y\u00fcks\u0259l\u0259n&hellip;","_links":{"self":[{"href":"https:\/\/arantv.az\/index.php?rest_route=\/wp\/v2\/posts\/764346"}],"collection":[{"href":"https:\/\/arantv.az\/index.php?rest_route=\/wp\/v2\/posts"}],"about":[{"href":"https:\/\/arantv.az\/index.php?rest_route=\/wp\/v2\/types\/post"}],"author":[{"embeddable":true,"href":"https:\/\/arantv.az\/index.php?rest_route=\/wp\/v2\/users\/2"}],"replies":[{"embeddable":true,"href":"https:\/\/arantv.az\/index.php?rest_route=%2Fwp%2Fv2%2Fcomments&post=764346"}],"version-history":[{"count":1,"href":"https:\/\/arantv.az\/index.php?rest_route=\/wp\/v2\/posts\/764346\/revisions"}],"predecessor-version":[{"id":764348,"href":"https:\/\/arantv.az\/index.php?rest_route=\/wp\/v2\/posts\/764346\/revisions\/764348"}],"wp:featuredmedia":[{"embeddable":true,"href":"https:\/\/arantv.az\/index.php?rest_route=\/wp\/v2\/media\/764347"}],"wp:attachment":[{"href":"https:\/\/arantv.az\/index.php?rest_route=%2Fwp%2Fv2%2Fmedia&parent=764346"}],"wp:term":[{"taxonomy":"category","embeddable":true,"href":"https:\/\/arantv.az\/index.php?rest_route=%2Fwp%2Fv2%2Fcategories&post=764346"},{"taxonomy":"post_tag","embeddable":true,"href":"https:\/\/arantv.az\/index.php?rest_route=%2Fwp%2Fv2%2Ftags&post=764346"}],"curies":[{"name":"wp","href":"https:\/\/api.w.org\/{rel}","templated":true}]}}