{"id":764362,"date":"2024-10-25T21:20:43","date_gmt":"2024-10-25T17:20:43","guid":{"rendered":"https:\/\/arantv.az\/?p=764362"},"modified":"2024-10-25T21:20:43","modified_gmt":"2024-10-25T17:20:43","slug":"qubadli-s%c9%99h%c9%99ri-gunu-munasib%c9%99til%c9%99-silsil%c9%99-t%c9%99dbirl%c9%99r-kecirilib","status":"publish","type":"post","link":"https:\/\/arantv.az\/?p=764362","title":{"rendered":"Qubadl\u0131 \u015e\u0259h\u0259ri G\u00fcn\u00fc m\u00fcnasib\u0259til\u0259 silsil\u0259 t\u0259dbirl\u0259r ke\u00e7irilib"},"content":{"rendered":"<p><em><strong>25 Oktyabr &#8211; Qubadl\u0131 \u015e\u0259h\u0259ri G\u00fcn\u00fc m\u00fcnasib\u0259til\u0259 Az\u0259rbaycan Ordusunda silsil\u0259 t\u0259dbirl\u0259r ke\u00e7irilib.<\/strong><\/em><\/p>\n<p><strong>ARANTV.AZ\u00a0 x\u0259b\u0259r verir ki,<\/strong>\u00a0\u00a0\u015f\u0259hid ail\u0259l\u0259rinin \u00fczvl\u0259ri, h\u0259rbi qulluq\u00e7ular, ictimaiyy\u0259t n\u00fcmay\u0259nd\u0259l\u0259ri v\u0259 m\u00fcharib\u0259 veteranlar\u0131n\u0131n i\u015ftirak etdiyi t\u0259dbirl\u0259rd\u0259 Ulu \u00d6nd\u0259r Heyd\u0259r \u018fliyevin v\u0259 V\u0259t\u0259nimizin azadl\u0131\u011f\u0131, suverenliyi, \u0259razi b\u00fct\u00f6vl\u00fcy\u00fc u\u011frunda canlar\u0131n\u0131 f\u0259da ed\u0259n \u015f\u0259hidl\u0259rimizin \u0259ziz xatir\u0259si bir d\u0259qiq\u0259lik s\u00fckutla yad edilib. Az\u0259rbaycan Respublikas\u0131n\u0131n D\u00f6vl\u0259t Himni s\u0259sl\u0259ndirilib.<\/p>\n<p>\u00c7\u0131x\u0131\u015f ed\u0259nl\u0259r Erm\u0259nistan silahl\u0131 birl\u0259\u015fm\u0259l\u0259rinin geni\u015fmiqyasl\u0131 t\u0259xribatlar\u0131na cavab olaraq Ali Ba\u015f komandan\u0131n r\u0259hb\u0259rliyi alt\u0131nda h\u0259yata ke\u00e7iril\u0259n \u0259ks-h\u00fccum \u0259m\u0259liyyatlar\u0131 n\u0259tic\u0259sind\u0259 \u0259ld\u0259 etdiyimiz \u015fanl\u0131 Z\u0259f\u0259rin tarixi \u0259h\u0259miyy\u0259tini, torpaqlar\u0131m\u0131z\u0131n i\u015f\u011faldan azad olunmas\u0131 namin\u0259 xalq\u0131m\u0131z\u0131n V\u0259t\u0259n m\u00fcharib\u0259sind\u0259 n\u00fcmayi\u015f etdirdiyi h\u0259mr\u0259yliyi, d\u00f6vl\u0259timizin \u0259traf\u0131nda s\u0131x birl\u0259\u015fm\u0259sini x\u00fcsusi vur\u011fulay\u0131b, el\u0259c\u0259 d\u0259 Qubadl\u0131n\u0131n d\u00fc\u015fm\u0259nd\u0259n azad edilm\u0259sinin strateji rolundan dan\u0131\u015f\u0131blar.<\/p>\n<p>Qeyd olunub ki, Az\u0259rbaycan Respublikas\u0131n\u0131n i\u015f\u011faldan azad edilmi\u015f \u0259razil\u0259ri \u00fczr\u0259 \u015f\u0259h\u0259r g\u00fcnl\u0259rinin t\u0259sis edilm\u0259si haqq\u0131nda Az\u0259rbaycan Respublikas\u0131 Prezidentinin m\u00fcvafiq s\u0259r\u0259ncamlar\u0131 xalq\u0131m\u0131z\u0131n tarixi \u0259n\u0259n\u0259l\u0259rin\u0259 veril\u0259n y\u00fcks\u0259k d\u0259y\u0259rin g\u00f6st\u0259ricisidir.<br \/>\nT\u0259dbirl\u0259rd\u0259 H\u0259zi Aslanov ad\u0131na Ordu \u0130deoloji v\u0259 M\u0259d\u0259niyy\u0259t M\u0259rk\u0259zi, G\u0259nc\u0259 Qarnizonu \u0130deoloji v\u0259 M\u0259d\u0259niyy\u0259t M\u0259rk\u0259zi, el\u0259c\u0259 d\u0259 h\u0259rbi orkestrl\u0259rin ifas\u0131nda v\u0259t\u0259np\u0259rv\u0259rliyi t\u0259r\u0259nn\u00fcm etdir\u0259n musiqi n\u00f6mr\u0259l\u0259ri t\u0259qdim edilib.<\/p>\n","protected":false},"excerpt":{"rendered":"<p>25 Oktyabr &#8211; Qubadl\u0131 \u015e\u0259h\u0259ri G\u00fcn\u00fc m\u00fcnasib\u0259til\u0259 Az\u0259rbaycan Ordusunda silsil\u0259 t\u0259dbirl\u0259r ke\u00e7irilib. ARANTV.AZ\u00a0 x\u0259b\u0259r verir ki,\u00a0\u00a0\u015f\u0259hid ail\u0259l\u0259rinin \u00fczvl\u0259ri, h\u0259rbi qulluq\u00e7ular, ictimaiyy\u0259t n\u00fcmay\u0259nd\u0259l\u0259ri v\u0259 m\u00fcharib\u0259 veteranlar\u0131n\u0131n i\u015ftirak etdiyi t\u0259dbirl\u0259rd\u0259 Ulu \u00d6nd\u0259r Heyd\u0259r \u018fliyevin v\u0259 V\u0259t\u0259nimizin azadl\u0131\u011f\u0131, suverenliyi, \u0259razi b\u00fct\u00f6vl\u00fcy\u00fc u\u011frunda canlar\u0131n\u0131 f\u0259da ed\u0259n \u015f\u0259hidl\u0259rimizin \u0259ziz xatir\u0259si bir d\u0259qiq\u0259lik s\u00fckutla yad edilib. Az\u0259rbaycan Respublikas\u0131n\u0131n D\u00f6vl\u0259t Himni s\u0259sl\u0259ndirilib. \u00c7\u0131x\u0131\u015f ed\u0259nl\u0259r Erm\u0259nistan silahl\u0131 birl\u0259\u015fm\u0259l\u0259rinin geni\u015fmiqyasl\u0131 t\u0259xribatlar\u0131na cavab olaraq Ali Ba\u015f komandan\u0131n r\u0259hb\u0259rliyi alt\u0131nda h\u0259yata ke\u00e7iril\u0259n \u0259ks-h\u00fccum \u0259m\u0259liyyatlar\u0131 n\u0259tic\u0259sind\u0259 \u0259ld\u0259 etdiyimiz \u015fanl\u0131 Z\u0259f\u0259rin tarixi \u0259h\u0259miyy\u0259tini, torpaqlar\u0131m\u0131z\u0131n i\u015f\u011faldan azad olunmas\u0131 namin\u0259 xalq\u0131m\u0131z\u0131n V\u0259t\u0259n m\u00fcharib\u0259sind\u0259 n\u00fcmayi\u015f etdirdiyi&hellip;<\/p>\n","protected":false},"author":2,"featured_media":764363,"comment_status":"closed","ping_status":"closed","sticky":false,"template":"","format":"standard","meta":{"om_disable_all_campaigns":false,"_monsterinsights_skip_tracking":false,"_monsterinsights_sitenote_active":false,"_monsterinsights_sitenote_note":"","_monsterinsights_sitenote_category":0},"categories":[10],"tags":[],"aioseo_notices":[],"gutentor_comment":0,"rttpg_featured_image_url":{"full":["https:\/\/arantv.az\/wp-content\/uploads\/2024\/10\/e5ba7c3b172987239224302188010537766.jpg",975,540,false],"landscape":["https:\/\/arantv.az\/wp-content\/uploads\/2024\/10\/e5ba7c3b172987239224302188010537766.jpg",975,540,false],"portraits":["https:\/\/arantv.az\/wp-content\/uploads\/2024\/10\/e5ba7c3b172987239224302188010537766.jpg",975,540,false],"thumbnail":["https:\/\/arantv.az\/wp-content\/uploads\/2024\/10\/e5ba7c3b172987239224302188010537766-500x280.jpg",500,280,true],"medium":["https:\/\/arantv.az\/wp-content\/uploads\/2024\/10\/e5ba7c3b172987239224302188010537766-660x365.jpg",660,365,true],"large":["https:\/\/arantv.az\/wp-content\/uploads\/2024\/10\/e5ba7c3b172987239224302188010537766-840x465.jpg",640,354,true],"1536x1536":["https:\/\/arantv.az\/wp-content\/uploads\/2024\/10\/e5ba7c3b172987239224302188010537766.jpg",975,540,false],"2048x2048":["https:\/\/arantv.az\/wp-content\/uploads\/2024\/10\/e5ba7c3b172987239224302188010537766.jpg",975,540,false],"post-thumbnail":["https:\/\/arantv.az\/wp-content\/uploads\/2024\/10\/e5ba7c3b172987239224302188010537766-240x172.jpg",240,172,true],"advps-thumb-one":["https:\/\/arantv.az\/wp-content\/uploads\/2024\/10\/e5ba7c3b172987239224302188010537766.jpg",975,540,false]},"rttpg_author":{"display_name":"V\u00fcsal Rafiqo\u011flu","author_link":"https:\/\/arantv.az\/?author=2"},"rttpg_comment":0,"rttpg_category":"<a href=\"https:\/\/arantv.az\/?cat=10\" rel=\"category\">C\u0259bh\u0259d\u0259n X\u0259b\u0259r<\/a>","rttpg_excerpt":"25 Oktyabr &#8211; Qubadl\u0131 \u015e\u0259h\u0259ri G\u00fcn\u00fc m\u00fcnasib\u0259til\u0259 Az\u0259rbaycan Ordusunda silsil\u0259 t\u0259dbirl\u0259r ke\u00e7irilib. ARANTV.AZ\u00a0 x\u0259b\u0259r verir ki,\u00a0\u00a0\u015f\u0259hid ail\u0259l\u0259rinin \u00fczvl\u0259ri, h\u0259rbi qulluq\u00e7ular, ictimaiyy\u0259t n\u00fcmay\u0259nd\u0259l\u0259ri v\u0259 m\u00fcharib\u0259 veteranlar\u0131n\u0131n i\u015ftirak etdiyi t\u0259dbirl\u0259rd\u0259 Ulu \u00d6nd\u0259r Heyd\u0259r \u018fliyevin v\u0259 V\u0259t\u0259nimizin azadl\u0131\u011f\u0131, suverenliyi, \u0259razi b\u00fct\u00f6vl\u00fcy\u00fc u\u011frunda canlar\u0131n\u0131 f\u0259da ed\u0259n \u015f\u0259hidl\u0259rimizin \u0259ziz xatir\u0259si bir d\u0259qiq\u0259lik s\u00fckutla yad edilib. Az\u0259rbaycan Respublikas\u0131n\u0131n D\u00f6vl\u0259t Himni s\u0259sl\u0259ndirilib.&hellip;","_links":{"self":[{"href":"https:\/\/arantv.az\/index.php?rest_route=\/wp\/v2\/posts\/764362"}],"collection":[{"href":"https:\/\/arantv.az\/index.php?rest_route=\/wp\/v2\/posts"}],"about":[{"href":"https:\/\/arantv.az\/index.php?rest_route=\/wp\/v2\/types\/post"}],"author":[{"embeddable":true,"href":"https:\/\/arantv.az\/index.php?rest_route=\/wp\/v2\/users\/2"}],"replies":[{"embeddable":true,"href":"https:\/\/arantv.az\/index.php?rest_route=%2Fwp%2Fv2%2Fcomments&post=764362"}],"version-history":[{"count":1,"href":"https:\/\/arantv.az\/index.php?rest_route=\/wp\/v2\/posts\/764362\/revisions"}],"predecessor-version":[{"id":764364,"href":"https:\/\/arantv.az\/index.php?rest_route=\/wp\/v2\/posts\/764362\/revisions\/764364"}],"wp:featuredmedia":[{"embeddable":true,"href":"https:\/\/arantv.az\/index.php?rest_route=\/wp\/v2\/media\/764363"}],"wp:attachment":[{"href":"https:\/\/arantv.az\/index.php?rest_route=%2Fwp%2Fv2%2Fmedia&parent=764362"}],"wp:term":[{"taxonomy":"category","embeddable":true,"href":"https:\/\/arantv.az\/index.php?rest_route=%2Fwp%2Fv2%2Fcategories&post=764362"},{"taxonomy":"post_tag","embeddable":true,"href":"https:\/\/arantv.az\/index.php?rest_route=%2Fwp%2Fv2%2Ftags&post=764362"}],"curies":[{"name":"wp","href":"https:\/\/api.w.org\/{rel}","templated":true}]}}