{"id":764383,"date":"2024-10-26T09:06:57","date_gmt":"2024-10-26T05:06:57","guid":{"rendered":"https:\/\/arantv.az\/?p=764383"},"modified":"2024-10-26T09:06:57","modified_gmt":"2024-10-26T05:06:57","slug":"tovuzda-iki-qardas-faci%c9%99vi-s%c9%99kild%c9%99-oldu-t%c9%99f%c9%99rruat","status":"publish","type":"post","link":"https:\/\/arantv.az\/?p=764383","title":{"rendered":"Tovuzda iki qarda\u015f faci\u0259vi \u015f\u0259kild\u0259 \u00f6ld\u00fc &#8211; T\u018fF\u018fRR\u00dcAT"},"content":{"rendered":"<div class=\"text-content\" data-id=\"\" data-url=\"\">\n<p>Tovuzda iki qarda\u015f faci\u0259vi \u015f\u0259kild\u0259 v\u0259fat edib.<\/p>\n<p>Xezerxeber.az-\u0131n m\u0259lumat\u0131na g\u00f6r\u0259, rayona yas m\u0259rasimin\u0259 g\u0259l\u0259n qarda\u015flar\u0131n d\u0259m qaz\u0131ndan bo\u011fularaq \u00f6ld\u00fckl\u0259ri ehtimal edilir.<\/p>\n<p>Qarda\u015flar Sumqay\u0131t \u015f\u0259h\u0259rind\u0259 ya\u015fay\u0131blar. Onlar rayonun \u018fsrik C\u0131rdaxan k\u0259ndin\u0259 yas m\u0259rasimin\u0259 g\u0259libl\u0259rmi\u015f. 72 ya\u015fl\u0131 Rafiq Bayramov v\u0259 qarda\u015f\u0131 63 ya\u015fl\u0131 Ramiz Bayramov gec\u0259l\u0259m\u0259k \u00fc\u00e7\u00fcn atalar\u0131na m\u0259xsus evd\u0259 qal\u0131blar. Ancaq onlar d\u0259m qaz\u0131ndan bo\u011fularaq \u00f6l\u00fcbl\u0259r.<\/p>\n<p>Yax\u0131nlar\u0131n\u0131n verdikl\u0259ri m\u0259lumata g\u00f6r\u0259, onlar\u0131n ata evind\u0259 yatd\u0131qlar\u0131 otaqdak\u0131 qaz sobas\u0131n\u0131n borusunda qu\u015flar yuva qurubmu\u015f. Yatmazdan \u0259vv\u0259l q\u0131zd\u0131r\u0131c\u0131n\u0131 yand\u0131r\u0131b, yuxuya gedibl\u0259r. S\u0259h\u0259r is\u0259 onlar\u0131n cans\u0131z b\u0259d\u0259nl\u0259rini bac\u0131lar\u0131 a\u015fkarlay\u0131b.<\/p>\n<p>H\u0259r iki qarda\u015f\u0131n meyiti m\u00fcayin\u0259 \u00fc\u00e7\u00fcn M\u0259hk\u0259m\u0259 Tibbi Ekspertiza v\u0259 Patoloji Anatomiya Birliyin\u0259 t\u0259hvil verilib.<\/p>\n<p>Faktla ba\u011fl\u0131 ara\u015fd\u0131rma apar\u0131l\u0131r.<\/p>\n<p>M\u00f6vzu il\u0259 ba\u011fl\u0131 daha \u0259trafl\u0131 videomaterial\u0131 t\u0259qdim edirik:<\/p>\n<p><iframe title=\"\u0130ki qarda\u015f faci\u0259vi \u015f\u0259kild\u0259 v\u0259fat edib\" src=\"https:\/\/www.youtube.com\/embed\/2w97OYJSgSg\" frameborder=\"0\" allowfullscreen=\"allowfullscreen\" data-mce-fragment=\"1\"><\/iframe><\/p>\n<\/div>\n<div><\/div>\n<div><\/div>\n<div class=\"inner-social-box\">\n<div class=\"subs-in-social subs-whatsapp\"><\/div>\n<\/div>\n","protected":false},"excerpt":{"rendered":"<p>Tovuzda iki qarda\u015f faci\u0259vi \u015f\u0259kild\u0259 v\u0259fat edib. Xezerxeber.az-\u0131n m\u0259lumat\u0131na g\u00f6r\u0259, rayona yas m\u0259rasimin\u0259 g\u0259l\u0259n qarda\u015flar\u0131n d\u0259m qaz\u0131ndan bo\u011fularaq \u00f6ld\u00fckl\u0259ri ehtimal edilir. Qarda\u015flar Sumqay\u0131t \u015f\u0259h\u0259rind\u0259 ya\u015fay\u0131blar. Onlar rayonun \u018fsrik C\u0131rdaxan k\u0259ndin\u0259 yas m\u0259rasimin\u0259 g\u0259libl\u0259rmi\u015f. 72 ya\u015fl\u0131 Rafiq Bayramov v\u0259 qarda\u015f\u0131 63 ya\u015fl\u0131 Ramiz Bayramov gec\u0259l\u0259m\u0259k \u00fc\u00e7\u00fcn atalar\u0131na m\u0259xsus evd\u0259 qal\u0131blar. Ancaq onlar d\u0259m qaz\u0131ndan bo\u011fularaq \u00f6l\u00fcbl\u0259r. Yax\u0131nlar\u0131n\u0131n verdikl\u0259ri m\u0259lumata g\u00f6r\u0259, onlar\u0131n ata evind\u0259 yatd\u0131qlar\u0131 otaqdak\u0131 qaz sobas\u0131n\u0131n borusunda qu\u015flar yuva qurubmu\u015f. Yatmazdan \u0259vv\u0259l q\u0131zd\u0131r\u0131c\u0131n\u0131 yand\u0131r\u0131b, yuxuya gedibl\u0259r. S\u0259h\u0259r is\u0259 onlar\u0131n cans\u0131z b\u0259d\u0259nl\u0259rini bac\u0131lar\u0131 a\u015fkarlay\u0131b. H\u0259r iki qarda\u015f\u0131n meyiti m\u00fcayin\u0259 \u00fc\u00e7\u00fcn M\u0259hk\u0259m\u0259&hellip;<\/p>\n","protected":false},"author":2,"featured_media":764384,"comment_status":"closed","ping_status":"closed","sticky":false,"template":"","format":"standard","meta":{"om_disable_all_campaigns":false,"_monsterinsights_skip_tracking":false,"_monsterinsights_sitenote_active":false,"_monsterinsights_sitenote_note":"","_monsterinsights_sitenote_category":0},"categories":[5],"tags":[],"aioseo_notices":[],"gutentor_comment":0,"rttpg_featured_image_url":{"full":["https:\/\/arantv.az\/wp-content\/uploads\/2024\/10\/0a25b39805bd65eaad4397e67dd49632.png",630,374,false],"landscape":["https:\/\/arantv.az\/wp-content\/uploads\/2024\/10\/0a25b39805bd65eaad4397e67dd49632.png",630,374,false],"portraits":["https:\/\/arantv.az\/wp-content\/uploads\/2024\/10\/0a25b39805bd65eaad4397e67dd49632.png",630,374,false],"thumbnail":["https:\/\/arantv.az\/wp-content\/uploads\/2024\/10\/0a25b39805bd65eaad4397e67dd49632-500x280.png",500,280,true],"medium":["https:\/\/arantv.az\/wp-content\/uploads\/2024\/10\/0a25b39805bd65eaad4397e67dd49632-615x365.png",615,365,true],"large":["https:\/\/arantv.az\/wp-content\/uploads\/2024\/10\/0a25b39805bd65eaad4397e67dd49632.png",630,374,false],"1536x1536":["https:\/\/arantv.az\/wp-content\/uploads\/2024\/10\/0a25b39805bd65eaad4397e67dd49632.png",630,374,false],"2048x2048":["https:\/\/arantv.az\/wp-content\/uploads\/2024\/10\/0a25b39805bd65eaad4397e67dd49632.png",630,374,false],"post-thumbnail":["https:\/\/arantv.az\/wp-content\/uploads\/2024\/10\/0a25b39805bd65eaad4397e67dd49632-240x172.png",240,172,true],"advps-thumb-one":["https:\/\/arantv.az\/wp-content\/uploads\/2024\/10\/0a25b39805bd65eaad4397e67dd49632.png",630,374,false]},"rttpg_author":{"display_name":"V\u00fcsal Rafiqo\u011flu","author_link":"https:\/\/arantv.az\/?author=2"},"rttpg_comment":0,"rttpg_category":"<a href=\"https:\/\/arantv.az\/?cat=5\" rel=\"category\">Hadis\u0259<\/a>","rttpg_excerpt":"Tovuzda iki qarda\u015f faci\u0259vi \u015f\u0259kild\u0259 v\u0259fat edib. Xezerxeber.az-\u0131n m\u0259lumat\u0131na g\u00f6r\u0259, rayona yas m\u0259rasimin\u0259 g\u0259l\u0259n qarda\u015flar\u0131n d\u0259m qaz\u0131ndan bo\u011fularaq \u00f6ld\u00fckl\u0259ri ehtimal edilir. Qarda\u015flar Sumqay\u0131t \u015f\u0259h\u0259rind\u0259 ya\u015fay\u0131blar. Onlar rayonun \u018fsrik C\u0131rdaxan k\u0259ndin\u0259 yas m\u0259rasimin\u0259 g\u0259libl\u0259rmi\u015f. 72 ya\u015fl\u0131 Rafiq Bayramov v\u0259 qarda\u015f\u0131 63 ya\u015fl\u0131 Ramiz Bayramov gec\u0259l\u0259m\u0259k \u00fc\u00e7\u00fcn atalar\u0131na m\u0259xsus evd\u0259 qal\u0131blar. Ancaq onlar d\u0259m qaz\u0131ndan bo\u011fularaq \u00f6l\u00fcbl\u0259r.&hellip;","_links":{"self":[{"href":"https:\/\/arantv.az\/index.php?rest_route=\/wp\/v2\/posts\/764383"}],"collection":[{"href":"https:\/\/arantv.az\/index.php?rest_route=\/wp\/v2\/posts"}],"about":[{"href":"https:\/\/arantv.az\/index.php?rest_route=\/wp\/v2\/types\/post"}],"author":[{"embeddable":true,"href":"https:\/\/arantv.az\/index.php?rest_route=\/wp\/v2\/users\/2"}],"replies":[{"embeddable":true,"href":"https:\/\/arantv.az\/index.php?rest_route=%2Fwp%2Fv2%2Fcomments&post=764383"}],"version-history":[{"count":1,"href":"https:\/\/arantv.az\/index.php?rest_route=\/wp\/v2\/posts\/764383\/revisions"}],"predecessor-version":[{"id":764385,"href":"https:\/\/arantv.az\/index.php?rest_route=\/wp\/v2\/posts\/764383\/revisions\/764385"}],"wp:featuredmedia":[{"embeddable":true,"href":"https:\/\/arantv.az\/index.php?rest_route=\/wp\/v2\/media\/764384"}],"wp:attachment":[{"href":"https:\/\/arantv.az\/index.php?rest_route=%2Fwp%2Fv2%2Fmedia&parent=764383"}],"wp:term":[{"taxonomy":"category","embeddable":true,"href":"https:\/\/arantv.az\/index.php?rest_route=%2Fwp%2Fv2%2Fcategories&post=764383"},{"taxonomy":"post_tag","embeddable":true,"href":"https:\/\/arantv.az\/index.php?rest_route=%2Fwp%2Fv2%2Ftags&post=764383"}],"curies":[{"name":"wp","href":"https:\/\/api.w.org\/{rel}","templated":true}]}}