{"id":764593,"date":"2024-10-27T10:26:37","date_gmt":"2024-10-27T06:26:37","guid":{"rendered":"https:\/\/arantv.az\/?p=764593"},"modified":"2024-10-27T10:26:37","modified_gmt":"2024-10-27T06:26:37","slug":"prezident-ilham-%c9%99liyev-irakli-kobaxidzeni-t%c9%99brik-edib","status":"publish","type":"post","link":"https:\/\/arantv.az\/?p=764593","title":{"rendered":"Prezident \u0130lham \u018fliyev \u0130rakli Kobaxidzeni t\u0259brik edib"},"content":{"rendered":"<p><strong>Prezident \u0130lham \u018fliyev G\u00fcrc\u00fcstan\u0131n Ba\u015f naziri Zati-alil\u0259ri c\u0259nab \u0130rakli Kobaxidzey\u0259 t\u0259brik m\u0259ktubu g\u00f6nd\u0259rib.<\/strong><\/p>\n<p><strong>ARANTV.AZ<\/strong>\u00a0x\u0259b\u0259r verir ki, m\u0259ktubda bildirilir:<\/p>\n<p>&nbsp;<\/p>\n<div id=\"AinsyndicationPlayerId1730009869\" class=\"inpage\" data-viewable=\"1\"><\/div>\n<p>&nbsp;<\/p>\n<p>\u201cG\u00fcrc\u00fcstan\u0131n Ba\u015f naziri Zati-alil\u0259ri c\u0259nab \u0130rakli Kobaxidzey\u0259<\/p>\n<p>H\u00f6rm\u0259tli c\u0259nab Ba\u015f nazir,<\/p>\n<p>G\u00fcrc\u00fcstanda ke\u00e7irilmi\u015f parlament se\u00e7kil\u0259rinin n\u0259tic\u0259l\u0259ri v\u0259 \u00f6lk\u0259nizin apar\u0131c\u0131 siyasi q\u00fcvv\u0259si olan \u201cG\u00fcrc\u00fc Arzusu &#8211; Demokratik G\u00fcrc\u00fcstan\u201d partiyas\u0131n\u0131n q\u0259l\u0259b\u0259si m\u00fcnasib\u0259til\u0259 Sizi \u00fcr\u0259kd\u0259n t\u0259brik edir\u0259m.<\/p>\n<p>Bu s\u0259sverm\u0259 vasit\u0259sil\u0259 G\u00fcrc\u00fcstan v\u0259t\u0259nda\u015flar\u0131 inki\u015fafa, sabitliy\u0259 v\u0259 \u0259n\u0259n\u0259vi d\u0259y\u0259rl\u0259r\u0259 \u00f6z d\u0259st\u0259yini ifad\u0259 etdil\u0259r. \u0130nan\u0131ram ki, se\u00e7kil\u0259rin n\u0259tic\u0259l\u0259ri G\u00fcrc\u00fcstan\u0131n h\u0259rt\u0259r\u0259fli inki\u015faf\u0131na v\u0259 \u00e7i\u00e7\u0259kl\u0259nm\u0259sin\u0259 xidm\u0259t ed\u0259c\u0259kdir.<\/p>\n<p>Eyni zamanda, se\u00e7kil\u0259rin n\u0259tic\u0259l\u0259rinin tarix\u0259n dostluq, qarda\u015fl\u0131q v\u0259 mehriban qon\u015fuluq \u015f\u0259raitind\u0259 ya\u015fam\u0131\u015f xalqlar\u0131m\u0131z\u0131n irad\u0259sind\u0259n qaynaqlanan Az\u0259rbaycan-G\u00fcrc\u00fcstan d\u00f6vl\u0259tl\u0259raras\u0131 \u0259laq\u0259l\u0259rinin davaml\u0131 inki\u015faf\u0131na, C\u0259nubi Qafqazda v\u0259 daha geni\u015f co\u011frafiyada \u00f6lk\u0259l\u0259rimizin m\u00f6vqel\u0259rinin daha da m\u00f6hk\u0259ml\u0259nm\u0259sin\u0259 t\u00f6hf\u0259 ver\u0259c\u0259yin\u0259 inam\u0131m\u0131 ifad\u0259 edir\u0259m.<\/p>\n<p>Siyasi dialoqumuzu davam etdirm\u0259k \u00fc\u00e7\u00fcn Sizi m\u00fcnasib vaxtda Az\u0259rbaycana r\u0259smi s\u0259f\u0259r\u0259 d\u0259v\u0259t edir\u0259m.<\/p>\n<p>\u018fmin\u0259m ki, \u00f6lk\u0259l\u0259rimizin v\u0259 xalqlar\u0131m\u0131z\u0131n firavanl\u0131\u011f\u0131, regionumuzun rifah\u0131 v\u0259 t\u0259hl\u00fck\u0259sizliyi namin\u0259 strateji t\u0259r\u0259fda\u015fl\u0131\u011f\u0131m\u0131z\u0131n m\u00f6hk\u0259ml\u0259ndirilm\u0259si, ikit\u0259r\u0259fli v\u0259 \u00e7oxt\u0259r\u0259fli qaydada qar\u015f\u0131l\u0131ql\u0131 faydal\u0131 f\u0259aliyy\u0259timizin m\u00fcv\u0259ff\u0259qiyy\u0259tl\u0259 davam etdirilm\u0259si istiqam\u0259tind\u0259 bundan sonra da birg\u0259 s\u0259yl\u0259r g\u00f6st\u0259r\u0259c\u0259yik.<\/p>\n<p>Siz\u0259 \u0259n xo\u015f arzular\u0131m\u0131 \u00e7atd\u0131r\u0131r, dost G\u00fcrc\u00fcstan xalq\u0131na daim \u0259min-amanl\u0131q v\u0259 rifah dil\u0259yir\u0259m.<\/p>\n<p>H\u00f6rm\u0259tl\u0259,<\/p>\n<p>\u0130lham \u018fliyev<\/p>\n<p>Az\u0259rbaycan Respublikas\u0131n\u0131n Prezidenti&#8221;<\/p>\n","protected":false},"excerpt":{"rendered":"<p>Prezident \u0130lham \u018fliyev G\u00fcrc\u00fcstan\u0131n Ba\u015f naziri Zati-alil\u0259ri c\u0259nab \u0130rakli Kobaxidzey\u0259 t\u0259brik m\u0259ktubu g\u00f6nd\u0259rib. ARANTV.AZ\u00a0x\u0259b\u0259r verir ki, m\u0259ktubda bildirilir: &nbsp; &nbsp; \u201cG\u00fcrc\u00fcstan\u0131n Ba\u015f naziri Zati-alil\u0259ri c\u0259nab \u0130rakli Kobaxidzey\u0259 H\u00f6rm\u0259tli c\u0259nab Ba\u015f nazir, G\u00fcrc\u00fcstanda ke\u00e7irilmi\u015f parlament se\u00e7kil\u0259rinin n\u0259tic\u0259l\u0259ri v\u0259 \u00f6lk\u0259nizin apar\u0131c\u0131 siyasi q\u00fcvv\u0259si olan \u201cG\u00fcrc\u00fc Arzusu &#8211; Demokratik G\u00fcrc\u00fcstan\u201d partiyas\u0131n\u0131n q\u0259l\u0259b\u0259si m\u00fcnasib\u0259til\u0259 Sizi \u00fcr\u0259kd\u0259n t\u0259brik edir\u0259m. Bu s\u0259sverm\u0259 vasit\u0259sil\u0259 G\u00fcrc\u00fcstan v\u0259t\u0259nda\u015flar\u0131 inki\u015fafa, sabitliy\u0259 v\u0259 \u0259n\u0259n\u0259vi d\u0259y\u0259rl\u0259r\u0259 \u00f6z d\u0259st\u0259yini ifad\u0259 etdil\u0259r. \u0130nan\u0131ram ki, se\u00e7kil\u0259rin n\u0259tic\u0259l\u0259ri G\u00fcrc\u00fcstan\u0131n h\u0259rt\u0259r\u0259fli inki\u015faf\u0131na v\u0259 \u00e7i\u00e7\u0259kl\u0259nm\u0259sin\u0259 xidm\u0259t ed\u0259c\u0259kdir. Eyni zamanda, se\u00e7kil\u0259rin n\u0259tic\u0259l\u0259rinin tarix\u0259n dostluq, qarda\u015fl\u0131q v\u0259 mehriban qon\u015fuluq \u015f\u0259raitind\u0259&hellip;<\/p>\n","protected":false},"author":2,"featured_media":764594,"comment_status":"closed","ping_status":"closed","sticky":false,"template":"","format":"standard","meta":{"om_disable_all_campaigns":false,"_monsterinsights_skip_tracking":false,"_monsterinsights_sitenote_active":false,"_monsterinsights_sitenote_note":"","_monsterinsights_sitenote_category":0},"categories":[4],"tags":[],"aioseo_notices":[],"gutentor_comment":0,"rttpg_featured_image_url":{"full":["https:\/\/arantv.az\/wp-content\/uploads\/2024\/10\/eec0ae2101fea8d17ed56e078d9041b5.jpg",870,500,false],"landscape":["https:\/\/arantv.az\/wp-content\/uploads\/2024\/10\/eec0ae2101fea8d17ed56e078d9041b5.jpg",870,500,false],"portraits":["https:\/\/arantv.az\/wp-content\/uploads\/2024\/10\/eec0ae2101fea8d17ed56e078d9041b5.jpg",870,500,false],"thumbnail":["https:\/\/arantv.az\/wp-content\/uploads\/2024\/10\/eec0ae2101fea8d17ed56e078d9041b5-500x280.jpg",500,280,true],"medium":["https:\/\/arantv.az\/wp-content\/uploads\/2024\/10\/eec0ae2101fea8d17ed56e078d9041b5-635x365.jpg",635,365,true],"large":["https:\/\/arantv.az\/wp-content\/uploads\/2024\/10\/eec0ae2101fea8d17ed56e078d9041b5-840x483.jpg",640,368,true],"1536x1536":["https:\/\/arantv.az\/wp-content\/uploads\/2024\/10\/eec0ae2101fea8d17ed56e078d9041b5.jpg",870,500,false],"2048x2048":["https:\/\/arantv.az\/wp-content\/uploads\/2024\/10\/eec0ae2101fea8d17ed56e078d9041b5.jpg",870,500,false],"post-thumbnail":["https:\/\/arantv.az\/wp-content\/uploads\/2024\/10\/eec0ae2101fea8d17ed56e078d9041b5-240x172.jpg",240,172,true],"advps-thumb-one":["https:\/\/arantv.az\/wp-content\/uploads\/2024\/10\/eec0ae2101fea8d17ed56e078d9041b5.jpg",870,500,false]},"rttpg_author":{"display_name":"V\u00fcsal Rafiqo\u011flu","author_link":"https:\/\/arantv.az\/?author=2"},"rttpg_comment":0,"rttpg_category":"<a href=\"https:\/\/arantv.az\/?cat=4\" rel=\"category\">Siyas\u0259t<\/a>","rttpg_excerpt":"Prezident \u0130lham \u018fliyev G\u00fcrc\u00fcstan\u0131n Ba\u015f naziri Zati-alil\u0259ri c\u0259nab \u0130rakli Kobaxidzey\u0259 t\u0259brik m\u0259ktubu g\u00f6nd\u0259rib. ARANTV.AZ\u00a0x\u0259b\u0259r verir ki, m\u0259ktubda bildirilir: &nbsp; &nbsp; \u201cG\u00fcrc\u00fcstan\u0131n Ba\u015f naziri Zati-alil\u0259ri c\u0259nab \u0130rakli Kobaxidzey\u0259 H\u00f6rm\u0259tli c\u0259nab Ba\u015f nazir, G\u00fcrc\u00fcstanda ke\u00e7irilmi\u015f parlament se\u00e7kil\u0259rinin n\u0259tic\u0259l\u0259ri v\u0259 \u00f6lk\u0259nizin apar\u0131c\u0131 siyasi q\u00fcvv\u0259si olan \u201cG\u00fcrc\u00fc Arzusu &#8211; Demokratik G\u00fcrc\u00fcstan\u201d partiyas\u0131n\u0131n q\u0259l\u0259b\u0259si m\u00fcnasib\u0259til\u0259 Sizi \u00fcr\u0259kd\u0259n t\u0259brik edir\u0259m. Bu&hellip;","_links":{"self":[{"href":"https:\/\/arantv.az\/index.php?rest_route=\/wp\/v2\/posts\/764593"}],"collection":[{"href":"https:\/\/arantv.az\/index.php?rest_route=\/wp\/v2\/posts"}],"about":[{"href":"https:\/\/arantv.az\/index.php?rest_route=\/wp\/v2\/types\/post"}],"author":[{"embeddable":true,"href":"https:\/\/arantv.az\/index.php?rest_route=\/wp\/v2\/users\/2"}],"replies":[{"embeddable":true,"href":"https:\/\/arantv.az\/index.php?rest_route=%2Fwp%2Fv2%2Fcomments&post=764593"}],"version-history":[{"count":1,"href":"https:\/\/arantv.az\/index.php?rest_route=\/wp\/v2\/posts\/764593\/revisions"}],"predecessor-version":[{"id":764595,"href":"https:\/\/arantv.az\/index.php?rest_route=\/wp\/v2\/posts\/764593\/revisions\/764595"}],"wp:featuredmedia":[{"embeddable":true,"href":"https:\/\/arantv.az\/index.php?rest_route=\/wp\/v2\/media\/764594"}],"wp:attachment":[{"href":"https:\/\/arantv.az\/index.php?rest_route=%2Fwp%2Fv2%2Fmedia&parent=764593"}],"wp:term":[{"taxonomy":"category","embeddable":true,"href":"https:\/\/arantv.az\/index.php?rest_route=%2Fwp%2Fv2%2Fcategories&post=764593"},{"taxonomy":"post_tag","embeddable":true,"href":"https:\/\/arantv.az\/index.php?rest_route=%2Fwp%2Fv2%2Ftags&post=764593"}],"curies":[{"name":"wp","href":"https:\/\/api.w.org\/{rel}","templated":true}]}}