{"id":764848,"date":"2024-10-28T15:25:29","date_gmt":"2024-10-28T11:25:29","guid":{"rendered":"https:\/\/arantv.az\/?p=764848"},"modified":"2024-10-28T15:25:29","modified_gmt":"2024-10-28T11:25:29","slug":"pakistanin-bas-naziri-g%c9%99l%c9%99n-il-az%c9%99rbaycana-dovl%c9%99t-s%c9%99f%c9%99ri-ed%c9%99c%c9%99k-2","status":"publish","type":"post","link":"https:\/\/arantv.az\/?p=764848","title":{"rendered":"Pakistan\u0131n Ba\u015f naziri g\u0259l\u0259n il Az\u0259rbaycana d\u00f6vl\u0259t s\u0259f\u0259ri ed\u0259c\u0259k"},"content":{"rendered":"<p>Pakistan\u0131n Ba\u015f naziri M\u0259h\u0259mm\u0259d \u015eahbaz \u015e\u0259rif g\u0259l\u0259n il Az\u0259rbaycana d\u00f6vl\u0259t s\u0259f\u0259ri ed\u0259c\u0259k.<\/p>\n<p><strong>ARANTV.AZ x\u0259b\u0259r verir ki,<\/strong>\u00a0bu bar\u0259d\u0259 Az\u0259rbaycan Prezidenti \u0130lham \u018fliyev oktyabr\u0131n 28-d\u0259 Pakistan\u0131n Birl\u0259\u015fmi\u015f Q\u0259rargah R\u0259isl\u0259ri Komit\u0259sinin s\u0259dri general Sahir \u015eam\u015fad Mirzan\u0131 q\u0259bul ed\u0259rk\u0259n bildirib.<\/p>\n<p>D\u00f6vl\u0259t ba\u015f\u00e7\u0131s\u0131 Ba\u015f naziri M\u0259h\u0259mm\u0259d \u015eahbaz \u015e\u0259rifin COP29 t\u0259dbirind\u0259 i\u015ftirak\u0131n\u0131n v\u0259 g\u0259l\u0259n il Az\u0259rbaycana d\u00f6vl\u0259t s\u0259f\u0259ri s\u0259birsizlikl\u0259 g\u00f6zl\u0259diyini diqq\u0259t\u0259 \u00e7atd\u0131r\u0131b.<\/p>\n","protected":false},"excerpt":{"rendered":"<p>Pakistan\u0131n Ba\u015f naziri M\u0259h\u0259mm\u0259d \u015eahbaz \u015e\u0259rif g\u0259l\u0259n il Az\u0259rbaycana d\u00f6vl\u0259t s\u0259f\u0259ri ed\u0259c\u0259k. ARANTV.AZ x\u0259b\u0259r verir ki,\u00a0bu bar\u0259d\u0259 Az\u0259rbaycan Prezidenti \u0130lham \u018fliyev oktyabr\u0131n 28-d\u0259 Pakistan\u0131n Birl\u0259\u015fmi\u015f Q\u0259rargah R\u0259isl\u0259ri Komit\u0259sinin s\u0259dri general Sahir \u015eam\u015fad Mirzan\u0131 q\u0259bul ed\u0259rk\u0259n bildirib. D\u00f6vl\u0259t ba\u015f\u00e7\u0131s\u0131 Ba\u015f naziri M\u0259h\u0259mm\u0259d \u015eahbaz \u015e\u0259rifin COP29 t\u0259dbirind\u0259 i\u015ftirak\u0131n\u0131n v\u0259 g\u0259l\u0259n il Az\u0259rbaycana d\u00f6vl\u0259t s\u0259f\u0259ri s\u0259birsizlikl\u0259 g\u00f6zl\u0259diyini diqq\u0259t\u0259 \u00e7atd\u0131r\u0131b.<\/p>\n","protected":false},"author":2,"featured_media":764849,"comment_status":"closed","ping_status":"closed","sticky":false,"template":"","format":"standard","meta":{"om_disable_all_campaigns":false,"_monsterinsights_skip_tracking":false,"_monsterinsights_sitenote_active":false,"_monsterinsights_sitenote_note":"","_monsterinsights_sitenote_category":0},"categories":[4],"tags":[],"aioseo_notices":[],"gutentor_comment":0,"rttpg_featured_image_url":{"full":["https:\/\/arantv.az\/wp-content\/uploads\/2024\/10\/a4bc254d173010668065422979610321461.jpg",975,540,false],"landscape":["https:\/\/arantv.az\/wp-content\/uploads\/2024\/10\/a4bc254d173010668065422979610321461.jpg",975,540,false],"portraits":["https:\/\/arantv.az\/wp-content\/uploads\/2024\/10\/a4bc254d173010668065422979610321461.jpg",975,540,false],"thumbnail":["https:\/\/arantv.az\/wp-content\/uploads\/2024\/10\/a4bc254d173010668065422979610321461-500x280.jpg",500,280,true],"medium":["https:\/\/arantv.az\/wp-content\/uploads\/2024\/10\/a4bc254d173010668065422979610321461-660x365.jpg",660,365,true],"large":["https:\/\/arantv.az\/wp-content\/uploads\/2024\/10\/a4bc254d173010668065422979610321461-840x465.jpg",640,354,true],"1536x1536":["https:\/\/arantv.az\/wp-content\/uploads\/2024\/10\/a4bc254d173010668065422979610321461.jpg",975,540,false],"2048x2048":["https:\/\/arantv.az\/wp-content\/uploads\/2024\/10\/a4bc254d173010668065422979610321461.jpg",975,540,false],"post-thumbnail":["https:\/\/arantv.az\/wp-content\/uploads\/2024\/10\/a4bc254d173010668065422979610321461-240x172.jpg",240,172,true],"advps-thumb-one":["https:\/\/arantv.az\/wp-content\/uploads\/2024\/10\/a4bc254d173010668065422979610321461.jpg",975,540,false]},"rttpg_author":{"display_name":"V\u00fcsal Rafiqo\u011flu","author_link":"https:\/\/arantv.az\/?author=2"},"rttpg_comment":0,"rttpg_category":"<a href=\"https:\/\/arantv.az\/?cat=4\" rel=\"category\">Siyas\u0259t<\/a>","rttpg_excerpt":"Pakistan\u0131n Ba\u015f naziri M\u0259h\u0259mm\u0259d \u015eahbaz \u015e\u0259rif g\u0259l\u0259n il Az\u0259rbaycana d\u00f6vl\u0259t s\u0259f\u0259ri ed\u0259c\u0259k. ARANTV.AZ x\u0259b\u0259r verir ki,\u00a0bu bar\u0259d\u0259 Az\u0259rbaycan Prezidenti \u0130lham \u018fliyev oktyabr\u0131n 28-d\u0259 Pakistan\u0131n Birl\u0259\u015fmi\u015f Q\u0259rargah R\u0259isl\u0259ri Komit\u0259sinin s\u0259dri general Sahir \u015eam\u015fad Mirzan\u0131 q\u0259bul ed\u0259rk\u0259n bildirib. D\u00f6vl\u0259t ba\u015f\u00e7\u0131s\u0131 Ba\u015f naziri M\u0259h\u0259mm\u0259d \u015eahbaz \u015e\u0259rifin COP29 t\u0259dbirind\u0259 i\u015ftirak\u0131n\u0131n v\u0259 g\u0259l\u0259n il Az\u0259rbaycana d\u00f6vl\u0259t s\u0259f\u0259ri s\u0259birsizlikl\u0259 g\u00f6zl\u0259diyini diqq\u0259t\u0259&hellip;","_links":{"self":[{"href":"https:\/\/arantv.az\/index.php?rest_route=\/wp\/v2\/posts\/764848"}],"collection":[{"href":"https:\/\/arantv.az\/index.php?rest_route=\/wp\/v2\/posts"}],"about":[{"href":"https:\/\/arantv.az\/index.php?rest_route=\/wp\/v2\/types\/post"}],"author":[{"embeddable":true,"href":"https:\/\/arantv.az\/index.php?rest_route=\/wp\/v2\/users\/2"}],"replies":[{"embeddable":true,"href":"https:\/\/arantv.az\/index.php?rest_route=%2Fwp%2Fv2%2Fcomments&post=764848"}],"version-history":[{"count":1,"href":"https:\/\/arantv.az\/index.php?rest_route=\/wp\/v2\/posts\/764848\/revisions"}],"predecessor-version":[{"id":764850,"href":"https:\/\/arantv.az\/index.php?rest_route=\/wp\/v2\/posts\/764848\/revisions\/764850"}],"wp:featuredmedia":[{"embeddable":true,"href":"https:\/\/arantv.az\/index.php?rest_route=\/wp\/v2\/media\/764849"}],"wp:attachment":[{"href":"https:\/\/arantv.az\/index.php?rest_route=%2Fwp%2Fv2%2Fmedia&parent=764848"}],"wp:term":[{"taxonomy":"category","embeddable":true,"href":"https:\/\/arantv.az\/index.php?rest_route=%2Fwp%2Fv2%2Fcategories&post=764848"},{"taxonomy":"post_tag","embeddable":true,"href":"https:\/\/arantv.az\/index.php?rest_route=%2Fwp%2Fv2%2Ftags&post=764848"}],"curies":[{"name":"wp","href":"https:\/\/api.w.org\/{rel}","templated":true}]}}