{"id":764851,"date":"2024-10-28T15:26:21","date_gmt":"2024-10-28T11:26:21","guid":{"rendered":"https:\/\/arantv.az\/?p=764851"},"modified":"2024-10-28T15:26:21","modified_gmt":"2024-10-28T11:26:21","slug":"az%c9%99rbaycanla-pakistan-arasinda-mudafi%c9%99-s%c9%99nayesi-sah%c9%99sind%c9%99-%c9%99m%c9%99kdasliqda-ugurlu-n%c9%99tic%c9%99l%c9%99r-olacaq-az%c9%99rbaycan-prezidenti","status":"publish","type":"post","link":"https:\/\/arantv.az\/?p=764851","title":{"rendered":"Az\u0259rbaycanla Pakistan aras\u0131nda m\u00fcdafi\u0259 s\u0259nayesi sah\u0259sind\u0259 \u0259m\u0259kda\u015fl\u0131qda u\u011furlu n\u0259tic\u0259l\u0259r olacaq- Az\u0259rbaycan Prezidenti"},"content":{"rendered":"<p>Az\u0259rbaycanla Pakistan aras\u0131nda m\u00fcdafi\u0259 s\u0259nayesi il\u0259 ba\u011fl\u0131 geni\u015fh\u0259cmli \u0259m\u0259kda\u015fl\u0131qda u\u011furlu n\u0259tic\u0259l\u0259r olacaq.<\/p>\n<p><strong>ARANTV.AZ\u00a0 x\u0259b\u0259r verir ki,<\/strong>\u00a0bunu Az\u0259rbaycan Prezidenti \u0130lham \u018fliyev oktyabr\u0131n 28-d\u0259 Pakistan\u0131n Birl\u0259\u015fmi\u015f Q\u0259rargah R\u0259isl\u0259ri Komit\u0259sinin s\u0259dri general Sahir \u015eam\u015fad Mirzan\u0131 q\u0259bul ed\u0259rk\u0259n deyib.<\/p>\n<p>M\u00fcdafi\u0259 sah\u0259sind\u0259 \u0259m\u0259kda\u015fl\u0131\u011fa toxunan d\u00f6vl\u0259t ba\u015f\u00e7\u0131s\u0131 bir m\u00fcdd\u0259t \u0259vv\u0259l art\u0131q Az\u0259rbaycan H\u0259rbi Hava Q\u00fcvv\u0259l\u0259rinin arsenal\u0131na daxil edil\u0259n JF-17C t\u0259yyar\u0259l\u0259rin\u0259 baxd\u0131\u011f\u0131n\u0131 m\u0259mnunluqla xat\u0131rlayaraq, onlar\u0131n d\u00fcnya s\u0259viyy\u0259sind\u0259 \u0259n yax\u015f\u0131 t\u0259yyar\u0259l\u0259rd\u0259n oldu\u011funu bildirib.<\/p>\n<p>Prezident bu hadis\u0259nin m\u00fcdafi\u0259 v\u0259 m\u00fcdafi\u0259 s\u0259nayesi sah\u0259l\u0259rind\u0259 \u0259m\u0259kda\u015fl\u0131\u011f\u0131n daha da g\u00fccl\u0259ndirilm\u0259si i\u015fin\u0259 xidm\u0259t etdiyini vur\u011fulay\u0131b.<\/p>\n<p>Prezident \u0130lham \u018fliyev m\u00fcdafi\u0259 s\u0259nayesi il\u0259 ba\u011fl\u0131 geni\u015fh\u0259cmli \u0259m\u0259kda\u015fl\u0131qda, o c\u00fcml\u0259d\u0259n istehsal, investisiya, texnologiyalar sah\u0259l\u0259rind\u0259 u\u011furlu n\u0259tic\u0259l\u0259rin \u0259ld\u0259 olunaca\u011f\u0131na \u0259minliyini bildirib.<\/p>\n","protected":false},"excerpt":{"rendered":"<p>Az\u0259rbaycanla Pakistan aras\u0131nda m\u00fcdafi\u0259 s\u0259nayesi il\u0259 ba\u011fl\u0131 geni\u015fh\u0259cmli \u0259m\u0259kda\u015fl\u0131qda u\u011furlu n\u0259tic\u0259l\u0259r olacaq. ARANTV.AZ\u00a0 x\u0259b\u0259r verir ki,\u00a0bunu Az\u0259rbaycan Prezidenti \u0130lham \u018fliyev oktyabr\u0131n 28-d\u0259 Pakistan\u0131n Birl\u0259\u015fmi\u015f Q\u0259rargah R\u0259isl\u0259ri Komit\u0259sinin s\u0259dri general Sahir \u015eam\u015fad Mirzan\u0131 q\u0259bul ed\u0259rk\u0259n deyib. M\u00fcdafi\u0259 sah\u0259sind\u0259 \u0259m\u0259kda\u015fl\u0131\u011fa toxunan d\u00f6vl\u0259t ba\u015f\u00e7\u0131s\u0131 bir m\u00fcdd\u0259t \u0259vv\u0259l art\u0131q Az\u0259rbaycan H\u0259rbi Hava Q\u00fcvv\u0259l\u0259rinin arsenal\u0131na daxil edil\u0259n JF-17C t\u0259yyar\u0259l\u0259rin\u0259 baxd\u0131\u011f\u0131n\u0131 m\u0259mnunluqla xat\u0131rlayaraq, onlar\u0131n d\u00fcnya s\u0259viyy\u0259sind\u0259 \u0259n yax\u015f\u0131 t\u0259yyar\u0259l\u0259rd\u0259n oldu\u011funu bildirib. Prezident bu hadis\u0259nin m\u00fcdafi\u0259 v\u0259 m\u00fcdafi\u0259 s\u0259nayesi sah\u0259l\u0259rind\u0259 \u0259m\u0259kda\u015fl\u0131\u011f\u0131n daha da g\u00fccl\u0259ndirilm\u0259si i\u015fin\u0259 xidm\u0259t etdiyini vur\u011fulay\u0131b. Prezident \u0130lham \u018fliyev m\u00fcdafi\u0259 s\u0259nayesi il\u0259 ba\u011fl\u0131 geni\u015fh\u0259cmli \u0259m\u0259kda\u015fl\u0131qda,&hellip;<\/p>\n","protected":false},"author":2,"featured_media":764852,"comment_status":"closed","ping_status":"closed","sticky":false,"template":"","format":"standard","meta":{"om_disable_all_campaigns":false,"_monsterinsights_skip_tracking":false,"_monsterinsights_sitenote_active":false,"_monsterinsights_sitenote_note":"","_monsterinsights_sitenote_category":0},"categories":[4],"tags":[],"aioseo_notices":[],"gutentor_comment":0,"rttpg_featured_image_url":{"full":["https:\/\/arantv.az\/wp-content\/uploads\/2024\/10\/a6d8ecc0172051762862064049410418371.jpg",975,540,false],"landscape":["https:\/\/arantv.az\/wp-content\/uploads\/2024\/10\/a6d8ecc0172051762862064049410418371.jpg",975,540,false],"portraits":["https:\/\/arantv.az\/wp-content\/uploads\/2024\/10\/a6d8ecc0172051762862064049410418371.jpg",975,540,false],"thumbnail":["https:\/\/arantv.az\/wp-content\/uploads\/2024\/10\/a6d8ecc0172051762862064049410418371-500x280.jpg",500,280,true],"medium":["https:\/\/arantv.az\/wp-content\/uploads\/2024\/10\/a6d8ecc0172051762862064049410418371-660x365.jpg",660,365,true],"large":["https:\/\/arantv.az\/wp-content\/uploads\/2024\/10\/a6d8ecc0172051762862064049410418371-840x465.jpg",640,354,true],"1536x1536":["https:\/\/arantv.az\/wp-content\/uploads\/2024\/10\/a6d8ecc0172051762862064049410418371.jpg",975,540,false],"2048x2048":["https:\/\/arantv.az\/wp-content\/uploads\/2024\/10\/a6d8ecc0172051762862064049410418371.jpg",975,540,false],"post-thumbnail":["https:\/\/arantv.az\/wp-content\/uploads\/2024\/10\/a6d8ecc0172051762862064049410418371-240x172.jpg",240,172,true],"advps-thumb-one":["https:\/\/arantv.az\/wp-content\/uploads\/2024\/10\/a6d8ecc0172051762862064049410418371.jpg",975,540,false]},"rttpg_author":{"display_name":"V\u00fcsal Rafiqo\u011flu","author_link":"https:\/\/arantv.az\/?author=2"},"rttpg_comment":0,"rttpg_category":"<a href=\"https:\/\/arantv.az\/?cat=4\" rel=\"category\">Siyas\u0259t<\/a>","rttpg_excerpt":"Az\u0259rbaycanla Pakistan aras\u0131nda m\u00fcdafi\u0259 s\u0259nayesi il\u0259 ba\u011fl\u0131 geni\u015fh\u0259cmli \u0259m\u0259kda\u015fl\u0131qda u\u011furlu n\u0259tic\u0259l\u0259r olacaq. ARANTV.AZ\u00a0 x\u0259b\u0259r verir ki,\u00a0bunu Az\u0259rbaycan Prezidenti \u0130lham \u018fliyev oktyabr\u0131n 28-d\u0259 Pakistan\u0131n Birl\u0259\u015fmi\u015f Q\u0259rargah R\u0259isl\u0259ri Komit\u0259sinin s\u0259dri general Sahir \u015eam\u015fad Mirzan\u0131 q\u0259bul ed\u0259rk\u0259n deyib. M\u00fcdafi\u0259 sah\u0259sind\u0259 \u0259m\u0259kda\u015fl\u0131\u011fa toxunan d\u00f6vl\u0259t ba\u015f\u00e7\u0131s\u0131 bir m\u00fcdd\u0259t \u0259vv\u0259l art\u0131q Az\u0259rbaycan H\u0259rbi Hava Q\u00fcvv\u0259l\u0259rinin arsenal\u0131na daxil edil\u0259n JF-17C t\u0259yyar\u0259l\u0259rin\u0259 baxd\u0131\u011f\u0131n\u0131&hellip;","_links":{"self":[{"href":"https:\/\/arantv.az\/index.php?rest_route=\/wp\/v2\/posts\/764851"}],"collection":[{"href":"https:\/\/arantv.az\/index.php?rest_route=\/wp\/v2\/posts"}],"about":[{"href":"https:\/\/arantv.az\/index.php?rest_route=\/wp\/v2\/types\/post"}],"author":[{"embeddable":true,"href":"https:\/\/arantv.az\/index.php?rest_route=\/wp\/v2\/users\/2"}],"replies":[{"embeddable":true,"href":"https:\/\/arantv.az\/index.php?rest_route=%2Fwp%2Fv2%2Fcomments&post=764851"}],"version-history":[{"count":2,"href":"https:\/\/arantv.az\/index.php?rest_route=\/wp\/v2\/posts\/764851\/revisions"}],"predecessor-version":[{"id":764854,"href":"https:\/\/arantv.az\/index.php?rest_route=\/wp\/v2\/posts\/764851\/revisions\/764854"}],"wp:featuredmedia":[{"embeddable":true,"href":"https:\/\/arantv.az\/index.php?rest_route=\/wp\/v2\/media\/764852"}],"wp:attachment":[{"href":"https:\/\/arantv.az\/index.php?rest_route=%2Fwp%2Fv2%2Fmedia&parent=764851"}],"wp:term":[{"taxonomy":"category","embeddable":true,"href":"https:\/\/arantv.az\/index.php?rest_route=%2Fwp%2Fv2%2Fcategories&post=764851"},{"taxonomy":"post_tag","embeddable":true,"href":"https:\/\/arantv.az\/index.php?rest_route=%2Fwp%2Fv2%2Ftags&post=764851"}],"curies":[{"name":"wp","href":"https:\/\/api.w.org\/{rel}","templated":true}]}}