{"id":764855,"date":"2024-10-28T15:30:53","date_gmt":"2024-10-28T11:30:53","guid":{"rendered":"https:\/\/arantv.az\/?p=764855"},"modified":"2024-10-28T15:30:53","modified_gmt":"2024-10-28T11:30:53","slug":"h%c9%99rbi-prokurorluq-v%c9%99-daxili-qosunlar-birg%c9%99-t%c9%99dbir-keciribl%c9%99r","status":"publish","type":"post","link":"https:\/\/arantv.az\/?p=764855","title":{"rendered":"H\u0259rbi Prokurorluq v\u0259 Daxili Qo\u015funlar birg\u0259 t\u0259dbir ke\u00e7iribl\u0259r"},"content":{"rendered":"<div class=\"content lead font-weight-normal\">\n<h5>Az\u0259rbaycan xalq\u0131n\u0131n \u00dcmummilli Lideri Heyd\u0259r \u018fliyevin birinci d\u0259f\u0259 hakimiyy\u0259t\u0259 g\u0259li\u015finin 55-ci ild\u00f6n\u00fcm\u00fc v\u0259 \u00f6lk\u0259mizd\u0259 2024-c\u00fc ilin \u201cYa\u015f\u0131l d\u00fcnya namin\u0259 h\u0259mr\u0259ylik ili\u201d elan edilm\u0259si haqq\u0131nda Prezident \u0130lham \u018fliyevin 2023-c\u00fc il 25 dekabr tarixli S\u0259r\u0259ncam\u0131n\u0131n icras\u0131 il\u0259 \u0259laq\u0259dar Hac\u0131qabul rayonunun v\u0259 Respublika H\u0259rbi Prokurorlu\u011funun r\u0259hb\u0259r v\u0259zif\u0259li \u015f\u0259xsl\u0259ri v\u0259 Daxili \u0130\u015fl\u0259r Nazirliyinin (D\u0130N) Daxili Qo\u015funlar\u0131n\u0131n y\u00fcks\u0259k r\u00fctb\u0259li h\u0259rbi qulluq\u00e7ular\u0131 \u015f\u0259xsi hey\u0259tl\u0259 birg\u0259 t\u0259dbir ke\u00e7irib.<\/h5>\n<p>H\u0259rbi Prokurorlu\u011fun m\u0259tbuat xidm\u0259tind\u0259n\u00a0&#8220;\u0130ki sahil&#8221;\u0259 bildirilib ki, t\u0259dbird\u0259n \u0259vv\u0259l \u00dcmummilli Lider Heyd\u0259r \u018fliyevin v\u0259 \u015f\u0259hidl\u0259rimizin \u0259ziz v\u0259 unudulmaz xatir\u0259l\u0259ri bir d\u0259qiq\u0259lik s\u00fckutla an\u0131l\u0131b, Allahdan onlara r\u0259hm\u0259t, qazil\u0259r\u0259 \u015f\u0259fa arzulan\u0131b.<\/p>\n<p>Az\u0259rbaycan Respublikas\u0131 H\u0259rbi prokurorunun b\u00f6y\u00fck k\u00f6m\u0259k\u00e7isi, H\u0259rbi Prokurorlu\u011fun m\u0259tbuat xidm\u0259tinin r\u0259hb\u0259ri, ba\u015f \u0259dliyy\u0259 m\u00fc\u015faviri Firad \u018fliyev Ba\u015f prokuror Kamran \u018fliyevin v\u0259 H\u0259rbi prokuror Xanlar V\u0259liyevin t\u00f6vsiy\u0259l\u0259rini \u015f\u0259xsi hey\u0259t\u0259 \u00e7atd\u0131r\u0131b.<\/p>\n<p>Daha sonra Hac\u0131qabul Rayon \u0130cra Hakimiyy\u0259tinin ba\u015f\u00e7\u0131s\u0131 Sevindik H\u0259t\u0259mov, H\u0259rbi Prokurorlu\u011fun \u0130dar\u0259 r\u0259isi, \u0259dliyy\u0259 polkovniki Natiq H\u0259s\u0259nov, L\u0259nk\u0259ran h\u0259rbi prokuroru, \u0259dliyy\u0259 polkovniki El\u015f\u0259n \u018flim\u0259mm\u0259dov, h\u0259rbi hiss\u0259 komandiri, polkovnik Vaqif Umud\u0259liyev, el\u0259c\u0259 d\u0259 dig\u0259r \u015f\u0259xsl\u0259r \u00e7\u0131x\u0131\u015f edibl\u0259r. Onlar \u00e7\u0131x\u0131\u015flar\u0131nda m\u00fcst\u0259qillik yolumuzu v\u0259 firavan g\u0259l\u0259c\u0259yimizi nurland\u0131ran n\u0259h\u0259ng tarixi \u015f\u0259xsiyy\u0259t Ulu \u00d6nd\u0259r Heyd\u0259r \u018fliyevin Az\u0259rbaycan\u0131n parlaq istiqbal\u0131na hesablanm\u0131\u015f m\u00fck\u0259mm\u0259l siyas\u0259tini yeni m\u00fcst\u0259vid\u0259 d\u00f6vr\u00fcn t\u0259l\u0259bl\u0259rin\u0259 uy\u011fun \u015f\u0259kild\u0259 u\u011furla davam etdir\u0259n Prezident \u0130lham \u018fliyevin r\u0259hb\u0259rliyi il\u0259 son 21 il m\u00fcdd\u0259tind\u0259 \u00f6lk\u0259mizd\u0259 g\u00f6r\u00fclm\u00fc\u015f m\u00fcst\u0259sna i\u015fl\u0259rd\u0259n, h\u0259yata ke\u00e7irilmi\u015f h\u0259rt\u0259r\u0259fli k\u00f6kl\u00fc islahatlardan, b\u00fct\u00fcn sah\u0259l\u0259rd\u0259 qazan\u0131lm\u0131\u015f misilsiz u\u011furlardan s\u00f6z a\u00e7\u0131blar. El\u0259c\u0259 d\u0259 \u0259traf m\u00fchitin daha da sa\u011flamla\u015fd\u0131r\u0131lmas\u0131ndan v\u0259 etibarl\u0131 qorunmas\u0131ndan b\u0259hs edilib.<\/p>\n<p>Habel\u0259, \u00f6lk\u0259 r\u0259hb\u0259rinin u\u011furlu xarici siyas\u0259ti say\u0259sind\u0259 d\u00f6vl\u0259timizin beyn\u0259lxalq al\u0259md\u0259 durmadan artan n\u00fcfuzundan, o c\u00fcml\u0259d\u0259n noyabr ay\u0131nda \u00f6lk\u0259mizd\u0259 ke\u00e7iril\u0259c\u0259k COP29-un mahiyy\u0259ti v\u0259 \u0259h\u0259miyy\u0259tind\u0259n, eyni zamanda \u0259traf m\u00fchitin m\u00fchafiz\u0259si haqq\u0131nda qanunvericiliyin t\u0259l\u0259bl\u0259rind\u0259n, h\u00fcquq v\u0259 v\u0259zif\u0259l\u0259rd\u0259n, h\u0259m\u00e7inin ekoloji qanun pozuntular\u0131ndan, o c\u00fcml\u0259d\u0259n ekoloji cinay\u0259tl\u0259rd\u0259n, m\u0259suliyy\u0259td\u0259n dan\u0131\u015f\u0131l\u0131b.<\/p>\n<p>Daha sonra h\u0259rbi qulluq\u00e7ular qar\u015f\u0131s\u0131nda h\u00fcquqi maarifl\u0259ndirici m\u0259zmunlu \u00e7\u0131x\u0131\u015flar olub. Onlar\u0131 maraqland\u0131ran suallar cavabland\u0131r\u0131l\u0131b, el\u0259c\u0259 d\u0259 h\u0259rb\u00e7il\u0259rin qay\u011f\u0131 v\u0259 probleml\u0259ri il\u0259 maraqlan\u0131l\u0131b.<\/p>\n<p>T\u0259dbird\u0259n sonra a\u011faclar \u0259kilib.<\/p>\n<div class=\"clearfix\"><\/div>\n<\/div>\n<div class=\"fotorama--hidden\"><\/div>\n<div id=\"galleryList\" class=\"fotorama fotorama1730114827439\" data-nav=\"thumbs\" data-width=\"100%\" data-thumbwidth=\"90\" data-thumbheight=\"60\" data-allowfullscreen=\"true\" data-autoplay=\"3000\" data-ratio=\"1.5\" data-keyboard=\"true\" data-fit=\"contain\">\n<div class=\"fotorama__wrap fotorama__wrap--css3 fotorama__wrap--slide fotorama__wrap--toggle-arrows fotorama__wrap--no-controls\">\n<div class=\"fotorama__stage fotorama__pointer\">\n<div class=\"fotorama__fullscreen-icon\" tabindex=\"0\" role=\"button\"><\/div>\n<div class=\"fotorama__stage__shaft\">\n<div class=\"fotorama__stage__frame fotorama__loaded fotorama__loaded--img fotorama__active\"><img class=\"fotorama__img\" src=\"https:\/\/ikisahil.az\/photo\/0x0_2\/upload\/gallery\/2024\/10\/28\/-0b105cf1173011289519242617910115845.jpeg\" \/><\/div>\n<div class=\"fotorama__stage__frame fotorama__loaded fotorama__loaded--img\"><img class=\"fotorama__img\" src=\"https:\/\/ikisahil.az\/photo\/0x0_2\/upload\/gallery\/2024\/10\/28\/-9eb53b50173011289568746472210432105.jpeg\" \/><\/div>\n<\/div>\n<div class=\"fotorama__arr fotorama__arr--prev fotorama__arr--disabled\" tabindex=\"-1\" role=\"button\"><\/div>\n<div class=\"fotorama__arr fotorama__arr--next\" tabindex=\"0\" role=\"button\"><\/div>\n<div class=\"fotorama__video-close\"><\/div>\n<\/div>\n<div class=\"fotorama__nav-wrap\">\n<div class=\"fotorama__nav fotorama__nav--thumbs\">\n<div class=\"fotorama__nav__shaft\">\n<div class=\"fotorama__thumb-border\"><\/div>\n<div class=\"fotorama__nav__frame fotorama__nav__frame--thumb fotorama__active\" tabindex=\"0\" role=\"button\">\n<div class=\"fotorama__thumb fotorama__loaded fotorama__loaded--img\"><img class=\"fotorama__img\" src=\"https:\/\/ikisahil.az\/photo\/150x100_2\/upload\/gallery\/2024\/10\/28\/-0b105cf1173011289519242617910115845.jpeg\" \/><\/div>\n<\/div>\n<div class=\"fotorama__nav__frame fotorama__nav__frame--thumb\" tabindex=\"0\" role=\"button\">\n<div class=\"fotorama__thumb fotorama__loaded fotorama__loaded--img\"><img class=\"fotorama__img\" src=\"https:\/\/ikisahil.az\/photo\/150x100_2\/upload\/gallery\/2024\/10\/28\/-9eb53b50173011289568746472210432105.jpeg\" \/><\/div>\n<\/div>\n<div class=\"fotorama__nav__frame fotorama__nav__frame--thumb\" tabindex=\"0\" role=\"button\">\n<div class=\"fotorama__thumb fotorama__loaded fotorama__loaded--img\"><img class=\"fotorama__img\" src=\"https:\/\/ikisahil.az\/photo\/150x100_2\/upload\/gallery\/2024\/10\/28\/-b5d62aa6173011289595922942710577428.jpeg\" \/><\/div>\n<\/div>\n<div class=\"fotorama__nav__frame fotorama__nav__frame--thumb\" tabindex=\"0\" role=\"button\">\n<div class=\"fotorama__thumb fotorama__loaded fotorama__loaded--img\"><img class=\"fotorama__img\" src=\"https:\/\/ikisahil.az\/photo\/150x100_2\/upload\/gallery\/2024\/10\/28\/-fb60d411173011289558388382910431176.jpeg\" \/><\/div>\n<\/div>\n<div class=\"fotorama__nav__frame fotorama__nav__frame--thumb\" tabindex=\"0\" role=\"button\">\n<div class=\"fotorama__thumb fotorama__loaded fotorama__loaded--img\"><img class=\"fotorama__img\" src=\"https:\/\/ikisahil.az\/photo\/150x100_2\/upload\/gallery\/2024\/10\/28\/-77340c2e173011289552178777710847617.jpeg\" \/><\/div>\n<\/div>\n<\/div>\n<\/div>\n<\/div>\n<\/div>\n<\/div>\n<div class=\"sharing my-2 row no-gutters d-print-none\"><\/div>\n<div class=\"d-none d-sm-block\"><\/div>\n","protected":false},"excerpt":{"rendered":"<p>Az\u0259rbaycan xalq\u0131n\u0131n \u00dcmummilli Lideri Heyd\u0259r \u018fliyevin birinci d\u0259f\u0259 hakimiyy\u0259t\u0259 g\u0259li\u015finin 55-ci ild\u00f6n\u00fcm\u00fc v\u0259 \u00f6lk\u0259mizd\u0259 2024-c\u00fc ilin \u201cYa\u015f\u0131l d\u00fcnya namin\u0259 h\u0259mr\u0259ylik ili\u201d elan edilm\u0259si haqq\u0131nda Prezident \u0130lham \u018fliyevin 2023-c\u00fc il 25 dekabr tarixli S\u0259r\u0259ncam\u0131n\u0131n icras\u0131 il\u0259 \u0259laq\u0259dar Hac\u0131qabul rayonunun v\u0259 Respublika H\u0259rbi Prokurorlu\u011funun r\u0259hb\u0259r v\u0259zif\u0259li \u015f\u0259xsl\u0259ri v\u0259 Daxili \u0130\u015fl\u0259r Nazirliyinin (D\u0130N) Daxili Qo\u015funlar\u0131n\u0131n y\u00fcks\u0259k r\u00fctb\u0259li h\u0259rbi qulluq\u00e7ular\u0131 \u015f\u0259xsi hey\u0259tl\u0259 birg\u0259 t\u0259dbir ke\u00e7irib. H\u0259rbi Prokurorlu\u011fun m\u0259tbuat xidm\u0259tind\u0259n\u00a0&#8220;\u0130ki sahil&#8221;\u0259 bildirilib ki, t\u0259dbird\u0259n \u0259vv\u0259l \u00dcmummilli Lider Heyd\u0259r \u018fliyevin v\u0259 \u015f\u0259hidl\u0259rimizin \u0259ziz v\u0259 unudulmaz xatir\u0259l\u0259ri bir d\u0259qiq\u0259lik s\u00fckutla an\u0131l\u0131b, Allahdan onlara r\u0259hm\u0259t, qazil\u0259r\u0259 \u015f\u0259fa arzulan\u0131b.&hellip;<\/p>\n","protected":false},"author":2,"featured_media":764856,"comment_status":"closed","ping_status":"closed","sticky":false,"template":"","format":"standard","meta":{"om_disable_all_campaigns":false,"_monsterinsights_skip_tracking":false,"_monsterinsights_sitenote_active":false,"_monsterinsights_sitenote_note":"","_monsterinsights_sitenote_category":0},"categories":[10],"tags":[],"aioseo_notices":[],"gutentor_comment":0,"rttpg_featured_image_url":{"full":["https:\/\/arantv.az\/wp-content\/uploads\/2024\/10\/3dea6b59173011283717867113610581988.jpg",975,540,false],"landscape":["https:\/\/arantv.az\/wp-content\/uploads\/2024\/10\/3dea6b59173011283717867113610581988.jpg",975,540,false],"portraits":["https:\/\/arantv.az\/wp-content\/uploads\/2024\/10\/3dea6b59173011283717867113610581988.jpg",975,540,false],"thumbnail":["https:\/\/arantv.az\/wp-content\/uploads\/2024\/10\/3dea6b59173011283717867113610581988-500x280.jpg",500,280,true],"medium":["https:\/\/arantv.az\/wp-content\/uploads\/2024\/10\/3dea6b59173011283717867113610581988-660x365.jpg",660,365,true],"large":["https:\/\/arantv.az\/wp-content\/uploads\/2024\/10\/3dea6b59173011283717867113610581988-840x465.jpg",640,354,true],"1536x1536":["https:\/\/arantv.az\/wp-content\/uploads\/2024\/10\/3dea6b59173011283717867113610581988.jpg",975,540,false],"2048x2048":["https:\/\/arantv.az\/wp-content\/uploads\/2024\/10\/3dea6b59173011283717867113610581988.jpg",975,540,false],"post-thumbnail":["https:\/\/arantv.az\/wp-content\/uploads\/2024\/10\/3dea6b59173011283717867113610581988-240x172.jpg",240,172,true],"advps-thumb-one":["https:\/\/arantv.az\/wp-content\/uploads\/2024\/10\/3dea6b59173011283717867113610581988.jpg",975,540,false]},"rttpg_author":{"display_name":"V\u00fcsal Rafiqo\u011flu","author_link":"https:\/\/arantv.az\/?author=2"},"rttpg_comment":0,"rttpg_category":"<a href=\"https:\/\/arantv.az\/?cat=10\" rel=\"category\">C\u0259bh\u0259d\u0259n X\u0259b\u0259r<\/a>","rttpg_excerpt":"Az\u0259rbaycan xalq\u0131n\u0131n \u00dcmummilli Lideri Heyd\u0259r \u018fliyevin birinci d\u0259f\u0259 hakimiyy\u0259t\u0259 g\u0259li\u015finin 55-ci ild\u00f6n\u00fcm\u00fc v\u0259 \u00f6lk\u0259mizd\u0259 2024-c\u00fc ilin \u201cYa\u015f\u0131l d\u00fcnya namin\u0259 h\u0259mr\u0259ylik ili\u201d elan edilm\u0259si haqq\u0131nda Prezident \u0130lham \u018fliyevin 2023-c\u00fc il 25 dekabr tarixli S\u0259r\u0259ncam\u0131n\u0131n icras\u0131 il\u0259 \u0259laq\u0259dar Hac\u0131qabul rayonunun v\u0259 Respublika H\u0259rbi Prokurorlu\u011funun r\u0259hb\u0259r v\u0259zif\u0259li \u015f\u0259xsl\u0259ri v\u0259 Daxili \u0130\u015fl\u0259r Nazirliyinin (D\u0130N) Daxili Qo\u015funlar\u0131n\u0131n y\u00fcks\u0259k r\u00fctb\u0259li h\u0259rbi&hellip;","_links":{"self":[{"href":"https:\/\/arantv.az\/index.php?rest_route=\/wp\/v2\/posts\/764855"}],"collection":[{"href":"https:\/\/arantv.az\/index.php?rest_route=\/wp\/v2\/posts"}],"about":[{"href":"https:\/\/arantv.az\/index.php?rest_route=\/wp\/v2\/types\/post"}],"author":[{"embeddable":true,"href":"https:\/\/arantv.az\/index.php?rest_route=\/wp\/v2\/users\/2"}],"replies":[{"embeddable":true,"href":"https:\/\/arantv.az\/index.php?rest_route=%2Fwp%2Fv2%2Fcomments&post=764855"}],"version-history":[{"count":1,"href":"https:\/\/arantv.az\/index.php?rest_route=\/wp\/v2\/posts\/764855\/revisions"}],"predecessor-version":[{"id":764857,"href":"https:\/\/arantv.az\/index.php?rest_route=\/wp\/v2\/posts\/764855\/revisions\/764857"}],"wp:featuredmedia":[{"embeddable":true,"href":"https:\/\/arantv.az\/index.php?rest_route=\/wp\/v2\/media\/764856"}],"wp:attachment":[{"href":"https:\/\/arantv.az\/index.php?rest_route=%2Fwp%2Fv2%2Fmedia&parent=764855"}],"wp:term":[{"taxonomy":"category","embeddable":true,"href":"https:\/\/arantv.az\/index.php?rest_route=%2Fwp%2Fv2%2Fcategories&post=764855"},{"taxonomy":"post_tag","embeddable":true,"href":"https:\/\/arantv.az\/index.php?rest_route=%2Fwp%2Fv2%2Ftags&post=764855"}],"curies":[{"name":"wp","href":"https:\/\/api.w.org\/{rel}","templated":true}]}}