{"id":764858,"date":"2024-10-28T15:39:12","date_gmt":"2024-10-28T11:39:12","guid":{"rendered":"https:\/\/arantv.az\/?p=764858"},"modified":"2024-10-28T15:39:12","modified_gmt":"2024-10-28T11:39:12","slug":"qayidisa-haqqi-catanlar-korpul%c9%99ri-yandiranlar-ucun-baglanan-qapi","status":"publish","type":"post","link":"https:\/\/arantv.az\/?p=764858","title":{"rendered":"Qay\u0131d\u0131\u015fa haqq\u0131 \u00e7atanlar \u2013 k\u00f6rp\u00fcl\u0259ri yand\u0131ranlar \u00fc\u00e7\u00fcn ba\u011flanan qap\u0131"},"content":{"rendered":"<div class=\"text-content\" data-id=\"\" data-url=\"\">\n<p><strong>Az\u0259rbaycanla Erm\u0259nistan aras\u0131nda m\u00fcnasib\u0259tl\u0259rin normalla\u015fmas\u0131 istiqam\u0259tind\u0259 g\u00f6r\u00fc\u015fl\u0259r ke\u00e7irilib.<\/strong><\/p>\n<p>Oktyabr\u0131n 24-d\u0259 BRICS-in sammiti \u00e7\u0259r\u00e7iv\u0259sind\u0259 Prezident \u0130lham \u018fliyevl\u0259 Erm\u0259nistan\u0131n ba\u015f naziri Nikol Pa\u015finyan\u0131n vasit\u0259\u00e7isiz, birba\u015fa g\u00f6r\u00fc\u015f\u00fc olub. G\u00f6r\u00fc\u015fd\u0259 t\u0259r\u0259fl\u0259r ikit\u0259r\u0259fli s\u00fclh g\u00fcnd\u0259liyinin ir\u0259li apar\u0131lmas\u0131n\u0131, o c\u00fcml\u0259d\u0259n s\u00fclh sazi\u015fini, s\u0259rh\u0259dl\u0259rin delimitasiyas\u0131 v\u0259 demarkasiyas\u0131n\u0131, qar\u015f\u0131l\u0131ql\u0131 maraq do\u011furan dig\u0259r m\u0259s\u0259l\u0259l\u0259ri m\u00fczakir\u0259 edibl\u0259r.<\/p>\n<p>\u0130ki \u00f6lk\u0259nin xarici i\u015fl\u0259r nazirl\u0259rin\u0259 S\u00fclh v\u0259 D\u00f6vl\u0259tl\u0259raras\u0131 M\u00fcnasib\u0259tl\u0259rin Qurulmas\u0131 haqq\u0131nda Sazi\u015f \u00fcz\u0259rind\u0259 i\u015fl\u0259rin m\u00fcmk\u00fcn tez zamanda yekunla\u015fd\u0131r\u0131lmas\u0131 v\u0259 imzalanmas\u0131 \u00fc\u00e7\u00fcn ikit\u0259r\u0259fli dan\u0131\u015f\u0131qlar\u0131 davam etdirm\u0259k bar\u0259d\u0259 t\u0259limat verilib.<\/p>\n<p>T\u0259\u0259ss\u00fcf ki, r\u0259smi Bak\u0131 il\u0259 \u0130r\u0259van aras\u0131nda dan\u0131\u015f\u0131qlar\u0131n yeni v\u0259 daha m\u00fch\u00fcm ba\u015flamas\u0131na haz\u0131rl\u0131q i\u015fl\u0259ri g\u00f6r\u00fcld\u00fcy\u00fc bir vaxtda araqar\u0131\u015fd\u0131r\u0131c\u0131 \u00fcns\u00fcrl\u0259r yen\u0259 m\u00fcxt\u0259lif iddialar ir\u0259li s\u00fcr\u00fcbl\u0259r.<\/p>\n<div class=\"news-image\">\n<div class=\"image\"><img loading=\"lazy\" src=\"https:\/\/cdn.musavat.com\/news\/thumbnails\/386b501ea76830b40e958cbe0656b3a1.jpg\" alt=\"SULHU.jpg (260 KB)\" width=\"700\" height=\"454\" \/><img src=\"https:\/\/static.report.az\/photo\/6bce4346-3052-3f7f-a619-886ef28329b4.jpg\" alt=\"\" \/><\/div>\n<\/div>\n<p>Bel\u0259 \u00fcns\u00fcrl\u0259rd\u0259n biri d\u0259 Fransa-Erm\u0259nistan parlamentl\u0259raras\u0131 dostluq qrupunun ba\u015f\u00e7\u0131s\u0131 Jilber-Lyuk Devinazd\u0131r.<\/p>\n<p>O, \u0259vv\u0259ll\u0259r d\u0259 Az\u0259rbaycana qar\u015f\u0131 q\u0259r\u0259zli \u00e7\u0131x\u0131\u015flar\u0131 v\u0259 a\u00e7\u0131qlamalar\u0131 il\u0259 yadda qal\u0131b. Bel\u0259 ki, h\u0259l\u0259 2018-ci il sentyabr\u0131n 14-d\u0259 qondarma qurumun \u201cparlament r\u0259hb\u0259ri\u201d A\u015fot Qulyan\u0131 q\u0259bul etmi\u015fdi. G\u00f6r\u00fc\u015fd\u0259 separat\u00e7\u0131larla \u201cikit\u0259r\u0259fli \u0259laq\u0259l\u0259rin\u201d inki\u015faf\u0131ndan dan\u0131\u015f\u0131lm\u0131\u015fd\u0131.<\/p>\n<p>Jilber-Lyuk Devinaz bu kimi davran\u0131\u015f\u0131 il\u0259 anti-Az\u0259rbaycan, anti-t\u00fcrk oldu\u011funu \u00e7oxdan isbatlay\u0131b. O, separat\u00e7\u0131lara himay\u0259darl\u0131q, s\u00f6z\u00e7\u00fcl\u00fck edib, erm\u0259ni lobbisinin maliyy\u0259 v\u0259saiti hesab\u0131na f\u0259aliyy\u0259t g\u00f6st\u0259r\u0259nl\u0259ri xat\u0131rlad\u0131r.<\/p>\n<p>Bu d\u0259f\u0259 Devinaz yeni bir \u015f\u0259r kampaniyas\u0131na ba\u015flay\u0131b. O, noyabr\u0131n 11-d\u0259 COP29-a ev sahibliyi ed\u0259c\u0259k Az\u0259rbaycan\u0131n guya \u201cetnik t\u0259mizl\u0259m\u0259 plan\u0131n\u0131n&#8221; c\u0259zas\u0131z olaraq davam etdirdiyini bildirib. Bak\u0131da h\u0259bsd\u0259 olan separat\u00e7\u0131lar\u0131 \u201csiyasi xadim\u201d adland\u0131r\u0131b, habel\u0259 Qaraba\u011fda guya \u201cerm\u0259ni irsinin m\u0259hv edilm\u0259sind\u0259n\u201d b\u0259hs edib.<\/p>\n<p><strong>O, Az\u0259rbaycandan k\u00f6n\u00fcll\u00fc olaraq k\u00f6\u00e7 etmi\u015f erm\u0259nil\u0259rin \u201cqay\u0131tmas\u0131na&#8221; dair \u0259sass\u0131z iddialar ir\u0259li s\u00fcr\u00fcb.<\/strong><\/p>\n<div class=\"news-image\">\n<div class=\"image\"><img src=\"https:\/\/static.report.az\/photo\/22e39e74-c04c-32c4-8f43-b876921b52ef.jpg\" alt=\"\" \/><img loading=\"lazy\" src=\"https:\/\/cdn.musavat.com\/news\/thumbnails\/2494d0b6bb080684f99f83576b29be10.jpg\" alt=\"\u0130REL\u0130.jpg (24 KB)\" width=\"700\" height=\"481\" \/><\/div>\n<\/div>\n<p>Beyn\u0259lxalq ictimaiyy\u0259t\u0259 Erm\u0259nistan\u0131n i\u015f\u011fal zaman\u0131 Az\u0259rbaycan torpaqlar\u0131nda etdiyi \u00f6zba\u015f\u0131nal\u0131q v\u0259 v\u0259h\u015filik m\u0259lumdur. Ancaq fransal\u0131 senator i\u015f\u011fal\u00e7\u0131 erm\u0259nil\u0259rin 30 illik vandalizminin izl\u0259rini g\u00f6rm\u0259zd\u0259n g\u0259l\u0259r\u0259k deyib ki, &#8220;Qaraba\u011fda min ill\u0259rl\u0259 tarixi olan erm\u0259ni abid\u0259l\u0259rinin b\u00fct\u00fcn izl\u0259ri silinir\u201d. Guya Xank\u0259ndi \u015f\u0259h\u0259rinin yar\u0131s\u0131 yerl\u0259 yeksan olunub. Bu yerd\u0259 heyr\u0259t i\u015far\u0259si yerin\u0259 d\u00fc\u015f\u00fcr. Y\u0259ni bel\u0259 bir yalan\u0131 ancaq \u0259dal\u0259t, h\u0259qiq\u0259t, do\u011fru kimi ger\u00e7\u0259klik hissind\u0259n tamamil\u0259 m\u0259hrum olan \u015f\u0259xs dey\u0259 bil\u0259r. Devinaz bel\u0259 \u00e7\u0131x\u0131\u015f\u0131 il\u0259 yaln\u0131z reall\u0131qdan uzaq olub, h\u0259l\u0259 d\u0259 x\u00fclyalarla ya\u015fayan erm\u0259ni lobbisini qane ed\u0259r. He\u00e7 bir normal d\u00fc\u015f\u00fcnc\u0259 sahibi onu ciddi q\u0259bul etm\u0259z.<\/p>\n<p><strong>Fransa hakimiyy\u0259ti, parlamenti bu kimi bo\u015fbo\u011fazlardan qurtulmazsa, \u00f6lk\u0259nin g\u0259l\u0259c\u0259k \u0259laq\u0259l\u0259rind\u0259 probleml\u0259r yarana bil\u0259r.<\/strong><\/p>\n<p>Erm\u0259nistan Beyn\u0259lxalq Cinay\u0259t M\u0259hk\u0259m\u0259sinin (BCM) \u00fczv\u00fc kimi, Qaraba\u011f v\u0259 \u0259traf rayonlarda, habel\u0259, Q\u0259rbi Az\u0259rbaycanda t\u00f6r\u0259tdiyi cinay\u0259tl\u0259r\u0259 g\u00f6r\u0259 h\u00fcquqi m\u0259suliyy\u0259t da\u015f\u0131y\u0131r.<\/p>\n<p>Qaraba\u011f\u0131 k\u00f6n\u00fcll\u00fc t\u0259rk ed\u0259n erm\u0259ni icmas\u0131 il\u0259 ba\u011fl\u0131 m\u0259s\u0259l\u0259y\u0259 m\u00fcnasib\u0259tini Prezident \u0130lham \u018fliyev h\u0259l\u0259 2023-c\u00fc il sentyabr\u0131n 20-d\u0259 etdiyi m\u00fcraci\u0259td\u0259 bildirib:<\/p>\n<p>\u201cQaraba\u011f\u0131n erm\u0259ni \u0259halisi bizim v\u0259t\u0259nda\u015flar\u0131m\u0131zd\u0131r. Sad\u0259c\u0259 olaraq, erm\u0259ni mill\u0259t\u00e7il\u0259ri, m\u00fcharib\u0259 cinay\u0259tkarlar\u0131, Erm\u0259nistan\u0131n v\u0259 Qaraba\u011f\u0131n d\u0131rnaqaras\u0131 r\u0259hb\u0259rl\u0259ri o insanlar\u0131 girov g\u00f6t\u00fcrm\u00fc\u015fd\u00fc, onlar\u0131n beyinl\u0259rini z\u0259h\u0259rl\u0259mi\u015fdi. Az\u0259rbaycan haqq\u0131nda, Az\u0259rbaycan xalq\u0131 haqq\u0131nda olmaz\u0131n yalanlar\u0131n\u0131 uydurub onlar\u0131n beyinl\u0259rin\u0259 doldurmu\u015fdur, onlar\u0131n beyinl\u0259rini z\u0259h\u0259rl\u0259mi\u015fdir. M\u0259n \u0259min\u0259m ki, Qaraba\u011fda ya\u015fayan erm\u0259ni \u0259halisi tezlikl\u0259 yax\u015f\u0131l\u0131\u011fa do\u011fru d\u00f6n\u00fc\u015f\u00fc g\u00f6r\u0259c\u0259k. \u00c7\u00fcnki bizim niyy\u0259timiz s\u00fclh, qar\u015f\u0131l\u0131ql\u0131 anla\u015fma, qar\u015f\u0131l\u0131ql\u0131 h\u00f6rm\u0259t \u0259sas\u0131nda birg\u0259 h\u0259yat qurmaqd\u0131r. Bizim erm\u0259ni xalq\u0131 il\u0259 he\u00e7 bir problemimiz yoxdur, \u0259dav\u0259timiz d\u0259 yoxdur\u201d.<\/p>\n<div class=\"news-image\">\n<div class=\"image\"><img src=\"https:\/\/static.report.az\/photo\/8f0aeae3-8163-3615-8f16-6ef2bb406683.jpg\" alt=\"\" \/><img loading=\"lazy\" src=\"https:\/\/cdn.musavat.com\/news\/thumbnails\/afb050e0862b030185a042a11c6840c5.jpg\" alt=\"YOXDU.jpg (42 KB)\" width=\"700\" height=\"466\" \/><\/div>\n<\/div>\n<p>Prezident ona da cavab verib ki, Az\u0259rbaycanda erm\u0259ni siyasi m\u0259hbus yoxdur. Olanlar is\u0259 cinay\u0259tkarlard\u0131r. Onlar Az\u0259rbaycan d\u00f6vl\u0259tin\u0259 &#8211; ordusuna, \u0259razisin\u0259, \u0259halisin\u0259 qar\u015f\u0131 t\u00f6r\u0259tdikl\u0259ri m\u00fcxt\u0259lif cinay\u0259t \u0259m\u0259ll\u0259rin\u0259 g\u00f6r\u0259 h\u0259bs edilibl\u0259r, haz\u0131rda istintaq davam edir.<\/p>\n<p>D\u00f6vl\u0259t ba\u015f\u00e7\u0131s\u0131 h\u0259min \u00e7\u0131x\u0131\u015fda erm\u0259nil\u0259rin t\u00f6r\u0259tdikl\u0259ri \u0259m\u0259l\u0259 i\u015far\u0259 ed\u0259r\u0259k daha sonra vur\u011fulam\u0131\u015fd\u0131: \u201cB\u00fct\u00fcn haqs\u0131zl\u0131qlara baxmayaraq, b\u00fct\u00fcn kriminal Erm\u0259nistan rejimi t\u0259r\u0259find\u0259n t\u00f6r\u0259dilmi\u015f cinay\u0259tl\u0259r\u0259 baxmayaraq, biz erm\u0259ni xalq\u0131n\u0131 bu cinay\u0259tl\u0259rd\u0259 he\u00e7 vaxt g\u00fcnahland\u0131rmam\u0131\u015f\u0131q. Xocal\u0131 soyq\u0131r\u0131m\u0131nda, \u015f\u0259h\u0259rl\u0259rimizin, k\u0259ndl\u0259rimizin da\u011f\u0131d\u0131lmas\u0131nda, q\u0259birl\u0259rin qaz\u0131lmas\u0131nda biz erm\u0259ni xalq\u0131n\u0131 g\u00fcnahland\u0131rmam\u0131\u015f\u0131q. Biz kriminal rejimin \u00fcns\u00fcrl\u0259rini, ba\u015fda duranlar\u0131n\u0131 ittiham etmi\u015fik v\u0259 biz onlar\u0131 m\u0259suliyy\u0259t\u0259 c\u0259lb edirik v\u0259 ed\u0259c\u0259yik. B\u0259zil\u0259ri art\u0131q \u00f6z layiqli c\u0259zas\u0131n\u0131 al\u0131blar, b\u0259zil\u0259ri d\u0259 alacaqlar\u201d.<\/p>\n<p>He\u00e7 n\u0259 unudulmad\u0131\u011f\u0131 kimi, he\u00e7 kim c\u0259zas\u0131z da qalm\u0131r. Erm\u0259nistan hakimiyy\u0259ti Az\u0259rbaycan v\u0259t\u0259nda\u015flar\u0131na qar\u015f\u0131 t\u00f6r\u0259tdikl\u0259ri cinay\u0259t \u0259m\u0259ll\u0259rin\u0259 g\u00f6r\u0259 indiy\u0259d\u0259k \u00fczr ist\u0259m\u0259yib. Xocal\u0131da v\u0259 Az\u0259rbaycan\u0131n ba\u015fqa b\u00f6lg\u0259l\u0259rind\u0259 t\u00f6r\u0259dil\u0259n cinay\u0259tl\u0259rd\u0259 \u0259li olanlar h\u0259l\u0259 d\u0259 Erm\u0259nistanda hakimiyy\u0259t\u0259 g\u0259lm\u0259k u\u011frunda m\u00fcbariz\u0259 apar\u0131r v\u0259 c\u0259zalanmay\u0131blar.<\/p>\n<p>Qaraba\u011fdak\u0131 erm\u0259ni sakinl\u0259r\u0259 Az\u0259rbaycanda qal\u0131b, c\u0259miyy\u0259t\u0259 inteqrasiya etm\u0259l\u0259ri t\u0259klif olunub. Onlar\u0131n bir qism\u0259 \u00f6lk\u0259ni k\u00f6n\u00fcll\u00fc t\u0259rk etm\u0259kl\u0259 bu humanist d\u0259v\u0259td\u0259n imtina edibl\u0259r. H\u0259min sakinl\u0259r sonradan anti-Az\u0259rbaycan fikirl\u0259r s\u00f6yl\u0259m\u0259kl\u0259 Jilber-Lyuk Devinaz kimil\u0259rin \u0259lind\u0259 oyunca\u011fa \u00e7evrilibl\u0259r.<\/p>\n<p><strong>He\u00e7 \u015f\u00fcbh\u0259siz, Qaraba\u011fdak\u0131 erm\u0259ni sakinl\u0259r aras\u0131nda Az\u0259rbaycan d\u00f6vl\u0259tin\u0259 qar\u015f\u0131 f\u0259aliyy\u0259t g\u00f6st\u0259r\u0259n, \u00e7\u0131x\u0131\u015f ed\u0259n az olmay\u0131b. Onlar \u0259m\u0259ll\u0259rinin cavabs\u0131z qalmayaca\u011f\u0131n\u0131 ba\u015fa d\u00fc\u015f\u00fcb Az\u0259rbaycandan k\u00f6n\u00fcll\u00fc olaraq k\u00f6\u00e7 edibl\u0259r.<\/strong><\/p>\n<div class=\"news-image\">\n<div class=\"image\"><img src=\"https:\/\/static.report.az\/photo\/b801e012-e37e-30b3-a8bc-446e851685bd.jpg\" alt=\"\" \/><img loading=\"lazy\" src=\"https:\/\/cdn.musavat.com\/news\/thumbnails\/2da977a129da2ee62213eda4435a2c72.jpg\" alt=\"SEPARATCI.jpg (442 KB)\" width=\"700\" height=\"402\" \/><\/div>\n<\/div>\n<p>Devinazlar v\u0259 erm\u0259nil\u0259rin qay\u0131d\u0131\u015f kimi \u00e7\u00fcr\u00fck ideyas\u0131n\u0131 canf\u0259\u015fanl\u0131qla m\u00fcdafi\u0259 ed\u0259nl\u0259r bu yolla \u00f6lk\u0259d\u0259 yenid\u0259n \u201cerm\u0259ni bombas\u0131\u201d haz\u0131rlama\u011fa s\u0259y edirl\u0259r. Bunu 200 il \u0259vv\u0259l haz\u0131rlay\u0131blar. Onun \u201cpartlamas\u0131 n\u0259tic\u0259sind\u0259\u201d Az\u0259rbaycan torpaqlar\u0131nda \u201cErm\u0259nistan\u201d yaran\u0131b. \u0130kincisi is\u0259 erm\u0259nil\u0259rin \u0259lind\u0259 partlay\u0131b. Onun i\u00e7liyini d\u0259yi\u015fib, f\u0259rqli formada Az\u0259rbaycana v\u0259 regiona yenid\u0259n s\u0131r\u0131ma\u011fa s\u0259y g\u00f6st\u0259rilir.<\/p>\n<p>Erm\u0259nistan q\u0259rbi az\u0259rbaycanl\u0131lardan da \u00fczr ist\u0259m\u0259y\u0259 borcludur. \u00c7\u00fcnki onlar v\u0259t\u0259nda\u015f\u0131 olduqlar\u0131 \u00f6lk\u0259y\u0259, erm\u0259ni c\u0259miyy\u0259tin\u0259 qar\u015f\u0131 he\u00e7 bir cinay\u0259t t\u00f6r\u0259tm\u0259yibl\u0259r. \u018fksin\u0259, onlar Erm\u0259nistan\u0131n, erm\u0259ni c\u0259miyy\u0259tinin v\u0259h\u015filikl\u0259rinin qurban\u0131 olublar. Mal-m\u00fclkl\u0259ri g\u00fcc yolu il\u0259 \u0259ll\u0259rind\u0259n al\u0131n\u0131b. Onlarla Q\u0259rbi az\u0259rbaycanl\u0131 q\u0259tl\u0259 yetirilib. Ancaq bunu Devinaz\u0131n Fransas\u0131nda kims\u0259 yada salm\u0131r. Yaxud xat\u0131rlamaqdan qorxur.<\/p>\n<p>Bel\u0259 olan halda v\u0259t\u0259nda\u015f\u0131 olduqlar\u0131 \u00f6lk\u0259 v\u0259 erm\u0259ni c\u0259miyy\u0259ti il\u0259 aralar\u0131ndak\u0131 k\u00f6rp\u00fcl\u0259ri yand\u0131rmayan Q\u0259rbi az\u0259rbaycanl\u0131lar\u0131n qay\u0131d\u0131\u015fa b\u00fct\u00fcn s\u0259viyy\u0259l\u0259rd\u0259 daha \u00e7ox haqlar\u0131 \u00e7at\u0131r. \u00c7\u00fcnki onlar Erm\u0259nistana qar\u015f\u0131 he\u00e7 bir cinay\u0259td\u0259 i\u015ftirak etm\u0259yibl\u0259r. Ancaq regionu qar\u0131\u015fd\u0131rmaq ist\u0259y\u0259nl\u0259rin Qaraba\u011fda yenid\u0259n yerl\u0259\u015fdirm\u0259k ist\u0259dikl\u0259ri aras\u0131nda Az\u0259rbaycana qar\u015f\u0131 \u00e7oxsayl\u0131 cinay\u0259t \u0259m\u0259ll\u0259ri t\u00f6r\u0259tmi\u015fl\u0259r \u00e7oxdur. Haz\u0131rda Bak\u0131da h\u0259bsxanada saxlan\u0131lan Arkadi Qukasyan, Bako Saakyan, Araik Arutyunyan, David Babayan, David \u0130\u015fxanyan, Lyova Mnatsakanyan, David Manukyan kimi.<\/p>\n<p><strong>Erm\u0259nistan\u0131 20 il idar\u0259 etmi\u015f Robert Ko\u00e7aryan, Serj Sarkisyan, \u00f6lk\u0259nin ke\u00e7mi\u015f m\u00fcdafi\u0259 naziri Seyran Ohanyan v\u0259 ba\u015fqalar\u0131 v\u0259t\u0259nda\u015f\u0131 olduqlar\u0131 Az\u0259rbaycana qar\u015f\u0131 soyq\u0131r\u0131m\u0131, q\u0259tl, qar\u0259t, terror t\u00f6r\u0259dibl\u0259r.<\/strong><\/p>\n<p>B\u00fct\u00fcn ictimai, m\u0259n\u0259vi, siyasi, m\u0259d\u0259ni, etnikl\u0259raras\u0131 v\u0259 s. k\u00f6rp\u00fcl\u0259ri yand\u0131ranlar Az\u0259rbaycana qay\u0131d\u0131\u015f \u00fc\u00e7\u00fcn \u00fcz qoymayanlard\u0131r. Bu bax\u0131mdan, devinazlar \u015faba\u015fa \u00e7\u0131xanlara ox\u015fay\u0131r&#8230;<\/p>\n<p><strong>S\u0259dr\u0259ddin \u0130smay\u0131lov<\/strong><\/p>\n<\/div>\n<div><\/div>\n<div><\/div>\n<div class=\"inner-social-box\">\n<div class=\"subs-in-social subs-whatsapp\"><\/div>\n<\/div>\n","protected":false},"excerpt":{"rendered":"<p>Az\u0259rbaycanla Erm\u0259nistan aras\u0131nda m\u00fcnasib\u0259tl\u0259rin normalla\u015fmas\u0131 istiqam\u0259tind\u0259 g\u00f6r\u00fc\u015fl\u0259r ke\u00e7irilib. Oktyabr\u0131n 24-d\u0259 BRICS-in sammiti \u00e7\u0259r\u00e7iv\u0259sind\u0259 Prezident \u0130lham \u018fliyevl\u0259 Erm\u0259nistan\u0131n ba\u015f naziri Nikol Pa\u015finyan\u0131n vasit\u0259\u00e7isiz, birba\u015fa g\u00f6r\u00fc\u015f\u00fc olub. G\u00f6r\u00fc\u015fd\u0259 t\u0259r\u0259fl\u0259r ikit\u0259r\u0259fli s\u00fclh g\u00fcnd\u0259liyinin ir\u0259li apar\u0131lmas\u0131n\u0131, o c\u00fcml\u0259d\u0259n s\u00fclh sazi\u015fini, s\u0259rh\u0259dl\u0259rin delimitasiyas\u0131 v\u0259 demarkasiyas\u0131n\u0131, qar\u015f\u0131l\u0131ql\u0131 maraq do\u011furan dig\u0259r m\u0259s\u0259l\u0259l\u0259ri m\u00fczakir\u0259 edibl\u0259r. \u0130ki \u00f6lk\u0259nin xarici i\u015fl\u0259r nazirl\u0259rin\u0259 S\u00fclh v\u0259 D\u00f6vl\u0259tl\u0259raras\u0131 M\u00fcnasib\u0259tl\u0259rin Qurulmas\u0131 haqq\u0131nda Sazi\u015f \u00fcz\u0259rind\u0259 i\u015fl\u0259rin m\u00fcmk\u00fcn tez zamanda yekunla\u015fd\u0131r\u0131lmas\u0131 v\u0259 imzalanmas\u0131 \u00fc\u00e7\u00fcn ikit\u0259r\u0259fli dan\u0131\u015f\u0131qlar\u0131 davam etdirm\u0259k bar\u0259d\u0259 t\u0259limat verilib. T\u0259\u0259ss\u00fcf ki, r\u0259smi Bak\u0131 il\u0259 \u0130r\u0259van aras\u0131nda dan\u0131\u015f\u0131qlar\u0131n yeni v\u0259 daha m\u00fch\u00fcm ba\u015flamas\u0131na haz\u0131rl\u0131q i\u015fl\u0259ri&hellip;<\/p>\n","protected":false},"author":2,"featured_media":764860,"comment_status":"closed","ping_status":"closed","sticky":false,"template":"","format":"standard","meta":{"om_disable_all_campaigns":false,"_monsterinsights_skip_tracking":false,"_monsterinsights_sitenote_active":false,"_monsterinsights_sitenote_note":"","_monsterinsights_sitenote_category":0},"categories":[19],"tags":[],"aioseo_notices":[],"gutentor_comment":0,"rttpg_featured_image_url":{"full":["https:\/\/arantv.az\/wp-content\/uploads\/2024\/10\/e4eba02269d081c17fd28493f735ace8-1.jpg",850,500,false],"landscape":["https:\/\/arantv.az\/wp-content\/uploads\/2024\/10\/e4eba02269d081c17fd28493f735ace8-1.jpg",850,500,false],"portraits":["https:\/\/arantv.az\/wp-content\/uploads\/2024\/10\/e4eba02269d081c17fd28493f735ace8-1.jpg",850,500,false],"thumbnail":["https:\/\/arantv.az\/wp-content\/uploads\/2024\/10\/e4eba02269d081c17fd28493f735ace8-1-500x280.jpg",500,280,true],"medium":["https:\/\/arantv.az\/wp-content\/uploads\/2024\/10\/e4eba02269d081c17fd28493f735ace8-1-621x365.jpg",621,365,true],"large":["https:\/\/arantv.az\/wp-content\/uploads\/2024\/10\/e4eba02269d081c17fd28493f735ace8-1-840x494.jpg",640,376,true],"1536x1536":["https:\/\/arantv.az\/wp-content\/uploads\/2024\/10\/e4eba02269d081c17fd28493f735ace8-1.jpg",850,500,false],"2048x2048":["https:\/\/arantv.az\/wp-content\/uploads\/2024\/10\/e4eba02269d081c17fd28493f735ace8-1.jpg",850,500,false],"post-thumbnail":["https:\/\/arantv.az\/wp-content\/uploads\/2024\/10\/e4eba02269d081c17fd28493f735ace8-1-240x172.jpg",240,172,true],"advps-thumb-one":["https:\/\/arantv.az\/wp-content\/uploads\/2024\/10\/e4eba02269d081c17fd28493f735ace8-1.jpg",850,500,false]},"rttpg_author":{"display_name":"V\u00fcsal Rafiqo\u011flu","author_link":"https:\/\/arantv.az\/?author=2"},"rttpg_comment":0,"rttpg_category":"<a href=\"https:\/\/arantv.az\/?cat=19\" rel=\"category\">G\u00fcnd\u0259m<\/a>","rttpg_excerpt":"Az\u0259rbaycanla Erm\u0259nistan aras\u0131nda m\u00fcnasib\u0259tl\u0259rin normalla\u015fmas\u0131 istiqam\u0259tind\u0259 g\u00f6r\u00fc\u015fl\u0259r ke\u00e7irilib. Oktyabr\u0131n 24-d\u0259 BRICS-in sammiti \u00e7\u0259r\u00e7iv\u0259sind\u0259 Prezident \u0130lham \u018fliyevl\u0259 Erm\u0259nistan\u0131n ba\u015f naziri Nikol Pa\u015finyan\u0131n vasit\u0259\u00e7isiz, birba\u015fa g\u00f6r\u00fc\u015f\u00fc olub. G\u00f6r\u00fc\u015fd\u0259 t\u0259r\u0259fl\u0259r ikit\u0259r\u0259fli s\u00fclh g\u00fcnd\u0259liyinin ir\u0259li apar\u0131lmas\u0131n\u0131, o c\u00fcml\u0259d\u0259n s\u00fclh sazi\u015fini, s\u0259rh\u0259dl\u0259rin delimitasiyas\u0131 v\u0259 demarkasiyas\u0131n\u0131, qar\u015f\u0131l\u0131ql\u0131 maraq do\u011furan dig\u0259r m\u0259s\u0259l\u0259l\u0259ri m\u00fczakir\u0259 edibl\u0259r. \u0130ki \u00f6lk\u0259nin xarici i\u015fl\u0259r nazirl\u0259rin\u0259 S\u00fclh v\u0259 D\u00f6vl\u0259tl\u0259raras\u0131&hellip;","_links":{"self":[{"href":"https:\/\/arantv.az\/index.php?rest_route=\/wp\/v2\/posts\/764858"}],"collection":[{"href":"https:\/\/arantv.az\/index.php?rest_route=\/wp\/v2\/posts"}],"about":[{"href":"https:\/\/arantv.az\/index.php?rest_route=\/wp\/v2\/types\/post"}],"author":[{"embeddable":true,"href":"https:\/\/arantv.az\/index.php?rest_route=\/wp\/v2\/users\/2"}],"replies":[{"embeddable":true,"href":"https:\/\/arantv.az\/index.php?rest_route=%2Fwp%2Fv2%2Fcomments&post=764858"}],"version-history":[{"count":1,"href":"https:\/\/arantv.az\/index.php?rest_route=\/wp\/v2\/posts\/764858\/revisions"}],"predecessor-version":[{"id":764861,"href":"https:\/\/arantv.az\/index.php?rest_route=\/wp\/v2\/posts\/764858\/revisions\/764861"}],"wp:featuredmedia":[{"embeddable":true,"href":"https:\/\/arantv.az\/index.php?rest_route=\/wp\/v2\/media\/764860"}],"wp:attachment":[{"href":"https:\/\/arantv.az\/index.php?rest_route=%2Fwp%2Fv2%2Fmedia&parent=764858"}],"wp:term":[{"taxonomy":"category","embeddable":true,"href":"https:\/\/arantv.az\/index.php?rest_route=%2Fwp%2Fv2%2Fcategories&post=764858"},{"taxonomy":"post_tag","embeddable":true,"href":"https:\/\/arantv.az\/index.php?rest_route=%2Fwp%2Fv2%2Ftags&post=764858"}],"curies":[{"name":"wp","href":"https:\/\/api.w.org\/{rel}","templated":true}]}}