{"id":764866,"date":"2024-10-28T15:41:19","date_gmt":"2024-10-28T11:41:19","guid":{"rendered":"https:\/\/arantv.az\/?p=764866"},"modified":"2024-10-28T15:41:19","modified_gmt":"2024-10-28T11:41:19","slug":"heyd%c9%99r-%c9%99liyevin-t%c9%99rifl%c9%99diyi-qazax-k%c9%99sfiyyatci-onun-h%c9%99rbi-hiss%c9%99si-erm%c9%99nil%c9%99ri-kurd%c9%99mir-yoluna-buraxmayibfoto","status":"publish","type":"post","link":"https:\/\/arantv.az\/?p=764866","title":{"rendered":"Heyd\u0259r \u018fliyevin t\u0259rifl\u0259diyi qazax k\u0259\u015ffiyyat\u00e7\u0131: Onun h\u0259rbi hiss\u0259si erm\u0259nil\u0259ri K\u00fcrd\u0259mir yoluna buraxmay\u0131bFOTO"},"content":{"rendered":"<div class=\"text-content\" data-id=\"\" data-url=\"\">\n<p><strong>\u0130nsanlar \u0259yl\u0259n\u0259 v\u0259 dil tapa bil\u0259c\u0259kl\u0259ri il\u0259 dost, a\u011flaya bil\u0259c\u0259kl\u0259ri il\u0259 qarda\u015f olurlar&#8230;<\/strong><\/p>\n<p>Az\u0259rbaycan xalq\u0131 qazax xalq\u0131n\u0131 \u00f6z\u00fcn\u0259 \u201cdost\u201d yox, \u201cqarda\u015f\u201d hesab edir. Xalqlar\u0131n qarda\u015fl\u0131\u011f\u0131 \u0259srl\u0259r\u0259, q\u0259rin\u0259l\u0259r\u0259 s\u00f6yk\u0259nir. Bel\u0259 ki, az\u0259rbaycanl\u0131lar v\u0259 qazaxlar eyni k\u00f6k\u0259, m\u0259d\u0259niyy\u0259t\u0259, q\u0259dim tarixi m\u00fcnasib\u0259tl\u0259r\u0259 v\u0259 \u0259n\u0259n\u0259l\u0259r\u0259 malikdirl\u0259r. Bundan ba\u015fqa, bu xalqlar\u0131 dil v\u0259 din eyniliyi d\u0259 birl\u0259\u015fdirir.<\/p>\n<p>Qanl\u0131 37-ci ild\u0259 \u015faxtal\u0131 Qazax\u0131stan \u00e7\u00f6ll\u0259rin\u0259 s\u00fcrg\u00fcn olunan g\u00fcnahs\u0131z az\u0259rbaycanl\u0131lara qarda\u015f qazax xalq\u0131 h\u0259yatlar\u0131n\u0131 risk\u0259 ataraq \u0259ll\u0259rind\u0259n g\u0259l\u0259n k\u00f6m\u0259yi \u0259sirg\u0259m\u0259yib. F\u00fcrs\u0259t tapd\u0131qca soyda\u015flar\u0131m\u0131za isti geyim, qida veribl\u0259r. Haz\u0131rda h\u0259min s\u00fcrg\u00fcnl\u0259rd\u0259n sa\u011f \u00e7\u0131xa bil\u0259n t\u0259xmin\u0259n 300 min az\u0259rbaycanl\u0131n\u0131n n\u0259sill\u0259ri do\u011fma Qazax\u0131standa ya\u015fay\u0131r.<\/p>\n<p>Qazax xalq\u0131 Qurtulu\u015f Sava\u015f\u0131nda da qarda\u015f T\u00fcrkiy\u0259ni t\u0259k qoymay\u0131b, ist\u0259r k\u00f6n\u00fcll\u00fc \u0259sg\u0259r, ist\u0259rs\u0259 d\u0259 maddi yard\u0131mla \u00f6z v\u0259falar\u0131n\u0131 g\u00f6st\u0259ribl\u0259r.<\/p>\n<p><strong>Musavat.com\u00a0<\/strong>Qazax\u0131standan Az\u0259rbaycana g\u0259lib dar g\u00fcn\u00fcm\u00fczd\u0259 Qaraba\u011f\u0131m\u0131z \u00fc\u00e7\u00fcn can\u0131ndan ke\u00e7\u0259n \u0259ziz \u0259sg\u0259r Yerbol Barimbetov haqq\u0131nda maraql\u0131 m\u0259lumatlar\u0131 t\u0259qdim edir.<\/p>\n<p><img loading=\"lazy\" src=\"https:\/\/cdn.musavat.com\/news\/thumbnails\/dcb59ee26d92937552105bee465d4328.jpg\" alt=\"QAZAX.jpeg (59 KB)\" width=\"700\" height=\"876\" \/><\/p>\n<p><strong>Yerbol Turexanovi\u00e7 Barimbetov 1 iyun 1974-c\u00fc ild\u0259 Qazax\u0131stan\u0131n Luqovski rayonunun Koraqat\u0131 k\u0259ndind\u0259 anadan olub.<\/strong>\u00a01992-ci ild\u0259 18 ya\u015fl\u0131 Yerbol ali m\u0259kt\u0259b\u0259 s\u0259n\u0259d vers\u0259 d\u0259, q\u0259bul olunmur. \u00d6lk\u0259si sovet \u0259sar\u0259tind\u0259 oldu\u011funa g\u00f6r\u0259 g\u0259nc qazax sovet ordusunda xidm\u0259t\u0259 \u00e7a\u011f\u0131r\u0131l\u0131r. Q\u0259hr\u0259man\u0131m\u0131z xidm\u0259td\u0259 oldu\u011fu vaxt Qazax\u0131stan da m\u00fcst\u0259qillik \u0259ld\u0259 edir v\u0259 1993-c\u00fc ild\u0259 onun xidm\u0259t etdiyi ordu art\u0131q Qazax\u0131stan orudusu olur. El\u0259 h\u0259min il Yerbol gizirl\u0259 m\u00fcnaqi\u015f\u0259 ya\u015fay\u0131r v\u0259 he\u00e7 kim\u0259 bir k\u0259lm\u0259 dem\u0259d\u0259n h\u0259rbi hiss\u0259ni t\u0259rk edir. Qazax\u0131stan onu \u00f6nc\u0259 h\u0259rbi hiss\u0259ni \u00f6zba\u015f\u0131na t\u0259rk etmi\u015f, sonra is\u0259 itkin elan edir. Ail\u0259si is\u0259 onun n\u0259 c\u0259naz\u0259sini, n\u0259 d\u0259 m\u0259zar\u0131n\u0131 g\u00f6rd\u00fcy\u00fcn\u0259 g\u00f6r\u0259 sa\u011f oldu\u011funa inan\u0131r. El\u0259 h\u0259min \u0259r\u0259f\u0259d\u0259 X\u0259z\u0259rin o tay\u0131ndan qarda\u015f haray\u0131 Qazax\u0131stana \u00e7at\u0131r. Yerbol ail\u0259sin\u0259 x\u0259b\u0259r verm\u0259d\u0259n\u00a0d\u0259rhal Bak\u0131ya g\u0259lir v\u0259 k\u00f6n\u00fcll\u00fc olaraq Az\u0259rbaycan ordusuna yaz\u0131l\u0131r. \u0130gid \u0259sg\u0259r 20 illik \u00f6mr\u00fcn\u00fcn 2 ilini Az\u0259rbaycana h\u0259sr edir v\u0259 olduqca \u0259h\u0259miyy\u0259tli tap\u015f\u0131r\u0131qlar\u0131 yerin\u0259 yetirib d\u00fc\u015fm\u0259n\u0259 a\u011f\u0131r z\u0259rb\u0259l\u0259r vurur.<\/p>\n<p>H\u0259yatda olan d\u00f6y\u00fc\u015f yolda\u015flar\u0131 Yerbolun q\u0259hr\u0259manl\u0131qlar\u0131ndan dan\u0131\u015fark\u0259n qeyd edibl\u0259r ki, s\u0259ri\u015ft\u0259li d\u00f6y\u00fc\u015f\u00e7\u00fc Az\u0259rbaycan ordusunda \u0259n m\u0259suliyy\u0259tli v\u0259zif\u0259l\u0259rd\u0259n birini &#8211; k\u0259\u015ffiyyat\u00e7\u0131 qrupun komandiri v\u0259zif\u0259sini icra edib.<\/p>\n<p>Barimbetov \u00f6nc\u0259 Murovda\u011f v\u0259 T\u0259rt\u0259r-A\u011fd\u0259r\u0259 zonas\u0131nda k\u0259\u015ffiyyat qrupuna r\u0259hb\u0259rlik edir. H\u0259min b\u00f6lg\u0259d\u0259 8 d\u0259f\u0259 d\u00fc\u015fm\u0259nin arxa c\u0259bh\u0259sind\u0259 tap\u015f\u0131r\u0131qlar\u0131 yerin\u0259 yetirir.<\/p>\n<p>Onun xidm\u0259t etdiyi h\u0259rbi hiss\u0259 l\u0259\u011fv olunduqdan sonra Yerbol yeni yaranan x\u00fcsusi t\u0259yinatl\u0131 \u0259lahidd\u0259 batalyona ke\u00e7irilir.<\/p>\n<p><img loading=\"lazy\" src=\"https:\/\/cdn.musavat.com\/news\/thumbnails\/720ee8095f076c7f3ae631abd3c94fea.jpg\" alt=\"QAZAX YEN\u0130.jpeg (89 KB)\" width=\"700\" height=\"451\" \/><\/p>\n<p>Art\u0131q igidliyi il\u0259 ad qazanan qazax qarda\u015f\u0131m\u0131z bu batalyonda da k\u0259\u015ffiyyat qrupunun r\u0259hb\u0259ri t\u0259yin olunur. T\u0259rt\u0259r-A\u011fd\u0259r\u0259 b\u00f6lg\u0259sind\u0259 h\u0259rbi \u0259m\u0259liyyatlar\u0131n birind\u0259 onun batalyonu pusquya d\u00fc\u015f\u00fcr v\u0259 g\u0259nc komandir onlar\u0131 pusqudan xilas ed\u0259rk\u0259n a\u011f\u0131r yaralan\u0131r. T\u0259rt\u0259r x\u0259st\u0259xanas\u0131na \u00e7atd\u0131r\u0131l\u0131r v\u0259 h\u0259yat\u0131 xilas olunur. Lakin h\u0259l\u0259 sa\u011falmayan Yerbol d\u00fc\u015fm\u0259nin m\u0259nfur planlar\u0131na qar\u015f\u0131 \u00f6z d\u00f6y\u00fc\u015f yolda\u015flar\u0131n\u0131 t\u0259k qoymay\u0131b d\u00f6y\u00fc\u015f b\u00f6lg\u0259sin\u0259 qay\u0131d\u0131r.<\/p>\n<p>1994-c\u00fc ild\u0259 d\u00fc\u015fm\u0259n T\u0259rt\u0259ri tamamil\u0259 \u0259l\u0259 ke\u00e7irm\u0259k \u00fc\u00e7\u00fcn h\u00fccum edir. Yerbolun batalyonu \u015f\u00fcca\u0259tl\u0259 bu h\u00fccumu d\u0259f edir. D\u00fc\u015fm\u0259n m\u0259qs\u0259din\u0259 \u00e7ata bilmir. Bu batalyonun xidm\u0259tl\u0259ri Ali Ba\u015f Komandan Heyd\u0259r \u018fliyevi d\u0259 q\u00fcrurland\u0131r\u0131r. Aprelin 15-d\u0259 \u00e7\u0131x\u0131\u015f\u0131 zaman\u0131 Yerbolun batalyonunun xidm\u0259tl\u0259rind\u0259n b\u0259hs edir. C\u0259mi 5 g\u00fcn sonra &#8211; aprelin 20-d\u0259 q\u0259hr\u0259man Yerbol Barimbetov d\u00fc\u015fm\u0259nin arxa c\u0259bh\u0259sind\u0259 \u015f\u0259hidliy\u0259 ucal\u0131r.<\/p>\n<p><strong>Bak\u0131m\u0131z\u0131n qona\u011f\u0131 olan \u015f\u0259hidin qarda\u015f\u0131 Nurbol Barimbetov o ill\u0259ri xat\u0131rlayark\u0259n bunar\u0131 deyib:<\/strong><\/p>\n<p>\u201cUzun ill\u0259r Yerboldan x\u0259b\u0259rimiz olmad\u0131. 1993-c\u00fc il may\u0131n 7-d\u0259 o, ev\u0259 z\u0259ng ed\u0259r\u0259k bildirdi ki, aya\u011f\u0131ndan yaralan\u0131b v\u0259 Xanlar \u015f\u0259h\u0259rind\u0259 h\u0259rbi hospitaldad\u0131r. Onda anam\u0131z sa\u011f idi. Yerbol b\u0259rk-b\u0259rk tap\u015f\u0131rd\u0131 ki, anama deyim ki, narahat olmas\u0131n. Sonra \u0259laq\u0259miz olmad\u0131. M\u00fcdafi\u0259 Nazirliyin\u0259 m\u00fcraci\u0259t etdik, onu tapmaqda k\u00f6m\u0259k ist\u0259dik, lakin yen\u0259 tapa bilm\u0259dik. O vaxt indiki kimi s\u0131x \u0259laq\u0259l\u0259rimiz yox idi. G\u00fcnl\u0259rin birind\u0259 h\u0259rbi komissarl\u0131qdan z\u0259ng g\u0259ldi. Bildirdil\u0259r ki, Az\u0259rbaycan\u0131n I Qaraba\u011f m\u00fcharib\u0259sinin veteranlar\u0131 \u015f\u0259hid Yerbol Barimbetovun qohumlar\u0131n\u0131 axtar\u0131rlar&#8230;\u201d<\/p>\n<p>D\u00f6y\u00fc\u015f yolda\u015flar\u0131n\u0131n s\u00f6zl\u0259rin\u0259 g\u00f6r\u0259, Yerbol qorxmaz d\u00f6y\u00fc\u015f\u00e7\u00fc olub. Onun xidm\u0259t etdiyi h\u0259rbi hiss\u0259nin say\u0259sind\u0259 erm\u0259nil\u0259r Az\u0259rbaycan\u0131 iki yer\u0259 b\u00f6lm\u0259k v\u0259 kapitulyasiyaya m\u0259cbur etm\u0259k \u00fc\u00e7\u00fcn K\u00fcrd\u0259mir yoluna \u00e7ata bilm\u0259yibl\u0259r. Yerbolun da daxil oldu\u011fu k\u0259\u015ffiyyat\u00e7\u0131lar qrupu tap\u015f\u0131r\u0131qlardan birini yerin\u0259 yetir\u0259rk\u0259n 10 g\u00fcn arxa c\u0259bh\u0259d\u0259 qal\u0131b, onun me\u015f\u0259 \u0259razisind\u0259 h\u0259r\u0259k\u0259t etm\u0259k qabiliyy\u0259ti say\u0259sind\u0259 qrup tap\u015f\u0131r\u0131\u011f\u0131 yerin\u0259 yetir\u0259r\u0259k \u00f6z yolda\u015flar\u0131n\u0131n yan\u0131na qay\u0131d\u0131b, halbuki yolda\u015flar\u0131 onlar\u0131n h\u0259lak oldu\u011funu d\u00fc\u015f\u00fcn\u00fcrm\u00fc\u015f.<\/p>\n<p><strong>1994-c\u00fc ilin 21 aprelind\u0259\u00a0dostlar\u0131 Yerbol Barimbetovu\u00a0Bak\u0131dak\u0131 II \u015e\u0259hidl\u0259r xiyaban\u0131nda d\u0259fn edibl\u0259r.<\/strong><\/p>\n<p><strong><img loading=\"lazy\" src=\"https:\/\/cdn.musavat.com\/news\/thumbnails\/aca9eb5e317e2b49b16ff91af1f23b96.jpg\" alt=\"QAZAX SEH\u0130D.jpeg (107 KB)\" width=\"700\" height=\"525\" \/><\/strong><\/p>\n<p>Onlar bildiribl\u0259r ki, 20 ya\u015fl\u0131 g\u0259ncin Az\u0259rbaycanda d\u00f6y\u00fc\u015f yolda\u015flar\u0131ndan ba\u015fqa he\u00e7 kimi yoxdur. Amma 28 il boyunca \u015f\u0259hidin qohumlar\u0131n\u0131 axtarma\u011fa davam edibl\u0259r. 2022-ci ild\u0259, Yerbolun \u015f\u0259hid oldu\u011fu g\u00fcn qarda\u015f\u0131 Nurbol Az\u0259rbaycana g\u0259lib. II F\u0259xri xiyabanda qarda\u015f\u0131n\u0131n m\u0259zar\u0131n\u0131 ziyar\u0259t edib.<\/p>\n<p><img loading=\"lazy\" src=\"https:\/\/cdn.musavat.com\/news\/thumbnails\/f4bc0f4e0005b90fc9d4bfd36caee7b0.jpg\" alt=\"QAZAX QARDAS.jpeg (154 KB)\" width=\"700\" height=\"525\" \/><\/p>\n<p>Qazax\u0131stan s\u0259firliyi X\u0259tai rayonu \u0259razisind\u0259 yerl\u0259\u015fdiyin\u0259 g\u00f6r\u0259, Yerbol T\u00f6rexan o\u011flu Barimbetova \u201c\u015e\u0259hid\u201d ad\u0131 X\u0259tai rayonunda verilib. Onun ail\u0259si Az\u0259rbaycan\u0131n \u201c\u015e\u0259hid ail\u0259si\u201d say\u0131l\u0131r.<\/p>\n<p>Yerbolun qarda\u015f\u0131 h\u0259yatda olsa da, ana-atas\u0131 bala yolu g\u00f6zl\u0259y\u0259r\u0259k d\u00fcnyadan k\u00f6\u00e7\u00fcbl\u0259r. Nurbol Barimbetov Az\u0259rbaycandan ged\u0259rk\u0259n Yerbolun m\u0259zar\u0131ndan torpaq apar\u0131b ata-anas\u0131n\u0131n m\u0259zar\u0131na s\u0259pib. Bu haqda Az\u0259rbaycan sevdal\u0131s\u0131 qazax jurnalist N\u0259sih\u0259 Gumarq\u0131z\u0131 \u201cQaraba\u011f u\u011frunda \u015f\u0259hid olmu\u015f bir qazax balas\u0131n\u0131n hekay\u0259ti\u201d yaz\u0131s\u0131nda geni\u015f b\u0259hs edir.<\/p>\n<p>\u018fziz \u015f\u0259himizin d\u00f6y\u00fc\u015f yolda\u015flar\u0131, ordumuzun zabitl\u0259ri q\u0259hr\u0259man\u0131n \u00f6l\u00fcm\u00fcnd\u0259n sonra onun orden, medalla t\u0259ltif edilm\u0259si, ad\u0131n\u0131n Az\u0259rbaycanda m\u0259kt\u0259b\u0259 v\u0259 ya k\u00fc\u00e7\u0259y\u0259 verilm\u0259si xahi\u015fil\u0259 Az\u0259rbaycan M\u00fcdafi\u0259 Nazirliyin\u0259 v\u0259 dig\u0259r d\u00f6vl\u0259t idar\u0259l\u0259rin\u0259 m\u00fcraci\u0259t edibl\u0259r. Zabitl\u0259rin m\u00fcraci\u0259tin\u0259 m\u00fcxt\u0259lif instansiyalarda bax\u0131l\u0131r.<\/p>\n<p><strong>\u015eahan\u0259 R\u0259himli<\/strong><br \/>\n<strong>Musavat.com<\/strong><\/p>\n<\/div>\n<div>\n<div class=\"form-group\"><img class=\"img-responsive\" src=\"https:\/\/cdn.musavat.com\/news\/images\/Ayten\/QAZAX%20SON.jpeg\" \/><\/div>\n<\/div>\n","protected":false},"excerpt":{"rendered":"<p>\u0130nsanlar \u0259yl\u0259n\u0259 v\u0259 dil tapa bil\u0259c\u0259kl\u0259ri il\u0259 dost, a\u011flaya bil\u0259c\u0259kl\u0259ri il\u0259 qarda\u015f olurlar&#8230; Az\u0259rbaycan xalq\u0131 qazax xalq\u0131n\u0131 \u00f6z\u00fcn\u0259 \u201cdost\u201d yox, \u201cqarda\u015f\u201d hesab edir. Xalqlar\u0131n qarda\u015fl\u0131\u011f\u0131 \u0259srl\u0259r\u0259, q\u0259rin\u0259l\u0259r\u0259 s\u00f6yk\u0259nir. Bel\u0259 ki, az\u0259rbaycanl\u0131lar v\u0259 qazaxlar eyni k\u00f6k\u0259, m\u0259d\u0259niyy\u0259t\u0259, q\u0259dim tarixi m\u00fcnasib\u0259tl\u0259r\u0259 v\u0259 \u0259n\u0259n\u0259l\u0259r\u0259 malikdirl\u0259r. Bundan ba\u015fqa, bu xalqlar\u0131 dil v\u0259 din eyniliyi d\u0259 birl\u0259\u015fdirir. Qanl\u0131 37-ci ild\u0259 \u015faxtal\u0131 Qazax\u0131stan \u00e7\u00f6ll\u0259rin\u0259 s\u00fcrg\u00fcn olunan g\u00fcnahs\u0131z az\u0259rbaycanl\u0131lara qarda\u015f qazax xalq\u0131 h\u0259yatlar\u0131n\u0131 risk\u0259 ataraq \u0259ll\u0259rind\u0259n g\u0259l\u0259n k\u00f6m\u0259yi \u0259sirg\u0259m\u0259yib. F\u00fcrs\u0259t tapd\u0131qca soyda\u015flar\u0131m\u0131za isti geyim, qida veribl\u0259r. Haz\u0131rda h\u0259min s\u00fcrg\u00fcnl\u0259rd\u0259n sa\u011f \u00e7\u0131xa bil\u0259n t\u0259xmin\u0259n 300 min az\u0259rbaycanl\u0131n\u0131n n\u0259sill\u0259ri&hellip;<\/p>\n","protected":false},"author":2,"featured_media":764867,"comment_status":"closed","ping_status":"closed","sticky":false,"template":"","format":"standard","meta":{"om_disable_all_campaigns":false,"_monsterinsights_skip_tracking":false,"_monsterinsights_sitenote_active":false,"_monsterinsights_sitenote_note":"","_monsterinsights_sitenote_category":0},"categories":[1],"tags":[],"aioseo_notices":[],"gutentor_comment":0,"rttpg_featured_image_url":{"full":["https:\/\/arantv.az\/wp-content\/uploads\/2024\/10\/f88077ebadc9632f8d624bece6c8f728.jpg",870,500,false],"landscape":["https:\/\/arantv.az\/wp-content\/uploads\/2024\/10\/f88077ebadc9632f8d624bece6c8f728.jpg",870,500,false],"portraits":["https:\/\/arantv.az\/wp-content\/uploads\/2024\/10\/f88077ebadc9632f8d624bece6c8f728.jpg",870,500,false],"thumbnail":["https:\/\/arantv.az\/wp-content\/uploads\/2024\/10\/f88077ebadc9632f8d624bece6c8f728-500x280.jpg",500,280,true],"medium":["https:\/\/arantv.az\/wp-content\/uploads\/2024\/10\/f88077ebadc9632f8d624bece6c8f728-635x365.jpg",635,365,true],"large":["https:\/\/arantv.az\/wp-content\/uploads\/2024\/10\/f88077ebadc9632f8d624bece6c8f728-840x483.jpg",640,368,true],"1536x1536":["https:\/\/arantv.az\/wp-content\/uploads\/2024\/10\/f88077ebadc9632f8d624bece6c8f728.jpg",870,500,false],"2048x2048":["https:\/\/arantv.az\/wp-content\/uploads\/2024\/10\/f88077ebadc9632f8d624bece6c8f728.jpg",870,500,false],"post-thumbnail":["https:\/\/arantv.az\/wp-content\/uploads\/2024\/10\/f88077ebadc9632f8d624bece6c8f728-240x172.jpg",240,172,true],"advps-thumb-one":["https:\/\/arantv.az\/wp-content\/uploads\/2024\/10\/f88077ebadc9632f8d624bece6c8f728.jpg",870,500,false]},"rttpg_author":{"display_name":"V\u00fcsal Rafiqo\u011flu","author_link":"https:\/\/arantv.az\/?author=2"},"rttpg_comment":0,"rttpg_category":"<a href=\"https:\/\/arantv.az\/?cat=1\" rel=\"category\">C\u0259miyy\u0259t<\/a>","rttpg_excerpt":"\u0130nsanlar \u0259yl\u0259n\u0259 v\u0259 dil tapa bil\u0259c\u0259kl\u0259ri il\u0259 dost, a\u011flaya bil\u0259c\u0259kl\u0259ri il\u0259 qarda\u015f olurlar&#8230; Az\u0259rbaycan xalq\u0131 qazax xalq\u0131n\u0131 \u00f6z\u00fcn\u0259 \u201cdost\u201d yox, \u201cqarda\u015f\u201d hesab edir. Xalqlar\u0131n qarda\u015fl\u0131\u011f\u0131 \u0259srl\u0259r\u0259, q\u0259rin\u0259l\u0259r\u0259 s\u00f6yk\u0259nir. Bel\u0259 ki, az\u0259rbaycanl\u0131lar v\u0259 qazaxlar eyni k\u00f6k\u0259, m\u0259d\u0259niyy\u0259t\u0259, q\u0259dim tarixi m\u00fcnasib\u0259tl\u0259r\u0259 v\u0259 \u0259n\u0259n\u0259l\u0259r\u0259 malikdirl\u0259r. Bundan ba\u015fqa, bu xalqlar\u0131 dil v\u0259 din eyniliyi d\u0259 birl\u0259\u015fdirir. Qanl\u0131 37-ci ild\u0259&hellip;","_links":{"self":[{"href":"https:\/\/arantv.az\/index.php?rest_route=\/wp\/v2\/posts\/764866"}],"collection":[{"href":"https:\/\/arantv.az\/index.php?rest_route=\/wp\/v2\/posts"}],"about":[{"href":"https:\/\/arantv.az\/index.php?rest_route=\/wp\/v2\/types\/post"}],"author":[{"embeddable":true,"href":"https:\/\/arantv.az\/index.php?rest_route=\/wp\/v2\/users\/2"}],"replies":[{"embeddable":true,"href":"https:\/\/arantv.az\/index.php?rest_route=%2Fwp%2Fv2%2Fcomments&post=764866"}],"version-history":[{"count":1,"href":"https:\/\/arantv.az\/index.php?rest_route=\/wp\/v2\/posts\/764866\/revisions"}],"predecessor-version":[{"id":764868,"href":"https:\/\/arantv.az\/index.php?rest_route=\/wp\/v2\/posts\/764866\/revisions\/764868"}],"wp:featuredmedia":[{"embeddable":true,"href":"https:\/\/arantv.az\/index.php?rest_route=\/wp\/v2\/media\/764867"}],"wp:attachment":[{"href":"https:\/\/arantv.az\/index.php?rest_route=%2Fwp%2Fv2%2Fmedia&parent=764866"}],"wp:term":[{"taxonomy":"category","embeddable":true,"href":"https:\/\/arantv.az\/index.php?rest_route=%2Fwp%2Fv2%2Fcategories&post=764866"},{"taxonomy":"post_tag","embeddable":true,"href":"https:\/\/arantv.az\/index.php?rest_route=%2Fwp%2Fv2%2Ftags&post=764866"}],"curies":[{"name":"wp","href":"https:\/\/api.w.org\/{rel}","templated":true}]}}