{"id":764887,"date":"2024-10-28T16:32:03","date_gmt":"2024-10-28T12:32:03","guid":{"rendered":"https:\/\/arantv.az\/?p=764887"},"modified":"2024-10-28T16:32:03","modified_gmt":"2024-10-28T12:32:03","slug":"bakida-eyni-vaxtda-leysan-v%c9%99-gun%c9%99sli-havaya-s%c9%99b%c9%99b-n%c9%99dir","status":"publish","type":"post","link":"https:\/\/arantv.az\/?p=764887","title":{"rendered":"Bak\u0131da eyni vaxtda leysan v\u0259 g\u00fcn\u0259\u015fli havaya- S\u0259b\u0259b n\u0259dir?"},"content":{"rendered":"<p>Bak\u0131da v\u0259 Ab\u015feron yar\u0131madas\u0131nda bu g\u00fcn s\u0259h\u0259r saatlar\u0131ndan etibar\u0259n fasil\u0259l\u0259rl\u0259 ya\u011f\u0131nt\u0131l\u0131 hava \u015f\u0259raiti m\u00fc\u015fahid\u0259 edilib. Yar\u0131madan\u0131n b\u0259zi \u0259razil\u0259rind\u0259 ya\u011f\u0131nt\u0131 leysan xarakterli v\u0259 q\u0131sam\u00fcdd\u0259tli olub.<\/p>\n<p><b>ARANTV.AZ <\/b>x\u0259b\u0259r verir ki, bu bar\u0259d\u0259 Milli Hidrometeorologiya Xidm\u0259tinin r\u0259isi Nazim Mahmudov a\u00e7\u0131qlama verib.<\/p>\n<p>Onun s\u00f6zl\u0259rin\u0259 g\u00f6r\u0259 pay\u0131z f\u0259slind\u0259 ya\u011f\u0131nt\u0131lar ad\u0259t\u0259n layl\u0131-ya\u011f\u0131\u015f buludlar\u0131ndan d\u00fc\u015f\u00fcr v\u0259 bu buludlar\u0131n \u00fcf\u00fcqi \u00f6l\u00e7\u00fcs\u00fc b\u00f6y\u00fck oldu\u011fu \u00fc\u00e7\u00fcn daha geni\u015f \u0259razil\u0259ri \u0259hat\u0259 edir:<\/p>\n<p>&#8220;Lakin topa-ya\u011f\u0131\u015f buludlar\u0131 da m\u00fc\u015fahid\u0259 edilir ki, bu zaman \u00fcf\u00fcqi \u00f6l\u00e7\u00fcl\u0259ri ki\u00e7ik oldu\u011fundan daha m\u0259hdud \u0259razini \u0259hat\u0259 ed\u0259n lokal xarakterli ya\u011f\u0131nt\u0131lar yaran\u0131r. S\u0259h\u0259r saatlar\u0131nda sinoptik \u015f\u0259raitl\u0259 \u0259laq\u0259dar olaraq Bak\u0131 v\u0259 Ab\u015feron yar\u0131madas\u0131 \u00fcz\u0259rind\u0259 layl\u0131-ya\u011f\u0131\u015f buludlar\u0131 il\u0259 yana\u015f\u0131, topa-ya\u011f\u0131\u015f buludlar\u0131 da m\u00fc\u015fahid\u0259 edilib ki, bu da yar\u0131madan\u0131n b\u0259zi \u0259razil\u0259rind\u0259 q\u0131sam\u00fcdd\u0259tli leysan xarakterli ya\u011f\u0131\u015f\u0131n ya\u011fmas\u0131na s\u0259b\u0259b olub&#8221;.<\/p>\n","protected":false},"excerpt":{"rendered":"<p>Bak\u0131da v\u0259 Ab\u015feron yar\u0131madas\u0131nda bu g\u00fcn s\u0259h\u0259r saatlar\u0131ndan etibar\u0259n fasil\u0259l\u0259rl\u0259 ya\u011f\u0131nt\u0131l\u0131 hava \u015f\u0259raiti m\u00fc\u015fahid\u0259 edilib. Yar\u0131madan\u0131n b\u0259zi \u0259razil\u0259rind\u0259 ya\u011f\u0131nt\u0131 leysan xarakterli v\u0259 q\u0131sam\u00fcdd\u0259tli olub. ARANTV.AZ x\u0259b\u0259r verir ki, bu bar\u0259d\u0259 Milli Hidrometeorologiya Xidm\u0259tinin r\u0259isi Nazim Mahmudov a\u00e7\u0131qlama verib. Onun s\u00f6zl\u0259rin\u0259 g\u00f6r\u0259 pay\u0131z f\u0259slind\u0259 ya\u011f\u0131nt\u0131lar ad\u0259t\u0259n layl\u0131-ya\u011f\u0131\u015f buludlar\u0131ndan d\u00fc\u015f\u00fcr v\u0259 bu buludlar\u0131n \u00fcf\u00fcqi \u00f6l\u00e7\u00fcs\u00fc b\u00f6y\u00fck oldu\u011fu \u00fc\u00e7\u00fcn daha geni\u015f \u0259razil\u0259ri \u0259hat\u0259 edir: &#8220;Lakin topa-ya\u011f\u0131\u015f buludlar\u0131 da m\u00fc\u015fahid\u0259 edilir ki, bu zaman \u00fcf\u00fcqi \u00f6l\u00e7\u00fcl\u0259ri ki\u00e7ik oldu\u011fundan daha m\u0259hdud \u0259razini \u0259hat\u0259 ed\u0259n lokal xarakterli ya\u011f\u0131nt\u0131lar yaran\u0131r. S\u0259h\u0259r saatlar\u0131nda sinoptik \u015f\u0259raitl\u0259 \u0259laq\u0259dar olaraq Bak\u0131&hellip;<\/p>\n","protected":false},"author":2,"featured_media":764888,"comment_status":"closed","ping_status":"closed","sticky":false,"template":"","format":"standard","meta":{"om_disable_all_campaigns":false,"_monsterinsights_skip_tracking":false,"_monsterinsights_sitenote_active":false,"_monsterinsights_sitenote_note":"","_monsterinsights_sitenote_category":0},"categories":[19],"tags":[],"aioseo_notices":[],"gutentor_comment":0,"rttpg_featured_image_url":{"full":["https:\/\/arantv.az\/wp-content\/uploads\/2024\/10\/5d25a9834c2581e1165f32f28b8bb87b.jpg",620,410,false],"landscape":["https:\/\/arantv.az\/wp-content\/uploads\/2024\/10\/5d25a9834c2581e1165f32f28b8bb87b.jpg",620,410,false],"portraits":["https:\/\/arantv.az\/wp-content\/uploads\/2024\/10\/5d25a9834c2581e1165f32f28b8bb87b.jpg",620,410,false],"thumbnail":["https:\/\/arantv.az\/wp-content\/uploads\/2024\/10\/5d25a9834c2581e1165f32f28b8bb87b-500x280.jpg",500,280,true],"medium":["https:\/\/arantv.az\/wp-content\/uploads\/2024\/10\/5d25a9834c2581e1165f32f28b8bb87b-552x365.jpg",552,365,true],"large":["https:\/\/arantv.az\/wp-content\/uploads\/2024\/10\/5d25a9834c2581e1165f32f28b8bb87b.jpg",620,410,false],"1536x1536":["https:\/\/arantv.az\/wp-content\/uploads\/2024\/10\/5d25a9834c2581e1165f32f28b8bb87b.jpg",620,410,false],"2048x2048":["https:\/\/arantv.az\/wp-content\/uploads\/2024\/10\/5d25a9834c2581e1165f32f28b8bb87b.jpg",620,410,false],"post-thumbnail":["https:\/\/arantv.az\/wp-content\/uploads\/2024\/10\/5d25a9834c2581e1165f32f28b8bb87b-240x172.jpg",240,172,true],"advps-thumb-one":["https:\/\/arantv.az\/wp-content\/uploads\/2024\/10\/5d25a9834c2581e1165f32f28b8bb87b.jpg",620,410,false]},"rttpg_author":{"display_name":"V\u00fcsal Rafiqo\u011flu","author_link":"https:\/\/arantv.az\/?author=2"},"rttpg_comment":0,"rttpg_category":"<a href=\"https:\/\/arantv.az\/?cat=19\" rel=\"category\">G\u00fcnd\u0259m<\/a>","rttpg_excerpt":"Bak\u0131da v\u0259 Ab\u015feron yar\u0131madas\u0131nda bu g\u00fcn s\u0259h\u0259r saatlar\u0131ndan etibar\u0259n fasil\u0259l\u0259rl\u0259 ya\u011f\u0131nt\u0131l\u0131 hava \u015f\u0259raiti m\u00fc\u015fahid\u0259 edilib. Yar\u0131madan\u0131n b\u0259zi \u0259razil\u0259rind\u0259 ya\u011f\u0131nt\u0131 leysan xarakterli v\u0259 q\u0131sam\u00fcdd\u0259tli olub. ARANTV.AZ x\u0259b\u0259r verir ki, bu bar\u0259d\u0259 Milli Hidrometeorologiya Xidm\u0259tinin r\u0259isi Nazim Mahmudov a\u00e7\u0131qlama verib. Onun s\u00f6zl\u0259rin\u0259 g\u00f6r\u0259 pay\u0131z f\u0259slind\u0259 ya\u011f\u0131nt\u0131lar ad\u0259t\u0259n layl\u0131-ya\u011f\u0131\u015f buludlar\u0131ndan d\u00fc\u015f\u00fcr v\u0259 bu buludlar\u0131n \u00fcf\u00fcqi \u00f6l\u00e7\u00fcs\u00fc b\u00f6y\u00fck oldu\u011fu&hellip;","_links":{"self":[{"href":"https:\/\/arantv.az\/index.php?rest_route=\/wp\/v2\/posts\/764887"}],"collection":[{"href":"https:\/\/arantv.az\/index.php?rest_route=\/wp\/v2\/posts"}],"about":[{"href":"https:\/\/arantv.az\/index.php?rest_route=\/wp\/v2\/types\/post"}],"author":[{"embeddable":true,"href":"https:\/\/arantv.az\/index.php?rest_route=\/wp\/v2\/users\/2"}],"replies":[{"embeddable":true,"href":"https:\/\/arantv.az\/index.php?rest_route=%2Fwp%2Fv2%2Fcomments&post=764887"}],"version-history":[{"count":1,"href":"https:\/\/arantv.az\/index.php?rest_route=\/wp\/v2\/posts\/764887\/revisions"}],"predecessor-version":[{"id":764889,"href":"https:\/\/arantv.az\/index.php?rest_route=\/wp\/v2\/posts\/764887\/revisions\/764889"}],"wp:featuredmedia":[{"embeddable":true,"href":"https:\/\/arantv.az\/index.php?rest_route=\/wp\/v2\/media\/764888"}],"wp:attachment":[{"href":"https:\/\/arantv.az\/index.php?rest_route=%2Fwp%2Fv2%2Fmedia&parent=764887"}],"wp:term":[{"taxonomy":"category","embeddable":true,"href":"https:\/\/arantv.az\/index.php?rest_route=%2Fwp%2Fv2%2Fcategories&post=764887"},{"taxonomy":"post_tag","embeddable":true,"href":"https:\/\/arantv.az\/index.php?rest_route=%2Fwp%2Fv2%2Ftags&post=764887"}],"curies":[{"name":"wp","href":"https:\/\/api.w.org\/{rel}","templated":true}]}}