{"id":764894,"date":"2024-10-28T17:00:15","date_gmt":"2024-10-28T13:00:15","guid":{"rendered":"https:\/\/arantv.az\/?p=764894"},"modified":"2024-10-28T17:00:15","modified_gmt":"2024-10-28T13:00:15","slug":"az%c9%99rbaycanda-qaz-v%c9%99-isiq-limiti-l%c9%99gv-olunacaq-aciqlama","status":"publish","type":"post","link":"https:\/\/arantv.az\/?p=764894","title":{"rendered":"Az\u0259rbaycanda qaz v\u0259 i\u015f\u0131q limiti L\u018f\u011eV OLUNACAQ? &#8211; A\u00c7IQLAMA"},"content":{"rendered":"<p><strong>Bu g\u00fcnl\u0259rd\u0259 mill\u0259t v\u0259kili Az\u0259r Badamov qaz limitinin indiki formada t\u0259tbiq edilm\u0259sinin x\u00fcsus\u0259n da\u011fl\u0131q rayonlarda ya\u015fayan insanlar\u0131n maddi v\u0259ziyy\u0259tin\u0259 m\u0259nfi t\u0259sir etdiyini deyib.<\/strong><\/p>\n<p>O bildirib ki, da\u011fl\u0131q rayonlarda qaz\u0131n limiti m\u0259s\u0259l\u0259sin\u0259 yenid\u0259n bax\u0131lmal\u0131d\u0131r:<\/p>\n<p>\u201cDa\u011fl\u0131q rayonlarda qazdan istifad\u0259 daha \u00e7oxdur. Burada ya\u015fayan sakinl\u0259r dig\u0259r regionlardan daha \u00e7ox yanacaq s\u0259rf etm\u0259y\u0259 m\u0259cburdurlar. Ona g\u00f6r\u0259 d\u0259 h\u0259min rayonlarda qaz\u0131n limiti m\u0259s\u0259l\u0259sin\u0259 yenid\u0259n bax\u0131lmas\u0131 z\u0259ruridir\u201d.<\/p>\n<p>Mill\u0259t v\u0259kilinin fikirl\u0259rin\u0259 m\u00fcnasib\u0259t bildir\u0259n iqtisad\u00e7\u0131 ekspert Natiq C\u0259f\u0259rli deyib ki, \u0259halini narahat ed\u0259n qaz pulunun \u00e7ox olmas\u0131d\u0131r. H\u00f6k\u00fcm\u0259t is\u0259 \u0259ksin\u0259, hesab edir ki, qaz pulu \u00e7ox deyil:<\/p>\n<p>\u201c\u00dcmumiyy\u0259tl\u0259, limit l\u0259\u011fv edils\u0259, bu, qiym\u0259tin bahala\u015fmas\u0131na g\u0259tirib \u00e7\u0131xaracaq. 1200 kubmetrlik limit \u00fc\u00e7\u00fcn pul \u00f6d\u0259y\u0259n \u015f\u0259xsl\u0259r daha \u00e7ox pul \u00f6d\u0259m\u0259li olacaqlar. Y\u0259ni , limitin l\u0259\u011fvi qiym\u0259tin ucuzla\u015fmas\u0131na deyil, \u0259ksin\u0259, daha az qaz pulu \u00f6d\u0259y\u0259nl\u0259 daha \u00e7ox \u00f6d\u0259y\u0259nin bu pulu b\u00f6l\u00fc\u015fm\u0259sin\u0259 gitirib \u00e7\u0131xaracaq. Ortaq bir qiym\u0259t olacaq. Vahid tarifin t\u0259tbiq edilm\u0259si is\u0259 imkan\u0131 \u00e7ox olan\u0131n daha \u00e7ox \u00f6d\u0259diyi qaz x\u0259rcini a\u015fa\u011f\u0131 salacaq v\u0259 nisb\u0259t\u0259n imkan\u0131 z\u0259if olan \u015f\u0259xsl\u0259rin qaz x\u0259rcini\u0259 art\u0131racaq. Ona g\u00f6r\u0259 d\u0259 burada h\u0259r hans\u0131 bir d\u0259yi\u015fiklik edil\u0259c\u0259yini g\u00fcman etmir\u0259m.\u201d<\/p>\n<p>N.C\u0259f\u0259rlinin dediyin\u0259 g\u00f6r\u0259, Az\u0259rbaycan \u00fcmumiyy\u0259tl\u0259, enerji \u00f6lk\u0259si oldu\u011funa g\u00f6r\u0259, qaz v\u0259 elektrik enerjisin\u0259 limit qoyulmas\u0131 k\u00f6k\u00fcnd\u0259n yanl\u0131\u015f fikirdir. Bu limitl\u0259r l\u0259\u011fv edilm\u0259lidir:<\/p>\n<p>\u201cLimit qoyulark\u0259n bel\u0259 bir ehtimal ir\u0259li s\u00fcr\u00fclm\u00fc\u015fd\u00fc ki, bu q\u0259na\u0259t\u0259 s\u0259b\u0259b olacaq, v\u0259t\u0259nda\u015flar qazdan daha q\u0259na\u0259tl\u0259 istifad\u0259 ed\u0259c\u0259kl\u0259r. Bu fikir yanl\u0131\u015fd\u0131r. V\u0259t\u0259nda\u015flar onsuz da istifad\u0259 etdikl\u0259ri qaza v\u0259 elektrik enerjisin\u0259 g\u00f6r\u0259 pul \u00f6d\u0259yirl\u0259r. Bunun q\u0259na\u0259tl\u0259 he\u00e7 bir \u0259laq\u0259si yoxdur. Ona g\u00f6r\u0259 d\u0259 Az\u0259rbaycanda qaz v\u0259 elektrikl\u0259 ba\u011fl\u0131 limitl\u0259r aradan qald\u0131r\u0131lmal\u0131, vahid qiym\u0259t siyas\u0259tin\u0259 ke\u00e7ilm\u0259lidir. D\u00fc\u015f\u00fcn\u00fcr\u0259m ki, v\u0259t\u0259nda\u015flar\u0131n xeyrin\u0259 q\u0259rarlar verilm\u0259lidir\u201d.\/Bakupost.az<\/p>\n","protected":false},"excerpt":{"rendered":"<p>Bu g\u00fcnl\u0259rd\u0259 mill\u0259t v\u0259kili Az\u0259r Badamov qaz limitinin indiki formada t\u0259tbiq edilm\u0259sinin x\u00fcsus\u0259n da\u011fl\u0131q rayonlarda ya\u015fayan insanlar\u0131n maddi v\u0259ziyy\u0259tin\u0259 m\u0259nfi t\u0259sir etdiyini deyib. O bildirib ki, da\u011fl\u0131q rayonlarda qaz\u0131n limiti m\u0259s\u0259l\u0259sin\u0259 yenid\u0259n bax\u0131lmal\u0131d\u0131r: \u201cDa\u011fl\u0131q rayonlarda qazdan istifad\u0259 daha \u00e7oxdur. Burada ya\u015fayan sakinl\u0259r dig\u0259r regionlardan daha \u00e7ox yanacaq s\u0259rf etm\u0259y\u0259 m\u0259cburdurlar. Ona g\u00f6r\u0259 d\u0259 h\u0259min rayonlarda qaz\u0131n limiti m\u0259s\u0259l\u0259sin\u0259 yenid\u0259n bax\u0131lmas\u0131 z\u0259ruridir\u201d. Mill\u0259t v\u0259kilinin fikirl\u0259rin\u0259 m\u00fcnasib\u0259t bildir\u0259n iqtisad\u00e7\u0131 ekspert Natiq C\u0259f\u0259rli deyib ki, \u0259halini narahat ed\u0259n qaz pulunun \u00e7ox olmas\u0131d\u0131r. H\u00f6k\u00fcm\u0259t is\u0259 \u0259ksin\u0259, hesab edir ki, qaz pulu \u00e7ox deyil: \u201c\u00dcmumiyy\u0259tl\u0259,&hellip;<\/p>\n","protected":false},"author":2,"featured_media":764895,"comment_status":"closed","ping_status":"closed","sticky":false,"template":"","format":"standard","meta":{"om_disable_all_campaigns":false,"_monsterinsights_skip_tracking":false,"_monsterinsights_sitenote_active":false,"_monsterinsights_sitenote_note":"","_monsterinsights_sitenote_category":0},"categories":[1],"tags":[],"aioseo_notices":[],"gutentor_comment":0,"rttpg_featured_image_url":{"full":["https:\/\/arantv.az\/wp-content\/uploads\/2024\/10\/69ffcd94aa07503b4ea288907cbb21fb.jpg",550,309,false],"landscape":["https:\/\/arantv.az\/wp-content\/uploads\/2024\/10\/69ffcd94aa07503b4ea288907cbb21fb.jpg",550,309,false],"portraits":["https:\/\/arantv.az\/wp-content\/uploads\/2024\/10\/69ffcd94aa07503b4ea288907cbb21fb.jpg",550,309,false],"thumbnail":["https:\/\/arantv.az\/wp-content\/uploads\/2024\/10\/69ffcd94aa07503b4ea288907cbb21fb-500x280.jpg",500,280,true],"medium":["https:\/\/arantv.az\/wp-content\/uploads\/2024\/10\/69ffcd94aa07503b4ea288907cbb21fb.jpg",550,309,false],"large":["https:\/\/arantv.az\/wp-content\/uploads\/2024\/10\/69ffcd94aa07503b4ea288907cbb21fb.jpg",550,309,false],"1536x1536":["https:\/\/arantv.az\/wp-content\/uploads\/2024\/10\/69ffcd94aa07503b4ea288907cbb21fb.jpg",550,309,false],"2048x2048":["https:\/\/arantv.az\/wp-content\/uploads\/2024\/10\/69ffcd94aa07503b4ea288907cbb21fb.jpg",550,309,false],"post-thumbnail":["https:\/\/arantv.az\/wp-content\/uploads\/2024\/10\/69ffcd94aa07503b4ea288907cbb21fb-240x172.jpg",240,172,true],"advps-thumb-one":["https:\/\/arantv.az\/wp-content\/uploads\/2024\/10\/69ffcd94aa07503b4ea288907cbb21fb.jpg",550,309,false]},"rttpg_author":{"display_name":"V\u00fcsal Rafiqo\u011flu","author_link":"https:\/\/arantv.az\/?author=2"},"rttpg_comment":0,"rttpg_category":"<a href=\"https:\/\/arantv.az\/?cat=1\" rel=\"category\">C\u0259miyy\u0259t<\/a>","rttpg_excerpt":"Bu g\u00fcnl\u0259rd\u0259 mill\u0259t v\u0259kili Az\u0259r Badamov qaz limitinin indiki formada t\u0259tbiq edilm\u0259sinin x\u00fcsus\u0259n da\u011fl\u0131q rayonlarda ya\u015fayan insanlar\u0131n maddi v\u0259ziyy\u0259tin\u0259 m\u0259nfi t\u0259sir etdiyini deyib. O bildirib ki, da\u011fl\u0131q rayonlarda qaz\u0131n limiti m\u0259s\u0259l\u0259sin\u0259 yenid\u0259n bax\u0131lmal\u0131d\u0131r: \u201cDa\u011fl\u0131q rayonlarda qazdan istifad\u0259 daha \u00e7oxdur. Burada ya\u015fayan sakinl\u0259r dig\u0259r regionlardan daha \u00e7ox yanacaq s\u0259rf etm\u0259y\u0259 m\u0259cburdurlar. Ona g\u00f6r\u0259 d\u0259 h\u0259min rayonlarda&hellip;","_links":{"self":[{"href":"https:\/\/arantv.az\/index.php?rest_route=\/wp\/v2\/posts\/764894"}],"collection":[{"href":"https:\/\/arantv.az\/index.php?rest_route=\/wp\/v2\/posts"}],"about":[{"href":"https:\/\/arantv.az\/index.php?rest_route=\/wp\/v2\/types\/post"}],"author":[{"embeddable":true,"href":"https:\/\/arantv.az\/index.php?rest_route=\/wp\/v2\/users\/2"}],"replies":[{"embeddable":true,"href":"https:\/\/arantv.az\/index.php?rest_route=%2Fwp%2Fv2%2Fcomments&post=764894"}],"version-history":[{"count":1,"href":"https:\/\/arantv.az\/index.php?rest_route=\/wp\/v2\/posts\/764894\/revisions"}],"predecessor-version":[{"id":764896,"href":"https:\/\/arantv.az\/index.php?rest_route=\/wp\/v2\/posts\/764894\/revisions\/764896"}],"wp:featuredmedia":[{"embeddable":true,"href":"https:\/\/arantv.az\/index.php?rest_route=\/wp\/v2\/media\/764895"}],"wp:attachment":[{"href":"https:\/\/arantv.az\/index.php?rest_route=%2Fwp%2Fv2%2Fmedia&parent=764894"}],"wp:term":[{"taxonomy":"category","embeddable":true,"href":"https:\/\/arantv.az\/index.php?rest_route=%2Fwp%2Fv2%2Fcategories&post=764894"},{"taxonomy":"post_tag","embeddable":true,"href":"https:\/\/arantv.az\/index.php?rest_route=%2Fwp%2Fv2%2Ftags&post=764894"}],"curies":[{"name":"wp","href":"https:\/\/api.w.org\/{rel}","templated":true}]}}