{"id":764914,"date":"2024-10-28T21:37:54","date_gmt":"2024-10-28T17:37:54","guid":{"rendered":"https:\/\/arantv.az\/?p=764914"},"modified":"2024-10-28T21:37:54","modified_gmt":"2024-10-28T17:37:54","slug":"%c9%99rdogandan-az%c9%99rbaycan-erm%c9%99nistan-sulh-aciqlamasi-%c9%99n-qisa-zamanda-xos-x%c9%99b%c9%99r","status":"publish","type":"post","link":"https:\/\/arantv.az\/?p=764914","title":{"rendered":"\u018frdo\u011fandan Az\u0259rbaycan-Erm\u0259nistan s\u00fclh A\u00c7IQLAMASI: \u0259n q\u0131sa zamanda xo\u015f x\u0259b\u0259r&#8230;"},"content":{"rendered":"<p><strong>Az\u0259rbaycan v\u0259 Erm\u0259nistan\u0131n s\u00fclh prosesi \u00e7\u0259r\u00e7iv\u0259sind\u0259 g\u00f6st\u0259rdiyi s\u0259mimi s\u0259yl\u0259ri yax\u0131ndan izl\u0259yirik, \u0259n q\u0131sa zamanda xo\u015f x\u0259b\u0259r alma\u011fa \u00fcmid edirik.<\/strong><\/p>\n<p>Bunu T\u00fcrkiy\u0259 Prezidenti R\u0259c\u0259b Tayyib \u018frdo\u011fan Nazirl\u0259r Kabinetinin iclas\u0131ndan sonra \u00e7\u0131x\u0131\u015f\u0131nda deyib.<\/p>\n<p>\u201cQaraba\u011fda 30 illik i\u015f\u011fal\u0131n ba\u015fa \u00e7atmas\u0131 il\u0259 C\u0259nubi Qafqazda daimi s\u00fclh \u00fc\u00e7\u00fcn unikal f\u00fcrs\u0259t yaran\u0131b. \u0130ndi bu co\u011frafiyada s\u00fclh k\u00fcl\u0259kl\u0259ri \u0259sir. Arzumuz odur ki, proses\u0259 mane olma\u011fa \u00e7al\u0131\u015fanlara f\u00fcrs\u0259t verilm\u0259mi\u015f xo\u015f x\u0259b\u0259rl\u0259r al\u0131ns\u0131n. Az\u0259rbaycanl\u0131 qarda\u015flar\u0131m\u0131zla koordinasiyal\u0131 \u015f\u0259kild\u0259 i\u015fl\u0259m\u0259y\u0259 davam ed\u0259c\u0259yik&#8221;, &#8211; \u018frdo\u011fan qeyd edib.\/Report<\/p>\n","protected":false},"excerpt":{"rendered":"<p>Az\u0259rbaycan v\u0259 Erm\u0259nistan\u0131n s\u00fclh prosesi \u00e7\u0259r\u00e7iv\u0259sind\u0259 g\u00f6st\u0259rdiyi s\u0259mimi s\u0259yl\u0259ri yax\u0131ndan izl\u0259yirik, \u0259n q\u0131sa zamanda xo\u015f x\u0259b\u0259r alma\u011fa \u00fcmid edirik. Bunu T\u00fcrkiy\u0259 Prezidenti R\u0259c\u0259b Tayyib \u018frdo\u011fan Nazirl\u0259r Kabinetinin iclas\u0131ndan sonra \u00e7\u0131x\u0131\u015f\u0131nda deyib. \u201cQaraba\u011fda 30 illik i\u015f\u011fal\u0131n ba\u015fa \u00e7atmas\u0131 il\u0259 C\u0259nubi Qafqazda daimi s\u00fclh \u00fc\u00e7\u00fcn unikal f\u00fcrs\u0259t yaran\u0131b. \u0130ndi bu co\u011frafiyada s\u00fclh k\u00fcl\u0259kl\u0259ri \u0259sir. Arzumuz odur ki, proses\u0259 mane olma\u011fa \u00e7al\u0131\u015fanlara f\u00fcrs\u0259t verilm\u0259mi\u015f xo\u015f x\u0259b\u0259rl\u0259r al\u0131ns\u0131n. Az\u0259rbaycanl\u0131 qarda\u015flar\u0131m\u0131zla koordinasiyal\u0131 \u015f\u0259kild\u0259 i\u015fl\u0259m\u0259y\u0259 davam ed\u0259c\u0259yik&#8221;, &#8211; \u018frdo\u011fan qeyd edib.\/Report<\/p>\n","protected":false},"author":2,"featured_media":764915,"comment_status":"closed","ping_status":"closed","sticky":false,"template":"","format":"standard","meta":{"om_disable_all_campaigns":false,"_monsterinsights_skip_tracking":false,"_monsterinsights_sitenote_active":false,"_monsterinsights_sitenote_note":"","_monsterinsights_sitenote_category":0},"categories":[19],"tags":[],"aioseo_notices":[],"gutentor_comment":0,"rttpg_featured_image_url":{"full":["https:\/\/arantv.az\/wp-content\/uploads\/2024\/10\/5ed2ad8173110c6cd53fb197fd65f977.jpg",850,500,false],"landscape":["https:\/\/arantv.az\/wp-content\/uploads\/2024\/10\/5ed2ad8173110c6cd53fb197fd65f977.jpg",850,500,false],"portraits":["https:\/\/arantv.az\/wp-content\/uploads\/2024\/10\/5ed2ad8173110c6cd53fb197fd65f977.jpg",850,500,false],"thumbnail":["https:\/\/arantv.az\/wp-content\/uploads\/2024\/10\/5ed2ad8173110c6cd53fb197fd65f977-500x280.jpg",500,280,true],"medium":["https:\/\/arantv.az\/wp-content\/uploads\/2024\/10\/5ed2ad8173110c6cd53fb197fd65f977-621x365.jpg",621,365,true],"large":["https:\/\/arantv.az\/wp-content\/uploads\/2024\/10\/5ed2ad8173110c6cd53fb197fd65f977-840x494.jpg",640,376,true],"1536x1536":["https:\/\/arantv.az\/wp-content\/uploads\/2024\/10\/5ed2ad8173110c6cd53fb197fd65f977.jpg",850,500,false],"2048x2048":["https:\/\/arantv.az\/wp-content\/uploads\/2024\/10\/5ed2ad8173110c6cd53fb197fd65f977.jpg",850,500,false],"post-thumbnail":["https:\/\/arantv.az\/wp-content\/uploads\/2024\/10\/5ed2ad8173110c6cd53fb197fd65f977-240x172.jpg",240,172,true],"advps-thumb-one":["https:\/\/arantv.az\/wp-content\/uploads\/2024\/10\/5ed2ad8173110c6cd53fb197fd65f977.jpg",850,500,false]},"rttpg_author":{"display_name":"V\u00fcsal Rafiqo\u011flu","author_link":"https:\/\/arantv.az\/?author=2"},"rttpg_comment":0,"rttpg_category":"<a href=\"https:\/\/arantv.az\/?cat=19\" rel=\"category\">G\u00fcnd\u0259m<\/a>","rttpg_excerpt":"Az\u0259rbaycan v\u0259 Erm\u0259nistan\u0131n s\u00fclh prosesi \u00e7\u0259r\u00e7iv\u0259sind\u0259 g\u00f6st\u0259rdiyi s\u0259mimi s\u0259yl\u0259ri yax\u0131ndan izl\u0259yirik, \u0259n q\u0131sa zamanda xo\u015f x\u0259b\u0259r alma\u011fa \u00fcmid edirik. Bunu T\u00fcrkiy\u0259 Prezidenti R\u0259c\u0259b Tayyib \u018frdo\u011fan Nazirl\u0259r Kabinetinin iclas\u0131ndan sonra \u00e7\u0131x\u0131\u015f\u0131nda deyib. \u201cQaraba\u011fda 30 illik i\u015f\u011fal\u0131n ba\u015fa \u00e7atmas\u0131 il\u0259 C\u0259nubi Qafqazda daimi s\u00fclh \u00fc\u00e7\u00fcn unikal f\u00fcrs\u0259t yaran\u0131b. \u0130ndi bu co\u011frafiyada s\u00fclh k\u00fcl\u0259kl\u0259ri \u0259sir. Arzumuz odur ki,&hellip;","_links":{"self":[{"href":"https:\/\/arantv.az\/index.php?rest_route=\/wp\/v2\/posts\/764914"}],"collection":[{"href":"https:\/\/arantv.az\/index.php?rest_route=\/wp\/v2\/posts"}],"about":[{"href":"https:\/\/arantv.az\/index.php?rest_route=\/wp\/v2\/types\/post"}],"author":[{"embeddable":true,"href":"https:\/\/arantv.az\/index.php?rest_route=\/wp\/v2\/users\/2"}],"replies":[{"embeddable":true,"href":"https:\/\/arantv.az\/index.php?rest_route=%2Fwp%2Fv2%2Fcomments&post=764914"}],"version-history":[{"count":2,"href":"https:\/\/arantv.az\/index.php?rest_route=\/wp\/v2\/posts\/764914\/revisions"}],"predecessor-version":[{"id":764917,"href":"https:\/\/arantv.az\/index.php?rest_route=\/wp\/v2\/posts\/764914\/revisions\/764917"}],"wp:featuredmedia":[{"embeddable":true,"href":"https:\/\/arantv.az\/index.php?rest_route=\/wp\/v2\/media\/764915"}],"wp:attachment":[{"href":"https:\/\/arantv.az\/index.php?rest_route=%2Fwp%2Fv2%2Fmedia&parent=764914"}],"wp:term":[{"taxonomy":"category","embeddable":true,"href":"https:\/\/arantv.az\/index.php?rest_route=%2Fwp%2Fv2%2Fcategories&post=764914"},{"taxonomy":"post_tag","embeddable":true,"href":"https:\/\/arantv.az\/index.php?rest_route=%2Fwp%2Fv2%2Ftags&post=764914"}],"curies":[{"name":"wp","href":"https:\/\/api.w.org\/{rel}","templated":true}]}}