{"id":764918,"date":"2024-10-28T21:39:26","date_gmt":"2024-10-28T17:39:26","guid":{"rendered":"https:\/\/arantv.az\/?p=764918"},"modified":"2024-10-28T21:39:26","modified_gmt":"2024-10-28T17:39:26","slug":"prezident-ilham-%c9%99liyev-ozb%c9%99kistanli-h%c9%99mkarini-t%c9%99brik-edib-2","status":"publish","type":"post","link":"https:\/\/arantv.az\/?p=764918","title":{"rendered":"Prezident \u0130lham \u018fliyev \u00f6zb\u0259kistanl\u0131 h\u0259mkar\u0131n\u0131 t\u0259brik edib"},"content":{"rendered":"<p><strong>Az\u0259rbaycan Prezidenti \u0130lham \u018fliyev \u00d6zb\u0259kistan Prezidenti \u015eavkat Mirziyoyev\u0259 t\u0259brik m\u0259ktubu g\u00f6nd\u0259rib.<\/strong><\/p>\n<p><strong>ARANTV.AZ <\/strong>\u00a0x\u0259b\u0259r verir ki, m\u0259ktubda deyilir:<\/p>\n<p>&#8220;\u00d6zb\u0259kistan Ali M\u0259clisinin Qanunvericilik palatas\u0131na se\u00e7kil\u0259rin u\u011furla ke\u00e7irilm\u0259si m\u00fcnasib\u0259til\u0259 Sizi v\u0259 qarda\u015f xalq\u0131n\u0131z\u0131 \u00fcr\u0259kd\u0259n t\u0259brik edir\u0259m.<\/p>\n<p>Qarda\u015f \u00d6zb\u0259kistan\u0131n tarixind\u0259 ilk d\u0259f\u0259 olaraq qar\u0131\u015f\u0131q se\u00e7ki sistemi \u00fczr\u0259 ke\u00e7irilmi\u015f bu s\u0259sverm\u0259 \u00f6lk\u0259nizin demokratik d\u00f6vl\u0259t quruculu\u011fu prinsipl\u0259rin\u0259 sadiqliyini bir daha bariz \u015f\u0259kild\u0259 n\u00fcmayi\u015f etdirdi.<\/p>\n<p>S\u0259sverm\u0259nin n\u0259tic\u0259l\u0259ri xalq\u0131n\u0131z\u0131n Sizin q\u0259tiyy\u0259tl\u0259 y\u00fcr\u00fctd\u00fcy\u00fcn\u00fcz siyasi x\u0259tt\u0259 olan inam v\u0259 etimad\u0131n\u0131n t\u0259zah\u00fcr\u00fc, \u00d6zb\u0259kistan\u0131n daha da inki\u015faf\u0131 v\u0259 q\u00fcdr\u0259tl\u0259nm\u0259si istiqam\u0259tind\u0259 xidm\u0259tl\u0259riniz\u0259 real d\u0259st\u0259yinin ifad\u0259sidir.<\/p>\n<p>Yeni t\u0259rkibd\u0259 f\u0259aliyy\u0259t\u0259 ba\u015flayacaq Ali M\u0259clisin Qanunvericilik palatas\u0131n\u0131n i\u015fin\u0259 m\u00fcv\u0259ff\u0259qiyy\u0259tl\u0259r arzulay\u0131ram.<\/p>\n<p>F\u00fcrs\u0259td\u0259n istifad\u0259 ed\u0259r\u0259k bir daha Siz\u0259 s\u0259mimi t\u0259brikl\u0259rimi \u00e7atd\u0131r\u0131r, m\u00f6hk\u0259m cansa\u011fl\u0131\u011f\u0131, xo\u015fb\u0259xtlik, qarda\u015f \u00d6zb\u0259kistan xalq\u0131n\u0131n rifah\u0131 v\u0259 firavanl\u0131\u011f\u0131 yolunda ali d\u00f6vl\u0259ti f\u0259aliyy\u0259tinizd\u0259 yeni-yeni u\u011furlar v\u0259 nailiyy\u0259tl\u0259r dil\u0259yir\u0259m&#8221;.<\/p>\n","protected":false},"excerpt":{"rendered":"<p>Az\u0259rbaycan Prezidenti \u0130lham \u018fliyev \u00d6zb\u0259kistan Prezidenti \u015eavkat Mirziyoyev\u0259 t\u0259brik m\u0259ktubu g\u00f6nd\u0259rib. ARANTV.AZ \u00a0x\u0259b\u0259r verir ki, m\u0259ktubda deyilir: &#8220;\u00d6zb\u0259kistan Ali M\u0259clisinin Qanunvericilik palatas\u0131na se\u00e7kil\u0259rin u\u011furla ke\u00e7irilm\u0259si m\u00fcnasib\u0259til\u0259 Sizi v\u0259 qarda\u015f xalq\u0131n\u0131z\u0131 \u00fcr\u0259kd\u0259n t\u0259brik edir\u0259m. Qarda\u015f \u00d6zb\u0259kistan\u0131n tarixind\u0259 ilk d\u0259f\u0259 olaraq qar\u0131\u015f\u0131q se\u00e7ki sistemi \u00fczr\u0259 ke\u00e7irilmi\u015f bu s\u0259sverm\u0259 \u00f6lk\u0259nizin demokratik d\u00f6vl\u0259t quruculu\u011fu prinsipl\u0259rin\u0259 sadiqliyini bir daha bariz \u015f\u0259kild\u0259 n\u00fcmayi\u015f etdirdi. S\u0259sverm\u0259nin n\u0259tic\u0259l\u0259ri xalq\u0131n\u0131z\u0131n Sizin q\u0259tiyy\u0259tl\u0259 y\u00fcr\u00fctd\u00fcy\u00fcn\u00fcz siyasi x\u0259tt\u0259 olan inam v\u0259 etimad\u0131n\u0131n t\u0259zah\u00fcr\u00fc, \u00d6zb\u0259kistan\u0131n daha da inki\u015faf\u0131 v\u0259 q\u00fcdr\u0259tl\u0259nm\u0259si istiqam\u0259tind\u0259 xidm\u0259tl\u0259riniz\u0259 real d\u0259st\u0259yinin ifad\u0259sidir. Yeni t\u0259rkibd\u0259 f\u0259aliyy\u0259t\u0259 ba\u015flayacaq Ali M\u0259clisin Qanunvericilik palatas\u0131n\u0131n&hellip;<\/p>\n","protected":false},"author":2,"featured_media":764919,"comment_status":"closed","ping_status":"closed","sticky":false,"template":"","format":"standard","meta":{"om_disable_all_campaigns":false,"_monsterinsights_skip_tracking":false,"_monsterinsights_sitenote_active":false,"_monsterinsights_sitenote_note":"","_monsterinsights_sitenote_category":0},"categories":[4],"tags":[],"aioseo_notices":[],"gutentor_comment":0,"rttpg_featured_image_url":{"full":["https:\/\/arantv.az\/wp-content\/uploads\/2024\/10\/3fcba75c4c9f10b6cacc45e22f15f659.jpg",850,500,false],"landscape":["https:\/\/arantv.az\/wp-content\/uploads\/2024\/10\/3fcba75c4c9f10b6cacc45e22f15f659.jpg",850,500,false],"portraits":["https:\/\/arantv.az\/wp-content\/uploads\/2024\/10\/3fcba75c4c9f10b6cacc45e22f15f659.jpg",850,500,false],"thumbnail":["https:\/\/arantv.az\/wp-content\/uploads\/2024\/10\/3fcba75c4c9f10b6cacc45e22f15f659-500x280.jpg",500,280,true],"medium":["https:\/\/arantv.az\/wp-content\/uploads\/2024\/10\/3fcba75c4c9f10b6cacc45e22f15f659-621x365.jpg",621,365,true],"large":["https:\/\/arantv.az\/wp-content\/uploads\/2024\/10\/3fcba75c4c9f10b6cacc45e22f15f659-840x494.jpg",640,376,true],"1536x1536":["https:\/\/arantv.az\/wp-content\/uploads\/2024\/10\/3fcba75c4c9f10b6cacc45e22f15f659.jpg",850,500,false],"2048x2048":["https:\/\/arantv.az\/wp-content\/uploads\/2024\/10\/3fcba75c4c9f10b6cacc45e22f15f659.jpg",850,500,false],"post-thumbnail":["https:\/\/arantv.az\/wp-content\/uploads\/2024\/10\/3fcba75c4c9f10b6cacc45e22f15f659-240x172.jpg",240,172,true],"advps-thumb-one":["https:\/\/arantv.az\/wp-content\/uploads\/2024\/10\/3fcba75c4c9f10b6cacc45e22f15f659.jpg",850,500,false]},"rttpg_author":{"display_name":"V\u00fcsal Rafiqo\u011flu","author_link":"https:\/\/arantv.az\/?author=2"},"rttpg_comment":0,"rttpg_category":"<a href=\"https:\/\/arantv.az\/?cat=4\" rel=\"category\">Siyas\u0259t<\/a>","rttpg_excerpt":"Az\u0259rbaycan Prezidenti \u0130lham \u018fliyev \u00d6zb\u0259kistan Prezidenti \u015eavkat Mirziyoyev\u0259 t\u0259brik m\u0259ktubu g\u00f6nd\u0259rib. ARANTV.AZ \u00a0x\u0259b\u0259r verir ki, m\u0259ktubda deyilir: &#8220;\u00d6zb\u0259kistan Ali M\u0259clisinin Qanunvericilik palatas\u0131na se\u00e7kil\u0259rin u\u011furla ke\u00e7irilm\u0259si m\u00fcnasib\u0259til\u0259 Sizi v\u0259 qarda\u015f xalq\u0131n\u0131z\u0131 \u00fcr\u0259kd\u0259n t\u0259brik edir\u0259m. Qarda\u015f \u00d6zb\u0259kistan\u0131n tarixind\u0259 ilk d\u0259f\u0259 olaraq qar\u0131\u015f\u0131q se\u00e7ki sistemi \u00fczr\u0259 ke\u00e7irilmi\u015f bu s\u0259sverm\u0259 \u00f6lk\u0259nizin demokratik d\u00f6vl\u0259t quruculu\u011fu prinsipl\u0259rin\u0259 sadiqliyini bir daha bariz&hellip;","_links":{"self":[{"href":"https:\/\/arantv.az\/index.php?rest_route=\/wp\/v2\/posts\/764918"}],"collection":[{"href":"https:\/\/arantv.az\/index.php?rest_route=\/wp\/v2\/posts"}],"about":[{"href":"https:\/\/arantv.az\/index.php?rest_route=\/wp\/v2\/types\/post"}],"author":[{"embeddable":true,"href":"https:\/\/arantv.az\/index.php?rest_route=\/wp\/v2\/users\/2"}],"replies":[{"embeddable":true,"href":"https:\/\/arantv.az\/index.php?rest_route=%2Fwp%2Fv2%2Fcomments&post=764918"}],"version-history":[{"count":1,"href":"https:\/\/arantv.az\/index.php?rest_route=\/wp\/v2\/posts\/764918\/revisions"}],"predecessor-version":[{"id":764920,"href":"https:\/\/arantv.az\/index.php?rest_route=\/wp\/v2\/posts\/764918\/revisions\/764920"}],"wp:featuredmedia":[{"embeddable":true,"href":"https:\/\/arantv.az\/index.php?rest_route=\/wp\/v2\/media\/764919"}],"wp:attachment":[{"href":"https:\/\/arantv.az\/index.php?rest_route=%2Fwp%2Fv2%2Fmedia&parent=764918"}],"wp:term":[{"taxonomy":"category","embeddable":true,"href":"https:\/\/arantv.az\/index.php?rest_route=%2Fwp%2Fv2%2Fcategories&post=764918"},{"taxonomy":"post_tag","embeddable":true,"href":"https:\/\/arantv.az\/index.php?rest_route=%2Fwp%2Fv2%2Ftags&post=764918"}],"curies":[{"name":"wp","href":"https:\/\/api.w.org\/{rel}","templated":true}]}}