{"id":764975,"date":"2024-10-29T07:23:10","date_gmt":"2024-10-29T03:23:10","guid":{"rendered":"https:\/\/arantv.az\/?p=764975"},"modified":"2024-10-29T07:23:10","modified_gmt":"2024-10-29T03:23:10","slug":"mulki-yoxsa-h%c9%99rbi-missiya","status":"publish","type":"post","link":"https:\/\/arantv.az\/?p=764975","title":{"rendered":"M\u00fclki, yoxsa h\u0259rbi missiya?.."},"content":{"rendered":"<p><em><strong>M\u00fcnasib\u0259tl\u0259ri normalla\u015fd\u0131rmaq istiqam\u0259tind\u0259 \u0259lveri\u015fli m\u00fchit yaratmaq, etimad\u0131 m\u00f6hk\u0259ml\u0259ndirm\u0259k ad\u0131 alt\u0131nda Avropa \u0130ttifaq\u0131n\u0131n \u00a0(A\u0130) Az\u0259rbaycan v\u0259 Erm\u0259nistana m\u00fc\u015fahid\u0259 missiyas\u0131 g\u00f6nd\u0259rm\u0259si t\u0259klifi 2022-ci ilin\u00a0 oktyabr\u0131nda Praqa g\u00f6r\u00fc\u015f\u00fcnd\u0259 g\u00fcnd\u0259m\u0259 g\u0259lmi\u015fdi. O zaman\u00a0 Prezident \u0130lham \u018fliyev \u00f6lk\u0259mizin \u0259razisind\u0259 bel\u0259 bir f\u0259aliyy\u0259t\u0259 icaz\u0259 verm\u0259s\u0259 d\u0259, Erm\u0259nistan\u0131n Az\u0259rbaycanla s\u0259rh\u0259d b\u00f6lg\u0259l\u0259rin\u0259 iki ay m\u00fcdd\u0259tin\u0259 40 n\u0259f\u0259rlik hey\u0259tin g\u00f6nd\u0259rilm\u0259sin\u0259 etiraz etm\u0259mi\u015fdi. Sonrak\u0131 m\u0259rh\u0259l\u0259d\u0259 erm\u0259nip\u0259r\u0259st Fransa \u201cki\u00e7ik bac\u0131\u201ds\u0131 Erm\u0259nistana yard\u0131m m\u0259qs\u0259dil\u0259 missiya il\u0259 ba\u011fl\u0131 \u00e7\u0259r\u00e7iv\u0259l\u0259ri pozdu. N\u0259tic\u0259d\u0259 Az\u0259rbaycan\u0131n raz\u0131l\u0131\u011f\u0131 al\u0131nmadan Erm\u0259nistana ikiillik missiya g\u00f6nd\u0259rm\u0259k q\u0259rara al\u0131nd\u0131 v\u0259 say\u0131 da art\u0131r\u0131ld\u0131. Haz\u0131rda bu \u201cm\u00fclki missiya\u201dn\u0131n t\u0259rkibind\u0259 \u00a0Avropan\u0131n 25-\u0259 yax\u0131n \u00f6lk\u0259sinin, h\u0259m\u00e7inin Kanadan\u0131n istefaya \u00e7\u0131xm\u0131\u015f h\u0259rbi zabitl\u0259ri \u201cf\u0259aliyy\u0259t\u201d g\u00f6st\u0259rirl\u0259r.<\/strong><\/em><\/p>\n<p>A\u0130-nin Erm\u0259nistandak\u0131 monitorinq missiyas\u0131n\u0131n m\u0259lumat\u0131na \u0259saslanaraq qeyd ed\u0259k ki, bu g\u00fcnl\u0259rd\u0259 Danimarkan\u0131n Milli Polis Departamentinin \u0259m\u0259kda\u015flar\u0131ndan ibar\u0259t qrup da \u201cm\u00fclki missiya\u201dya qo\u015fulub. Qeyd edilib ki, qrupun t\u0259rkibind\u0259kil\u0259rd\u0259n \u00fc\u00e7\u00fc polis \u0259m\u0259kda\u015f\u0131, dig\u0259rl\u0259ri is\u0259 m\u00fclki \u015f\u0259xsl\u0259rdir. G\u00f6r\u00fcnd\u00fcy\u00fc kimi, b\u00f6lg\u0259d\u0259 s\u00fclh\u00fcn t\u0259min olunmas\u0131na he\u00e7 bir formada t\u00f6hf\u0259 verm\u0259y\u0259n \u201cm\u00fclki missiya\u201d s\u0131ralar\u0131n\u0131 geni\u015fl\u0259ndirm\u0259kd\u0259 davam edir. Bununla da missiya faktiki olaraq s\u00f6z\u00fcn h\u0259qiqi m\u0259nas\u0131nda NATO missiyas\u0131na \u00e7evrilm\u0259kd\u0259dir.<\/p>\n<p>Az\u0259rbaycan\u2013Erm\u0259nistan \u015f\u0259rti s\u0259rh\u0259dinin Erm\u0259nistan hiss\u0259sind\u0259 \u201cl\u00f6vb\u0259r salm\u0131\u015f\u201d \u00a0\u201cAvropa m\u00fc\u015fahid\u0259\u00e7il\u0259r missiyas\u0131n\u0131n\u201d\u00a0s\u0259lahiyy\u0259t m\u00fcdd\u0259ti 2025-ci ilin fevral\u0131nda ba\u015fa \u00e7at\u0131r. Amma r\u0259smi \u0130r\u0259van missiyan\u0131n f\u0259aliyy\u0259tini n\u00f6vb\u0259ti d\u0259f\u0259 d\u0259 uzatmaq niyy\u0259tind\u0259dir. Odur ki, bu m\u0259s\u0259l\u0259 il\u0259 ba\u011fl\u0131 \u00a0m\u00fczakir\u0259l\u0259r apar\u0131l\u0131r. H\u0259tta bu g\u00fcnl\u0259rd\u0259 \u00a0xarici i\u015fl\u0259r naziri Ararat Mirzoyan bildirib ki, Erm\u0259nistandak\u0131 m\u00fclki m\u00fc\u015fahid\u0259 missiyas\u0131n\u0131n mandat\u0131n\u0131n uzad\u0131lmas\u0131 m\u0259s\u0259l\u0259si ciddi \u015f\u0259kild\u0259 n\u0259z\u0259rd\u0259n ke\u00e7irilir. Bu \u00a0prosesd\u0259 Erm\u0259nistandan daha \u00e7ox A\u0130 canf\u0259\u015fanl\u0131q edir. \u015e\u00fcbh\u0259siz, bu da C\u0259nubi Qafqazda pozucu siyas\u0259t y\u00fcr\u00fcd\u0259n A\u0130-nin, h\u0259m\u00e7inin bu qurumda s\u00f6z sahibi olan Makron Fransas\u0131n\u0131n\u00a0 maraqlar\u0131 il\u0259 \u00fcst-\u00fcst\u0259 d\u00fc\u015fm\u0259sind\u0259n qaynaqlan\u0131r.<\/p>\n<p>Amma haz\u0131rda g\u00f6r\u00fcn\u0259n odur ki, b\u00f6lg\u0259d\u0259 s\u00fclh\u00fcn t\u0259min olunmas\u0131na he\u00e7 bir formada t\u00f6hf\u0259 verm\u0259y\u0259n \u201cm\u00fclki missiya\u201dn\u0131n iki d\u00f6vl\u0259t aras\u0131nda nizamlanma prosesi getdiyi bir d\u00f6n\u0259md\u0259 m\u00f6vcudlu\u011funa he\u00e7 bir ehtiyac yoxdur. Az\u0259rbaycan Prezidentinin k\u00f6m\u0259k\u00e7isi -Prezident Administrasiyas\u0131n\u0131n Xarici siyas\u0259t m\u0259s\u0259l\u0259l\u0259ri \u015f\u00f6b\u0259sinin m\u00fcdiri Hikm\u0259t Hac\u0131yevin t\u0259birinc\u0259 des\u0259k, bu missiyan\u0131n f\u0259aliyy\u0259tin\u0259 xitam verilm\u0259sinin zaman\u0131 yeti\u015fib. Erm\u0259nistan is\u0259 h\u0259l\u0259 d\u0259 bunu anlamaq ist\u0259mir. Bu da r\u0259smi \u0130r\u0259van\u0131n \u201cbinokl diplomatiyas\u0131\u201dn\u0131n t\u0259msil\u00e7il\u0259rinin \u0259li il\u0259 s\u0259rh\u0259d t\u0259xribatlar\u0131n\u0131 davam etdir\u0259c\u0259yind\u0259n x\u0259b\u0259r verir.<\/p>\n<p>Hadis\u0259l\u0259rin gedi\u015fat\u0131 g\u00f6st\u0259rir ki, bu missiya yaln\u0131z v\u0259 yaln\u0131z b\u00f6lg\u0259d\u0259 m\u00f6hk\u0259ml\u0259nm\u0259k ist\u0259y\u0259n Q\u0259rbin, h\u0259m\u00e7inin AB\u015e-\u0131n maraqlar\u0131na xidm\u0259t edir. Y\u0259ni, Az\u0259rbaycan, Rusiya v\u0259 \u0130rana qar\u015f\u0131 k\u0259\u015ffiyyat m\u0259lumatlar\u0131 toplay\u0131r. Bununla da b\u00f6lg\u0259d\u0259 m\u0259qs\u0259dli \u015f\u0259kild\u0259 etimads\u0131zl\u0131q v\u0259 t\u0259xribatlar\u0131n artmas\u0131na r\u0259vac verir. \u00a0Yeri g\u0259lmi\u015fk\u0259n qeyd ed\u0259k ki, bu ay\u0131n 23-d\u0259 missiya Z\u0259ngilan isitqam\u0259tind\u0259 &#8220;peyda\u201d olub. Oktyabr\u0131n \u0259vv\u0259lind\u0259 is\u0259 missiyan\u0131n Gorus-La\u00e7\u0131n s\u0259rh\u0259dind\u0259 daha do\u011frusu, vaxtil\u0259 Xank\u0259ndini Erm\u0259nistanla birl\u0259\u015fdir\u0259n yol istiqam\u0259tind\u0259 m\u00fc\u015fahid\u0259l\u0259r aparmasi il\u0259 \u0259laq\u0259dar foto v\u0259 video yay\u0131lm\u0131\u015fd\u0131. Bununla da A\u0130-nin \u201cm\u00fclki\u201d adland\u0131r\u0131lan casuslardan ibar\u0259t missiyas\u0131n\u0131n m\u0259qs\u0259dinin ancaq t\u0259xribatlara qulluq etm\u0259si bir daha t\u0259sdq olunur.<\/p>\n<p>Bir m\u0259s\u0259l\u0259ni d\u0259 vur\u011fulayaq ki, m\u0259hz bu \u201cm\u00fclki missiya\u201dn\u0131n f\u0259aliyy\u0259t\u0259 ba\u015flamas\u0131ndan sonra t\u0259cav\u00fczkar \u00f6lk\u0259nin daha s\u00fcr\u0259tl\u0259 silahlanmas\u0131 m\u00fc\u015fahid\u0259 olunub. Eyni zamanda \u015f\u0259rti s\u0259rh\u0259dd\u0259 h\u0259rbi t\u0259xribatlar\u0131n say\u0131 art\u0131b. M\u00fcharib\u0259d\u0259n sonrak\u0131 d\u00f6vrd\u0259 Erm\u0259nistanda revan\u015fizm meyill\u0259rinin \u00e7oxalmas\u0131nda da onlar\u0131n \u201c\u0259m\u0259yi\u201d vard\u0131r.\u00a0 Bununla da \u201cm\u00fclki missiya\u201d b\u00f6lg\u0259d\u0259 s\u00fclh v\u0259 etimad m\u00fchitinin pozulmas\u0131na \u00f6z \u201ct\u00f6hf\u0259\u201dsini verir. \u015e\u00fcbh\u0259siz, missiyan\u0131n f\u0259aliyy\u0259tinin uzad\u0131lmas\u0131\u00a0 b\u00f6lg\u0259d\u0259ki sabitliy\u0259 ciddi t\u0259hdid yarad\u0131r. \u00dcst\u0259lik, &#8220;binokl diplomatiyas\u0131&#8221; b\u00f6lg\u0259d\u0259 h\u0259rbi eskalasiyan\u0131 stimulla\u015fd\u0131r\u0131r. Az\u0259rbaycan haql\u0131 olaraq bu missiyan\u0131n f\u0259aliyy\u0259tinin davam etdirilm\u0259sin\u0259 etiraz\u0131n\u0131 bildirir. Prezident \u0130lham \u018fliyev Bel\u00e7ika Krall\u0131\u011f\u0131n\u0131n \u00f6lk\u0259mizd\u0259 yeni t\u0259yin olunmu\u015f s\u0259firi Julyen de Freponun etimadnam\u0259sini q\u0259bul ed\u0259rk\u0259n haql\u0131 olaraq demi\u015fdi ki, \u00a0missiya \u00fczvl\u0259rinin davran\u0131\u015f\u0131, nec\u0259 dey\u0259rl\u0259r, \u201cbinokl diplomatiyas\u0131\u201d he\u00e7 c\u00fcr q\u0259buledilm\u0259z v\u0259 h\u0259r hans\u0131 bir normal siyasi m\u0259d\u0259niyy\u0259t standartlar\u0131ndan k\u0259nard\u0131r. D\u00f6vl\u0259timizin ba\u015f\u00e7\u0131s\u0131, h\u0259m\u00e7inin bildirmi\u015fdi ki, biz Avropa \u0130ttifaq\u0131 il\u0259 t\u0259maslarda bu m\u0259s\u0259l\u0259ni qald\u0131raca\u011f\u0131q.<\/p>\n<p>\u015e\u00fcbh\u0259siz, bu v\u0259ziyy\u0259t yaln\u0131z Az\u0259rbaycan\u0131n deyil, h\u0259m d\u0259 Rusiyan\u0131n maraqlar\u0131na ziddir. Odur ki, Rusiya d\u0259f\u0259l\u0259rl\u0259 A\u0130-nin missiyas\u0131n\u0131 t\u0259nqid ed\u0259r\u0259k, onun \u0259sas m\u0259qs\u0259dinin \u00f6lk\u0259sinin regiondak\u0131 h\u0259rbi m\u00f6vqel\u0259rini izl\u0259m\u0259k oldu\u011funu b\u0259yan edib. Amma n\u0259d\u0259ns\u0259 \u0130ran h\u0259l\u0259 d\u0259 buna ciddi reaksiya vermir.<\/p>\n<p><strong>Qvami M\u0259h\u0259bb\u0259to\u011flu, \u201c\u0130ki sahil\u201d<\/strong><\/p>\n","protected":false},"excerpt":{"rendered":"<p>M\u00fcnasib\u0259tl\u0259ri normalla\u015fd\u0131rmaq istiqam\u0259tind\u0259 \u0259lveri\u015fli m\u00fchit yaratmaq, etimad\u0131 m\u00f6hk\u0259ml\u0259ndirm\u0259k ad\u0131 alt\u0131nda Avropa \u0130ttifaq\u0131n\u0131n \u00a0(A\u0130) Az\u0259rbaycan v\u0259 Erm\u0259nistana m\u00fc\u015fahid\u0259 missiyas\u0131 g\u00f6nd\u0259rm\u0259si t\u0259klifi 2022-ci ilin\u00a0 oktyabr\u0131nda Praqa g\u00f6r\u00fc\u015f\u00fcnd\u0259 g\u00fcnd\u0259m\u0259 g\u0259lmi\u015fdi. O zaman\u00a0 Prezident \u0130lham \u018fliyev \u00f6lk\u0259mizin \u0259razisind\u0259 bel\u0259 bir f\u0259aliyy\u0259t\u0259 icaz\u0259 verm\u0259s\u0259 d\u0259, Erm\u0259nistan\u0131n Az\u0259rbaycanla s\u0259rh\u0259d b\u00f6lg\u0259l\u0259rin\u0259 iki ay m\u00fcdd\u0259tin\u0259 40 n\u0259f\u0259rlik hey\u0259tin g\u00f6nd\u0259rilm\u0259sin\u0259 etiraz etm\u0259mi\u015fdi. Sonrak\u0131 m\u0259rh\u0259l\u0259d\u0259 erm\u0259nip\u0259r\u0259st Fransa \u201cki\u00e7ik bac\u0131\u201ds\u0131 Erm\u0259nistana yard\u0131m m\u0259qs\u0259dil\u0259 missiya il\u0259 ba\u011fl\u0131 \u00e7\u0259r\u00e7iv\u0259l\u0259ri pozdu. N\u0259tic\u0259d\u0259 Az\u0259rbaycan\u0131n raz\u0131l\u0131\u011f\u0131 al\u0131nmadan Erm\u0259nistana ikiillik missiya g\u00f6nd\u0259rm\u0259k q\u0259rara al\u0131nd\u0131 v\u0259 say\u0131 da art\u0131r\u0131ld\u0131. Haz\u0131rda bu \u201cm\u00fclki missiya\u201dn\u0131n t\u0259rkibind\u0259 \u00a0Avropan\u0131n 25-\u0259 yax\u0131n \u00f6lk\u0259sinin,&hellip;<\/p>\n","protected":false},"author":2,"featured_media":764976,"comment_status":"closed","ping_status":"closed","sticky":false,"template":"","format":"standard","meta":{"om_disable_all_campaigns":false,"_monsterinsights_skip_tracking":false,"_monsterinsights_sitenote_active":false,"_monsterinsights_sitenote_note":"","_monsterinsights_sitenote_category":0},"categories":[19],"tags":[],"aioseo_notices":[],"gutentor_comment":0,"rttpg_featured_image_url":{"full":["https:\/\/arantv.az\/wp-content\/uploads\/2024\/10\/3fab5890167755810790576584410543630-1.jpg",975,540,false],"landscape":["https:\/\/arantv.az\/wp-content\/uploads\/2024\/10\/3fab5890167755810790576584410543630-1.jpg",975,540,false],"portraits":["https:\/\/arantv.az\/wp-content\/uploads\/2024\/10\/3fab5890167755810790576584410543630-1.jpg",975,540,false],"thumbnail":["https:\/\/arantv.az\/wp-content\/uploads\/2024\/10\/3fab5890167755810790576584410543630-1-500x280.jpg",500,280,true],"medium":["https:\/\/arantv.az\/wp-content\/uploads\/2024\/10\/3fab5890167755810790576584410543630-1-660x365.jpg",660,365,true],"large":["https:\/\/arantv.az\/wp-content\/uploads\/2024\/10\/3fab5890167755810790576584410543630-1-840x465.jpg",640,354,true],"1536x1536":["https:\/\/arantv.az\/wp-content\/uploads\/2024\/10\/3fab5890167755810790576584410543630-1.jpg",975,540,false],"2048x2048":["https:\/\/arantv.az\/wp-content\/uploads\/2024\/10\/3fab5890167755810790576584410543630-1.jpg",975,540,false],"post-thumbnail":["https:\/\/arantv.az\/wp-content\/uploads\/2024\/10\/3fab5890167755810790576584410543630-1-240x172.jpg",240,172,true],"advps-thumb-one":["https:\/\/arantv.az\/wp-content\/uploads\/2024\/10\/3fab5890167755810790576584410543630-1.jpg",975,540,false]},"rttpg_author":{"display_name":"V\u00fcsal Rafiqo\u011flu","author_link":"https:\/\/arantv.az\/?author=2"},"rttpg_comment":0,"rttpg_category":"<a href=\"https:\/\/arantv.az\/?cat=19\" rel=\"category\">G\u00fcnd\u0259m<\/a>","rttpg_excerpt":"M\u00fcnasib\u0259tl\u0259ri normalla\u015fd\u0131rmaq istiqam\u0259tind\u0259 \u0259lveri\u015fli m\u00fchit yaratmaq, etimad\u0131 m\u00f6hk\u0259ml\u0259ndirm\u0259k ad\u0131 alt\u0131nda Avropa \u0130ttifaq\u0131n\u0131n \u00a0(A\u0130) Az\u0259rbaycan v\u0259 Erm\u0259nistana m\u00fc\u015fahid\u0259 missiyas\u0131 g\u00f6nd\u0259rm\u0259si t\u0259klifi 2022-ci ilin\u00a0 oktyabr\u0131nda Praqa g\u00f6r\u00fc\u015f\u00fcnd\u0259 g\u00fcnd\u0259m\u0259 g\u0259lmi\u015fdi. O zaman\u00a0 Prezident \u0130lham \u018fliyev \u00f6lk\u0259mizin \u0259razisind\u0259 bel\u0259 bir f\u0259aliyy\u0259t\u0259 icaz\u0259 verm\u0259s\u0259 d\u0259, Erm\u0259nistan\u0131n Az\u0259rbaycanla s\u0259rh\u0259d b\u00f6lg\u0259l\u0259rin\u0259 iki ay m\u00fcdd\u0259tin\u0259 40 n\u0259f\u0259rlik hey\u0259tin g\u00f6nd\u0259rilm\u0259sin\u0259 etiraz etm\u0259mi\u015fdi. Sonrak\u0131 m\u0259rh\u0259l\u0259d\u0259&hellip;","_links":{"self":[{"href":"https:\/\/arantv.az\/index.php?rest_route=\/wp\/v2\/posts\/764975"}],"collection":[{"href":"https:\/\/arantv.az\/index.php?rest_route=\/wp\/v2\/posts"}],"about":[{"href":"https:\/\/arantv.az\/index.php?rest_route=\/wp\/v2\/types\/post"}],"author":[{"embeddable":true,"href":"https:\/\/arantv.az\/index.php?rest_route=\/wp\/v2\/users\/2"}],"replies":[{"embeddable":true,"href":"https:\/\/arantv.az\/index.php?rest_route=%2Fwp%2Fv2%2Fcomments&post=764975"}],"version-history":[{"count":1,"href":"https:\/\/arantv.az\/index.php?rest_route=\/wp\/v2\/posts\/764975\/revisions"}],"predecessor-version":[{"id":764977,"href":"https:\/\/arantv.az\/index.php?rest_route=\/wp\/v2\/posts\/764975\/revisions\/764977"}],"wp:featuredmedia":[{"embeddable":true,"href":"https:\/\/arantv.az\/index.php?rest_route=\/wp\/v2\/media\/764976"}],"wp:attachment":[{"href":"https:\/\/arantv.az\/index.php?rest_route=%2Fwp%2Fv2%2Fmedia&parent=764975"}],"wp:term":[{"taxonomy":"category","embeddable":true,"href":"https:\/\/arantv.az\/index.php?rest_route=%2Fwp%2Fv2%2Fcategories&post=764975"},{"taxonomy":"post_tag","embeddable":true,"href":"https:\/\/arantv.az\/index.php?rest_route=%2Fwp%2Fv2%2Ftags&post=764975"}],"curies":[{"name":"wp","href":"https:\/\/api.w.org\/{rel}","templated":true}]}}