{"id":764978,"date":"2024-10-29T07:24:29","date_gmt":"2024-10-29T03:24:29","guid":{"rendered":"https:\/\/arantv.az\/?p=764978"},"modified":"2024-10-29T07:24:29","modified_gmt":"2024-10-29T03:24:29","slug":"ugurlu-t%c9%99crub%c9%99","status":"publish","type":"post","link":"https:\/\/arantv.az\/?p=764978","title":{"rendered":"U\u011furlu t\u0259cr\u00fcb\u0259"},"content":{"rendered":"<div class=\"content lead font-weight-normal\">\n<p>D\u00f6vl\u0259timizin ba\u015f\u00e7\u0131s\u0131 \u0130lham \u018fliyevin oktyabr\u0131n 24-d\u0259 Kazan \u015f\u0259h\u0259rind\u0259 XVI BRICS Sammitinin \u201cOutreach\u201d\/\u201cBRICS+\u201d format\u0131n\u0131n ilk plenar iclas\u0131ndak\u0131 \u00e7\u0131x\u0131\u015f\u0131nda s\u0259sl\u0259ndirdiyi \u00e7a\u011f\u0131r\u0131\u015flar\u00a0 \u00f6lk\u0259 v\u0259 d\u00fcnya m\u0259tbuat\u0131nda geni\u015f m\u00fczakir\u0259 edilir. Qeyd ed\u0259k ki, haz\u0131rda 10 \u00fczv\u00fc olan BRICS 2006-c\u0131 ild\u0259 yarad\u0131l\u0131b. Builki BRICS Sammitin\u0259 36 \u00f6lk\u0259d\u0259n v\u0259 6 beyn\u0259lxalq t\u0259\u015fkilatdan n\u00fcmay\u0259nd\u0259 hey\u0259tl\u0259ri, o c\u00fcml\u0259d\u0259n 22 d\u00f6vl\u0259t ba\u015f\u00e7\u0131s\u0131 v\u0259 BMT-nin Ba\u015f katibi Antonio Quterre\u015f qat\u0131l\u0131blar. BRICS 2009-cu ild\u0259n b\u0259ri h\u0259r il r\u0259smi sammitl\u0259rd\u0259 topla\u015fan v\u0259 \u00e7oxt\u0259r\u0259fli siyas\u0259tl\u0259ri \u0259laq\u0259l\u0259ndir\u0259n vahid geosiyasi bloka, h\u0259m\u00e7inin d\u00fcnya \u0259halisinin t\u0259xmin\u0259n yar\u0131s\u0131n\u0131 v\u0259 qlobal iqtisadiyyat\u0131n d\u00f6rdd\u0259birind\u0259n \u00e7oxunu t\u0259\u015fkil ed\u0259n n\u0259h\u0259ng iqtisadi g\u00fcc m\u0259rk\u0259zin\u0259 \u00e7evrilib. T\u0259dbir \u00e7\u0259r\u00e7iv\u0259sind\u0259 ke\u00e7iril\u0259n g\u00f6r\u00fc\u015fl\u0259rd\u0259 g\u00fcnd\u0259m\u0259 g\u0259tiril\u0259n m\u0259s\u0259l\u0259l\u0259r, h\u0259m\u00e7inin c\u0259nab \u0130lham \u018fliyevin XVI BRICS Sammitinin \u201cOutreach\u201d\/\u201cBRICS+\u201d format\u0131n\u0131n ilk plenar iclas\u0131ndak\u0131 \u00e7\u0131x\u0131\u015f\u0131 Az\u0259rbaycan\u0131n beyn\u0259lxalq m\u00fcnasib\u0259tl\u0259r sistemind\u0259 yerini v\u0259 rolunu a\u00e7\u0131qlad\u0131. Reall\u0131q budur ki, Az\u0259rbaycan\u0131n xarici siyas\u0259tinin d\u0259yi\u015fm\u0259z prinsipl\u0259ri onun\u00a0 xarici siyas\u0259td\u0259 m\u00fch\u00fcm u\u011furlar qazanmas\u0131n\u0131 \u015f\u0259rtl\u0259ndirir.<\/p>\n<p>\u00d6lk\u0259miz b\u00fct\u00fcn d\u00f6vl\u0259tl\u0259rl\u0259 b\u0259rab\u0259rh\u00fcquqlu, qar\u015f\u0131l\u0131ql\u0131 h\u00f6rm\u0259t v\u0259 maraq prinsipl\u0259ri \u0259sas\u0131nda \u0259laq\u0259l\u0259r qurur, he\u00e7 bir d\u00f6vl\u0259tin daxili i\u015fin\u0259 m\u00fcdaxil\u0259 etmir, \u00f6z daxili i\u015fin\u0259 m\u00fcdaxil\u0259ni d\u0259 yolverilm\u0259z q\u0259bul edir. Qar\u015f\u0131l\u0131ql\u0131 etimad m\u00fchitinin qorunmas\u0131 \u015f\u0259raitind\u0259 qurulan v\u0259 yeni istiqam\u0259tl\u0259r \u00fczr\u0259 inki\u015faf etiril\u0259n \u0259laq\u0259l\u0259r Az\u0259rbaycan\u0131n xarici siyas\u0259tind\u0259 prioritetdir. \u018fm\u0259kda\u015fl\u0131\u011f\u0131n co\u011frafiyas\u0131n\u0131n geni\u015fl\u0259ndirilm\u0259si istiqam\u0259tind\u0259 at\u0131lan add\u0131mlar da \u00f6lk\u0259mizin ist\u0259r ikit\u0259r\u0259fli, ist\u0259rs\u0259 d\u0259 \u00e7oxt\u0259r\u0259fli \u00e7\u0259r\u00e7iv\u0259d\u0259 m\u00fcnasib\u0259tl\u0259rin m\u00f6hk\u0259ml\u0259ndirilm\u0259sind\u0259 maraql\u0131 oldu\u011funu t\u0259sdiql\u0259yir. C\u0259nab \u0130lham \u018fliyev XVI BRICS Sammitinin \u201cOutreach\u201d\/\u201cBRICS+\u201d format\u0131n\u0131n ilk plenar iclas\u0131ndak\u0131 \u00e7\u0131x\u0131\u015f\u0131nda bildirdi ki, Az\u0259rbaycan beyn\u0259lxalq m\u00fcnasib\u0259tl\u0259rd\u0259 \u00a0\u00e7oxt\u0259r\u0259flilik prinsipinin f\u0259al t\u0259r\u0259fdar\u0131d\u0131r. Bu, 2020-2023-c\u00fc ill\u0259rd\u0259 Qo\u015fulmama H\u0259r\u0259kat\u0131na s\u0259drlik d\u00f6vr\u00fcnd\u0259 bizim t\u0259r\u0259fimizd\u0259n \u0259yani \u015f\u0259kild\u0259 n\u00fcmayi\u015f etdirilib. D\u00f6rdillik s\u0259drlik d\u00f6vr\u00fcnd\u0259 Qo\u015fulmama H\u0259r\u0259kat\u0131 \u00f6z\u00fcn\u00fcn institusional inki\u015faf\u0131nda b\u00f6y\u00fck add\u0131m at\u0131b, beyn\u0259lxalq m\u00fcnasib\u0259tl\u0259r sistemind\u0259 \u00f6z yerini xeyli m\u00f6hk\u0259ml\u0259ndirib. H\u0259r\u0259kata u\u011furlu s\u0259drlik t\u0259cr\u00fcb\u0259si bu g\u00fcn biz\u0259 Asiyada Qar\u015f\u0131l\u0131ql\u0131 F\u0259aliyy\u0259t v\u0259 Etimad T\u0259dbirl\u0259ri \u00fczr\u0259 M\u00fc\u015favir\u0259nin haz\u0131rk\u0131 s\u0259dri qismind\u0259 k\u00f6m\u0259k edir. O da bildirildi ki, \u00f6z co\u011frafi m\u00f6vqeyind\u0259n istifad\u0259 ed\u0259n v\u0259 m\u00fcasir infrastruktur yaradan Az\u0259rbaycan Avrasiyan\u0131n m\u00fch\u00fcm n\u0259qliyyat v\u0259 logistika m\u0259rk\u0259zl\u0259rind\u0259n birin\u0259 \u00e7evrilib. \u201c\u015e\u0259rq-Q\u0259rb\u201d v\u0259 \u201c\u015eimal-C\u0259nub\u201d n\u0259qliyyat d\u0259hlizl\u0259ri bizim \u0259razimizd\u0259n ke\u00e7ir. Bu n\u0259qliyyat yollar\u0131n\u0131n Az\u0259rbaycan \u0259razisind\u0259 olan b\u00fct\u00fcn seqmentl\u0259ri u\u011furla f\u0259aliyy\u0259t g\u00f6st\u0259rir. Haz\u0131rk\u0131 m\u0259qamda \u0259razimizd\u0259n y\u00fck ax\u0131n\u0131n\u0131n k\u0259skin artmas\u0131n\u0131 n\u0259z\u0259r\u0259 alaraq, biz bu d\u0259hlizl\u0259rin \u00f6t\u00fcr\u00fcc\u00fcl\u00fck imkanlar\u0131n\u0131n art\u0131r\u0131lmas\u0131na \u0259lav\u0259 v\u0259saitl\u0259r yat\u0131r\u0131r\u0131q.<\/p>\n<p>Rusiya Prezidenti Vladimir Putin bildirdi ki, Az\u0259rbaycan\u0131n\u00a0 logistika d\u0259hlizl\u0259rinin inki\u015faf\u0131nda rolu \u00e7ox m\u00fch\u00fcmd\u00fcr. C\u0259nubi Qafqaz\u0131n \u0259n b\u00f6y\u00fck v\u0259 perspektivli d\u00f6vl\u0259ti, \u015e\u0259rql\u0259-Q\u0259rbin qov\u015fa\u011f\u0131nda unikal co\u011frafi geosiyasi \u015f\u0259rait\u0259 malik olan Az\u0259rbaycan bu g\u00fcn regionda ged\u0259n \u0259sas prosesl\u0259rin v\u0259 transmilli maraqlar\u0131n m\u0259rk\u0259zind\u0259 dayanmaqla geoiqtisadi c\u0259h\u0259td\u0259n d\u00fcnyan\u0131n apar\u0131c\u0131 d\u00f6vl\u0259tl\u0259ri, b\u00f6y\u00fck \u015firk\u0259tl\u0259ri \u00fc\u00e7\u00fcn c\u0259lbedici t\u0259r\u0259fda\u015fa \u00e7evrilib. Prezident \u0130lham \u018fliyevin h\u0259yata ke\u00e7irdiyi yeni iqtisadi strategiya \u00f6lk\u0259nin b\u00fct\u00f6vl\u00fckd\u0259 iqtisadiyyat\u0131n\u0131n \u015fax\u0259l\u0259ndirilm\u0259sin\u0259 v\u0259 x\u00fcsus\u0259n d\u0259 iqtisadiyyat\u0131n b\u00fct\u00fcn dig\u0259r sah\u0259l\u0259rinin inki\u015faf\u0131na y\u00f6n\u0259ldilib. Logistika v\u0259 ticar\u0259t is\u0259 s\u00fcr\u0259tl\u0259 qloballa\u015fan d\u00fcnyada iqtisadi art\u0131m\u0131n m\u00fch\u00fcm t\u0259kanverici q\u00fcvv\u0259sin\u0259 \u00e7evrilm\u0259kl\u0259, \u0259sas sektorlarda birba\u015fa xarici investisiya qoyulu\u015flar\u0131n\u0131n h\u0259cmini art\u0131rma\u011fa \u015f\u0259rait yarad\u0131r. Hesablamalar g\u00f6st\u0259rir ki, inki\u015faf etmi\u015f n\u0259qliyyat v\u0259 logistika sistemi \u00fcmumi daxili m\u0259hsulda birba\u015fa art\u0131ma imkan verir. G\u00f6r\u00fclm\u00fc\u015f t\u0259dbirl\u0259r n\u0259tic\u0259sind\u0259 bu g\u00fcn Az\u0259rbaycan n\u0259qliyyat sah\u0259sind\u0259 d\u00fcnyada lider d\u00f6vl\u0259tl\u0259rd\u0259n biridir.<\/p>\n<p>Bunun t\u0259sdiqi olaraq qeyd ed\u0259 bil\u0259rik ki,\u00a0 Az\u0259rbaycan beyn\u0259lxalq t\u0259\u015fkilatlar\u0131n reytinql\u0259rind\u0259 daim y\u00fcks\u0259k yerl\u0259ri tutur.\u00a0 Az\u0259rbaycan beyn\u0259lxalq \u0259h\u0259miyy\u0259tli t\u0259dbirl\u0259rin ke\u00e7irilm\u0259sind\u0259 ideal m\u0259kan kimi tan\u0131nmaqla yana\u015f\u0131, bu t\u0259dbirl\u0259rin y\u00fcks\u0259k s\u0259viyy\u0259d\u0259 t\u0259\u015fkili il\u0259 diqq\u0259td\u0259 olur. Bu g\u00fcn\u0259d\u0259k \u00f6lk\u0259mizin ev sahibliyi etdiyi t\u0259dbirl\u0259rin n\u0259z\u0259rd\u0259n ke\u00e7irilm\u0259si fonunda bel\u0259 bir \u0259minlik ifad\u0259 edilir ki, COP29 da y\u00fcks\u0259k s\u0259viyy\u0259d\u0259 ke\u00e7iril\u0259c\u0259k, Az\u0259rbaycan\u0131n n\u00f6vb\u0259ti u\u011furu olacaq. \u201cN\u00f6vb\u0259ti ayda Bak\u0131 \u0259n b\u00f6y\u00fck beyn\u0259lxalq iqlim konfrans\u0131n\u0131n-COP29-un ke\u00e7irilm\u0259si m\u0259kan\u0131 olacaq. T\u0259qrib\u0259n 200 \u00f6lk\u0259nin COP29-un Az\u0259rbaycanda ke\u00e7irilm\u0259sin\u0259 dair yekdil q\u0259rar\u0131 bizim siyas\u0259timiz\u0259 h\u00f6rm\u0259tin v\u0259 d\u0259st\u0259yin parlaq s\u00fcbutudur\u201d bildir\u0259n\u00a0 Prezident \u0130lham \u018fliyev vur\u011fulad\u0131 ki, biz art\u0131q Qlobal C\u0259nub v\u0259 Qlobal \u015eimal aras\u0131nda iqlim \u00fczr\u0259 \u0259m\u0259kda\u015fl\u0131\u011fa t\u00f6hf\u0259 veririk v\u0259 ist\u0259r iqlim d\u0259yi\u015fikliyi il\u0259 ba\u011fl\u0131 m\u0259s\u0259l\u0259l\u0259rd\u0259, ist\u0259rs\u0259 d\u0259 qlobal t\u0259hl\u00fck\u0259sizlik, beyn\u0259lxalq h\u00fcququn aliliyi, bir-birinin i\u015fl\u0259rin\u0259 qar\u0131\u015fmamaq, qar\u015f\u0131l\u0131ql\u0131 h\u00f6rm\u0259t m\u0259s\u0259l\u0259l\u0259rind\u0259 qar\u015f\u0131l\u0131ql\u0131 anla\u015fmaya nail olunmas\u0131na s\u0259y g\u00f6st\u0259r\u0259c\u0259yik.<\/p>\n<p><strong>Nihad P\u0259nahov,<\/strong><br \/>\n<em>YAP Tovuz rayon t\u0259\u015fkilat\u0131n\u0131n s\u0259dri<\/em><\/p>\n<div class=\"clearfix\"><\/div>\n<\/div>\n<div class=\"fotorama--hidden\"><\/div>\n<div id=\"galleryList\" class=\"fotorama fotorama1730172207089\" data-nav=\"thumbs\" data-width=\"100%\" data-thumbwidth=\"90\" data-thumbheight=\"60\" data-allowfullscreen=\"true\" data-autoplay=\"3000\" data-ratio=\"1.5\" data-keyboard=\"true\" data-fit=\"contain\">\n<div class=\"fotorama__wrap fotorama__wrap--css3 fotorama__wrap--slide fotorama__wrap--toggle-arrows fotorama__wrap--no-controls\">\n<div class=\"fotorama__stage\">\n<div class=\"fotorama__fullscreen-icon\" tabindex=\"0\" role=\"button\"><\/div>\n<div class=\"fotorama__stage__shaft\">\n<div class=\"fotorama__stage__frame fotorama__loaded fotorama__loaded--img fotorama__active\"><img class=\"fotorama__img\" src=\"https:\/\/ikisahil.az\/photo\/0x0_2\/upload\/gallery\/2024\/10\/28\/-4bbb5420173011725619322238510523715.jpg\" \/><\/div>\n<\/div>\n<div class=\"fotorama__video-close\"><\/div>\n<\/div>\n<\/div>\n<\/div>\n<div class=\"sharing my-2 row no-gutters d-print-none\"><\/div>\n<div class=\"d-none d-sm-block\"><\/div>\n","protected":false},"excerpt":{"rendered":"<p>D\u00f6vl\u0259timizin ba\u015f\u00e7\u0131s\u0131 \u0130lham \u018fliyevin oktyabr\u0131n 24-d\u0259 Kazan \u015f\u0259h\u0259rind\u0259 XVI BRICS Sammitinin \u201cOutreach\u201d\/\u201cBRICS+\u201d format\u0131n\u0131n ilk plenar iclas\u0131ndak\u0131 \u00e7\u0131x\u0131\u015f\u0131nda s\u0259sl\u0259ndirdiyi \u00e7a\u011f\u0131r\u0131\u015flar\u00a0 \u00f6lk\u0259 v\u0259 d\u00fcnya m\u0259tbuat\u0131nda geni\u015f m\u00fczakir\u0259 edilir. Qeyd ed\u0259k ki, haz\u0131rda 10 \u00fczv\u00fc olan BRICS 2006-c\u0131 ild\u0259 yarad\u0131l\u0131b. Builki BRICS Sammitin\u0259 36 \u00f6lk\u0259d\u0259n v\u0259 6 beyn\u0259lxalq t\u0259\u015fkilatdan n\u00fcmay\u0259nd\u0259 hey\u0259tl\u0259ri, o c\u00fcml\u0259d\u0259n 22 d\u00f6vl\u0259t ba\u015f\u00e7\u0131s\u0131 v\u0259 BMT-nin Ba\u015f katibi Antonio Quterre\u015f qat\u0131l\u0131blar. BRICS 2009-cu ild\u0259n b\u0259ri h\u0259r il r\u0259smi sammitl\u0259rd\u0259 topla\u015fan v\u0259 \u00e7oxt\u0259r\u0259fli siyas\u0259tl\u0259ri \u0259laq\u0259l\u0259ndir\u0259n vahid geosiyasi bloka, h\u0259m\u00e7inin d\u00fcnya \u0259halisinin t\u0259xmin\u0259n yar\u0131s\u0131n\u0131 v\u0259 qlobal iqtisadiyyat\u0131n d\u00f6rdd\u0259birind\u0259n \u00e7oxunu t\u0259\u015fkil ed\u0259n n\u0259h\u0259ng iqtisadi&hellip;<\/p>\n","protected":false},"author":2,"featured_media":764979,"comment_status":"closed","ping_status":"closed","sticky":false,"template":"","format":"standard","meta":{"om_disable_all_campaigns":false,"_monsterinsights_skip_tracking":false,"_monsterinsights_sitenote_active":false,"_monsterinsights_sitenote_note":"","_monsterinsights_sitenote_category":0},"categories":[19],"tags":[],"aioseo_notices":[],"gutentor_comment":0,"rttpg_featured_image_url":{"full":["https:\/\/arantv.az\/wp-content\/uploads\/2024\/10\/298f5874173011723693205715010448642.jpg",975,540,false],"landscape":["https:\/\/arantv.az\/wp-content\/uploads\/2024\/10\/298f5874173011723693205715010448642.jpg",975,540,false],"portraits":["https:\/\/arantv.az\/wp-content\/uploads\/2024\/10\/298f5874173011723693205715010448642.jpg",975,540,false],"thumbnail":["https:\/\/arantv.az\/wp-content\/uploads\/2024\/10\/298f5874173011723693205715010448642-500x280.jpg",500,280,true],"medium":["https:\/\/arantv.az\/wp-content\/uploads\/2024\/10\/298f5874173011723693205715010448642-660x365.jpg",660,365,true],"large":["https:\/\/arantv.az\/wp-content\/uploads\/2024\/10\/298f5874173011723693205715010448642-840x465.jpg",640,354,true],"1536x1536":["https:\/\/arantv.az\/wp-content\/uploads\/2024\/10\/298f5874173011723693205715010448642.jpg",975,540,false],"2048x2048":["https:\/\/arantv.az\/wp-content\/uploads\/2024\/10\/298f5874173011723693205715010448642.jpg",975,540,false],"post-thumbnail":["https:\/\/arantv.az\/wp-content\/uploads\/2024\/10\/298f5874173011723693205715010448642-240x172.jpg",240,172,true],"advps-thumb-one":["https:\/\/arantv.az\/wp-content\/uploads\/2024\/10\/298f5874173011723693205715010448642.jpg",975,540,false]},"rttpg_author":{"display_name":"V\u00fcsal Rafiqo\u011flu","author_link":"https:\/\/arantv.az\/?author=2"},"rttpg_comment":0,"rttpg_category":"<a href=\"https:\/\/arantv.az\/?cat=19\" rel=\"category\">G\u00fcnd\u0259m<\/a>","rttpg_excerpt":"D\u00f6vl\u0259timizin ba\u015f\u00e7\u0131s\u0131 \u0130lham \u018fliyevin oktyabr\u0131n 24-d\u0259 Kazan \u015f\u0259h\u0259rind\u0259 XVI BRICS Sammitinin \u201cOutreach\u201d\/\u201cBRICS+\u201d format\u0131n\u0131n ilk plenar iclas\u0131ndak\u0131 \u00e7\u0131x\u0131\u015f\u0131nda s\u0259sl\u0259ndirdiyi \u00e7a\u011f\u0131r\u0131\u015flar\u00a0 \u00f6lk\u0259 v\u0259 d\u00fcnya m\u0259tbuat\u0131nda geni\u015f m\u00fczakir\u0259 edilir. Qeyd ed\u0259k ki, haz\u0131rda 10 \u00fczv\u00fc olan BRICS 2006-c\u0131 ild\u0259 yarad\u0131l\u0131b. Builki BRICS Sammitin\u0259 36 \u00f6lk\u0259d\u0259n v\u0259 6 beyn\u0259lxalq t\u0259\u015fkilatdan n\u00fcmay\u0259nd\u0259 hey\u0259tl\u0259ri, o c\u00fcml\u0259d\u0259n 22 d\u00f6vl\u0259t ba\u015f\u00e7\u0131s\u0131 v\u0259 BMT-nin&hellip;","_links":{"self":[{"href":"https:\/\/arantv.az\/index.php?rest_route=\/wp\/v2\/posts\/764978"}],"collection":[{"href":"https:\/\/arantv.az\/index.php?rest_route=\/wp\/v2\/posts"}],"about":[{"href":"https:\/\/arantv.az\/index.php?rest_route=\/wp\/v2\/types\/post"}],"author":[{"embeddable":true,"href":"https:\/\/arantv.az\/index.php?rest_route=\/wp\/v2\/users\/2"}],"replies":[{"embeddable":true,"href":"https:\/\/arantv.az\/index.php?rest_route=%2Fwp%2Fv2%2Fcomments&post=764978"}],"version-history":[{"count":1,"href":"https:\/\/arantv.az\/index.php?rest_route=\/wp\/v2\/posts\/764978\/revisions"}],"predecessor-version":[{"id":764980,"href":"https:\/\/arantv.az\/index.php?rest_route=\/wp\/v2\/posts\/764978\/revisions\/764980"}],"wp:featuredmedia":[{"embeddable":true,"href":"https:\/\/arantv.az\/index.php?rest_route=\/wp\/v2\/media\/764979"}],"wp:attachment":[{"href":"https:\/\/arantv.az\/index.php?rest_route=%2Fwp%2Fv2%2Fmedia&parent=764978"}],"wp:term":[{"taxonomy":"category","embeddable":true,"href":"https:\/\/arantv.az\/index.php?rest_route=%2Fwp%2Fv2%2Fcategories&post=764978"},{"taxonomy":"post_tag","embeddable":true,"href":"https:\/\/arantv.az\/index.php?rest_route=%2Fwp%2Fv2%2Ftags&post=764978"}],"curies":[{"name":"wp","href":"https:\/\/api.w.org\/{rel}","templated":true}]}}