{"id":764982,"date":"2024-10-29T07:48:03","date_gmt":"2024-10-29T03:48:03","guid":{"rendered":"https:\/\/arantv.az\/?p=764982"},"modified":"2024-10-29T07:48:03","modified_gmt":"2024-10-29T03:48:03","slug":"az%c9%99rbaycan-orta-d%c9%99hlizin-inkisafina-on%c9%99mli-tohf%c9%99l%c9%99r-verm%c9%99k-gucund%c9%99dir","status":"publish","type":"post","link":"https:\/\/arantv.az\/?p=764982","title":{"rendered":"Az\u0259rbaycan Orta D\u0259hlizin inki\u015faf\u0131na \u00f6n\u0259mli t\u00f6hf\u0259l\u0259r verm\u0259k g\u00fcc\u00fcnd\u0259dir"},"content":{"rendered":"<p><em><strong>Kazan Sammiti bir daha g\u00f6st\u0259rdi ki, etibarl\u0131 m\u00fctt\u0259fiql\u0259rimizin co\u011frafiyas\u0131 geni\u015fl\u0259nir<\/strong><\/em><\/p>\n<p>Az\u0259rbaycan\u0131n davaml\u0131 olaraq h\u0259m regional, h\u0259m d\u0259 beyn\u0259lxalq platformalara d\u0259v\u0259t olunmas\u0131 bir daha g\u00f6st\u0259rir ki, \u00f6lk\u0259mizin geosiyasi n\u00fcfuzu durmadan art\u0131r. Qeyd ed\u0259k ki,\u00a0 Prezident \u0130lham \u018fliyevin Rusiyan\u0131n Kazan \u015f\u0259h\u0259rind\u0259 ke\u00e7iril\u0259n XVI BRICS Sammitin\u0259 d\u0259v\u0259t olunmas\u0131 bir daha bu h\u0259qiq\u0259ti t\u0259sdiq etdi. Haz\u0131rda 10 \u00fczv\u00fc olan bu t\u0259\u015fkilat 2006-c\u0131 ild\u0259 yarad\u0131l\u0131b. T\u0259\u015fkilat\u0131n Sammitind\u0259 36 \u00f6lk\u0259d\u0259n v\u0259 6 beyn\u0259lxalq t\u0259\u015fkilatdan n\u00fcmay\u0259nd\u0259 hey\u0259tl\u0259ri, h\u0259m\u00e7inin 22 d\u00f6vl\u0259t ba\u015f\u00e7\u0131s\u0131 v\u0259 BMT-nin Ba\u015f katibi Antonio Quterre\u015f i\u015ftirak edib. Bu qlobal t\u0259\u015fkilat qar\u015f\u0131l\u0131ql\u0131 h\u00f6rm\u0259t, b\u0259rab\u0259rlik, inkl\u00fczivlik kimi ciddi prinsipl\u0259r \u0259sas\u0131nda yarad\u0131lan bir platformad\u0131r. XVI BRICS Sammitinin yekun B\u0259yannam\u0259sind\u0259 \u00fczv d\u00f6vl\u0259tl\u0259r t\u0259\u015fkilat\u0131n ruhuna sadiq qald\u0131qlar\u0131n\u0131 v\u0259 \u0259m\u0259kda\u015fl\u0131\u011f\u0131 bundan sonra daha da inki\u015faf etdirm\u0259k \u0259zmind\u0259 olduqlar\u0131n\u0131 bildiribl\u0259r.\u00a0Sammitd\u0259 q\u0259bul olunan s\u0259n\u0259dd\u0259 BRICS \u00f6lk\u0259l\u0259ri aras\u0131nda \u0259m\u0259kda\u015fl\u0131\u011f\u0131n \u0259sas istiqam\u0259tl\u0259ri \u00f6n\u0259 \u00e7\u0131xar\u0131l\u0131r. T\u0259\u015fkilata \u00fczv d\u00f6vl\u0259tl\u0259r\u00a0siyas\u0259t v\u0259 t\u0259hl\u00fck\u0259sizlik, iqtisadiyyat v\u0259 maliyy\u0259, m\u0259d\u0259ni v\u0259 humanitar \u0259laq\u0259l\u0259r sah\u0259sind\u0259 \u0259m\u0259kda\u015fl\u0131\u011f\u0131n d\u0259rinl\u0259\u015fm\u0259sin\u0259 \u00f6z\u00fcn\u0259m\u0259xsus t\u00f6hf\u0259l\u0259r verirl\u0259r. Lakin bu, son deyil v\u0259 s\u0259n\u0259dd\u0259\u00a0 inteqrasiyan\u0131n d\u0259rinl\u0259\u015fdirilm\u0259si istiqam\u0259tind\u0259 h\u0259l\u0259 \u00e7ox i\u015fl\u0259rin g\u00f6r\u00fclm\u0259sinin z\u0259ruriliyi bildirilib.<\/p>\n<p>B\u00fct\u00fcn bunlar\u0131n fonunda Prezident \u0130lham \u018fliyevin t\u0259\u015fkilat\u0131n Kazan Sammitin\u0259 d\u0259v\u0259t olunmas\u0131 he\u00e7 d\u0259 t\u0259ad\u00fcfi deyil. M\u0259lumdur ki, Az\u0259rbaycan \u00a0BMT-d\u0259n sonra ikinci beyn\u0259lxalq t\u0259sisat olan Qo\u015fulmama H\u0259r\u0259kat\u0131na 4 il s\u0259drlik edib v\u0259 \u00a0h\u0259l\u0259 d\u0259 h\u0259min qurumda u\u011furlu \u00a0f\u0259aliyy\u0259tini\u00a0 davam etdirir. Bundan ba\u015fqa, COP29 d\u00fcnyan\u0131n diqq\u0259tini d\u0259 \u00f6lk\u0259miz\u0259 y\u00f6n\u0259ldib. Haz\u0131rda bu istiqam\u0259td\u0259 h\u0259m d\u0259 BR\u0130CS \u00f6lk\u0259l\u0259ri il\u0259 f\u0259al dialoq apar\u0131l\u0131r v\u0259 \u0259m\u0259kda\u015fl\u0131q h\u0259yata ke\u00e7irilir. Kazan sammitinin \u00abOutreach\u00bbBRICS+\u201d format\u0131n\u0131n ilk plenar iclas\u0131nda Prezident \u0130lham \u018fliyev bu bar\u0259d\u0259 deyib ki, Az\u0259rbaycan \u00a0\u00e7oxt\u0259r\u0259flilik prinsipin\u0259 \u00f6n\u0259m verir. \u00d6lk\u0259mizin ba\u015f\u00e7\u0131s\u0131 vur\u011fulay\u0131b ki, Az\u0259rbaycan \u0259lveri\u015fli co\u011frafi m\u0259kanda yerl\u0259\u015fir v\u0259 bu, Asiya il\u0259 Avropan\u0131n n\u0259qliyyat d\u0259hlizl\u0259rinin m\u0259rk\u0259zi ola bil\u0259r. X\u00fcsusil\u0259 \u00a0Az\u0259rbaycan \u015e\u0259rq-Q\u0259rb d\u0259hlizi olan Trans-X\u0259z\u0259r (Orta D\u0259hliz) n\u0259qliyyat d\u0259hlizi ail\u0259sinin f\u0259al \u00fczv\u00fc kimi son ill\u0259r \u0259rzind\u0259 bu layih\u0259d\u0259 strateji rolunu v\u0259 m\u00f6vqeyini daha da inki\u015faf etdirib. Y\u0259ni, haz\u0131rda X\u0259z\u0259r d\u0259nizind\u0259 \u0259n b\u00f6y\u00fck ticar\u0259t qov\u015fa\u011f\u0131 olan Bak\u0131 Beyn\u0259lxalq D\u0259niz Liman\u0131n\u0131n in\u015fa olunmas\u0131, Bak\u0131-Tbilisi-Qars\u0131 f\u0259aliyy\u0259t g\u00f6st\u0259rm\u0259si, \u018fl\u0259t Azad \u0130qtisadi Zonas\u0131n\u0131n yarad\u0131lmas\u0131, d\u0259mir yolu infrastrukturunun \u015fax\u0259l\u0259ndirilm\u0259si v\u0259 modernl\u0259\u015fdirilm\u0259si, avtomagistrallar, hava limanlar\u0131 kimi yeni layih\u0259l\u0259rin icras\u0131 da Orta D\u0259hlizin inki\u015faf\u0131na \u00f6n\u0259mli t\u00f6hv\u0259l\u0259r verir v\u0259 verm\u0259kd\u0259 davam ed\u0259c\u0259k.<\/p>\n<p>M\u0259lumdur ki, Bak\u0131-Tbilisi-Qars d\u0259mir yolu x\u0259tti rentabelli layih\u0259 kimi qiym\u0259tl\u0259ndirilir. Eyni zamanda, \u00c7ind\u0259n ilk konteyner qatar\u0131 X\u0259z\u0259r d\u0259nizind\u0259n ke\u00e7m\u0259kl\u0259 Az\u0259rbaycana g\u0259l\u0259nd\u0259n sonra \u00a02018-ci ild\u0259 Bak\u0131-Tbilisi-Qars d\u0259mir yoluna beyn\u0259lxalq h\u00fcquqi status verildi. \u0130qtisad\u00e7\u0131lar\u0131n hesablamalar\u0131na g\u00f6r\u0259, \u00c7inin \u00a0\u00abBir k\u0259m\u0259r, bir yol\u00bb layih\u0259si tamamil\u0259 i\u015f\u0259 ba\u015flayandan sonra X\u0259z\u0259r d\u0259nizi vasit\u0259sil\u0259 h\u0259r il 15 milyon ton y\u00fcka\u015f\u0131rma qabiliyy\u0259tin\u0259 malik olan Bak\u0131 Beyn\u0259lxalq D\u0259niz Ticar\u0259t Liman\u0131n\u0131n g\u00fcc\u00fc 25-30 milyon tona q\u0259d\u0259r artacaq. Dig\u0259r \u00f6n\u0259mli m\u0259s\u0259l\u0259 is\u0259 bu d\u0259hlizin \u0259n strateji x\u0259tl\u0259rind\u0259n biri olan Nax\u00e7\u0131van il\u0259 quru \u0259laq\u0259l\u0259rin b\u0259rpas\u0131 v\u0259 muxtar respublikan\u0131n X\u0259z\u0259r-Aral\u0131q d\u0259nizini birl\u0259\u015fdir\u0259n loqistik m\u0259kana \u00e7evrilm\u0259sidir. Bir s\u00f6zl\u0259, Nax\u00e7\u0131vanla kommunikasiya sisteminin qurulmas\u0131 \u00fc\u00e7\u00fcn tarixi \u0130p\u0259k Yolunun m\u0259saf\u0259si v\u0259 y\u00fckl\u0259rin \u00e7atd\u0131r\u0131lma s\u00fcr\u0259ti daha s\u0259m\u0259r\u0259li hesab edilir. H\u0259m\u00e7inin \u00f6lk\u0259miz\u00a0 \u015eimal-C\u0259nub n\u0259qliyyat d\u0259hlizinin k\u0259si\u015fm\u0259sind\u0259 yerl\u0259\u015fir. M\u0259hz b\u00fct\u00fcn bu amill\u0259r Az\u0259rbaycan\u0131n BRICS \u00fc\u00e7\u00fcn d\u0259y\u0259rini xeyli art\u0131r\u0131r. Ona g\u00f6r\u0259 d\u0259 q\u00fcrurla dey\u0259 bil\u0259rik ki, bu t\u0259\u015fkilatla \u00f6lk\u0259mizin t\u0259r\u0259fda\u015fl\u0131\u011f\u0131 yax\u0131n g\u0259l\u0259c\u0259kd\u0259\u00a0 daha da geni\u015fl\u0259n\u0259c\u0259k.<\/p>\n<p>\u00dcmumiyy\u0259tl\u0259, son bir ne\u00e7\u0259 ild\u0259 Az\u0259rbaycan\u0131n modern bir d\u00f6vl\u0259t olaraq xarici siyas\u0259td\u0259 f\u0259all\u0131\u011f\u0131n\u0131n artmas\u0131, o c\u00fcml\u0259d\u0259n bir \u00e7ox b\u00f6y\u00fck d\u00f6vl\u0259tl\u0259rl\u0259 srtateji t\u0259r\u0259fda\u015fl\u0131\u011f\u0131n\u0131n geni\u015fl\u0259nm\u0259si \u00f6lk\u0259mizl\u0259 m\u00fcxt\u0259lif sah\u0259l\u0259r \u00fczr\u0259 \u0259m\u0259kda\u015fl\u0131q etm\u0259k ist\u0259y\u0259n d\u00f6vl\u0259tl\u0259rin say\u0131n\u0131 art\u0131r\u0131b. \u0130lk olaraq vur\u011fulamaq laz\u0131md\u0131r ki, Az\u0259rbaycan\u0131n BRICS-\u0259 daxil olmaq \u00fc\u00e7\u00fcn r\u0259smi m\u00fcraci\u0259ti \u00f6lk\u0259miz \u00fc\u00e7\u00fcn yeni \u0259m\u0259kda\u015fl\u0131q perspektivl\u0259ri v\u0259d edir. Bel\u0259 ki, h\u0259l\u0259 Kazan sammitind\u0259n \u00f6nc\u0259, y\u0259ni bu ilin i yulun 3-d\u0259 \u015eanxay \u018fm\u0259kda\u015fl\u0131q T\u0259\u015fkilat\u0131n\u0131n Astanada ke\u00e7iril\u0259n Zirv\u0259 toplant\u0131s\u0131 \u00e7\u0259r\u00e7iv\u0259sind\u0259 \u00abAz\u0259rbaycan Respublikas\u0131 il\u0259 \u00c7in Xalq Respublikas\u0131 aras\u0131nda strateji t\u0259r\u0259fda\u015fl\u0131\u011f\u0131n qurulmas\u0131 haqq\u0131nda Birg\u0259 B\u0259yannam\u0259\u00bb q\u0259bul olunub. B\u0259yannam\u0259nin 4.5-ci b\u0259ndin\u0259 \u0259sas\u0259n, Az\u0259rbaycan t\u0259r\u0259fi BRICS-\u0259 daxil olmaq arzusunu ifad\u0259 edib v\u0259 \u00c7in t\u0259r\u0259fi BRICS \u0259m\u0259kda\u015fl\u0131\u011f\u0131nda Az\u0259rbaycan\u0131n i\u015ftirak\u0131n\u0131 d\u0259st\u0259kd\u0259yib.<\/p>\n<p>B\u0259s Az\u0259rbaycan\u0131n g\u0259l\u0259c\u0259kd\u0259 BRICS-\u0259 b\u0259rab\u0259rh\u00fcquqlu \u00fczv kimi q\u0259bulu \u00f6lk\u0259miz\u0259 hans\u0131 inki\u015faf perspektivl\u0259ri v\u0259d edir? M\u0259lumdur ki, s\u00f6z\u00fcged\u0259n beyn\u0259lxalq t\u0259\u015fkilatda \u00c7in, Rusiya , Braziliya v\u0259 B\u018f\u018f kimi iqtisadi c\u0259h\u0259td\u0259n \u00e7ox g\u00fccl\u00fc \u00f6lk\u0259l\u0259r var. Bu is\u0259 Az\u0259rbaycana yeni iqtisadi \u0259m\u0259kda\u015fl\u0131q imkanlar\u0131 qazand\u0131racaq. X\u00fcsusil\u0259 \u00f6lk\u0259miz burada yeni bazarlar, yeni investisiyalar \u0259ld\u0259 ed\u0259 bil\u0259c\u0259k. Daha \u00f6n\u0259mlisi is\u0259 odur ki, \u00a0Az\u0259rbaycan il\u0259 \u00c7in aras\u0131nda ticar\u0259t sah\u0259sind\u0259 kifay\u0259t q\u0259d\u0259r b\u00f6y\u00fck potensial m\u00f6vcuddur ki, qal\u0131r sad\u0259c\u0259 yax\u0131n perspektivd\u0259 bundan s\u0259m\u0259r\u0259li istifad\u0259 etm\u0259k&#8230; Y\u0259ni, d\u00f6vl\u0259timiz n\u0259inki Asiyan\u0131n h\u0259tta d\u00fcnyan\u0131n h\u0259m \u0259razi v\u0259 \u0259hali, h\u0259m d\u0259 iqtisadi c\u0259h\u0259td\u0259n \u0259n b\u00f6y\u00fck \u00f6lk\u0259si olan \u00c7ini yaln\u0131z dost \u00f6lk\u0259 deyil, h\u0259m d\u0259 s\u00fcr\u0259tli texnoloji inki\u015faf\u0131n \u00a0m\u0259nb\u0259yi kimi d\u0259y\u0259rl\u0259ndirir. H\u0259m\u00e7inin \u00f6lk\u0259miz \u00c7in\u0259 \u00f6z\u00fcn\u00fcn milli prioritetl\u0259rind\u0259n biri olan r\u0259q\u0259msal v\u0259 \u00abya\u015f\u0131l ke\u00e7id\u00bbd\u0259 d\u0259 t\u0259r\u0259fda\u015f hesab edir. Bundan \u0259lav\u0259, h\u0259r iki \u00f6lk\u0259 birg\u0259 b\u0259rpaolunan enerji m\u0259nb\u0259l\u0259ri v\u0259 elektrik avtomobill\u0259ri \u00fc\u00e7\u00fcn avadanl\u0131q istehsal ed\u0259 bil\u0259r. Bu amill\u0259ri n\u0259z\u0259r\u0259 alan Prezident \u0130lham \u018fliyev \u00c7inl\u0259 \u0259m\u0259kda\u015fl\u0131\u011f\u0131 Az\u0259rbaycan\u0131n prioritet istiqam\u0259tl\u0259rind\u0259n biri kimi m\u00fc\u0259yy\u0259nl\u0259\u015fdirib.<\/p>\n<p>\u2026Bir s\u00f6zl\u0259, yax\u0131n g\u0259l\u0259c\u0259kd\u0259 BR\u0130CS-\u0259 \u00fczv d\u00f6vl\u0259tl\u0259rl\u0259 m\u00fctt\u0259fiqlik Az\u0259rbaycana h\u0259m iqtisadi, h\u0259m d\u0259 geosiyasi y\u00fcks\u0259li\u015f imkanlar\u0131 ver\u0259c\u0259kdir ki, bu da C\u0259nubi Qafqazdak\u0131 \u00fcst\u00fcnl\u00fcy\u00fcm\u00fcz\u00fc n\u0259inki qoruyacaq, h\u0259tta daha ir\u0259li aparacaqd\u0131r. T\u0259bii ki, BRICS platformas\u0131nda Az\u0259rbaycan\u0131n oynaya bil\u0259c\u0259yi rol yaln\u0131z iqtisadiyyatla m\u0259hdudla\u015fm\u0131r. C\u0259nubi Qafqazdak\u0131 sabitlik v\u0259 t\u0259hl\u00fck\u0259sizlik m\u0259s\u0259l\u0259l\u0259ri BRICS \u00f6lk\u0259l\u0259ri \u00fc\u00e7\u00fcn getdikc\u0259 daha b\u00f6y\u00fck aktuall\u0131q k\u0259sb edir. Bu is\u0259 o dem\u0259kdir ki, \u00a0Az\u0259rbaycan\u0131n i\u015f\u011faldan azad olunmu\u015f Qaraba\u011f v\u0259 v\u0259 \u015e\u0259rqi Z\u0259ng\u0259zur iqtisadi rayonlar\u0131nda h\u0259min \u00f6lk\u0259l\u0259rin s\u0259rmay\u0259l\u0259rini c\u0259lb etm\u0259k \u00fc\u00e7\u00fcn yeni alternativl\u0259r yaranacaq.<\/p>\n<p><strong>El\u00e7in Zaman, \u00ab\u0130ki sahil\u00bb<\/strong><\/p>\n","protected":false},"excerpt":{"rendered":"<p>Kazan Sammiti bir daha g\u00f6st\u0259rdi ki, etibarl\u0131 m\u00fctt\u0259fiql\u0259rimizin co\u011frafiyas\u0131 geni\u015fl\u0259nir Az\u0259rbaycan\u0131n davaml\u0131 olaraq h\u0259m regional, h\u0259m d\u0259 beyn\u0259lxalq platformalara d\u0259v\u0259t olunmas\u0131 bir daha g\u00f6st\u0259rir ki, \u00f6lk\u0259mizin geosiyasi n\u00fcfuzu durmadan art\u0131r. Qeyd ed\u0259k ki,\u00a0 Prezident \u0130lham \u018fliyevin Rusiyan\u0131n Kazan \u015f\u0259h\u0259rind\u0259 ke\u00e7iril\u0259n XVI BRICS Sammitin\u0259 d\u0259v\u0259t olunmas\u0131 bir daha bu h\u0259qiq\u0259ti t\u0259sdiq etdi. Haz\u0131rda 10 \u00fczv\u00fc olan bu t\u0259\u015fkilat 2006-c\u0131 ild\u0259 yarad\u0131l\u0131b. T\u0259\u015fkilat\u0131n Sammitind\u0259 36 \u00f6lk\u0259d\u0259n v\u0259 6 beyn\u0259lxalq t\u0259\u015fkilatdan n\u00fcmay\u0259nd\u0259 hey\u0259tl\u0259ri, h\u0259m\u00e7inin 22 d\u00f6vl\u0259t ba\u015f\u00e7\u0131s\u0131 v\u0259 BMT-nin Ba\u015f katibi Antonio Quterre\u015f i\u015ftirak edib. Bu qlobal t\u0259\u015fkilat qar\u015f\u0131l\u0131ql\u0131 h\u00f6rm\u0259t, b\u0259rab\u0259rlik, inkl\u00fczivlik kimi&hellip;<\/p>\n","protected":false},"author":2,"featured_media":764983,"comment_status":"closed","ping_status":"closed","sticky":false,"template":"","format":"standard","meta":{"om_disable_all_campaigns":false,"_monsterinsights_skip_tracking":false,"_monsterinsights_sitenote_active":false,"_monsterinsights_sitenote_note":"","_monsterinsights_sitenote_category":0},"categories":[19],"tags":[],"aioseo_notices":[],"gutentor_comment":0,"rttpg_featured_image_url":{"full":["https:\/\/arantv.az\/wp-content\/uploads\/2024\/10\/c5cc17e3167472201698047166710123079.jpg",975,540,false],"landscape":["https:\/\/arantv.az\/wp-content\/uploads\/2024\/10\/c5cc17e3167472201698047166710123079.jpg",975,540,false],"portraits":["https:\/\/arantv.az\/wp-content\/uploads\/2024\/10\/c5cc17e3167472201698047166710123079.jpg",975,540,false],"thumbnail":["https:\/\/arantv.az\/wp-content\/uploads\/2024\/10\/c5cc17e3167472201698047166710123079-500x280.jpg",500,280,true],"medium":["https:\/\/arantv.az\/wp-content\/uploads\/2024\/10\/c5cc17e3167472201698047166710123079-660x365.jpg",660,365,true],"large":["https:\/\/arantv.az\/wp-content\/uploads\/2024\/10\/c5cc17e3167472201698047166710123079-840x465.jpg",640,354,true],"1536x1536":["https:\/\/arantv.az\/wp-content\/uploads\/2024\/10\/c5cc17e3167472201698047166710123079.jpg",975,540,false],"2048x2048":["https:\/\/arantv.az\/wp-content\/uploads\/2024\/10\/c5cc17e3167472201698047166710123079.jpg",975,540,false],"post-thumbnail":["https:\/\/arantv.az\/wp-content\/uploads\/2024\/10\/c5cc17e3167472201698047166710123079-240x172.jpg",240,172,true],"advps-thumb-one":["https:\/\/arantv.az\/wp-content\/uploads\/2024\/10\/c5cc17e3167472201698047166710123079.jpg",975,540,false]},"rttpg_author":{"display_name":"V\u00fcsal Rafiqo\u011flu","author_link":"https:\/\/arantv.az\/?author=2"},"rttpg_comment":0,"rttpg_category":"<a href=\"https:\/\/arantv.az\/?cat=19\" rel=\"category\">G\u00fcnd\u0259m<\/a>","rttpg_excerpt":"Kazan Sammiti bir daha g\u00f6st\u0259rdi ki, etibarl\u0131 m\u00fctt\u0259fiql\u0259rimizin co\u011frafiyas\u0131 geni\u015fl\u0259nir Az\u0259rbaycan\u0131n davaml\u0131 olaraq h\u0259m regional, h\u0259m d\u0259 beyn\u0259lxalq platformalara d\u0259v\u0259t olunmas\u0131 bir daha g\u00f6st\u0259rir ki, \u00f6lk\u0259mizin geosiyasi n\u00fcfuzu durmadan art\u0131r. Qeyd ed\u0259k ki,\u00a0 Prezident \u0130lham \u018fliyevin Rusiyan\u0131n Kazan \u015f\u0259h\u0259rind\u0259 ke\u00e7iril\u0259n XVI BRICS Sammitin\u0259 d\u0259v\u0259t olunmas\u0131 bir daha bu h\u0259qiq\u0259ti t\u0259sdiq etdi. Haz\u0131rda 10 \u00fczv\u00fc olan&hellip;","_links":{"self":[{"href":"https:\/\/arantv.az\/index.php?rest_route=\/wp\/v2\/posts\/764982"}],"collection":[{"href":"https:\/\/arantv.az\/index.php?rest_route=\/wp\/v2\/posts"}],"about":[{"href":"https:\/\/arantv.az\/index.php?rest_route=\/wp\/v2\/types\/post"}],"author":[{"embeddable":true,"href":"https:\/\/arantv.az\/index.php?rest_route=\/wp\/v2\/users\/2"}],"replies":[{"embeddable":true,"href":"https:\/\/arantv.az\/index.php?rest_route=%2Fwp%2Fv2%2Fcomments&post=764982"}],"version-history":[{"count":1,"href":"https:\/\/arantv.az\/index.php?rest_route=\/wp\/v2\/posts\/764982\/revisions"}],"predecessor-version":[{"id":764984,"href":"https:\/\/arantv.az\/index.php?rest_route=\/wp\/v2\/posts\/764982\/revisions\/764984"}],"wp:featuredmedia":[{"embeddable":true,"href":"https:\/\/arantv.az\/index.php?rest_route=\/wp\/v2\/media\/764983"}],"wp:attachment":[{"href":"https:\/\/arantv.az\/index.php?rest_route=%2Fwp%2Fv2%2Fmedia&parent=764982"}],"wp:term":[{"taxonomy":"category","embeddable":true,"href":"https:\/\/arantv.az\/index.php?rest_route=%2Fwp%2Fv2%2Fcategories&post=764982"},{"taxonomy":"post_tag","embeddable":true,"href":"https:\/\/arantv.az\/index.php?rest_route=%2Fwp%2Fv2%2Ftags&post=764982"}],"curies":[{"name":"wp","href":"https:\/\/api.w.org\/{rel}","templated":true}]}}