{"id":764988,"date":"2024-10-29T07:49:52","date_gmt":"2024-10-29T03:49:52","guid":{"rendered":"https:\/\/arantv.az\/?p=764988"},"modified":"2024-10-29T07:49:52","modified_gmt":"2024-10-29T03:49:52","slug":"ozu-meymun-ola-ola","status":"publish","type":"post","link":"https:\/\/arantv.az\/?p=764988","title":{"rendered":"\u00d6z\u00fc meymun ola-ola&#8230;"},"content":{"rendered":"<p><em><strong>Bu d\u00f6vl\u0259t x\u0131rda xalqlar\u0131n azadl\u0131qlar\u0131n\u0131 \u0259ll\u0259rind\u0259n alaraq s\u0259rv\u0259tini amans\u0131zcas\u0131na talay\u0131r<\/strong><\/em><\/p>\n<p>Fransa d\u00fcnyan\u0131n o \u00f6lk\u0259l\u0259rind\u0259ndir ki, d\u00f6rd y\u00fcz il \u0259vv\u0259l burada a\u011flag\u0259lm\u0259z \u00f6l\u00fcm v\u0259 d\u0259h\u015f\u0259tli i\u015fg\u0259nc\u0259 al\u0259tl\u0259ri t\u0259tbiq olunurdu. Frans\u0131z c\u0259lladlar el\u0259 c\u0259za n\u00f6vl\u0259rind\u0259n istifad\u0259 edirdil\u0259r ki, \u015feytan\u0131n bel\u0259 a\u011fl\u0131na g\u0259lm\u0259zdi. D\u00fcnya d\u0259yi\u015fdikc\u0259 zamana uy\u011fun olaraq\u00a0 canavar sif\u0259tl\u0259rini m\u0259l\u0259k maskas\u0131 il\u0259 gizl\u0259tdil\u0259r. Ancaq xisl\u0259tl\u0259rini d\u0259yi\u015f\u0259 bilm\u0259dil\u0259r.<\/p>\n<p>Beyn\u0259lxalq t\u0259dbirl\u0259rd\u0259, g\u00f6r\u00fc\u015fl\u0259rd\u0259, xarici s\u0259f\u0259rl\u0259rind\u0259 demokratiyadan, insan h\u00fcquqlar\u0131ndan, \u0259dal\u0259td\u0259n d\u0259m vuran Fransa r\u0259smil\u0259ri bel\u0259 insani d\u0259y\u0259rl\u0259rin \u0259leyhin\u0259 \u00e7\u0131xmalar\u0131ndan dan\u0131\u015fsalar daha d\u00fczg\u00fcn olard\u0131. \u018fn az\u0131, bir sif\u0259tli olard\u0131lar.<\/p>\n<p>Otuz iki il davam ed\u0259n Erm\u0259nistan-Az\u0259rbaycan m\u00fcnaqi\u015f\u0259si d\u00f6vr\u00fcnd\u0259 Fransa AT\u018fT-in Minsk qrupu h\u0259ms\u0259drl\u0259rind\u0259n biri kimi demokratik v\u0259 b\u0259\u015f\u0259ri\u00a0 d\u0259y\u0259rl\u0259ri bir daha \u0259zib ke\u00e7di v\u0259 i\u015f\u011fal\u00e7\u0131ya d\u0259st\u0259k verdi. 250 min n\u0259f\u0259r soyda\u015f\u0131m\u0131z\u0131n Erm\u0259nistandan zorla deportasiya olunmas\u0131, Az\u0259rbaycanda 700 mind\u0259n art\u0131q insan\u0131n \u00f6z yurdundan did\u0259rgin sal\u0131nmas\u0131, iki m\u00fcharib\u0259d\u0259 40 mind\u0259n \u00e7ox h\u0259rbi v\u0259 m\u00fclki soyda\u015f\u0131m\u0131z\u0131n \u00f6ld\u00fcr\u00fclm\u0259si Fransada he\u00e7 bir narahatl\u0131q yaratmad\u0131. Fransa Erm\u0259nistan\u0131n Az\u0259rbaycan \u0259razil\u0259rind\u0259 t\u0259\u015fkil etdiyi q\u0259tliamlara n\u0259inki reaksiya verm\u0259di, pisl\u0259m\u0259di, \u0259ksin\u0259 h\u0259tta 1915-ci ild\u0259 olmu\u015f hadis\u0259l\u0259ri &#8220;erm\u0259ni soyq\u0131r\u0131m\u0131&#8221; ad\u0131 il\u0259 tan\u0131d\u0131. Halbuki haylar Birinci D\u00fcnya m\u00fcharib\u0259sinin gedi\u015find\u0259 torpa\u011f\u0131nda ya\u015fad\u0131qlar\u0131 T\u00fcrkiy\u0259y\u0259 h\u0259m \u00f6lk\u0259nin i\u00e7\u0259risind\u0259n, h\u0259m d\u0259 xaricind\u0259n\u00a0 z\u0259rb\u0259 vurdular. H\u00f6kum\u0259tin q\u0259rar\u0131 il\u0259 s\u0259rh\u0259dd\u0259ki x\u0259yan\u0259tkar hay ail\u0259l\u0259ri \u00f6lk\u0259nin i\u00e7\u0259ril\u0259rin\u0259 k\u00f6\u00e7\u00fcr\u00fcld\u00fc v\u0259 bu prosesd\u0259 bir ne\u00e7\u0259 erm\u0259ni \u00f6ld\u00fc. Hay-k\u00fcy\u00e7\u00fc da\u015fnaklar \u00f6l\u0259nl\u0259rin say\u0131n\u0131 s\u00fcni sur\u0259td\u0259 \u015fi\u015fird\u0259r\u0259k fantastik r\u0259q\u0259m\u0259\u00a0 \u00e7atd\u0131rd\u0131lar. Da\u015fnaklar\u0131 susduran T\u00fcrkiy\u0259 C\u00fcmhuriyy\u0259tinin Prezidenti R\u0259c\u0259b Tayyib \u018frdo\u011fan Erm\u0259nistana v\u0259 onun havadarlar\u0131na bildirdi ki, arxivl\u0259r a\u00e7\u0131ls\u0131n, \u00f6l\u0259n haylar haqq\u0131nda d\u0259qiq m\u0259lumat al\u0131ns\u0131n. Bu t\u0259klifd\u0259n sonra iddia\u00e7\u0131lar v\u0259 b\u00f6htan\u00e7\u0131lar susdular.<\/p>\n<p>\u0130kinci Qaraba\u011f m\u00fcharib\u0259si zaman\u0131 prezident Emmanuel Makron v\u0259 nazirl\u0259ri Fransan\u0131n daim &#8220;ki\u00e7ik bac\u0131s\u0131\u201d Erm\u0259nistan\u0131n yan\u0131nda olaca\u011f\u0131n\u0131 bildirdil\u0259r. Paris \u015f\u0259h\u0259rinin qad\u0131n meri Ann \u0130dalqo \u00f6z\u00fc il\u0259 \u0130r\u0259vana yard\u0131m karvan\u0131 g\u0259tirdi v\u0259 \u201cbac\u0131s\u0131n\u0131n\u201d d\u0259rdl\u0259rin\u0259 a\u011flad\u0131. Biz bunlar\u0131 ona g\u00f6r\u0259 xat\u0131rlad\u0131r\u0131q ki, otuz iki il \u0259rzind\u0259 Fransadan olmaz\u0131n pislikl\u0259ri g\u00f6rd\u00fck.\u00a0 Ancaq \u00f6z\u00fc t\u0259cav\u00fczkar olan bu d\u00f6vl\u0259t Afrikada ya\u015fayan ada d\u00f6vl\u0259tl\u0259rini y\u00fcz ill\u0259rdir ki, \u0259sar\u0259td\u0259 saxlay\u0131r, xalqlar\u0131n \u0259n adi insani h\u00fcquqlar\u0131n\u0131 tapdalay\u0131r.<\/p>\n<p>Bak\u0131 T\u0259\u015f\u0259bb\u00fcs Qrupunun (BTQ) haz\u0131rlad\u0131\u011f\u0131 s\u0259n\u0259dd\u0259 d\u0259niza\u015f\u0131r\u0131 \u0259razil\u0259rd\u0259 insan h\u00fcquqlar\u0131n\u0131n, s\u00f6z v\u0259 ifad\u0259 azadl\u0131\u011f\u0131n\u0131n, se\u00e7ki h\u00fcququnun pozulmas\u0131, onlar\u0131n \u00f6z irad\u0259sini ifad\u0259 etm\u0259sin\u0259 mane\u0259l\u0259rin m\u00f6vcudlu\u011fu \u0259ks olunub.<\/p>\n<p>BTQ-nin icra\u00e7\u0131 direktoru Abbas Abbasov hesabat\u0131n t\u0259qdimat\u0131 il\u0259 \u0259laq\u0259dar ke\u00e7iril\u0259n m\u0259tbuat konfrans\u0131nda bildirib ki, Fransan\u0131n m\u0259d\u0259ni assimilasiya siyas\u0259ti yerli m\u0259d\u0259niyy\u0259tl\u0259r\u0259 m\u0259nfi t\u0259sir edir. Bunun fonunda t\u0259hsil sistemind\u0259 frans\u0131z dili \u00fcst\u00fcn tutuldu\u011fundan yerli dill\u0259rin qorunmas\u0131 il\u0259 ba\u011fl\u0131 t\u0259hl\u00fck\u0259l\u0259r m\u00f6vcuddur.<\/p>\n<p>Konfransda qeyd olunub ki, Fransan\u0131n d\u0259niza\u015f\u0131r\u0131 \u0259razil\u0259rd\u0259 h\u0259yata ke\u00e7irdiyi n\u00fcv\u0259 s\u0131naqlar\u0131 v\u0259 pestisid istifad\u0259si h\u0259min b\u00f6lg\u0259l\u0259rin ekoloji \u00e7irkl\u0259nm\u0259sin\u0259, m\u0259d\u0259nl\u0259rd\u0259n at\u0131lan z\u0259h\u0259rli madd\u0259l\u0259rin neytralla\u015fd\u0131r\u0131lmamas\u0131 yerli \u0259halinin sa\u011flaml\u0131\u011f\u0131na ziyan d\u0259ym\u0259sin\u0259 s\u0259b\u0259b olur.<\/p>\n<p>Fransa m\u00fcst\u0259ml\u0259k\u0259l\u0259ri olan Qvadelup, Martinika v\u0259 Mayot b\u00f6lg\u0259l\u0259rinin t\u0259msil\u00e7il\u0259ri \u00e7\u0131x\u0131\u015f ed\u0259r\u0259k \u00f6z d\u00f6vl\u0259tl\u0259rind\u0259 m\u00f6vcud olan probleml\u0259r\u0259 toxunublar. Bildiribl\u0259r ki, Fransan\u0131n m\u00fcst\u0259ml\u0259k\u0259 siyas\u0259ti, iqtisadiyyat, m\u0259d\u0259niyy\u0259t, ekologiyaya n\u0259zar\u0259t v\u0259 m\u00fcdaxil\u0259 add\u0131mlar\u0131 sosial-ekoloji probleml\u0259rin d\u0259rinl\u0259\u015fm\u0259sin\u0259, me\u015f\u0259l\u0259rin q\u0131r\u0131lmas\u0131na, su q\u0131tl\u0131\u011f\u0131 kimi f\u0259sadlara, t\u0259hsil, s\u0259hiyy\u0259, m\u0259d\u0259niyy\u0259t, infrastruktur kimi sah\u0259l\u0259rd\u0259 ciddi probleml\u0259r\u0259 s\u0259b\u0259b olur. Fransa \u00f6z m\u00fcst\u0259ml\u0259k\u0259l\u0259rind\u0259 xalqlar\u0131n \u00f6z dill\u0259rind\u0259 yaz\u0131b-oxumas\u0131n\u0131 qada\u011fan ed\u0259r\u0259k mill\u0259tl\u0259ri assimilyasiyaya u\u011fratmaq siyas\u0259ti yeridir. Ancaq h\u0259min xalqlar oyan\u0131b z\u00fclmkarlara qar\u015f\u0131 m\u00fcbariz\u0259y\u0259 qalx\u0131blar.<\/p>\n<p>Bir ne\u00e7\u0259 g\u00fcn \u0259vv\u0259l Qvadelupun Azadl\u0131\u011f\u0131 Namin\u0259 Xalq Birliyi Bak\u0131dan Fransan\u0131 q\u0131nayan b\u0259yanat yay\u0131b.\u00a0 B\u0259yanatda deyilir ki, Qvadelupun Azadl\u0131\u011f\u0131 Namin\u0259 Xalq Birliyi (UPLG), 23 oktyabr 2024-c\u00fc ild\u0259 BMT-nin Cenevr\u0259 q\u0259rargah\u0131nda ke\u00e7iril\u0259n missiyadan qay\u0131dark\u0259n, Ba\u015f katibi Jan-Jakob BICEP-in Parisin \u015earl de Qol hava liman\u0131nda h\u0259bs edilm\u0259si v\u0259 s\u0259rh\u0259dd\u0259 saxlan\u0131lmas\u0131 il\u0259 ba\u011fl\u0131 naraz\u0131l\u0131\u011f\u0131n\u0131 ifad\u0259 edir.<\/p>\n<p>S\u00f6z\u00fcged\u0259n t\u0259dbird\u0259 Fransa n\u0259zar\u0259tind\u0259 olan \u0259razil\u0259rd\u0259 insan h\u00fcquqlar\u0131n\u0131n pozulma hallar\u0131 m\u00fczakir\u0259 edilmi\u015fdir.<\/p>\n<p>Bundan \u0259vv\u0259l, Ba\u015f katib AB\u015e-d\u0259 BMT q\u0259rargah\u0131na s\u0259f\u0259r etm\u0259yi planla\u015fd\u0131rark\u0259n, Martinikd\u0259n ke\u00e7dikd\u0259n sonra AB\u015e \u0259razisin\u0259 giri\u015fin\u0259 qada\u011fa qoyuldu\u011funa g\u00f6r\u0259 s\u0259yah\u0259tini davam etdir\u0259 bilm\u0259mi\u015fdi.<\/p>\n<p>UPLG insan h\u00fcquqlar\u0131na zidd olan bu t\u0259cr\u00fcb\u0259l\u0259ri pisl\u0259yir v\u0259 beyn\u0259lxalq ictimaiyy\u0259ti \u00f6lk\u0259sind\u0259 ba\u015f ver\u0259nl\u0259rd\u0259n x\u0259b\u0259rdar etm\u0259y\u0259 davam ed\u0259c\u0259yini b\u0259yan edir. H\u0259m\u00e7inin t\u0259\u015fkilat \u00f6z\u00fcn\u00fcn \u00f6z m\u00fcq\u0259dd\u0259rat\u0131n\u0131 t\u0259yinetm\u0259 v\u0259 milli m\u00fcst\u0259qillik h\u00fcququnun tan\u0131nmas\u0131n\u0131 t\u0259l\u0259b edir.<\/p>\n<p>K\u00f6l\u0259lik \u0259sar\u0259tin\u0259 qar\u015f\u0131 m\u00fcbariz\u0259 aparm\u0131\u015f Delqres, Palerm, Massoto, Kuduks, Mart-Ros, Solit\u00fcd v\u0259 dig\u0259r q\u0259hr\u0259manlar\u0131m\u0131z kimi, biz d\u0259 tam azadl\u0131\u011fa nail olana q\u0259d\u0259r m\u00fcbariz\u0259mizi davam etdir\u0259c\u0259yik.<\/p>\n<p>UPLG Qvadelup xalq\u0131n\u0131 v\u0259 b\u00fct\u00fcn v\u0259t\u0259np\u0259rv\u0259r v\u0259 m\u00fcst\u0259ml\u0259k\u0259\u00e7iliy\u0259 qar\u015f\u0131 m\u00fcbariz\u0259 aparan q\u00fcvv\u0259l\u0259ri, tam suverenlik v\u0259 m\u00fcst\u0259qillik h\u00fcquqlar\u0131n\u0131 m\u00fcdafi\u0259 ed\u0259nl\u0259rin s\u0259sini bo\u011fma\u011fa y\u00f6n\u0259l\u0259n bu c\u00fcr h\u0259r\u0259k\u0259tl\u0259ri q\u0131nama\u011fa \u00e7a\u011f\u0131r\u0131r.<\/p>\n<p>Onu da xat\u0131rladaq ki, uzun ill\u0259r haqs\u0131zl\u0131\u011fa m\u0259ruz qalm\u0131\u015f Az\u0259rbaycan \u00f6z azadl\u0131\u011f\u0131n\u0131 t\u0259l\u0259b ed\u0259n ada d\u00f6vl\u0259tl\u0259rin\u0259 t\u0259m\u0259nnas\u0131z yard\u0131mlar edib v\u0259 onlar\u0131n yan\u0131nda oldu\u011funu bildirib.<\/p>\n<p>Fransa haqq\u0131nda dan\u0131lmaz faktlar\u0131n ortal\u0131qda olmas\u0131 onu g\u00f6st\u0259rir ki, ba\u015fqalar\u0131na demokratiya d\u0259rsi ke\u00e7m\u0259y\u0259 c\u0259hd ed\u0259n bu t\u0259cav\u00fczkar d\u00f6vl\u0259t \u00f6z g\u00f6z\u00fcnd\u0259ki tirl\u0259ri g\u00f6rs\u0259 v\u0259 n\u0259tic\u0259 \u00e7ixarsa daha d\u00fczg\u00fcn olard\u0131.<\/p>\n<p>&#8220;\u00d6z\u00fc meymun ola-ola&#8221;&#8230;Yadda\u015f\u0131n\u0131zda olarsa tama\u015falardan birind\u0259 z\u00fcmz\u00fcm\u0259 edil\u0259n bel\u0259 bir musiqi par\u00e7as\u0131 vard\u0131&#8230;<\/p>\n<p><strong>V\u0259li \u0130lyasov, &#8220;\u0130ki sahil&#8221;<\/strong><\/p>\n","protected":false},"excerpt":{"rendered":"<p>Bu d\u00f6vl\u0259t x\u0131rda xalqlar\u0131n azadl\u0131qlar\u0131n\u0131 \u0259ll\u0259rind\u0259n alaraq s\u0259rv\u0259tini amans\u0131zcas\u0131na talay\u0131r Fransa d\u00fcnyan\u0131n o \u00f6lk\u0259l\u0259rind\u0259ndir ki, d\u00f6rd y\u00fcz il \u0259vv\u0259l burada a\u011flag\u0259lm\u0259z \u00f6l\u00fcm v\u0259 d\u0259h\u015f\u0259tli i\u015fg\u0259nc\u0259 al\u0259tl\u0259ri t\u0259tbiq olunurdu. Frans\u0131z c\u0259lladlar el\u0259 c\u0259za n\u00f6vl\u0259rind\u0259n istifad\u0259 edirdil\u0259r ki, \u015feytan\u0131n bel\u0259 a\u011fl\u0131na g\u0259lm\u0259zdi. D\u00fcnya d\u0259yi\u015fdikc\u0259 zamana uy\u011fun olaraq\u00a0 canavar sif\u0259tl\u0259rini m\u0259l\u0259k maskas\u0131 il\u0259 gizl\u0259tdil\u0259r. Ancaq xisl\u0259tl\u0259rini d\u0259yi\u015f\u0259 bilm\u0259dil\u0259r. Beyn\u0259lxalq t\u0259dbirl\u0259rd\u0259, g\u00f6r\u00fc\u015fl\u0259rd\u0259, xarici s\u0259f\u0259rl\u0259rind\u0259 demokratiyadan, insan h\u00fcquqlar\u0131ndan, \u0259dal\u0259td\u0259n d\u0259m vuran Fransa r\u0259smil\u0259ri bel\u0259 insani d\u0259y\u0259rl\u0259rin \u0259leyhin\u0259 \u00e7\u0131xmalar\u0131ndan dan\u0131\u015fsalar daha d\u00fczg\u00fcn olard\u0131. \u018fn az\u0131, bir sif\u0259tli olard\u0131lar. Otuz iki il davam ed\u0259n Erm\u0259nistan-Az\u0259rbaycan m\u00fcnaqi\u015f\u0259si d\u00f6vr\u00fcnd\u0259&hellip;<\/p>\n","protected":false},"author":2,"featured_media":764989,"comment_status":"closed","ping_status":"closed","sticky":false,"template":"","format":"standard","meta":{"om_disable_all_campaigns":false,"_monsterinsights_skip_tracking":false,"_monsterinsights_sitenote_active":false,"_monsterinsights_sitenote_note":"","_monsterinsights_sitenote_category":0},"categories":[19],"tags":[],"aioseo_notices":[],"gutentor_comment":0,"rttpg_featured_image_url":{"full":["https:\/\/arantv.az\/wp-content\/uploads\/2024\/10\/e2ad76f2160527112322258747710221306.jpg",975,540,false],"landscape":["https:\/\/arantv.az\/wp-content\/uploads\/2024\/10\/e2ad76f2160527112322258747710221306.jpg",975,540,false],"portraits":["https:\/\/arantv.az\/wp-content\/uploads\/2024\/10\/e2ad76f2160527112322258747710221306.jpg",975,540,false],"thumbnail":["https:\/\/arantv.az\/wp-content\/uploads\/2024\/10\/e2ad76f2160527112322258747710221306-500x280.jpg",500,280,true],"medium":["https:\/\/arantv.az\/wp-content\/uploads\/2024\/10\/e2ad76f2160527112322258747710221306-660x365.jpg",660,365,true],"large":["https:\/\/arantv.az\/wp-content\/uploads\/2024\/10\/e2ad76f2160527112322258747710221306-840x465.jpg",640,354,true],"1536x1536":["https:\/\/arantv.az\/wp-content\/uploads\/2024\/10\/e2ad76f2160527112322258747710221306.jpg",975,540,false],"2048x2048":["https:\/\/arantv.az\/wp-content\/uploads\/2024\/10\/e2ad76f2160527112322258747710221306.jpg",975,540,false],"post-thumbnail":["https:\/\/arantv.az\/wp-content\/uploads\/2024\/10\/e2ad76f2160527112322258747710221306-240x172.jpg",240,172,true],"advps-thumb-one":["https:\/\/arantv.az\/wp-content\/uploads\/2024\/10\/e2ad76f2160527112322258747710221306.jpg",975,540,false]},"rttpg_author":{"display_name":"V\u00fcsal Rafiqo\u011flu","author_link":"https:\/\/arantv.az\/?author=2"},"rttpg_comment":0,"rttpg_category":"<a href=\"https:\/\/arantv.az\/?cat=19\" rel=\"category\">G\u00fcnd\u0259m<\/a>","rttpg_excerpt":"Bu d\u00f6vl\u0259t x\u0131rda xalqlar\u0131n azadl\u0131qlar\u0131n\u0131 \u0259ll\u0259rind\u0259n alaraq s\u0259rv\u0259tini amans\u0131zcas\u0131na talay\u0131r Fransa d\u00fcnyan\u0131n o \u00f6lk\u0259l\u0259rind\u0259ndir ki, d\u00f6rd y\u00fcz il \u0259vv\u0259l burada a\u011flag\u0259lm\u0259z \u00f6l\u00fcm v\u0259 d\u0259h\u015f\u0259tli i\u015fg\u0259nc\u0259 al\u0259tl\u0259ri t\u0259tbiq olunurdu. Frans\u0131z c\u0259lladlar el\u0259 c\u0259za n\u00f6vl\u0259rind\u0259n istifad\u0259 edirdil\u0259r ki, \u015feytan\u0131n bel\u0259 a\u011fl\u0131na g\u0259lm\u0259zdi. D\u00fcnya d\u0259yi\u015fdikc\u0259 zamana uy\u011fun olaraq\u00a0 canavar sif\u0259tl\u0259rini m\u0259l\u0259k maskas\u0131 il\u0259 gizl\u0259tdil\u0259r. Ancaq xisl\u0259tl\u0259rini d\u0259yi\u015f\u0259 bilm\u0259dil\u0259r.&hellip;","_links":{"self":[{"href":"https:\/\/arantv.az\/index.php?rest_route=\/wp\/v2\/posts\/764988"}],"collection":[{"href":"https:\/\/arantv.az\/index.php?rest_route=\/wp\/v2\/posts"}],"about":[{"href":"https:\/\/arantv.az\/index.php?rest_route=\/wp\/v2\/types\/post"}],"author":[{"embeddable":true,"href":"https:\/\/arantv.az\/index.php?rest_route=\/wp\/v2\/users\/2"}],"replies":[{"embeddable":true,"href":"https:\/\/arantv.az\/index.php?rest_route=%2Fwp%2Fv2%2Fcomments&post=764988"}],"version-history":[{"count":2,"href":"https:\/\/arantv.az\/index.php?rest_route=\/wp\/v2\/posts\/764988\/revisions"}],"predecessor-version":[{"id":764991,"href":"https:\/\/arantv.az\/index.php?rest_route=\/wp\/v2\/posts\/764988\/revisions\/764991"}],"wp:featuredmedia":[{"embeddable":true,"href":"https:\/\/arantv.az\/index.php?rest_route=\/wp\/v2\/media\/764989"}],"wp:attachment":[{"href":"https:\/\/arantv.az\/index.php?rest_route=%2Fwp%2Fv2%2Fmedia&parent=764988"}],"wp:term":[{"taxonomy":"category","embeddable":true,"href":"https:\/\/arantv.az\/index.php?rest_route=%2Fwp%2Fv2%2Fcategories&post=764988"},{"taxonomy":"post_tag","embeddable":true,"href":"https:\/\/arantv.az\/index.php?rest_route=%2Fwp%2Fv2%2Ftags&post=764988"}],"curies":[{"name":"wp","href":"https:\/\/api.w.org\/{rel}","templated":true}]}}