{"id":764994,"date":"2024-10-29T09:06:06","date_gmt":"2024-10-29T05:06:06","guid":{"rendered":"https:\/\/arantv.az\/?p=764994"},"modified":"2024-10-29T09:06:06","modified_gmt":"2024-10-29T05:06:06","slug":"su-h%c9%99yatdir-ekoloji-konfransin-t%c9%99skili-layih%c9%99si-davam-edir-2","status":"publish","type":"post","link":"https:\/\/arantv.az\/?p=764994","title":{"rendered":"SU H\u018fYATDIR! &#8211; Ekoloji konfrans\u0131n t\u0259\u015fkili layih\u0259si davam edir"},"content":{"rendered":"<p>\u201cQad\u0131n v\u0259 G\u0259nc Ail\u0259l\u0259rin Sosial \u0130nki\u015faf\u0131\u201d \u0130ctimai Birliyi, Az\u0259rbaycan G\u0259ncl\u0259r Fondunun maliyy\u0259 d\u0259st\u0259yi il\u0259 SU H\u018fYATDIR! &#8211; Ekoloji konfrans\u0131n t\u0259\u015fkili layih\u0259sin\u0259 ba\u015flam\u0131\u015fd\u0131r.<\/p>\n<p>Layih\u0259nin \u0259sas m\u0259qs\u0259di, \u0259traf m\u00fchitin, su ehtiyatlar\u0131n\u0131n qorunmas\u0131 v\u0259 onlardan s\u0259m\u0259r\u0259li istifad\u0259 edilm\u0259si, m\u00fcvafiq qlobal ekoloji probleml\u0259rin h\u0259llin\u0259 d\u0259st\u0259k verm\u0259k \u00fc\u00e7\u00fcn g\u0259ncl\u0259rin ekoloji maarifl\u0259ndirilm\u0259sidir.<\/p>\n<p>Layih\u0259 \u00fc\u00e7 ay m\u00fcdd\u0259tind\u0259 Xa\u00e7maz rayonunda h\u0259yata ke\u00e7iril\u0259c\u0259kdir. \u00dcmumilikd\u0259 \u00fc\u00e7 seminar\u0131 \u0259hat\u0259 ed\u0259c\u0259k layih\u0259y\u0259 120 n\u0259f\u0259r g\u0259nc c\u0259lb olunacaqd\u0131r.<\/p>\n<p>Az\u0259rbaycan G\u0259ncl\u0259r Fondunun \u201cYa\u015f\u0131l D\u00fcnya Namin\u0259 H\u0259mr\u0259ylik ili\u201d \u00e7\u0259r\u00e7iv\u0259sind\u0259 elan etdiyi qrant m\u00fcsabiq\u0259sinin qalibi olan SU H\u018fYATDIR! &#8211; Ekoloji konfrans\u0131n t\u0259\u015fkili layih\u0259sinin ikinci seminar\u0131 Xa\u00e7maz rayon C.Cabbarl\u0131 ad\u0131na 6 sayl\u0131 tam orta m\u0259kt\u0259bd\u0259 ke\u00e7irildi. Layih\u0259d\u0259 i\u015ftirak ed\u0259n g\u0259ncl\u0259r\u0259 ekoloji maarifl\u0259ndirici seminar ke\u00e7irildi.<\/p>\n<p>Qad\u0131n v\u0259 G\u0259nc Ail\u0259l\u0259rin Sosial \u0130nki\u015faf\u0131 \u0130ctimai Birliyinin s\u0259dri T\u00fcnzal\u0259 Cavadova bildirdi ki, layih\u0259d\u0259 \u0259sas m\u0259qs\u0259d hal-haz\u0131rda Xa\u00e7maz rayonunun g\u0259ncl\u0259rinin \u0259traf m\u00fchit haqq\u0131nda bilikl\u0259rini art\u0131rmaq v\u0259 bununla hal-haz\u0131rk\u0131 ekoloji durumun v\u0259 problemin g\u0259l\u0259c\u0259kd\u0259 t\u00f6r\u0259d\u0259 bil\u0259c\u0259yi f\u0259sadlar\u0131 anlatmaqd\u0131r.<\/p>\n<p>Xa\u00e7maz rayon \u0130cra Hakimiyy\u0259ti ictimai-siyasi v\u0259 humanitar m\u0259s\u0259l\u0259l\u0259r \u015f\u00f6b\u0259sinin ba\u015f m\u0259sl\u0259h\u0259t\u00e7isi Yaqut M\u0259simova Xa\u00e7maz rayonunda f\u0259aliyy\u0259t g\u00f6st\u0259r\u0259n pe\u015f\u0259, orta m\u0259kt\u0259bl\u0259rin \u015fagirdl\u0259rinin \u0259traf m\u00fchit haqq\u0131nda bilikl\u0259rini inki\u015faf etdirm\u0259k \u00fc\u00e7\u00fcn g\u0259ncl\u0259ri bir araya toplad\u0131qlar\u0131 \u00fc\u00e7\u00fcn t\u0259\u015fkilat\u0131n f\u0259aliyy\u0259tini y\u00fcks\u0259k qiym\u0259tl\u0259ndirdi.<\/p>\n<p>\u00c7\u0131x\u0131\u015f\u00e7\u0131lardan Xa\u00e7maz rayon A\u011fsaqqallar \u015euras\u0131n\u0131n s\u0259dri M\u0259h\u0259rr\u0259m Abbasov da g\u0259nc n\u0259slin su ehtiyatlar\u0131ndan s\u0259m\u0259r\u0259li istifad\u0259 etm\u0259li olmalar\u0131ndan v\u0259 t\u0259bi\u0259ti \u00e7irkl\u0259nm\u0259d\u0259n qorumaqla, qar\u015f\u0131da ba\u015f ver\u0259 bil\u0259c\u0259k m\u00fcxt\u0259lif t\u0259bii f\u0259lak\u0259tl\u0259rin qar\u015f\u0131s\u0131n\u0131 ala bil\u0259c\u0259kl\u0259rind\u0259n dan\u0131\u015fd\u0131. T\u0259dbiri maraqla dinl\u0259y\u0259n \u015fagirdl\u0259r COP29 beyn\u0259lxalq t\u0259dbiri \u0259r\u0259f\u0259sind\u0259 bel\u0259 bir layih\u0259nin ke\u00e7irilm\u0259sinin t\u0259dqir\u0259 layiq olmas\u0131ndan v\u0259 suyun insan h\u0259yat\u0131 \u00fc\u00e7\u00fcn b\u00f6y\u00fck \u0259h\u0259miyy\u0259tind\u0259n dan\u0131\u015fd\u0131lar.<\/p>\n<p>Qeyd ed\u0259k ki, layih\u0259 Az\u0259rbaycan G\u0259ncl\u0259r Fondu t\u0259r\u0259find\u0259n d\u0259st\u0259kl\u0259nir.<\/p>\n<p><img loading=\"lazy\" class=\"alignnone size-medium wp-image-764995\" src=\"https:\/\/arantv.az\/wp-content\/uploads\/2024\/10\/IMG-20241029-WA0007-548x365.jpg\" alt=\"\" width=\"548\" height=\"365\" \/> <img loading=\"lazy\" class=\"alignnone size-medium wp-image-764996\" src=\"https:\/\/arantv.az\/wp-content\/uploads\/2024\/10\/IMG-20241029-WA0008-548x365.jpg\" alt=\"\" width=\"548\" height=\"365\" \/> <img loading=\"lazy\" class=\"alignnone size-medium wp-image-764997\" src=\"https:\/\/arantv.az\/wp-content\/uploads\/2024\/10\/IMG-20241029-WA0013-548x365.jpg\" alt=\"\" width=\"548\" height=\"365\" \/> <img loading=\"lazy\" class=\"alignnone size-medium wp-image-764998\" src=\"https:\/\/arantv.az\/wp-content\/uploads\/2024\/10\/IMG-20241029-WA0014-548x365.jpg\" alt=\"\" width=\"548\" height=\"365\" \/> <img loading=\"lazy\" class=\"alignnone size-medium wp-image-764999\" src=\"https:\/\/arantv.az\/wp-content\/uploads\/2024\/10\/IMG-20241029-WA0009-548x365.jpg\" alt=\"\" width=\"548\" height=\"365\" \/> <img loading=\"lazy\" class=\"alignnone size-medium wp-image-765000\" src=\"https:\/\/arantv.az\/wp-content\/uploads\/2024\/10\/IMG-20241029-WA0010-548x365.jpg\" alt=\"\" width=\"548\" height=\"365\" \/> <img loading=\"lazy\" class=\"alignnone size-medium wp-image-765001\" src=\"https:\/\/arantv.az\/wp-content\/uploads\/2024\/10\/IMG-20241029-WA0011-548x365.jpg\" alt=\"\" width=\"548\" height=\"365\" \/> <img loading=\"lazy\" class=\"alignnone size-medium wp-image-765002\" src=\"https:\/\/arantv.az\/wp-content\/uploads\/2024\/10\/IMG-20241029-WA0012-548x365.jpg\" alt=\"\" width=\"548\" height=\"365\" \/><\/p>\n","protected":false},"excerpt":{"rendered":"<p>\u201cQad\u0131n v\u0259 G\u0259nc Ail\u0259l\u0259rin Sosial \u0130nki\u015faf\u0131\u201d \u0130ctimai Birliyi, Az\u0259rbaycan G\u0259ncl\u0259r Fondunun maliyy\u0259 d\u0259st\u0259yi il\u0259 SU H\u018fYATDIR! &#8211; Ekoloji konfrans\u0131n t\u0259\u015fkili layih\u0259sin\u0259 ba\u015flam\u0131\u015fd\u0131r. Layih\u0259nin \u0259sas m\u0259qs\u0259di, \u0259traf m\u00fchitin, su ehtiyatlar\u0131n\u0131n qorunmas\u0131 v\u0259 onlardan s\u0259m\u0259r\u0259li istifad\u0259 edilm\u0259si, m\u00fcvafiq qlobal ekoloji probleml\u0259rin h\u0259llin\u0259 d\u0259st\u0259k verm\u0259k \u00fc\u00e7\u00fcn g\u0259ncl\u0259rin ekoloji maarifl\u0259ndirilm\u0259sidir. Layih\u0259 \u00fc\u00e7 ay m\u00fcdd\u0259tind\u0259 Xa\u00e7maz rayonunda h\u0259yata ke\u00e7iril\u0259c\u0259kdir. \u00dcmumilikd\u0259 \u00fc\u00e7 seminar\u0131 \u0259hat\u0259 ed\u0259c\u0259k layih\u0259y\u0259 120 n\u0259f\u0259r g\u0259nc c\u0259lb olunacaqd\u0131r. Az\u0259rbaycan G\u0259ncl\u0259r Fondunun \u201cYa\u015f\u0131l D\u00fcnya Namin\u0259 H\u0259mr\u0259ylik ili\u201d \u00e7\u0259r\u00e7iv\u0259sind\u0259 elan etdiyi qrant m\u00fcsabiq\u0259sinin qalibi olan SU H\u018fYATDIR! &#8211; Ekoloji konfrans\u0131n t\u0259\u015fkili layih\u0259sinin ikinci seminar\u0131 Xa\u00e7maz&hellip;<\/p>\n","protected":false},"author":2,"featured_media":764999,"comment_status":"closed","ping_status":"closed","sticky":false,"template":"","format":"standard","meta":{"om_disable_all_campaigns":false,"_monsterinsights_skip_tracking":false,"_monsterinsights_sitenote_active":false,"_monsterinsights_sitenote_note":"","_monsterinsights_sitenote_category":0},"categories":[1],"tags":[],"aioseo_notices":[],"gutentor_comment":0,"rttpg_featured_image_url":{"full":["https:\/\/arantv.az\/wp-content\/uploads\/2024\/10\/IMG-20241029-WA0009.jpg",1200,800,false],"landscape":["https:\/\/arantv.az\/wp-content\/uploads\/2024\/10\/IMG-20241029-WA0009.jpg",1200,800,false],"portraits":["https:\/\/arantv.az\/wp-content\/uploads\/2024\/10\/IMG-20241029-WA0009.jpg",1200,800,false],"thumbnail":["https:\/\/arantv.az\/wp-content\/uploads\/2024\/10\/IMG-20241029-WA0009-500x280.jpg",500,280,true],"medium":["https:\/\/arantv.az\/wp-content\/uploads\/2024\/10\/IMG-20241029-WA0009-548x365.jpg",548,365,true],"large":["https:\/\/arantv.az\/wp-content\/uploads\/2024\/10\/IMG-20241029-WA0009-840x560.jpg",640,427,true],"1536x1536":["https:\/\/arantv.az\/wp-content\/uploads\/2024\/10\/IMG-20241029-WA0009.jpg",1200,800,false],"2048x2048":["https:\/\/arantv.az\/wp-content\/uploads\/2024\/10\/IMG-20241029-WA0009.jpg",1200,800,false],"post-thumbnail":["https:\/\/arantv.az\/wp-content\/uploads\/2024\/10\/IMG-20241029-WA0009-240x172.jpg",240,172,true],"advps-thumb-one":["https:\/\/arantv.az\/wp-content\/uploads\/2024\/10\/IMG-20241029-WA0009-1200x620.jpg",1200,620,true]},"rttpg_author":{"display_name":"V\u00fcsal Rafiqo\u011flu","author_link":"https:\/\/arantv.az\/?author=2"},"rttpg_comment":0,"rttpg_category":"<a href=\"https:\/\/arantv.az\/?cat=1\" rel=\"category\">C\u0259miyy\u0259t<\/a>","rttpg_excerpt":"\u201cQad\u0131n v\u0259 G\u0259nc Ail\u0259l\u0259rin Sosial \u0130nki\u015faf\u0131\u201d \u0130ctimai Birliyi, Az\u0259rbaycan G\u0259ncl\u0259r Fondunun maliyy\u0259 d\u0259st\u0259yi il\u0259 SU H\u018fYATDIR! &#8211; Ekoloji konfrans\u0131n t\u0259\u015fkili layih\u0259sin\u0259 ba\u015flam\u0131\u015fd\u0131r. Layih\u0259nin \u0259sas m\u0259qs\u0259di, \u0259traf m\u00fchitin, su ehtiyatlar\u0131n\u0131n qorunmas\u0131 v\u0259 onlardan s\u0259m\u0259r\u0259li istifad\u0259 edilm\u0259si, m\u00fcvafiq qlobal ekoloji probleml\u0259rin h\u0259llin\u0259 d\u0259st\u0259k verm\u0259k \u00fc\u00e7\u00fcn g\u0259ncl\u0259rin ekoloji maarifl\u0259ndirilm\u0259sidir. Layih\u0259 \u00fc\u00e7 ay m\u00fcdd\u0259tind\u0259 Xa\u00e7maz rayonunda h\u0259yata ke\u00e7iril\u0259c\u0259kdir. \u00dcmumilikd\u0259&hellip;","_links":{"self":[{"href":"https:\/\/arantv.az\/index.php?rest_route=\/wp\/v2\/posts\/764994"}],"collection":[{"href":"https:\/\/arantv.az\/index.php?rest_route=\/wp\/v2\/posts"}],"about":[{"href":"https:\/\/arantv.az\/index.php?rest_route=\/wp\/v2\/types\/post"}],"author":[{"embeddable":true,"href":"https:\/\/arantv.az\/index.php?rest_route=\/wp\/v2\/users\/2"}],"replies":[{"embeddable":true,"href":"https:\/\/arantv.az\/index.php?rest_route=%2Fwp%2Fv2%2Fcomments&post=764994"}],"version-history":[{"count":1,"href":"https:\/\/arantv.az\/index.php?rest_route=\/wp\/v2\/posts\/764994\/revisions"}],"predecessor-version":[{"id":765003,"href":"https:\/\/arantv.az\/index.php?rest_route=\/wp\/v2\/posts\/764994\/revisions\/765003"}],"wp:featuredmedia":[{"embeddable":true,"href":"https:\/\/arantv.az\/index.php?rest_route=\/wp\/v2\/media\/764999"}],"wp:attachment":[{"href":"https:\/\/arantv.az\/index.php?rest_route=%2Fwp%2Fv2%2Fmedia&parent=764994"}],"wp:term":[{"taxonomy":"category","embeddable":true,"href":"https:\/\/arantv.az\/index.php?rest_route=%2Fwp%2Fv2%2Fcategories&post=764994"},{"taxonomy":"post_tag","embeddable":true,"href":"https:\/\/arantv.az\/index.php?rest_route=%2Fwp%2Fv2%2Ftags&post=764994"}],"curies":[{"name":"wp","href":"https:\/\/api.w.org\/{rel}","templated":true}]}}