{"id":76506,"date":"2019-09-03T13:29:57","date_gmt":"2019-09-03T10:29:57","guid":{"rendered":"http:\/\/arantv.az\/?p=76506"},"modified":"2019-09-03T13:29:57","modified_gmt":"2019-09-03T10:29:57","slug":"hamil%c9%99lik-zamani-qaraciy%c9%99r-yem%c9%99k-olmazmis-mut%c9%99x%c9%99ssis-aciqladi","status":"publish","type":"post","link":"https:\/\/arantv.az\/?p=76506","title":{"rendered":"Hamil\u0259lik zaman\u0131 qaraciy\u0259r yem\u0259k olmazm\u0131\u015f &#8211; M\u00fct\u0259x\u0259ssis a\u00e7\u0131qlad\u0131"},"content":{"rendered":"<p>\u201cHamil\u0259l\u0259r\u0259 ay \u0259rzind\u0259 1 d\u0259f\u0259d\u0259n \u00e7ox qaraciy\u0259rd\u0259n haz\u0131rlanm\u0131\u015f yem\u0259kl\u0259r olmaz. X\u00fcsusil\u0259 ilk \u00fc\u00e7 ay \u0259rzind\u0259\u201d.<\/p>\n<p><strong>ARANTV.AZ<\/strong>\u00a0 x\u0259b\u0259r verir ki, bu s\u00f6zl\u0259ri tan\u0131nm\u0131\u015f anestezioloq-reanimatoloq \u015eahin M\u0259mm\u0259dov deyib.<\/p>\n<p>O bildirib ki, t\u0259rkibind\u0259 y\u00fcks\u0259k miqdarda olan vitamin A d\u00f6ld\u0259 orqan defektl\u0259rin\u0259 s\u0259b\u0259b olur: \u201cLakin bitkil\u0259rd\u0259 olan B karoten (yerk\u00f6k\u00fcd\u0259 olan vitamin A-n\u0131n s\u0259l\u0259fi) hamil\u0259likd\u0259 dem\u0259k olar ki, t\u0259hl\u00fck\u0259siz say\u0131l\u0131r. \u00c7\u00fcnki teratogen deyil + b\u0259d\u0259nimiz b karoteni vitamin A ya \u00f6z ehtiyac\u0131 olan q\u0259d\u0259rini \u00e7evirir\u201d dey\u0259 m\u00fct\u0259x\u0259ssis \u0259lav\u0259 edib.Publika.az<\/p>\n","protected":false},"excerpt":{"rendered":"<p>\u201cHamil\u0259l\u0259r\u0259 ay \u0259rzind\u0259 1 d\u0259f\u0259d\u0259n \u00e7ox qaraciy\u0259rd\u0259n haz\u0131rlanm\u0131\u015f yem\u0259kl\u0259r olmaz. X\u00fcsusil\u0259 ilk \u00fc\u00e7 ay \u0259rzind\u0259\u201d. ARANTV.AZ\u00a0 x\u0259b\u0259r verir ki, bu s\u00f6zl\u0259ri tan\u0131nm\u0131\u015f anestezioloq-reanimatoloq \u015eahin M\u0259mm\u0259dov deyib. O bildirib ki, t\u0259rkibind\u0259 y\u00fcks\u0259k miqdarda olan vitamin A d\u00f6ld\u0259 orqan defektl\u0259rin\u0259 s\u0259b\u0259b olur: \u201cLakin bitkil\u0259rd\u0259 olan B karoten (yerk\u00f6k\u00fcd\u0259 olan vitamin A-n\u0131n s\u0259l\u0259fi) hamil\u0259likd\u0259 dem\u0259k olar ki, t\u0259hl\u00fck\u0259siz say\u0131l\u0131r. \u00c7\u00fcnki teratogen deyil + b\u0259d\u0259nimiz b karoteni vitamin A ya \u00f6z ehtiyac\u0131 olan q\u0259d\u0259rini \u00e7evirir\u201d dey\u0259 m\u00fct\u0259x\u0259ssis \u0259lav\u0259 edib.Publika.az<\/p>\n","protected":false},"author":2,"featured_media":76507,"comment_status":"closed","ping_status":"closed","sticky":false,"template":"","format":"standard","meta":{"om_disable_all_campaigns":false,"_monsterinsights_skip_tracking":false,"_monsterinsights_sitenote_active":false,"_monsterinsights_sitenote_note":"","_monsterinsights_sitenote_category":0},"categories":[1],"tags":[],"aioseo_notices":[],"gutentor_comment":0,"rttpg_featured_image_url":{"full":["https:\/\/arantv.az\/wp-content\/uploads\/2019\/09\/hamile_a.jpg",800,450,false],"landscape":["https:\/\/arantv.az\/wp-content\/uploads\/2019\/09\/hamile_a.jpg",800,450,false],"portraits":["https:\/\/arantv.az\/wp-content\/uploads\/2019\/09\/hamile_a.jpg",800,450,false],"thumbnail":["https:\/\/arantv.az\/wp-content\/uploads\/2019\/09\/hamile_a-150x150.jpg",150,150,true],"medium":["https:\/\/arantv.az\/wp-content\/uploads\/2019\/09\/hamile_a-300x169.jpg",300,169,true],"large":["https:\/\/arantv.az\/wp-content\/uploads\/2019\/09\/hamile_a.jpg",640,360,false],"1536x1536":["https:\/\/arantv.az\/wp-content\/uploads\/2019\/09\/hamile_a.jpg",800,450,false],"2048x2048":["https:\/\/arantv.az\/wp-content\/uploads\/2019\/09\/hamile_a.jpg",800,450,false],"post-thumbnail":["https:\/\/arantv.az\/wp-content\/uploads\/2019\/09\/hamile_a-240x172.jpg",240,172,true],"advps-thumb-one":["https:\/\/arantv.az\/wp-content\/uploads\/2019\/09\/hamile_a.jpg",800,450,false]},"rttpg_author":{"display_name":"V\u00fcsal Rafiqo\u011flu","author_link":"https:\/\/arantv.az\/?author=2"},"rttpg_comment":0,"rttpg_category":"<a href=\"https:\/\/arantv.az\/?cat=1\" rel=\"category\">C\u0259miyy\u0259t<\/a>","rttpg_excerpt":"\u201cHamil\u0259l\u0259r\u0259 ay \u0259rzind\u0259 1 d\u0259f\u0259d\u0259n \u00e7ox qaraciy\u0259rd\u0259n haz\u0131rlanm\u0131\u015f yem\u0259kl\u0259r olmaz. X\u00fcsusil\u0259 ilk \u00fc\u00e7 ay \u0259rzind\u0259\u201d. ARANTV.AZ\u00a0 x\u0259b\u0259r verir ki, bu s\u00f6zl\u0259ri tan\u0131nm\u0131\u015f anestezioloq-reanimatoloq \u015eahin M\u0259mm\u0259dov deyib. O bildirib ki, t\u0259rkibind\u0259 y\u00fcks\u0259k miqdarda olan vitamin A d\u00f6ld\u0259 orqan defektl\u0259rin\u0259 s\u0259b\u0259b olur: \u201cLakin bitkil\u0259rd\u0259 olan B karoten (yerk\u00f6k\u00fcd\u0259 olan vitamin A-n\u0131n s\u0259l\u0259fi) hamil\u0259likd\u0259 dem\u0259k olar ki, t\u0259hl\u00fck\u0259siz&hellip;","_links":{"self":[{"href":"https:\/\/arantv.az\/index.php?rest_route=\/wp\/v2\/posts\/76506"}],"collection":[{"href":"https:\/\/arantv.az\/index.php?rest_route=\/wp\/v2\/posts"}],"about":[{"href":"https:\/\/arantv.az\/index.php?rest_route=\/wp\/v2\/types\/post"}],"author":[{"embeddable":true,"href":"https:\/\/arantv.az\/index.php?rest_route=\/wp\/v2\/users\/2"}],"replies":[{"embeddable":true,"href":"https:\/\/arantv.az\/index.php?rest_route=%2Fwp%2Fv2%2Fcomments&post=76506"}],"version-history":[{"count":0,"href":"https:\/\/arantv.az\/index.php?rest_route=\/wp\/v2\/posts\/76506\/revisions"}],"wp:featuredmedia":[{"embeddable":true,"href":"https:\/\/arantv.az\/index.php?rest_route=\/wp\/v2\/media\/76507"}],"wp:attachment":[{"href":"https:\/\/arantv.az\/index.php?rest_route=%2Fwp%2Fv2%2Fmedia&parent=76506"}],"wp:term":[{"taxonomy":"category","embeddable":true,"href":"https:\/\/arantv.az\/index.php?rest_route=%2Fwp%2Fv2%2Fcategories&post=76506"},{"taxonomy":"post_tag","embeddable":true,"href":"https:\/\/arantv.az\/index.php?rest_route=%2Fwp%2Fv2%2Ftags&post=76506"}],"curies":[{"name":"wp","href":"https:\/\/api.w.org\/{rel}","templated":true}]}}